{"id":585,"date":"2025-04-08T00:00:00","date_gmt":"2025-04-07T23:00:00","guid":{"rendered":"https:\/\/polscy-kierowcy.pl\/jakie-swetry-sa-modne-na-wiosne-z-koszulka-polo\/"},"modified":"2025-04-08T00:00:00","modified_gmt":"2025-04-07T23:00:00","slug":"jakie-swetry-sa-modne-na-wiosne-z-koszulka-polo","status":"publish","type":"post","link":"https:\/\/polscy-kierowcy.pl\/ro\/jakie-swetry-sa-modne-na-wiosne-z-koszulka-polo\/","title":{"rendered":"Ce pulovere sunt la mod\u0103 pentru prim\u0103var\u0103 cu un tricou polo?"},"content":{"rendered":"<div class=\"kk-star-ratings kksr-auto kksr-align-left kksr-valign-top\"\n    data-payload='{&quot;align&quot;:&quot;left&quot;,&quot;id&quot;:&quot;585&quot;,&quot;slug&quot;:&quot;default&quot;,&quot;valign&quot;:&quot;top&quot;,&quot;ignore&quot;:&quot;&quot;,&quot;reference&quot;:&quot;auto&quot;,&quot;class&quot;:&quot;&quot;,&quot;count&quot;:&quot;0&quot;,&quot;legendonly&quot;:&quot;&quot;,&quot;readonly&quot;:&quot;&quot;,&quot;score&quot;:&quot;0&quot;,&quot;starsonly&quot;:&quot;&quot;,&quot;best&quot;:&quot;5&quot;,&quot;gap&quot;:&quot;5&quot;,&quot;greet&quot;:&quot;&quot;,&quot;legend&quot;:&quot;0\\\/5 - (0 votes)&quot;,&quot;size&quot;:&quot;24&quot;,&quot;title&quot;:&quot;Jakie swetry s\u0105 modne na wiosn\u0119 z koszulk\u0105 polo?&quot;,&quot;width&quot;:&quot;0&quot;,&quot;_legend&quot;:&quot;{score}\\\/{best} - ({count} {votes})&quot;,&quot;font_factor&quot;:&quot;1.25&quot;}'>\n            \n<div class=\"kksr-stars\">\n    \n<div class=\"kksr-stars-inactive\">\n            <div class=\"kksr-star\" data-star=\"1\" style=\"padding-right: 5px\">\n            \n\n<div class=\"kksr-icon\" style=\"width: 24px; height: 24px;\"><\/div>\n        <\/div>\n            <div class=\"kksr-star\" data-star=\"2\" style=\"padding-right: 5px\">\n            \n\n<div class=\"kksr-icon\" style=\"width: 24px; height: 24px;\"><\/div>\n        <\/div>\n            <div class=\"kksr-star\" data-star=\"3\" style=\"padding-right: 5px\">\n            \n\n<div class=\"kksr-icon\" style=\"width: 24px; height: 24px;\"><\/div>\n        <\/div>\n            <div class=\"kksr-star\" data-star=\"4\" style=\"padding-right: 5px\">\n            \n\n<div class=\"kksr-icon\" style=\"width: 24px; height: 24px;\"><\/div>\n        <\/div>\n            <div class=\"kksr-star\" data-star=\"5\" style=\"padding-right: 5px\">\n            \n\n<div class=\"kksr-icon\" style=\"width: 24px; height: 24px;\"><\/div>\n        <\/div>\n    <\/div>\n    \n<div class=\"kksr-stars-active\" style=\"width: 0px;\">\n            <div class=\"kksr-star\" style=\"padding-right: 5px\">\n            \n\n<div class=\"kksr-icon\" style=\"width: 24px; height: 24px;\"><\/div>\n        <\/div>\n            <div class=\"kksr-star\" style=\"padding-right: 5px\">\n            \n\n<div class=\"kksr-icon\" style=\"width: 24px; height: 24px;\"><\/div>\n        <\/div>\n            <div class=\"kksr-star\" style=\"padding-right: 5px\">\n            \n\n<div class=\"kksr-icon\" style=\"width: 24px; height: 24px;\"><\/div>\n        <\/div>\n            <div class=\"kksr-star\" style=\"padding-right: 5px\">\n            \n\n<div class=\"kksr-icon\" style=\"width: 24px; height: 24px;\"><\/div>\n        <\/div>\n            <div class=\"kksr-star\" style=\"padding-right: 5px\">\n            \n\n<div class=\"kksr-icon\" style=\"width: 24px; height: 24px;\"><\/div>\n        <\/div>\n    <\/div>\n<\/div>\n                \n\n<div class=\"kksr-legend\" style=\"font-size: 19.2px;\">\n            <span class=\"kksr-muted\"><\/span>\n    <\/div>\n    <\/div>\n<p> Odat\u0103 cu \u00eenflorirea prim\u0103verii, mul\u021bi dintre noi \u00eencepem s\u0103 ne g\u00e2ndim la moda pentru noul sezon. Acesta este momentul \u00een care ne schimb\u0103m garderoba de la pulovere groase la unele mai u\u0219oare, iar stilurile devin mai colorate \u0219i mai vesele. Tricoul polo c\u00e2\u0219tig\u0103 popularitate \u00een aceast\u0103 perioad\u0103, devenind un element cheie al stilurilor de prim\u0103var\u0103. \u00cen acest articol, ne vom concentra asupra modului de a combina puloverele cu tricourile polo pentru a crea \u021binute la mod\u0103 \u0219i confortabile pentru aceast\u0103 perioad\u0103 a anului. De asemenea, vom analiza tendin\u021bele actuale \u00een mod\u0103 care v\u0103 pot ajuta s\u0103 face\u021bi cele mai bune alegeri. <\/p>\n<p> Puloverele de prim\u0103var\u0103 nu sunt menite doar s\u0103 ofere c\u0103ldur\u0103, ci \u0219i s\u0103 ne \u00eembog\u0103\u021beasc\u0103 garderoba cu culori \u0219i texturi unice. Este timpul s\u0103 re\u00eemprosp\u0103t\u0103m stilurile monocromatice pentru a introduce prospe\u021bimea nuan\u021belor pastelate sau a modelelor originale. S\u0103 arunc\u0103m o privire mai atent\u0103 la ce modele de pulovere se potrivesc cel mai bine cu un tricou polo pentru a ar\u0103ta elegant \u0219i la mod\u0103 \u00een orice situa\u021bie. \u00cen plus, merit\u0103 s\u0103 acord\u0103m aten\u021bie \u0219i accesoriilor care pot schimba complet aspectul oric\u0103rui stil. <\/p>\n<h2>Tendin\u021be de prim\u0103var\u0103 \u00een materie de pulovere<\/h2>\n<p><img decoding=\"async\" alt=\"M\u0119\u017cczyzna spaceruje w parku w\u015br\u00f3d kolorowych kwiat\u00f3w, nosi okulary przeciws\u0142oneczne i sweter.\" src=\"https:\/\/polscy-kierowcy.pl\/wp-content\/uploads\/image8ae0262cbc114e47b9da890ade829a7a.png\"\/><\/p>\n<p> Cele mai recente colec\u021bii de prim\u0103var\u0103 sunt pline de stiluri interesante care pot fi u\u0219or combinate cu un tricou polo. Iat\u0103 c\u00e2teva tendin\u021be cheie de adoptat pentru prim\u0103var\u0103: <\/p>\n<ul>\n<li>Croial\u0103 supradimensionat\u0103 \u2013 puloverele mai lejere sunt un succes \u0219i dau o impresie casual \u0219i la mod\u0103.<\/li>\n<li>V\u00e2nturi alizee \u2013 puloverele cu dungi sunt o combina\u021bie \u00eentre clasic \u0219i modern, ceea ce creeaz\u0103 efecte vizuale interesante.<\/li>\n<li>Modelele delicate \u2013 carouri, romburi sau flori sunt o alegere perfect\u0103 pentru a ad\u0103uga originalitate oric\u0103rui stil.<\/li>\n<\/ul>\n<h2>Cum s\u0103 combini puloverele cu un tricou polo?<\/h2>\n<p><img decoding=\"async\" alt=\"Cztery przyjaci\u00f3\u0142ki siedz\u0105 na trawie, u\u015bmiechaj\u0105c si\u0119 i trzymaj\u0105c koszyki z jedzeniem na pikniku.\" src=\"https:\/\/polscy-kierowcy.pl\/wp-content\/uploads\/imageec76a7789650480784eeb77931b5ae01.png\"\/><\/p>\n<p> Un pulover \u0219i un tricou polo sunt un duo care poate ar\u0103ta grozav \u00een multe feluri diferite. C\u00e2nd vine vorba de combina\u021bii, exist\u0103 c\u00e2teva metode dovedite pentru a completa stilul perfect. \u0218i cel mai important, nu necesit\u0103 mult efort pentru a ar\u0103ta la mod\u0103 \u0219i proasp\u0103t. Putem \u00eencepe prin a alege croiala potrivit\u0103 a unui pulover care se potrive\u0219te perfect cu croiala unui tricou polo. Puloverele cu fermoar completeaz\u0103 perfect stilul, iar cele supradimensionate ofer\u0103 libertate \u0219i confort. <\/p>\n<table border=\"1\">\n<tr>\n<th>Tipul de pulover<\/th>\n<th>Avantaje<\/th>\n<th>Stiluri<\/th>\n<\/tr>\n<tr>\n<td>Pulover cu fermoar<\/td>\n<td>Universal, u\u0219or de stilizat<\/td>\n<td>Aspect casual \u0219i elegant<\/td>\n<\/tr>\n<tr>\n<td>Pulover supradimensionat<\/td>\n<td>Confortabil, la mod\u0103<\/td>\n<td>Perfect pentru \u021binute casual<\/td>\n<\/tr>\n<tr>\n<td>Pulover cu dungi<\/td>\n<td>Elegant, introduc\u00e2nd dinamic\u0103<\/td>\n<td>\u00cenvioreaz\u0103 perfect o \u021binut\u0103<\/td>\n<\/tr>\n<\/table>\n<h2>Materiale \u0219i confort<\/h2>\n<p> Atunci c\u00e2nd alege\u021bi pulovere, merit\u0103 s\u0103 acorda\u021bi aten\u021bie nu doar aspectului lor, ci \u0219i materialelor din care sunt fabricate. \u021aes\u0103turile naturale - precum bumbacul, l\u00e2na merinos sau inul - sunt o alegere ideal\u0103 pentru prim\u0103var\u0103, deoarece ofer\u0103 o respirabilitate adecvat\u0103 \u0219i confort la purtare. Merit\u0103 evitate materialele artificiale care pot provoca transpira\u021bie. O garderob\u0103 alc\u0103tuit\u0103 optim pentru prim\u0103var\u0103 poate face minuni, a\u0219a c\u0103 este crucial s\u0103 ne concentr\u0103m pe calitate \u00eenalt\u0103 \u0219i func\u021bionalitate adecvat\u0103. Datorit\u0103 acestui fapt, c\u00e2\u0219tig\u0103m \u00eencredere c\u0103 stilurile noastre vor fi elegante \u0219i confortabile pe tot parcursul zilei. <\/p>\n<h2>Rezumat<\/h2>\n<p> Prim\u0103vara este momentul perfect pentru a aduce prospe\u021bime \u00een garderoba ta. Combinarea unui pulover cu un tricou polo este o modalitate excelent\u0103 de a crea un stil la mod\u0103 \u0219i practic. Merit\u0103 s\u0103 te joci cu culorile \u0219i modelele pentru a-\u021bi exprima stilul individual. S\u0103 nu uit\u0103m \u0219i de confort \u0219i de alegerea materialelor potrivite care vor face \u021binuta noastr\u0103 mai confortabil\u0103. Accesoriile selectate corespunz\u0103tor pot ad\u0103uga caracter \u0219i stil, cre\u00e2nd un aspect unic. <\/p>\n<h2>\u00centreb\u0103ri frecvente<\/h2>\n<ul>\n<li><strong>Ce culori de pulovere s\u0103 alegi pentru prim\u0103var\u0103?<\/strong><br \/> Cele mai la mod\u0103 sunt culorile pastelate, nuan\u021bele deschise \u0219i modelele delicate. <\/li>\n<li><strong>Ce pulovere se potrivesc cu un tricou polo?<\/strong><br \/> Puloverele cu fermoar \u0219i modelele supradimensionate sunt alegeri ideale. <\/li>\n<li><strong>Sunt puloverele din materiale naturale mai bune?<\/strong><br \/> Da, materialele naturale ofer\u0103 confort \u0219i respirabilitate, ceea ce este crucial prim\u0103vara. <\/li>\n<li><strong>Ce accesorii merit\u0103 s\u0103 alegi?<\/strong><br \/> Teni\u0219ii elegan\u021bi \u0219i pantalonii chino clasici pot ad\u0103uga lejeritate \u0219i elegan\u021b\u0103 stilului t\u0103u. <\/li>\n<\/ul>","protected":false},"excerpt":{"rendered":"<p>Odat\u0103 cu \u00eenflorirea prim\u0103verii, mul\u021bi dintre noi \u00eencepem s\u0103 ne g\u00e2ndim la moda pentru noul sezon. Este o perioad\u0103 \u00een care ne schimb\u0103m garderoba de la pulovere groase la unele mai u\u0219oare, iar \u021binutele devin mai colorate \u0219i mai vesele. Tricoul polo c\u00e2\u0219tig\u0103 popularitate \u00een aceast\u0103 perioad\u0103, devenind un element cheie al stilului de prim\u0103var\u0103. \u00cen acest articol, ne vom concentra asupra modului de a combina [\u2026]<\/p>","protected":false},"author":1,"featured_media":573,"comment_status":"closed","ping_status":"closed","sticky":false,"template":"","format":"standard","meta":{"_acf_changed":false,"footnotes":""},"categories":[1],"tags":[],"class_list":["post-585","post","type-post","status-publish","format-standard","has-post-thumbnail","hentry","category-blog"],"acf":[],"yoast_head":"<!-- This site is optimized with the Yoast SEO plugin v23.2 - https:\/\/yoast.com\/wordpress\/plugins\/seo\/ -->\n<title>Jakie swetry s\u0105 modne na wiosn\u0119 z koszulk\u0105 polo? Przewodnik po najnowszych trendach<\/title>\n<meta name=\"description\" content=\"Odkryj modne swetry na wiosn\u0119, kt\u00f3re idealnie komponuj\u0105 si\u0119 z koszulk\u0105 polo. Sprawd\u017a trendy, stylizacje i dodatki!\" \/>\n<meta name=\"robots\" content=\"index, follow, max-snippet:-1, max-image-preview:large, max-video-preview:-1\" \/>\n<link rel=\"canonical\" href=\"https:\/\/polscy-kierowcy.pl\/ro\/jakie-swetry-sa-modne-na-wiosne-z-koszulka-polo\/\" \/>\n<meta property=\"og:locale\" content=\"ro_RO\" \/>\n<meta property=\"og:type\" content=\"article\" \/>\n<meta property=\"og:title\" content=\"Jakie swetry s\u0105 modne na wiosn\u0119 z koszulk\u0105 polo? Przewodnik po najnowszych trendach\" \/>\n<meta property=\"og:description\" content=\"Odkryj modne swetry na wiosn\u0119, kt\u00f3re idealnie komponuj\u0105 si\u0119 z koszulk\u0105 polo. Sprawd\u017a trendy, stylizacje i dodatki!\" \/>\n<meta property=\"og:url\" content=\"https:\/\/polscy-kierowcy.pl\/ro\/jakie-swetry-sa-modne-na-wiosne-z-koszulka-polo\/\" \/>\n<meta property=\"og:site_name\" content=\"polscy-kierowcy.pl\" \/>\n<meta property=\"article:published_time\" content=\"2025-04-07T23:00:00+00:00\" \/>\n<meta property=\"og:image\" content=\"https:\/\/polscy-kierowcy.pl\/wp-content\/uploads\/imagec8593c0823f94ed39ffd18d79f54ef7b.png\" \/>\n\t<meta property=\"og:image:width\" content=\"1024\" \/>\n\t<meta property=\"og:image:height\" content=\"768\" \/>\n\t<meta property=\"og:image:type\" content=\"image\/png\" \/>\n<meta name=\"author\" content=\"Paulina Kruk\" \/>\n<meta name=\"twitter:card\" content=\"summary_large_image\" \/>\n<meta name=\"twitter:label1\" content=\"Scris de\" \/>\n\t<meta name=\"twitter:data1\" content=\"Paulina Kruk\" \/>\n\t<meta name=\"twitter:label2\" content=\"Timp estimat pentru citire\" \/>\n\t<meta name=\"twitter:data2\" content=\"3 minute\" \/>\n<script type=\"application\/ld+json\" class=\"yoast-schema-graph\">{\"@context\":\"https:\/\/schema.org\",\"@graph\":[{\"@type\":\"WebPage\",\"@id\":\"https:\/\/polscy-kierowcy.pl\/jakie-swetry-sa-modne-na-wiosne-z-koszulka-polo\/\",\"url\":\"https:\/\/polscy-kierowcy.pl\/jakie-swetry-sa-modne-na-wiosne-z-koszulka-polo\/\",\"name\":\"Jakie swetry s\u0105 modne na wiosn\u0119 z koszulk\u0105 polo? Przewodnik po najnowszych trendach\",\"isPartOf\":{\"@id\":\"https:\/\/polscy-kierowcy.pl\/#website\"},\"primaryImageOfPage\":{\"@id\":\"https:\/\/polscy-kierowcy.pl\/jakie-swetry-sa-modne-na-wiosne-z-koszulka-polo\/#primaryimage\"},\"image\":{\"@id\":\"https:\/\/polscy-kierowcy.pl\/jakie-swetry-sa-modne-na-wiosne-z-koszulka-polo\/#primaryimage\"},\"thumbnailUrl\":\"https:\/\/polscy-kierowcy.pl\/wp-content\/uploads\/imagec8593c0823f94ed39ffd18d79f54ef7b.png\",\"datePublished\":\"2025-04-07T23:00:00+00:00\",\"dateModified\":\"2025-04-07T23:00:00+00:00\",\"author\":{\"@id\":\"https:\/\/polscy-kierowcy.pl\/#\/schema\/person\/66f7250202134445459bce344c706e46\"},\"description\":\"Odkryj modne swetry na wiosn\u0119, kt\u00f3re idealnie komponuj\u0105 si\u0119 z koszulk\u0105 polo. Sprawd\u017a trendy, stylizacje i dodatki!\",\"breadcrumb\":{\"@id\":\"https:\/\/polscy-kierowcy.pl\/jakie-swetry-sa-modne-na-wiosne-z-koszulka-polo\/#breadcrumb\"},\"inLanguage\":\"ro-RO\",\"potentialAction\":[{\"@type\":\"ReadAction\",\"target\":[\"https:\/\/polscy-kierowcy.pl\/jakie-swetry-sa-modne-na-wiosne-z-koszulka-polo\/\"]}]},{\"@type\":\"ImageObject\",\"inLanguage\":\"ro-RO\",\"@id\":\"https:\/\/polscy-kierowcy.pl\/jakie-swetry-sa-modne-na-wiosne-z-koszulka-polo\/#primaryimage\",\"url\":\"https:\/\/polscy-kierowcy.pl\/wp-content\/uploads\/imagec8593c0823f94ed39ffd18d79f54ef7b.png\",\"contentUrl\":\"https:\/\/polscy-kierowcy.pl\/wp-content\/uploads\/imagec8593c0823f94ed39ffd18d79f54ef7b.png\",\"width\":1024,\"height\":768},{\"@type\":\"BreadcrumbList\",\"@id\":\"https:\/\/polscy-kierowcy.pl\/jakie-swetry-sa-modne-na-wiosne-z-koszulka-polo\/#breadcrumb\",\"itemListElement\":[{\"@type\":\"ListItem\",\"position\":1,\"name\":\"Home\",\"item\":\"https:\/\/polscy-kierowcy.pl\/\"},{\"@type\":\"ListItem\",\"position\":2,\"name\":\"Jakie swetry s\u0105 modne na wiosn\u0119 z koszulk\u0105 polo?\"}]},{\"@type\":\"WebSite\",\"@id\":\"https:\/\/polscy-kierowcy.pl\/#website\",\"url\":\"https:\/\/polscy-kierowcy.pl\/\",\"name\":\"polscy-kierowcy.pl\",\"description\":\"Tureckie sukienki: pi\u0119kno w tradycji.\",\"potentialAction\":[{\"@type\":\"SearchAction\",\"target\":{\"@type\":\"EntryPoint\",\"urlTemplate\":\"https:\/\/polscy-kierowcy.pl\/?s={search_term_string}\"},\"query-input\":\"required name=search_term_string\"}],\"inLanguage\":\"ro-RO\"},{\"@type\":\"Person\",\"@id\":\"https:\/\/polscy-kierowcy.pl\/#\/schema\/person\/66f7250202134445459bce344c706e46\",\"name\":\"Paulina Kruk\",\"image\":{\"@type\":\"ImageObject\",\"inLanguage\":\"ro-RO\",\"@id\":\"https:\/\/polscy-kierowcy.pl\/#\/schema\/person\/image\/\",\"url\":\"https:\/\/polscy-kierowcy.pl\/wp-content\/uploads\/ivyzxaomvy6_ad_avatar-96x96.jpg\",\"contentUrl\":\"https:\/\/polscy-kierowcy.pl\/wp-content\/uploads\/ivyzxaomvy6_ad_avatar-96x96.jpg\",\"caption\":\"Paulina Kruk\"},\"description\":\"Paulina Kruk to do\u015bwiadczona specjalistka w dziedzinie mody, prowadz\u0105ca w\u0142asny sklep odzie\u017cowy w Pilaszkowie. Jej pasja do mody i zaanga\u017cowanie w bran\u017cy odzie\u017cowej pozwalaj\u0105 jej na tworzenie unikatowych stylizacji, kt\u00f3re \u0142\u0105cz\u0105 elegancj\u0119 z codziennym komfortem.\",\"url\":\"https:\/\/polscy-kierowcy.pl\/ro\/author\/paulina-kruk\/\"}]}<\/script>\n<!-- \/ Yoast SEO plugin. -->","yoast_head_json":{"title":"Jakie swetry s\u0105 modne na wiosn\u0119 z koszulk\u0105 polo? Przewodnik po najnowszych trendach","description":"Odkryj modne swetry na wiosn\u0119, kt\u00f3re idealnie komponuj\u0105 si\u0119 z koszulk\u0105 polo. Sprawd\u017a trendy, stylizacje i dodatki!","robots":{"index":"index","follow":"follow","max-snippet":"max-snippet:-1","max-image-preview":"max-image-preview:large","max-video-preview":"max-video-preview:-1"},"canonical":"https:\/\/polscy-kierowcy.pl\/ro\/jakie-swetry-sa-modne-na-wiosne-z-koszulka-polo\/","og_locale":"ro_RO","og_type":"article","og_title":"Jakie swetry s\u0105 modne na wiosn\u0119 z koszulk\u0105 polo? Przewodnik po najnowszych trendach","og_description":"Odkryj modne swetry na wiosn\u0119, kt\u00f3re idealnie komponuj\u0105 si\u0119 z koszulk\u0105 polo. Sprawd\u017a trendy, stylizacje i dodatki!","og_url":"https:\/\/polscy-kierowcy.pl\/ro\/jakie-swetry-sa-modne-na-wiosne-z-koszulka-polo\/","og_site_name":"polscy-kierowcy.pl","article_published_time":"2025-04-07T23:00:00+00:00","og_image":[{"width":1024,"height":768,"url":"https:\/\/polscy-kierowcy.pl\/wp-content\/uploads\/imagec8593c0823f94ed39ffd18d79f54ef7b.png","type":"image\/png"}],"author":"Paulina Kruk","twitter_card":"summary_large_image","twitter_misc":{"Scris de":"Paulina Kruk","Timp estimat pentru citire":"3 minute"},"schema":{"@context":"https:\/\/schema.org","@graph":[{"@type":"WebPage","@id":"https:\/\/polscy-kierowcy.pl\/jakie-swetry-sa-modne-na-wiosne-z-koszulka-polo\/","url":"https:\/\/polscy-kierowcy.pl\/jakie-swetry-sa-modne-na-wiosne-z-koszulka-polo\/","name":"Jakie swetry s\u0105 modne na wiosn\u0119 z koszulk\u0105 polo? Przewodnik po najnowszych trendach","isPartOf":{"@id":"https:\/\/polscy-kierowcy.pl\/#website"},"primaryImageOfPage":{"@id":"https:\/\/polscy-kierowcy.pl\/jakie-swetry-sa-modne-na-wiosne-z-koszulka-polo\/#primaryimage"},"image":{"@id":"https:\/\/polscy-kierowcy.pl\/jakie-swetry-sa-modne-na-wiosne-z-koszulka-polo\/#primaryimage"},"thumbnailUrl":"https:\/\/polscy-kierowcy.pl\/wp-content\/uploads\/imagec8593c0823f94ed39ffd18d79f54ef7b.png","datePublished":"2025-04-07T23:00:00+00:00","dateModified":"2025-04-07T23:00:00+00:00","author":{"@id":"https:\/\/polscy-kierowcy.pl\/#\/schema\/person\/66f7250202134445459bce344c706e46"},"description":"Odkryj modne swetry na wiosn\u0119, kt\u00f3re idealnie komponuj\u0105 si\u0119 z koszulk\u0105 polo. Sprawd\u017a trendy, stylizacje i dodatki!","breadcrumb":{"@id":"https:\/\/polscy-kierowcy.pl\/jakie-swetry-sa-modne-na-wiosne-z-koszulka-polo\/#breadcrumb"},"inLanguage":"ro-RO","potentialAction":[{"@type":"ReadAction","target":["https:\/\/polscy-kierowcy.pl\/jakie-swetry-sa-modne-na-wiosne-z-koszulka-polo\/"]}]},{"@type":"ImageObject","inLanguage":"ro-RO","@id":"https:\/\/polscy-kierowcy.pl\/jakie-swetry-sa-modne-na-wiosne-z-koszulka-polo\/#primaryimage","url":"https:\/\/polscy-kierowcy.pl\/wp-content\/uploads\/imagec8593c0823f94ed39ffd18d79f54ef7b.png","contentUrl":"https:\/\/polscy-kierowcy.pl\/wp-content\/uploads\/imagec8593c0823f94ed39ffd18d79f54ef7b.png","width":1024,"height":768},{"@type":"BreadcrumbList","@id":"https:\/\/polscy-kierowcy.pl\/jakie-swetry-sa-modne-na-wiosne-z-koszulka-polo\/#breadcrumb","itemListElement":[{"@type":"ListItem","position":1,"name":"Home","item":"https:\/\/polscy-kierowcy.pl\/"},{"@type":"ListItem","position":2,"name":"Jakie swetry s\u0105 modne na wiosn\u0119 z koszulk\u0105 polo?"}]},{"@type":"WebSite","@id":"https:\/\/polscy-kierowcy.pl\/#website","url":"https:\/\/polscy-kierowcy.pl\/","name":"polscy-kierowcy.pl","description":"Tureckie sukienki: pi\u0119kno w tradycji.","potentialAction":[{"@type":"SearchAction","target":{"@type":"EntryPoint","urlTemplate":"https:\/\/polscy-kierowcy.pl\/?s={search_term_string}"},"query-input":"required name=search_term_string"}],"inLanguage":"ro-RO"},{"@type":"Person","@id":"https:\/\/polscy-kierowcy.pl\/#\/schema\/person\/66f7250202134445459bce344c706e46","name":"Paulina Kruk","image":{"@type":"ImageObject","inLanguage":"ro-RO","@id":"https:\/\/polscy-kierowcy.pl\/#\/schema\/person\/image\/","url":"https:\/\/polscy-kierowcy.pl\/wp-content\/uploads\/ivyzxaomvy6_ad_avatar-96x96.jpg","contentUrl":"https:\/\/polscy-kierowcy.pl\/wp-content\/uploads\/ivyzxaomvy6_ad_avatar-96x96.jpg","caption":"Paulina Kruk"},"description":"Paulina Kruk to do\u015bwiadczona specjalistka w dziedzinie mody, prowadz\u0105ca w\u0142asny sklep odzie\u017cowy w Pilaszkowie. Jej pasja do mody i zaanga\u017cowanie w bran\u017cy odzie\u017cowej pozwalaj\u0105 jej na tworzenie unikatowych stylizacji, kt\u00f3re \u0142\u0105cz\u0105 elegancj\u0119 z codziennym komfortem.","url":"https:\/\/polscy-kierowcy.pl\/ro\/author\/paulina-kruk\/"}]}},"yoast_meta":{"yoast_wpseo_title":"","yoast_wpseo_metadesc":"","yoast_wpseo_canonical":"https:\/\/polscy-kierowcy.pl\/ro\/wp-json\/wp\/v2\/posts\/585"},"_links":{"self":[{"href":"https:\/\/polscy-kierowcy.pl\/ro\/wp-json\/wp\/v2\/posts\/585"}],"collection":[{"href":"https:\/\/polscy-kierowcy.pl\/ro\/wp-json\/wp\/v2\/posts"}],"about":[{"href":"https:\/\/polscy-kierowcy.pl\/ro\/wp-json\/wp\/v2\/types\/post"}],"author":[{"embeddable":true,"href":"https:\/\/polscy-kierowcy.pl\/ro\/wp-json\/wp\/v2\/users\/1"}],"replies":[{"embeddable":true,"href":"https:\/\/polscy-kierowcy.pl\/ro\/wp-json\/wp\/v2\/comments?post=585"}],"version-history":[{"count":0,"href":"https:\/\/polscy-kierowcy.pl\/ro\/wp-json\/wp\/v2\/posts\/585\/revisions"}],"wp:featuredmedia":[{"embeddable":true,"href":"https:\/\/polscy-kierowcy.pl\/ro\/wp-json\/wp\/v2\/media\/573"}],"wp:attachment":[{"href":"https:\/\/polscy-kierowcy.pl\/ro\/wp-json\/wp\/v2\/media?parent=585"}],"wp:term":[{"taxonomy":"category","embeddable":true,"href":"https:\/\/polscy-kierowcy.pl\/ro\/wp-json\/wp\/v2\/categories?post=585"},{"taxonomy":"post_tag","embeddable":true,"href":"https:\/\/polscy-kierowcy.pl\/ro\/wp-json\/wp\/v2\/tags?post=585"}],"curies":[{"name":"wp","href":"https:\/\/api.w.org\/{rel}","templated":true}]}}