{"id":584,"date":"2025-04-09T00:00:00","date_gmt":"2025-04-08T23:00:00","guid":{"rendered":"https:\/\/polscy-kierowcy.pl\/?p=584"},"modified":"2025-04-09T00:00:00","modified_gmt":"2025-04-08T23:00:00","slug":"jakie-rajstopy-do-szarej-sukienki-z-materialu-jersey","status":"publish","type":"post","link":"https:\/\/polscy-kierowcy.pl\/ro\/jakie-rajstopy-do-szarej-sukienki-z-materialu-jersey\/","title":{"rendered":"Ce colan\u021bi s\u0103 por\u021bi cu o rochie gri din jerseu?"},"content":{"rendered":"<div class=\"kk-star-ratings kksr-auto kksr-align-left kksr-valign-top\"\n    data-payload='{&quot;align&quot;:&quot;left&quot;,&quot;id&quot;:&quot;584&quot;,&quot;slug&quot;:&quot;default&quot;,&quot;valign&quot;:&quot;top&quot;,&quot;ignore&quot;:&quot;&quot;,&quot;reference&quot;:&quot;auto&quot;,&quot;class&quot;:&quot;&quot;,&quot;count&quot;:&quot;0&quot;,&quot;legendonly&quot;:&quot;&quot;,&quot;readonly&quot;:&quot;&quot;,&quot;score&quot;:&quot;0&quot;,&quot;starsonly&quot;:&quot;&quot;,&quot;best&quot;:&quot;5&quot;,&quot;gap&quot;:&quot;5&quot;,&quot;greet&quot;:&quot;&quot;,&quot;legend&quot;:&quot;0\\\/5 - (0 votes)&quot;,&quot;size&quot;:&quot;24&quot;,&quot;title&quot;:&quot;Jakie rajstopy do szarej sukienki z materia\u0142u jersey?&quot;,&quot;width&quot;:&quot;0&quot;,&quot;_legend&quot;:&quot;{score}\\\/{best} - ({count} {votes})&quot;,&quot;font_factor&quot;:&quot;1.25&quot;}'>\n            \n<div class=\"kksr-stars\">\n    \n<div class=\"kksr-stars-inactive\">\n            <div class=\"kksr-star\" data-star=\"1\" style=\"padding-right: 5px\">\n            \n\n<div class=\"kksr-icon\" style=\"width: 24px; height: 24px;\"><\/div>\n        <\/div>\n            <div class=\"kksr-star\" data-star=\"2\" style=\"padding-right: 5px\">\n            \n\n<div class=\"kksr-icon\" style=\"width: 24px; height: 24px;\"><\/div>\n        <\/div>\n            <div class=\"kksr-star\" data-star=\"3\" style=\"padding-right: 5px\">\n            \n\n<div class=\"kksr-icon\" style=\"width: 24px; height: 24px;\"><\/div>\n        <\/div>\n            <div class=\"kksr-star\" data-star=\"4\" style=\"padding-right: 5px\">\n            \n\n<div class=\"kksr-icon\" style=\"width: 24px; height: 24px;\"><\/div>\n        <\/div>\n            <div class=\"kksr-star\" data-star=\"5\" style=\"padding-right: 5px\">\n            \n\n<div class=\"kksr-icon\" style=\"width: 24px; height: 24px;\"><\/div>\n        <\/div>\n    <\/div>\n    \n<div class=\"kksr-stars-active\" style=\"width: 0px;\">\n            <div class=\"kksr-star\" style=\"padding-right: 5px\">\n            \n\n<div class=\"kksr-icon\" style=\"width: 24px; height: 24px;\"><\/div>\n        <\/div>\n            <div class=\"kksr-star\" style=\"padding-right: 5px\">\n            \n\n<div class=\"kksr-icon\" style=\"width: 24px; height: 24px;\"><\/div>\n        <\/div>\n            <div class=\"kksr-star\" style=\"padding-right: 5px\">\n            \n\n<div class=\"kksr-icon\" style=\"width: 24px; height: 24px;\"><\/div>\n        <\/div>\n            <div class=\"kksr-star\" style=\"padding-right: 5px\">\n            \n\n<div class=\"kksr-icon\" style=\"width: 24px; height: 24px;\"><\/div>\n        <\/div>\n            <div class=\"kksr-star\" style=\"padding-right: 5px\">\n            \n\n<div class=\"kksr-icon\" style=\"width: 24px; height: 24px;\"><\/div>\n        <\/div>\n    <\/div>\n<\/div>\n                \n\n<div class=\"kksr-legend\" style=\"font-size: 19.2px;\">\n            <span class=\"kksr-muted\"><\/span>\n    <\/div>\n    <\/div>\n<p>Rochiile din jerseu sunt extrem de populare printre femeile care ies \u00een ora\u0219 pentru diverse ocazii, at\u00e2t de zi cu zi, c\u00e2t \u0219i mai formale. Elasticitatea \u0219i confortul lor caracteristice le fac un element cheie al multor colec\u021bii de mod\u0103. Cu toate acestea, exist\u0103 provoc\u0103ri legate de alegerea colan\u021bilor potrivi\u021bi, care pot afecta semnificativ efectul final al stilului. Pentru a sublinia \u0219i mai mult farmecul unei rochii gri, merit\u0103 s\u0103 cunoa\u0219tem regulile de urmat atunci c\u00e2nd alegem colan\u021bii. \u00cen acest articol, vom discuta despre diferitele tipuri de colan\u021bi care se potrivesc perfect cu jerseul gri \u0219i vom sugera cum s\u0103 alegem accesoriile \u0219i \u00eenc\u0103l\u021b\u0103mintea perfecte pentru a face ca \u00eentregul aspect s\u0103 fie armonios. Preg\u0103te\u0219te-te s\u0103 descoperi lumea modei \u0219i a stilului, precum \u0219i sfaturi practice care \u00ee\u021bi vor \u00eembog\u0103\u021bi garderoba!<\/p>\n<h2>Tipuri de colan\u021bi care se potrivesc cu o rochie gri<\/h2>\n<p><img decoding=\"async\" alt=\"Modelka w szarej sukience stoi przed wieszakami z r\u00f3\u017cnymi ubraniami w nowoczesnym wn\u0119trzu.\" src=\"https:\/\/polscy-kierowcy.pl\/wp-content\/uploads\/image2e0ca0e8e87f4ff89ba12e3827881e17.png\"\/><\/p>\n<p>Alegerea colan\u021bilor potrivi\u021bi pentru rochia ta poate fi esen\u021bial\u0103 pentru \u00eentregul t\u0103u look. Avem multe op\u021biuni, \u00een func\u021bie de ocazie \u0219i de stilul t\u0103u personal. Colan\u021bii pot fi at\u00e2t la mod\u0103, c\u00e2t \u0219i confortabili, av\u00e2nd totodat\u0103 un impact asupra mesajului estetic final. Iat\u0103 c\u00e2teva tipuri de colan\u021bi de care trebuie s\u0103 \u021bii cont:<\/p>\n<ul>\n<li>Colan\u021bi opaci<\/li>\n<li>Colan\u021bi cu model<\/li>\n<li>Colan\u021bi \u00een culori deschise<\/li>\n<\/ul>\n<p>Colan\u021bii opaci sunt una dintre cele mai populare alegeri, mai ales \u00een zilele mai reci. Elegan\u021ba lor poate scoate \u00een eviden\u021b\u0103 semnificativ griul discret al unei rochii, cre\u00e2nd un contrast delicat cu ansamblul. \u00cen plus, sunt disponibili \u00een multe culori, ceea ce permite jocul liber cu paleta de culori. Alternativ, colan\u021bii cu model adaug\u0103 o not\u0103 de excentricitate \u0219i pot \u00eenviora un stil discret, ideal pentru cei care doresc s\u0103-\u0219i exprime stilul individual. <strong>Ce colan\u021bi ar trebui s\u0103 aleg?<\/strong><\/p>\n<table border=\"1\">\n<tr>\n<th>Tip<\/th>\n<th>Ocazii<\/th>\n<th>Stilizare<\/th>\n<\/tr>\n<tr>\n<td>Colan\u021bi opaci<\/td>\n<td>Zilnic, formal<\/td>\n<td>Elegant \u0219i discret<\/td>\n<\/tr>\n<tr>\n<td>Colan\u021bi cu model<\/td>\n<td>Petreceri de prim\u0103var\u0103, casual<\/td>\n<td>Excentric, artistic<\/td>\n<\/tr>\n<tr>\n<td>Colan\u021bi \u00een culori deschise<\/td>\n<td>Vara, plimb\u0103ri zilnice<\/td>\n<td>Casual \u0219i u\u0219or<\/td>\n<\/tr>\n<\/table>\n<p>Luarea \u00een considerare a texturii colan\u021bilor este apoi un pas important. Grosimea colan\u021bilor poate fi ajustat\u0103 \u00een func\u021bie de anotimp, ceea ce cre\u0219te confortul purt\u0103rii. De exemplu, colan\u021bii sub\u021biri vor fi ideali pentru zilele de var\u0103, \u00een timp ce modelele mai groase v\u0103 vor \u021bine de cald iarna.<\/p>\n<h2>Accesorii \u0219i \u00eenc\u0103l\u021b\u0103minte pentru stilism<\/h2>\n<p><img decoding=\"async\" alt=\"Trzy kobiety w d\u0142ugich szarych sukienkach i kolorowych leginsach rozmawiaj\u0105 w parku w ciep\u0142y dzie\u0144.\" src=\"https:\/\/polscy-kierowcy.pl\/wp-content\/uploads\/imagefdb6f96986514e98bfc793b3330f6e1c.png\"\/><\/p>\n<p>\u00cen fiecare stil elegant, accesoriile \u0219i \u00eenc\u0103l\u021b\u0103mintea joac\u0103 un rol semnificativ, cre\u00e2nd coeren\u021b\u0103 \u0219i armonie. Atunci c\u00e2nd alege\u021bi pantofi care se vor asorta cu o rochie gri, merit\u0103 s\u0103 lua\u021bi \u00een considerare colan\u021bii, \u00een special culoarea \u0219i grosimea acestora. Iat\u0103 c\u00e2teva sugestii pentru \u00eenc\u0103l\u021b\u0103minte care se armonizeaz\u0103 cu griul:<\/p>\n<ul>\n<li>Balerine<\/li>\n<li>Tocuri<\/li>\n<li>Adida\u0219i<\/li>\n<\/ul>\n<p>Balerinii sunt alegerea perfect\u0103 pentru purtarea de zi cu zi, atunci c\u00e2nd vrei s\u0103 te sim\u021bi elegant\u0103 \u0219i confortabil\u0103 \u00een acela\u0219i timp. Tocurile \u00eenalte, pe de alt\u0103 parte, vor ad\u0103uga o not\u0103 de clas\u0103 \u0219i valoare vizual\u0103 \u00eentregului stil. Pentru ocazii mai pu\u021bin formale, pantofii sport vor fi o solu\u021bie excelent\u0103, care vor introduce un stil casual \u0219i modern.<\/p>\n<h2>Rezumat<\/h2>\n<p>\u00cen cele din urm\u0103, alegerea unor colan\u021bi de purtat cu o rochie gri din jerseu poate fi at\u00e2t o provocare, c\u00e2t \u0219i o oportunitate excelent\u0103 de a explora noi stiluri. Este esen\u021bial s\u0103 v\u0103 aminti\u021bi c\u00e2teva reguli fundamentale care v\u0103 vor ajuta s\u0103 crea\u021bi un look coerent \u0219i elegant. Indiferent dac\u0103 alege\u021bi colan\u021bi opaci, cu model sau \u00een nuan\u021be deschise, este esen\u021bial s\u0103 \u00eei asorta\u021bi cu restul garderobei. \u00cen plus, merit\u0103 s\u0103 ave\u021bi grij\u0103 de \u00eenc\u0103l\u021b\u0103mintea \u0219i accesoriile potrivite pentru a completa \u00eentregul look.<\/p>\n<h2>\u00centreb\u0103ri frecvente<\/h2>\n<ul>\n<li><strong>Ce culori de colan\u021bi se potrivesc cel mai bine cu o rochie gri din jerseu?<\/strong> Cei mai buni colan\u021bi sunt negri, bleumarin, nud \u0219i \u00een culori pastelate.<\/li>\n<li><strong>Se pot purta colan\u021bi cu model cu o rochie gri?<\/strong> Da, colan\u021bii cu model pot \u00eenviora o \u021binut\u0103 \u0219i pot ad\u0103uga un element vizual interesant.<\/li>\n<li><strong>Ce pantofi se potrivesc cel mai bine cu gri?<\/strong> O rochie gri se potrive\u0219te bine cu balerini, tocuri \u00eenalte sau adida\u0219i, \u00een func\u021bie de ocazie.<\/li>\n<li><strong>Cum s\u0103 alegi grosimea colan\u021bilor pentru sezon?<\/strong> \u00cen lunile mai calde este mai bine s\u0103 alege\u021bi colan\u021bi sub\u021biri, \u00een timp ce iarna merit\u0103 s\u0103 alege\u021bi modele mai groase.<\/li>\n<li><strong>Colan\u021bii ar trebui s\u0103 fie de aceea\u0219i culoare cu rochia?<\/strong> Acest lucru nu este necesar. Po\u021bi crea combina\u021bii interesante aleg\u00e2nd culori contrastante sau complementare.<\/li>\n<\/ul>","protected":false},"excerpt":{"rendered":"<p>Rochiile din jerseu sunt incredibil de populare printre femei pentru o varietate de ocazii, at\u00e2t casual, c\u00e2t \u0219i formale. Flexibilitatea \u0219i confortul lor distinctiv le fac un element cheie al multor colec\u021bii de mod\u0103. Cu toate acestea, exist\u0103 provoc\u0103ri asociate cu alegerea colan\u021bilor potrivi\u021bi, care pot avea un impact semnificativ asupra aspectului final. Pentru a [\u2026]<\/p>","protected":false},"author":1,"featured_media":569,"comment_status":"closed","ping_status":"closed","sticky":false,"template":"","format":"standard","meta":{"_acf_changed":false,"footnotes":""},"categories":[1],"tags":[],"class_list":["post-584","post","type-post","status-publish","format-standard","has-post-thumbnail","hentry","category-blog"],"acf":[],"yoast_head":"<!-- This site is optimized with the Yoast SEO plugin v23.2 - https:\/\/yoast.com\/wordpress\/plugins\/seo\/ -->\n<title>Jakie rajstopy pasuj\u0105 do szarej sukienki z materia\u0142u jersey? Poradnik stylizacji<\/title>\n<meta name=\"description\" content=\"Odkryj, jakie rajstopy idealnie komponuj\u0105 si\u0119 z szarym jerseyem. Sprawd\u017a porady dotycz\u0105ce dodatk\u00f3w, obuwia i stylizacji!\" \/>\n<meta name=\"robots\" content=\"index, follow, max-snippet:-1, max-image-preview:large, max-video-preview:-1\" \/>\n<link rel=\"canonical\" href=\"https:\/\/polscy-kierowcy.pl\/ro\/jakie-rajstopy-do-szarej-sukienki-z-materialu-jersey\/\" \/>\n<meta property=\"og:locale\" content=\"ro_RO\" \/>\n<meta property=\"og:type\" content=\"article\" \/>\n<meta property=\"og:title\" content=\"Jakie rajstopy pasuj\u0105 do szarej sukienki z materia\u0142u jersey? Poradnik stylizacji\" \/>\n<meta property=\"og:description\" content=\"Odkryj, jakie rajstopy idealnie komponuj\u0105 si\u0119 z szarym jerseyem. Sprawd\u017a porady dotycz\u0105ce dodatk\u00f3w, obuwia i stylizacji!\" \/>\n<meta property=\"og:url\" content=\"https:\/\/polscy-kierowcy.pl\/ro\/jakie-rajstopy-do-szarej-sukienki-z-materialu-jersey\/\" \/>\n<meta property=\"og:site_name\" content=\"polscy-kierowcy.pl\" \/>\n<meta property=\"article:published_time\" content=\"2025-04-08T23:00:00+00:00\" \/>\n<meta property=\"og:image\" content=\"https:\/\/polscy-kierowcy.pl\/wp-content\/uploads\/image7a52cfc97d3c42c491d8190427aa43e6.png\" \/>\n\t<meta property=\"og:image:width\" content=\"1024\" \/>\n\t<meta property=\"og:image:height\" content=\"768\" \/>\n\t<meta property=\"og:image:type\" content=\"image\/png\" \/>\n<meta name=\"author\" content=\"Paulina Kruk\" \/>\n<meta name=\"twitter:card\" content=\"summary_large_image\" \/>\n<meta name=\"twitter:label1\" content=\"Scris de\" \/>\n\t<meta name=\"twitter:data1\" content=\"Paulina Kruk\" \/>\n\t<meta name=\"twitter:label2\" content=\"Timp estimat pentru citire\" \/>\n\t<meta name=\"twitter:data2\" content=\"3 minute\" \/>\n<script type=\"application\/ld+json\" class=\"yoast-schema-graph\">{\"@context\":\"https:\/\/schema.org\",\"@graph\":[{\"@type\":\"WebPage\",\"@id\":\"https:\/\/polscy-kierowcy.pl\/jakie-rajstopy-do-szarej-sukienki-z-materialu-jersey\/\",\"url\":\"https:\/\/polscy-kierowcy.pl\/jakie-rajstopy-do-szarej-sukienki-z-materialu-jersey\/\",\"name\":\"Jakie rajstopy pasuj\u0105 do szarej sukienki z materia\u0142u jersey? Poradnik stylizacji\",\"isPartOf\":{\"@id\":\"https:\/\/polscy-kierowcy.pl\/#website\"},\"primaryImageOfPage\":{\"@id\":\"https:\/\/polscy-kierowcy.pl\/jakie-rajstopy-do-szarej-sukienki-z-materialu-jersey\/#primaryimage\"},\"image\":{\"@id\":\"https:\/\/polscy-kierowcy.pl\/jakie-rajstopy-do-szarej-sukienki-z-materialu-jersey\/#primaryimage\"},\"thumbnailUrl\":\"https:\/\/polscy-kierowcy.pl\/wp-content\/uploads\/image7a52cfc97d3c42c491d8190427aa43e6.png\",\"datePublished\":\"2025-04-08T23:00:00+00:00\",\"dateModified\":\"2025-04-08T23:00:00+00:00\",\"author\":{\"@id\":\"https:\/\/polscy-kierowcy.pl\/#\/schema\/person\/66f7250202134445459bce344c706e46\"},\"description\":\"Odkryj, jakie rajstopy idealnie komponuj\u0105 si\u0119 z szarym jerseyem. Sprawd\u017a porady dotycz\u0105ce dodatk\u00f3w, obuwia i stylizacji!\",\"breadcrumb\":{\"@id\":\"https:\/\/polscy-kierowcy.pl\/jakie-rajstopy-do-szarej-sukienki-z-materialu-jersey\/#breadcrumb\"},\"inLanguage\":\"ro-RO\",\"potentialAction\":[{\"@type\":\"ReadAction\",\"target\":[\"https:\/\/polscy-kierowcy.pl\/jakie-rajstopy-do-szarej-sukienki-z-materialu-jersey\/\"]}]},{\"@type\":\"ImageObject\",\"inLanguage\":\"ro-RO\",\"@id\":\"https:\/\/polscy-kierowcy.pl\/jakie-rajstopy-do-szarej-sukienki-z-materialu-jersey\/#primaryimage\",\"url\":\"https:\/\/polscy-kierowcy.pl\/wp-content\/uploads\/image7a52cfc97d3c42c491d8190427aa43e6.png\",\"contentUrl\":\"https:\/\/polscy-kierowcy.pl\/wp-content\/uploads\/image7a52cfc97d3c42c491d8190427aa43e6.png\",\"width\":1024,\"height\":768},{\"@type\":\"BreadcrumbList\",\"@id\":\"https:\/\/polscy-kierowcy.pl\/jakie-rajstopy-do-szarej-sukienki-z-materialu-jersey\/#breadcrumb\",\"itemListElement\":[{\"@type\":\"ListItem\",\"position\":1,\"name\":\"Home\",\"item\":\"https:\/\/polscy-kierowcy.pl\/\"},{\"@type\":\"ListItem\",\"position\":2,\"name\":\"Jakie rajstopy do szarej sukienki z materia\u0142u jersey?\"}]},{\"@type\":\"WebSite\",\"@id\":\"https:\/\/polscy-kierowcy.pl\/#website\",\"url\":\"https:\/\/polscy-kierowcy.pl\/\",\"name\":\"polscy-kierowcy.pl\",\"description\":\"Tureckie sukienki: pi\u0119kno w tradycji.\",\"potentialAction\":[{\"@type\":\"SearchAction\",\"target\":{\"@type\":\"EntryPoint\",\"urlTemplate\":\"https:\/\/polscy-kierowcy.pl\/?s={search_term_string}\"},\"query-input\":\"required name=search_term_string\"}],\"inLanguage\":\"ro-RO\"},{\"@type\":\"Person\",\"@id\":\"https:\/\/polscy-kierowcy.pl\/#\/schema\/person\/66f7250202134445459bce344c706e46\",\"name\":\"Paulina Kruk\",\"image\":{\"@type\":\"ImageObject\",\"inLanguage\":\"ro-RO\",\"@id\":\"https:\/\/polscy-kierowcy.pl\/#\/schema\/person\/image\/\",\"url\":\"https:\/\/polscy-kierowcy.pl\/wp-content\/uploads\/ivyzxaomvy6_ad_avatar-96x96.jpg\",\"contentUrl\":\"https:\/\/polscy-kierowcy.pl\/wp-content\/uploads\/ivyzxaomvy6_ad_avatar-96x96.jpg\",\"caption\":\"Paulina Kruk\"},\"description\":\"Paulina Kruk to do\u015bwiadczona specjalistka w dziedzinie mody, prowadz\u0105ca w\u0142asny sklep odzie\u017cowy w Pilaszkowie. Jej pasja do mody i zaanga\u017cowanie w bran\u017cy odzie\u017cowej pozwalaj\u0105 jej na tworzenie unikatowych stylizacji, kt\u00f3re \u0142\u0105cz\u0105 elegancj\u0119 z codziennym komfortem.\",\"url\":\"https:\/\/polscy-kierowcy.pl\/ro\/author\/paulina-kruk\/\"}]}<\/script>\n<!-- \/ Yoast SEO plugin. -->","yoast_head_json":{"title":"Jakie rajstopy pasuj\u0105 do szarej sukienki z materia\u0142u jersey? Poradnik stylizacji","description":"Odkryj, jakie rajstopy idealnie komponuj\u0105 si\u0119 z szarym jerseyem. Sprawd\u017a porady dotycz\u0105ce dodatk\u00f3w, obuwia i stylizacji!","robots":{"index":"index","follow":"follow","max-snippet":"max-snippet:-1","max-image-preview":"max-image-preview:large","max-video-preview":"max-video-preview:-1"},"canonical":"https:\/\/polscy-kierowcy.pl\/ro\/jakie-rajstopy-do-szarej-sukienki-z-materialu-jersey\/","og_locale":"ro_RO","og_type":"article","og_title":"Jakie rajstopy pasuj\u0105 do szarej sukienki z materia\u0142u jersey? Poradnik stylizacji","og_description":"Odkryj, jakie rajstopy idealnie komponuj\u0105 si\u0119 z szarym jerseyem. Sprawd\u017a porady dotycz\u0105ce dodatk\u00f3w, obuwia i stylizacji!","og_url":"https:\/\/polscy-kierowcy.pl\/ro\/jakie-rajstopy-do-szarej-sukienki-z-materialu-jersey\/","og_site_name":"polscy-kierowcy.pl","article_published_time":"2025-04-08T23:00:00+00:00","og_image":[{"width":1024,"height":768,"url":"https:\/\/polscy-kierowcy.pl\/wp-content\/uploads\/image7a52cfc97d3c42c491d8190427aa43e6.png","type":"image\/png"}],"author":"Paulina Kruk","twitter_card":"summary_large_image","twitter_misc":{"Scris de":"Paulina Kruk","Timp estimat pentru citire":"3 minute"},"schema":{"@context":"https:\/\/schema.org","@graph":[{"@type":"WebPage","@id":"https:\/\/polscy-kierowcy.pl\/jakie-rajstopy-do-szarej-sukienki-z-materialu-jersey\/","url":"https:\/\/polscy-kierowcy.pl\/jakie-rajstopy-do-szarej-sukienki-z-materialu-jersey\/","name":"Jakie rajstopy pasuj\u0105 do szarej sukienki z materia\u0142u jersey? Poradnik stylizacji","isPartOf":{"@id":"https:\/\/polscy-kierowcy.pl\/#website"},"primaryImageOfPage":{"@id":"https:\/\/polscy-kierowcy.pl\/jakie-rajstopy-do-szarej-sukienki-z-materialu-jersey\/#primaryimage"},"image":{"@id":"https:\/\/polscy-kierowcy.pl\/jakie-rajstopy-do-szarej-sukienki-z-materialu-jersey\/#primaryimage"},"thumbnailUrl":"https:\/\/polscy-kierowcy.pl\/wp-content\/uploads\/image7a52cfc97d3c42c491d8190427aa43e6.png","datePublished":"2025-04-08T23:00:00+00:00","dateModified":"2025-04-08T23:00:00+00:00","author":{"@id":"https:\/\/polscy-kierowcy.pl\/#\/schema\/person\/66f7250202134445459bce344c706e46"},"description":"Odkryj, jakie rajstopy idealnie komponuj\u0105 si\u0119 z szarym jerseyem. Sprawd\u017a porady dotycz\u0105ce dodatk\u00f3w, obuwia i stylizacji!","breadcrumb":{"@id":"https:\/\/polscy-kierowcy.pl\/jakie-rajstopy-do-szarej-sukienki-z-materialu-jersey\/#breadcrumb"},"inLanguage":"ro-RO","potentialAction":[{"@type":"ReadAction","target":["https:\/\/polscy-kierowcy.pl\/jakie-rajstopy-do-szarej-sukienki-z-materialu-jersey\/"]}]},{"@type":"ImageObject","inLanguage":"ro-RO","@id":"https:\/\/polscy-kierowcy.pl\/jakie-rajstopy-do-szarej-sukienki-z-materialu-jersey\/#primaryimage","url":"https:\/\/polscy-kierowcy.pl\/wp-content\/uploads\/image7a52cfc97d3c42c491d8190427aa43e6.png","contentUrl":"https:\/\/polscy-kierowcy.pl\/wp-content\/uploads\/image7a52cfc97d3c42c491d8190427aa43e6.png","width":1024,"height":768},{"@type":"BreadcrumbList","@id":"https:\/\/polscy-kierowcy.pl\/jakie-rajstopy-do-szarej-sukienki-z-materialu-jersey\/#breadcrumb","itemListElement":[{"@type":"ListItem","position":1,"name":"Home","item":"https:\/\/polscy-kierowcy.pl\/"},{"@type":"ListItem","position":2,"name":"Jakie rajstopy do szarej sukienki z materia\u0142u jersey?"}]},{"@type":"WebSite","@id":"https:\/\/polscy-kierowcy.pl\/#website","url":"https:\/\/polscy-kierowcy.pl\/","name":"polscy-kierowcy.pl","description":"Tureckie sukienki: pi\u0119kno w tradycji.","potentialAction":[{"@type":"SearchAction","target":{"@type":"EntryPoint","urlTemplate":"https:\/\/polscy-kierowcy.pl\/?s={search_term_string}"},"query-input":"required name=search_term_string"}],"inLanguage":"ro-RO"},{"@type":"Person","@id":"https:\/\/polscy-kierowcy.pl\/#\/schema\/person\/66f7250202134445459bce344c706e46","name":"Paulina Kruk","image":{"@type":"ImageObject","inLanguage":"ro-RO","@id":"https:\/\/polscy-kierowcy.pl\/#\/schema\/person\/image\/","url":"https:\/\/polscy-kierowcy.pl\/wp-content\/uploads\/ivyzxaomvy6_ad_avatar-96x96.jpg","contentUrl":"https:\/\/polscy-kierowcy.pl\/wp-content\/uploads\/ivyzxaomvy6_ad_avatar-96x96.jpg","caption":"Paulina Kruk"},"description":"Paulina Kruk to do\u015bwiadczona specjalistka w dziedzinie mody, prowadz\u0105ca w\u0142asny sklep odzie\u017cowy w Pilaszkowie. Jej pasja do mody i zaanga\u017cowanie w bran\u017cy odzie\u017cowej pozwalaj\u0105 jej na tworzenie unikatowych stylizacji, kt\u00f3re \u0142\u0105cz\u0105 elegancj\u0119 z codziennym komfortem.","url":"https:\/\/polscy-kierowcy.pl\/ro\/author\/paulina-kruk\/"}]}},"yoast_meta":{"yoast_wpseo_title":"","yoast_wpseo_metadesc":"","yoast_wpseo_canonical":"https:\/\/polscy-kierowcy.pl\/ro\/wp-json\/wp\/v2\/posts\/584"},"_links":{"self":[{"href":"https:\/\/polscy-kierowcy.pl\/ro\/wp-json\/wp\/v2\/posts\/584"}],"collection":[{"href":"https:\/\/polscy-kierowcy.pl\/ro\/wp-json\/wp\/v2\/posts"}],"about":[{"href":"https:\/\/polscy-kierowcy.pl\/ro\/wp-json\/wp\/v2\/types\/post"}],"author":[{"embeddable":true,"href":"https:\/\/polscy-kierowcy.pl\/ro\/wp-json\/wp\/v2\/users\/1"}],"replies":[{"embeddable":true,"href":"https:\/\/polscy-kierowcy.pl\/ro\/wp-json\/wp\/v2\/comments?post=584"}],"version-history":[{"count":1,"href":"https:\/\/polscy-kierowcy.pl\/ro\/wp-json\/wp\/v2\/posts\/584\/revisions"}],"predecessor-version":[{"id":588,"href":"https:\/\/polscy-kierowcy.pl\/ro\/wp-json\/wp\/v2\/posts\/584\/revisions\/588"}],"wp:featuredmedia":[{"embeddable":true,"href":"https:\/\/polscy-kierowcy.pl\/ro\/wp-json\/wp\/v2\/media\/569"}],"wp:attachment":[{"href":"https:\/\/polscy-kierowcy.pl\/ro\/wp-json\/wp\/v2\/media?parent=584"}],"wp:term":[{"taxonomy":"category","embeddable":true,"href":"https:\/\/polscy-kierowcy.pl\/ro\/wp-json\/wp\/v2\/categories?post=584"},{"taxonomy":"post_tag","embeddable":true,"href":"https:\/\/polscy-kierowcy.pl\/ro\/wp-json\/wp\/v2\/tags?post=584"}],"curies":[{"name":"wp","href":"https:\/\/api.w.org\/{rel}","templated":true}]}}