{"id":582,"date":"2025-04-11T00:00:00","date_gmt":"2025-04-10T23:00:00","guid":{"rendered":"https:\/\/polscy-kierowcy.pl\/?p=582"},"modified":"2025-04-11T00:00:00","modified_gmt":"2025-04-10T23:00:00","slug":"sukienka-mini-na-co-dzien-jak-ja-stylizowac-na-sportowo","status":"publish","type":"post","link":"https:\/\/polscy-kierowcy.pl\/ro\/sukienka-mini-na-co-dzien-jak-ja-stylizowac-na-sportowo\/","title":{"rendered":"Rochie mini de zi cu zi \u2013 cum s\u0103 o \u0219ablonezi sport?"},"content":{"rendered":"<div class=\"kk-star-ratings kksr-auto kksr-align-left kksr-valign-top\"\n    data-payload='{&quot;align&quot;:&quot;left&quot;,&quot;id&quot;:&quot;582&quot;,&quot;slug&quot;:&quot;default&quot;,&quot;valign&quot;:&quot;top&quot;,&quot;ignore&quot;:&quot;&quot;,&quot;reference&quot;:&quot;auto&quot;,&quot;class&quot;:&quot;&quot;,&quot;count&quot;:&quot;0&quot;,&quot;legendonly&quot;:&quot;&quot;,&quot;readonly&quot;:&quot;&quot;,&quot;score&quot;:&quot;0&quot;,&quot;starsonly&quot;:&quot;&quot;,&quot;best&quot;:&quot;5&quot;,&quot;gap&quot;:&quot;5&quot;,&quot;greet&quot;:&quot;&quot;,&quot;legend&quot;:&quot;0\\\/5 - (0 votes)&quot;,&quot;size&quot;:&quot;24&quot;,&quot;title&quot;:&quot;Sukienka mini na co dzie\u0144 \u2013 jak j\u0105 stylizowa\u0107 na sportowo?&quot;,&quot;width&quot;:&quot;0&quot;,&quot;_legend&quot;:&quot;{score}\\\/{best} - ({count} {votes})&quot;,&quot;font_factor&quot;:&quot;1.25&quot;}'>\n            \n<div class=\"kksr-stars\">\n    \n<div class=\"kksr-stars-inactive\">\n            <div class=\"kksr-star\" data-star=\"1\" style=\"padding-right: 5px\">\n            \n\n<div class=\"kksr-icon\" style=\"width: 24px; height: 24px;\"><\/div>\n        <\/div>\n            <div class=\"kksr-star\" data-star=\"2\" style=\"padding-right: 5px\">\n            \n\n<div class=\"kksr-icon\" style=\"width: 24px; height: 24px;\"><\/div>\n        <\/div>\n            <div class=\"kksr-star\" data-star=\"3\" style=\"padding-right: 5px\">\n            \n\n<div class=\"kksr-icon\" style=\"width: 24px; height: 24px;\"><\/div>\n        <\/div>\n            <div class=\"kksr-star\" data-star=\"4\" style=\"padding-right: 5px\">\n            \n\n<div class=\"kksr-icon\" style=\"width: 24px; height: 24px;\"><\/div>\n        <\/div>\n            <div class=\"kksr-star\" data-star=\"5\" style=\"padding-right: 5px\">\n            \n\n<div class=\"kksr-icon\" style=\"width: 24px; height: 24px;\"><\/div>\n        <\/div>\n    <\/div>\n    \n<div class=\"kksr-stars-active\" style=\"width: 0px;\">\n            <div class=\"kksr-star\" style=\"padding-right: 5px\">\n            \n\n<div class=\"kksr-icon\" style=\"width: 24px; height: 24px;\"><\/div>\n        <\/div>\n            <div class=\"kksr-star\" style=\"padding-right: 5px\">\n            \n\n<div class=\"kksr-icon\" style=\"width: 24px; height: 24px;\"><\/div>\n        <\/div>\n            <div class=\"kksr-star\" style=\"padding-right: 5px\">\n            \n\n<div class=\"kksr-icon\" style=\"width: 24px; height: 24px;\"><\/div>\n        <\/div>\n            <div class=\"kksr-star\" style=\"padding-right: 5px\">\n            \n\n<div class=\"kksr-icon\" style=\"width: 24px; height: 24px;\"><\/div>\n        <\/div>\n            <div class=\"kksr-star\" style=\"padding-right: 5px\">\n            \n\n<div class=\"kksr-icon\" style=\"width: 24px; height: 24px;\"><\/div>\n        <\/div>\n    <\/div>\n<\/div>\n                \n\n<div class=\"kksr-legend\" style=\"font-size: 19.2px;\">\n            <span class=\"kksr-muted\"><\/span>\n    <\/div>\n    <\/div>\n<p>O rochie mini nu este doar un simbol al elegan\u021bei, ci \u0219i al versatilit\u0103\u021bii. Introducerea unui stil sport \u00een \u021binutele de zi cu zi cu aceast\u0103 rochie poate fi incredibil de revigorant\u0103 \u0219i practic\u0103. Nu exist\u0103 niciun motiv s\u0103 renun\u021bi la pa\u0219ii modei pentru confort. O rochie mini bine aleas\u0103, cu accesoriile potrivite, va combina confortul cu estetica. A\u0219adar, cum po\u021bi stiliza aceast\u0103 pies\u0103 vestimentar\u0103 unic\u0103 pentru a-i reflecta caracterul sportiv? \u00ce\u021bi vom prezenta sfaturi practice care vor face din stilul de zi cu zi cu o rochie mini o pl\u0103cere.<\/p>\n<p>Primul pas \u00een stilizare este alegerea rochiei mini potrivite. Alege modele care se potrivesc siluetei \u0219i stilului t\u0103u de via\u021b\u0103. Cu o selec\u021bie at\u00e2t de mare de stiluri, este greu s\u0103 nu g\u0103se\u0219ti ceva care s\u0103-\u021bi atrag\u0103 aten\u021bia. Nu uita c\u0103 este esen\u021bial s\u0103 acorzi aten\u021bie \u0219i materialului, astfel \u00eenc\u00e2t materialul s\u0103 fie pl\u0103cut la atingere \u0219i func\u021bional \u00een utilizarea de zi cu zi. De asemenea, ar trebui s\u0103 alegi o culoare care s\u0103 fie u\u0219or de asortat cu alte elemente din garderoba ta. \u0218i ce va implica asta? Joac\u0103-te cu accesoriile!<\/p>\n<h2>Alegerea rochiei mini potrivite<\/h2>\n<p><img decoding=\"async\" alt=\"M\u0142oda kobieta w jasnej sukience spaceruje po ulicy, z okularami przeciws\u0142onecznymi i plecakiem na ramieniu.\" src=\"https:\/\/polscy-kierowcy.pl\/wp-content\/uploads\/imagedd38cf1c4d5c4d0285765cfdbbc64b0c.png\"\/><\/p>\n<p>O rochie mini ar trebui s\u0103 fie confortabil\u0103 \u00eenainte de toate. Este bine ca materialul s\u0103 fie aerisit \u0219i flexibil, ceea ce va permite libertate de mi\u0219care. Merit\u0103 s\u0103 opta\u021bi pentru modele simple, minimaliste, care pot fi purtate pentru mai multe ocazii. Iat\u0103 c\u00e2teva sugestii de stiluri care se vor potrivi bine pentru purtarea de zi cu zi:<\/p>\n<ul>\n<li>Rochii confec\u021bionate din material sub\u021bire de hanorac \u2013 perfecte pentru zilele casual.<\/li>\n<li>Modele cu m\u00e2neci scurte \u2013 asigur\u0103 confort \u00een zilele mai c\u0103lduroase.<\/li>\n<li>Rochii cu inser\u021bii de dantel\u0103 \u2013 acestea vor ad\u0103uga un strop de elegan\u021b\u0103 stilului t\u0103u.<\/li>\n<\/ul>\n<h2>Materiale \u0219i culori casual<\/h2>\n<p><img decoding=\"async\" alt=\"Kobieta w szarej sukience siedzi na \u0142awce, czytaj\u0105c ksi\u0105\u017ck\u0119 w przytulnej kawiarni na \u015bwie\u017cym powietrzu.\" src=\"https:\/\/polscy-kierowcy.pl\/wp-content\/uploads\/image49013ea52f234691b2d6f509a19670fe.png\"\/><\/p>\n<p>C\u00e2nd te g\u00e2nde\u0219ti la o rochie mini pentru purtare zilnic\u0103, nu po\u021bi uita de alegerea materialelor potrivite. Adesea, o solu\u021bie mai bun\u0103 vor fi \u021bes\u0103turile respirabile \u0219i flexibile, cum ar fi bumbacul, jerseul sau tricotul. Acestea ofer\u0103 confort, necesar pentru purtarea zilnic\u0103. Culorile joac\u0103, de asemenea, un rol important, deoarece culorile bine alese pot face \u00eentregul stil \u0219i mai atractiv.<\/p>\n<p>Exemple de culori care pot fi folosite \u00een stilul vestimentar de zi cu zi sunt:<\/p>\n<ol>\n<li>Nuan\u021be pastelate \u2013 aduc delicat prospe\u021bime.<\/li>\n<li>Culori p\u0103m\u00e2ntii \u2013 neutre \u0219i practice \u00een combina\u021bie cu alte elemente.<\/li>\n<li>Culori intense, saturate \u2013 care adaug\u0103 energie \u021binutei tale de zi cu zi.<\/li>\n<\/ol>\n<table border=\"1\">\n<tr>\n<th>Material<\/th>\n<th>Propriet\u0103\u021bi<\/th>\n<\/tr>\n<tr>\n<td>Bumbac<\/td>\n<td>Respirabil, pl\u0103cut la atingere, perfect pentru var\u0103.<\/td>\n<\/tr>\n<tr>\n<td>Jersey<\/td>\n<td>Flexibil, se adapteaz\u0103 bine siluetei.<\/td>\n<\/tr>\n<tr>\n<td>Tricotaje<\/td>\n<td>Moale \u0219i c\u0103lduroas\u0103, va fi potrivit\u0103 \u0219i \u00een zilele mai reci.<\/td>\n<\/tr>\n<\/table>\n<h2>Accesorii sport pentru o rochie mini<\/h2>\n<p>Pentru a-\u021bi oferi stilului un caracter sportiv, merit\u0103 s\u0103 alegi accesoriile potrivite. Accesoriile bune vor accentua cu siguran\u021b\u0103 farmecul unei rochii mini. Iat\u0103 c\u00e2teva solu\u021bii care merit\u0103 luate \u00een considerare:<\/p>\n<ul>\n<li>\u00cenc\u0103l\u021b\u0103minte sport \u2013 Adida\u0219ii \u0219i teni\u0219ii sunt un clasic.<\/li>\n<li>Rucsac sau geant\u0103 sport \u2013 practicitate \u0219i aspect la mod\u0103 \u00eentr-unul singur.<\/li>\n<li>Bijuterii minimaliste \u2013 simplitate combinat\u0103 cu casualitate.<\/li>\n<\/ul>\n<p>Av\u00e2nd \u00een vedere aceste accesorii, po\u021bi crea cu u\u0219urin\u021b\u0103 un stil sportiv care va fi unic \u0219i atr\u0103g\u0103tor.<\/p>\n<h2>Stiluri pentru diferite ocazii<\/h2>\n<p>O rochie mini ofer\u0103 multe op\u021biuni de stilizare, a\u0219a c\u0103 merit\u0103 s\u0103 o adaptezi la diferite ocazii. O combina\u021bie bine aleas\u0103 te va face s\u0103 ar\u0103\u021bi fenomenal \u00een orice situa\u021bie. De exemplu:<\/p>\n<h3>Rochie mini pentru o plimbare<\/h3>\n<p>Pentru plimb\u0103rile de zi cu zi, o rochie asortat\u0103 cu teni\u0219i \u0219i o jachet\u0103 din denim este perfect\u0103. Aceast\u0103 combina\u021bie nu este doar confortabil\u0103, ci \u0219i la mod\u0103. Farmecul casual te va face s\u0103 te sim\u021bi confortabil, indiferent de lungimea plimb\u0103rii. Nu uita de o geant\u0103 minimalist\u0103, care va ad\u0103uga stil \u00eentregului ansamblu.<\/p>\n<h3>Rochie mini pentru serviciu<\/h3>\n<p>Dac\u0103 locul t\u0103u de munc\u0103 permite un cod vestimentar mai relaxat, asorteaz\u0103-\u021bi rochia cu pantofi sport elegan\u021bi \u0219i un blazer. Aceast\u0103 combina\u021bie \u00eembin\u0103 profesionalismul cu confortul casual, fiind ideal\u0103 chiar \u0219i la birou. Cu accesoriile potrivite, po\u021bi trece cu u\u0219urin\u021b\u0103 de la serviciu la socializare.<\/p>\n<h3>Rochie mini pentru o ie\u0219ire de weekend<\/h3>\n<p>Pentru ie\u0219irile de weekend, merit\u0103 s\u0103 alegi o rochie mini cu m\u00e2neci mai lungi, care adaug\u0103 un strop de elegan\u021b\u0103. Asorteaz-o cu adida\u0219ii t\u0103i prefera\u021bi \u0219i un rucsac, care \u00ee\u021bi vor permite s\u0103 te mi\u0219ti liber. Acest tip de stil se va potrivi perfect at\u00e2t \u00een zilele lene\u0219e \u00een ora\u0219, c\u00e2t \u0219i \u00een timpul liber activ.<\/p>\n<h2>Rezumat<\/h2>\n<p>O rochie mini pentru purtare zilnic\u0103 este o pies\u0103 vestimentar\u0103 extrem de versatil\u0103, iar stilul s\u0103u sportiv ofer\u0103 multe posibilit\u0103\u021bi. Aleg\u00e2nd accesoriile potrivite, po\u021bi crea combina\u021bii unice care nu numai c\u0103 arat\u0103 bine, dar sunt \u0219i confortabile. Nu uita s\u0103 folose\u0219ti materiale \u0219i culori care s\u0103 corespund\u0103 stilului sportiv. Atunci c\u00e2nd cau\u021bi inspira\u021bie, merit\u0103 s\u0103 iei \u00een considerare diverse ocazii, astfel \u00eenc\u00e2t fiecare stil s\u0103 fie str\u0103lucitor \u0219i func\u021bional \u00een acela\u0219i timp. Acum, folosind aceste sfaturi, po\u021bi s\u0103-\u021bi stilizezi cu \u00eendr\u0103zneal\u0103 rochia mini pentru a te sim\u021bi la mod\u0103 \u0219i confortabil\u0103 \u00een fiecare zi.<\/p>\n<h2>\u00centreb\u0103ri frecvente<\/h2>\n<ul>\n<li><strong>Ce materiale sunt cele mai bune de ales pentru rochiile mini \u00een stil sport?<\/strong> Merit\u0103 s\u0103 alege\u021bi materiale u\u0219oare \u0219i aerisite, cum ar fi bumbacul, jerseul sau tricotajele. <\/li>\n<li><strong>Se poate purta o rochie mini iarna?<\/strong> Da, alege pur \u0219i simplu colan\u021bi c\u0103lduro\u0219i \u0219i combin\u0103 rochia cu un palton lung \u0219i botine p\u00e2n\u0103 la glezn\u0103. <\/li>\n<li><strong>Ce pantofi se potrivesc cel mai bine cu o rochie mini de zi cu zi?<\/strong> Cea mai bun\u0103 alegere sunt pantofii sport comozi, teni\u0219ii sport, dar \u0219i sandalele plate. <\/li>\n<li><strong>Ce accesorii disting stilul sportiv?<\/strong> Stilul sportiv se distinge prin rucsacuri, gen\u021bi sport, bijuterii casual \u0219i o benti\u021b\u0103 de p\u0103r la mod\u0103. <\/li>\n<li><strong>Este o rochie mini potrivit\u0103 pentru vacan\u021b\u0103?<\/strong> Desigur! O rochie mini este o alegere excelent\u0103 pentru vacan\u021b\u0103, este potrivit\u0103 at\u00e2t pentru plaj\u0103, c\u00e2t \u0219i pentru vizitarea obiectivelor turistice din ora\u0219. <\/li>\n<\/ul>","protected":false},"excerpt":{"rendered":"<p>Sukienka mini to nie tylko symbol elegancji, ale r\u00f3wnie\u017c wszechstronno\u015bci. Wprowadzenie sportowego stylu do codziennych outfit\u00f3w z t\u0105 sukienk\u0105 mo\u017ce by\u0107 niezwykle od\u015bwie\u017caj\u0105ce i praktyczne. Nie ma powodu, aby\u015b rezygnowa\u0142a z modnych krok\u00f3w na rzecz wygody. Dobrze dobrana sukienka mini z odpowiednimi akcesoriami po\u0142\u0105czy komfort z estetyk\u0105. A wi\u0119c, jak mo\u017cna stylizowa\u0107 t\u0119 wyj\u0105tkow\u0105 cz\u0119\u015b\u0107 [&hellip;]<\/p>","protected":false},"author":1,"featured_media":562,"comment_status":"closed","ping_status":"closed","sticky":false,"template":"","format":"standard","meta":{"_acf_changed":false,"footnotes":""},"categories":[1],"tags":[],"class_list":["post-582","post","type-post","status-publish","format-standard","has-post-thumbnail","hentry","category-blog"],"acf":[],"yoast_head":"<!-- This site is optimized with the Yoast SEO plugin v23.2 - https:\/\/yoast.com\/wordpress\/plugins\/seo\/ -->\n<title>Sukienka mini na co dzie\u0144 \u2013 jak j\u0105 stylizowa\u0107 na sportowo?<\/title>\n<meta name=\"description\" content=\"Odkryj, jak stylizowa\u0107 sukienk\u0119 mini na sportowo. Praktyczne porady, dodatki i inspiracje na r\u00f3\u017cne okazje ju\u017c czekaj\u0105!\" \/>\n<meta name=\"robots\" content=\"index, follow, max-snippet:-1, max-image-preview:large, max-video-preview:-1\" \/>\n<link rel=\"canonical\" href=\"https:\/\/polscy-kierowcy.pl\/ro\/sukienka-mini-na-co-dzien-jak-ja-stylizowac-na-sportowo\/\" \/>\n<meta property=\"og:locale\" content=\"ro_RO\" \/>\n<meta property=\"og:type\" content=\"article\" \/>\n<meta property=\"og:title\" content=\"Sukienka mini na co dzie\u0144 \u2013 jak j\u0105 stylizowa\u0107 na sportowo?\" \/>\n<meta property=\"og:description\" content=\"Odkryj, jak stylizowa\u0107 sukienk\u0119 mini na sportowo. Praktyczne porady, dodatki i inspiracje na r\u00f3\u017cne okazje ju\u017c czekaj\u0105!\" \/>\n<meta property=\"og:url\" content=\"https:\/\/polscy-kierowcy.pl\/ro\/sukienka-mini-na-co-dzien-jak-ja-stylizowac-na-sportowo\/\" \/>\n<meta property=\"og:site_name\" content=\"polscy-kierowcy.pl\" \/>\n<meta property=\"article:published_time\" content=\"2025-04-10T23:00:00+00:00\" \/>\n<meta property=\"og:image\" content=\"https:\/\/polscy-kierowcy.pl\/wp-content\/uploads\/image4c2885f1483a410da40a2fd9eb489ede.png\" \/>\n\t<meta property=\"og:image:width\" content=\"1024\" \/>\n\t<meta property=\"og:image:height\" content=\"768\" \/>\n\t<meta property=\"og:image:type\" content=\"image\/png\" \/>\n<meta name=\"author\" content=\"Paulina Kruk\" \/>\n<meta name=\"twitter:card\" content=\"summary_large_image\" \/>\n<meta name=\"twitter:label1\" content=\"Scris de\" \/>\n\t<meta name=\"twitter:data1\" content=\"Paulina Kruk\" \/>\n\t<meta name=\"twitter:label2\" content=\"Timp estimat pentru citire\" \/>\n\t<meta name=\"twitter:data2\" content=\"5 minute\" \/>\n<script type=\"application\/ld+json\" class=\"yoast-schema-graph\">{\"@context\":\"https:\/\/schema.org\",\"@graph\":[{\"@type\":\"WebPage\",\"@id\":\"https:\/\/polscy-kierowcy.pl\/sukienka-mini-na-co-dzien-jak-ja-stylizowac-na-sportowo\/\",\"url\":\"https:\/\/polscy-kierowcy.pl\/sukienka-mini-na-co-dzien-jak-ja-stylizowac-na-sportowo\/\",\"name\":\"Sukienka mini na co dzie\u0144 \u2013 jak j\u0105 stylizowa\u0107 na sportowo?\",\"isPartOf\":{\"@id\":\"https:\/\/polscy-kierowcy.pl\/#website\"},\"primaryImageOfPage\":{\"@id\":\"https:\/\/polscy-kierowcy.pl\/sukienka-mini-na-co-dzien-jak-ja-stylizowac-na-sportowo\/#primaryimage\"},\"image\":{\"@id\":\"https:\/\/polscy-kierowcy.pl\/sukienka-mini-na-co-dzien-jak-ja-stylizowac-na-sportowo\/#primaryimage\"},\"thumbnailUrl\":\"https:\/\/polscy-kierowcy.pl\/wp-content\/uploads\/image4c2885f1483a410da40a2fd9eb489ede.png\",\"datePublished\":\"2025-04-10T23:00:00+00:00\",\"dateModified\":\"2025-04-10T23:00:00+00:00\",\"author\":{\"@id\":\"https:\/\/polscy-kierowcy.pl\/#\/schema\/person\/66f7250202134445459bce344c706e46\"},\"description\":\"Odkryj, jak stylizowa\u0107 sukienk\u0119 mini na sportowo. Praktyczne porady, dodatki i inspiracje na r\u00f3\u017cne okazje ju\u017c czekaj\u0105!\",\"breadcrumb\":{\"@id\":\"https:\/\/polscy-kierowcy.pl\/sukienka-mini-na-co-dzien-jak-ja-stylizowac-na-sportowo\/#breadcrumb\"},\"inLanguage\":\"ro-RO\",\"potentialAction\":[{\"@type\":\"ReadAction\",\"target\":[\"https:\/\/polscy-kierowcy.pl\/sukienka-mini-na-co-dzien-jak-ja-stylizowac-na-sportowo\/\"]}]},{\"@type\":\"ImageObject\",\"inLanguage\":\"ro-RO\",\"@id\":\"https:\/\/polscy-kierowcy.pl\/sukienka-mini-na-co-dzien-jak-ja-stylizowac-na-sportowo\/#primaryimage\",\"url\":\"https:\/\/polscy-kierowcy.pl\/wp-content\/uploads\/image4c2885f1483a410da40a2fd9eb489ede.png\",\"contentUrl\":\"https:\/\/polscy-kierowcy.pl\/wp-content\/uploads\/image4c2885f1483a410da40a2fd9eb489ede.png\",\"width\":1024,\"height\":768},{\"@type\":\"BreadcrumbList\",\"@id\":\"https:\/\/polscy-kierowcy.pl\/sukienka-mini-na-co-dzien-jak-ja-stylizowac-na-sportowo\/#breadcrumb\",\"itemListElement\":[{\"@type\":\"ListItem\",\"position\":1,\"name\":\"Home\",\"item\":\"https:\/\/polscy-kierowcy.pl\/\"},{\"@type\":\"ListItem\",\"position\":2,\"name\":\"Sukienka mini na co dzie\u0144 \u2013 jak j\u0105 stylizowa\u0107 na sportowo?\"}]},{\"@type\":\"WebSite\",\"@id\":\"https:\/\/polscy-kierowcy.pl\/#website\",\"url\":\"https:\/\/polscy-kierowcy.pl\/\",\"name\":\"polscy-kierowcy.pl\",\"description\":\"Tureckie sukienki: pi\u0119kno w tradycji.\",\"potentialAction\":[{\"@type\":\"SearchAction\",\"target\":{\"@type\":\"EntryPoint\",\"urlTemplate\":\"https:\/\/polscy-kierowcy.pl\/?s={search_term_string}\"},\"query-input\":\"required name=search_term_string\"}],\"inLanguage\":\"ro-RO\"},{\"@type\":\"Person\",\"@id\":\"https:\/\/polscy-kierowcy.pl\/#\/schema\/person\/66f7250202134445459bce344c706e46\",\"name\":\"Paulina Kruk\",\"image\":{\"@type\":\"ImageObject\",\"inLanguage\":\"ro-RO\",\"@id\":\"https:\/\/polscy-kierowcy.pl\/#\/schema\/person\/image\/\",\"url\":\"https:\/\/polscy-kierowcy.pl\/wp-content\/uploads\/ivyzxaomvy6_ad_avatar-96x96.jpg\",\"contentUrl\":\"https:\/\/polscy-kierowcy.pl\/wp-content\/uploads\/ivyzxaomvy6_ad_avatar-96x96.jpg\",\"caption\":\"Paulina Kruk\"},\"description\":\"Paulina Kruk to do\u015bwiadczona specjalistka w dziedzinie mody, prowadz\u0105ca w\u0142asny sklep odzie\u017cowy w Pilaszkowie. Jej pasja do mody i zaanga\u017cowanie w bran\u017cy odzie\u017cowej pozwalaj\u0105 jej na tworzenie unikatowych stylizacji, kt\u00f3re \u0142\u0105cz\u0105 elegancj\u0119 z codziennym komfortem.\",\"url\":\"https:\/\/polscy-kierowcy.pl\/ro\/author\/paulina-kruk\/\"}]}<\/script>\n<!-- \/ Yoast SEO plugin. -->","yoast_head_json":{"title":"Sukienka mini na co dzie\u0144 \u2013 jak j\u0105 stylizowa\u0107 na sportowo?","description":"Odkryj, jak stylizowa\u0107 sukienk\u0119 mini na sportowo. Praktyczne porady, dodatki i inspiracje na r\u00f3\u017cne okazje ju\u017c czekaj\u0105!","robots":{"index":"index","follow":"follow","max-snippet":"max-snippet:-1","max-image-preview":"max-image-preview:large","max-video-preview":"max-video-preview:-1"},"canonical":"https:\/\/polscy-kierowcy.pl\/ro\/sukienka-mini-na-co-dzien-jak-ja-stylizowac-na-sportowo\/","og_locale":"ro_RO","og_type":"article","og_title":"Sukienka mini na co dzie\u0144 \u2013 jak j\u0105 stylizowa\u0107 na sportowo?","og_description":"Odkryj, jak stylizowa\u0107 sukienk\u0119 mini na sportowo. Praktyczne porady, dodatki i inspiracje na r\u00f3\u017cne okazje ju\u017c czekaj\u0105!","og_url":"https:\/\/polscy-kierowcy.pl\/ro\/sukienka-mini-na-co-dzien-jak-ja-stylizowac-na-sportowo\/","og_site_name":"polscy-kierowcy.pl","article_published_time":"2025-04-10T23:00:00+00:00","og_image":[{"width":1024,"height":768,"url":"https:\/\/polscy-kierowcy.pl\/wp-content\/uploads\/image4c2885f1483a410da40a2fd9eb489ede.png","type":"image\/png"}],"author":"Paulina Kruk","twitter_card":"summary_large_image","twitter_misc":{"Scris de":"Paulina Kruk","Timp estimat pentru citire":"5 minute"},"schema":{"@context":"https:\/\/schema.org","@graph":[{"@type":"WebPage","@id":"https:\/\/polscy-kierowcy.pl\/sukienka-mini-na-co-dzien-jak-ja-stylizowac-na-sportowo\/","url":"https:\/\/polscy-kierowcy.pl\/sukienka-mini-na-co-dzien-jak-ja-stylizowac-na-sportowo\/","name":"Sukienka mini na co dzie\u0144 \u2013 jak j\u0105 stylizowa\u0107 na sportowo?","isPartOf":{"@id":"https:\/\/polscy-kierowcy.pl\/#website"},"primaryImageOfPage":{"@id":"https:\/\/polscy-kierowcy.pl\/sukienka-mini-na-co-dzien-jak-ja-stylizowac-na-sportowo\/#primaryimage"},"image":{"@id":"https:\/\/polscy-kierowcy.pl\/sukienka-mini-na-co-dzien-jak-ja-stylizowac-na-sportowo\/#primaryimage"},"thumbnailUrl":"https:\/\/polscy-kierowcy.pl\/wp-content\/uploads\/image4c2885f1483a410da40a2fd9eb489ede.png","datePublished":"2025-04-10T23:00:00+00:00","dateModified":"2025-04-10T23:00:00+00:00","author":{"@id":"https:\/\/polscy-kierowcy.pl\/#\/schema\/person\/66f7250202134445459bce344c706e46"},"description":"Odkryj, jak stylizowa\u0107 sukienk\u0119 mini na sportowo. Praktyczne porady, dodatki i inspiracje na r\u00f3\u017cne okazje ju\u017c czekaj\u0105!","breadcrumb":{"@id":"https:\/\/polscy-kierowcy.pl\/sukienka-mini-na-co-dzien-jak-ja-stylizowac-na-sportowo\/#breadcrumb"},"inLanguage":"ro-RO","potentialAction":[{"@type":"ReadAction","target":["https:\/\/polscy-kierowcy.pl\/sukienka-mini-na-co-dzien-jak-ja-stylizowac-na-sportowo\/"]}]},{"@type":"ImageObject","inLanguage":"ro-RO","@id":"https:\/\/polscy-kierowcy.pl\/sukienka-mini-na-co-dzien-jak-ja-stylizowac-na-sportowo\/#primaryimage","url":"https:\/\/polscy-kierowcy.pl\/wp-content\/uploads\/image4c2885f1483a410da40a2fd9eb489ede.png","contentUrl":"https:\/\/polscy-kierowcy.pl\/wp-content\/uploads\/image4c2885f1483a410da40a2fd9eb489ede.png","width":1024,"height":768},{"@type":"BreadcrumbList","@id":"https:\/\/polscy-kierowcy.pl\/sukienka-mini-na-co-dzien-jak-ja-stylizowac-na-sportowo\/#breadcrumb","itemListElement":[{"@type":"ListItem","position":1,"name":"Home","item":"https:\/\/polscy-kierowcy.pl\/"},{"@type":"ListItem","position":2,"name":"Sukienka mini na co dzie\u0144 \u2013 jak j\u0105 stylizowa\u0107 na sportowo?"}]},{"@type":"WebSite","@id":"https:\/\/polscy-kierowcy.pl\/#website","url":"https:\/\/polscy-kierowcy.pl\/","name":"polscy-kierowcy.pl","description":"Tureckie sukienki: pi\u0119kno w tradycji.","potentialAction":[{"@type":"SearchAction","target":{"@type":"EntryPoint","urlTemplate":"https:\/\/polscy-kierowcy.pl\/?s={search_term_string}"},"query-input":"required name=search_term_string"}],"inLanguage":"ro-RO"},{"@type":"Person","@id":"https:\/\/polscy-kierowcy.pl\/#\/schema\/person\/66f7250202134445459bce344c706e46","name":"Paulina Kruk","image":{"@type":"ImageObject","inLanguage":"ro-RO","@id":"https:\/\/polscy-kierowcy.pl\/#\/schema\/person\/image\/","url":"https:\/\/polscy-kierowcy.pl\/wp-content\/uploads\/ivyzxaomvy6_ad_avatar-96x96.jpg","contentUrl":"https:\/\/polscy-kierowcy.pl\/wp-content\/uploads\/ivyzxaomvy6_ad_avatar-96x96.jpg","caption":"Paulina Kruk"},"description":"Paulina Kruk to do\u015bwiadczona specjalistka w dziedzinie mody, prowadz\u0105ca w\u0142asny sklep odzie\u017cowy w Pilaszkowie. Jej pasja do mody i zaanga\u017cowanie w bran\u017cy odzie\u017cowej pozwalaj\u0105 jej na tworzenie unikatowych stylizacji, kt\u00f3re \u0142\u0105cz\u0105 elegancj\u0119 z codziennym komfortem.","url":"https:\/\/polscy-kierowcy.pl\/ro\/author\/paulina-kruk\/"}]}},"yoast_meta":{"yoast_wpseo_title":"","yoast_wpseo_metadesc":"","yoast_wpseo_canonical":"https:\/\/polscy-kierowcy.pl\/ro\/wp-json\/wp\/v2\/posts\/582"},"_links":{"self":[{"href":"https:\/\/polscy-kierowcy.pl\/ro\/wp-json\/wp\/v2\/posts\/582"}],"collection":[{"href":"https:\/\/polscy-kierowcy.pl\/ro\/wp-json\/wp\/v2\/posts"}],"about":[{"href":"https:\/\/polscy-kierowcy.pl\/ro\/wp-json\/wp\/v2\/types\/post"}],"author":[{"embeddable":true,"href":"https:\/\/polscy-kierowcy.pl\/ro\/wp-json\/wp\/v2\/users\/1"}],"replies":[{"embeddable":true,"href":"https:\/\/polscy-kierowcy.pl\/ro\/wp-json\/wp\/v2\/comments?post=582"}],"version-history":[{"count":1,"href":"https:\/\/polscy-kierowcy.pl\/ro\/wp-json\/wp\/v2\/posts\/582\/revisions"}],"predecessor-version":[{"id":590,"href":"https:\/\/polscy-kierowcy.pl\/ro\/wp-json\/wp\/v2\/posts\/582\/revisions\/590"}],"wp:featuredmedia":[{"embeddable":true,"href":"https:\/\/polscy-kierowcy.pl\/ro\/wp-json\/wp\/v2\/media\/562"}],"wp:attachment":[{"href":"https:\/\/polscy-kierowcy.pl\/ro\/wp-json\/wp\/v2\/media?parent=582"}],"wp:term":[{"taxonomy":"category","embeddable":true,"href":"https:\/\/polscy-kierowcy.pl\/ro\/wp-json\/wp\/v2\/categories?post=582"},{"taxonomy":"post_tag","embeddable":true,"href":"https:\/\/polscy-kierowcy.pl\/ro\/wp-json\/wp\/v2\/tags?post=582"}],"curies":[{"name":"wp","href":"https:\/\/api.w.org\/{rel}","templated":true}]}}