{"id":579,"date":"2025-04-14T00:00:00","date_gmt":"2025-04-13T23:00:00","guid":{"rendered":"https:\/\/polscy-kierowcy.pl\/?p=579"},"modified":"2025-04-14T00:00:00","modified_gmt":"2025-04-13T23:00:00","slug":"jaki-sweter-do-czarnych-spodni-z-materialow-ekologicznych","status":"publish","type":"post","link":"https:\/\/polscy-kierowcy.pl\/ro\/jaki-sweter-do-czarnych-spodni-z-materialow-ekologicznych\/","title":{"rendered":"Ce pulover s\u0103 por\u021bi cu pantaloni negri din materiale ecologice?"},"content":{"rendered":"<div class=\"kk-star-ratings kksr-auto kksr-align-left kksr-valign-top\"\n    data-payload='{&quot;align&quot;:&quot;left&quot;,&quot;id&quot;:&quot;579&quot;,&quot;slug&quot;:&quot;default&quot;,&quot;valign&quot;:&quot;top&quot;,&quot;ignore&quot;:&quot;&quot;,&quot;reference&quot;:&quot;auto&quot;,&quot;class&quot;:&quot;&quot;,&quot;count&quot;:&quot;0&quot;,&quot;legendonly&quot;:&quot;&quot;,&quot;readonly&quot;:&quot;&quot;,&quot;score&quot;:&quot;0&quot;,&quot;starsonly&quot;:&quot;&quot;,&quot;best&quot;:&quot;5&quot;,&quot;gap&quot;:&quot;5&quot;,&quot;greet&quot;:&quot;&quot;,&quot;legend&quot;:&quot;0\\\/5 - (0 votes)&quot;,&quot;size&quot;:&quot;24&quot;,&quot;title&quot;:&quot;Jaki sweter do czarnych spodni z materia\u0142\u00f3w ekologicznych?&quot;,&quot;width&quot;:&quot;0&quot;,&quot;_legend&quot;:&quot;{score}\\\/{best} - ({count} {votes})&quot;,&quot;font_factor&quot;:&quot;1.25&quot;}'>\n            \n<div class=\"kksr-stars\">\n    \n<div class=\"kksr-stars-inactive\">\n            <div class=\"kksr-star\" data-star=\"1\" style=\"padding-right: 5px\">\n            \n\n<div class=\"kksr-icon\" style=\"width: 24px; height: 24px;\"><\/div>\n        <\/div>\n            <div class=\"kksr-star\" data-star=\"2\" style=\"padding-right: 5px\">\n            \n\n<div class=\"kksr-icon\" style=\"width: 24px; height: 24px;\"><\/div>\n        <\/div>\n            <div class=\"kksr-star\" data-star=\"3\" style=\"padding-right: 5px\">\n            \n\n<div class=\"kksr-icon\" style=\"width: 24px; height: 24px;\"><\/div>\n        <\/div>\n            <div class=\"kksr-star\" data-star=\"4\" style=\"padding-right: 5px\">\n            \n\n<div class=\"kksr-icon\" style=\"width: 24px; height: 24px;\"><\/div>\n        <\/div>\n            <div class=\"kksr-star\" data-star=\"5\" style=\"padding-right: 5px\">\n            \n\n<div class=\"kksr-icon\" style=\"width: 24px; height: 24px;\"><\/div>\n        <\/div>\n    <\/div>\n    \n<div class=\"kksr-stars-active\" style=\"width: 0px;\">\n            <div class=\"kksr-star\" style=\"padding-right: 5px\">\n            \n\n<div class=\"kksr-icon\" style=\"width: 24px; height: 24px;\"><\/div>\n        <\/div>\n            <div class=\"kksr-star\" style=\"padding-right: 5px\">\n            \n\n<div class=\"kksr-icon\" style=\"width: 24px; height: 24px;\"><\/div>\n        <\/div>\n            <div class=\"kksr-star\" style=\"padding-right: 5px\">\n            \n\n<div class=\"kksr-icon\" style=\"width: 24px; height: 24px;\"><\/div>\n        <\/div>\n            <div class=\"kksr-star\" style=\"padding-right: 5px\">\n            \n\n<div class=\"kksr-icon\" style=\"width: 24px; height: 24px;\"><\/div>\n        <\/div>\n            <div class=\"kksr-star\" style=\"padding-right: 5px\">\n            \n\n<div class=\"kksr-icon\" style=\"width: 24px; height: 24px;\"><\/div>\n        <\/div>\n    <\/div>\n<\/div>\n                \n\n<div class=\"kksr-legend\" style=\"font-size: 19.2px;\">\n            <span class=\"kksr-muted\"><\/span>\n    <\/div>\n    <\/div>\n<p>\u00cen lumea de ast\u0103zi, unde moda \u0219i ecologia merg m\u00e2n\u0103 \u00een m\u00e2n\u0103, alegerea hainelor potrivite nu este doar o chestiune de estetic\u0103, ci \u0219i o decizie con\u0219tient\u0103. Materialele ecologice c\u00e2\u0219tig\u0103 recunoa\u0219tere nu doar \u00een r\u00e2ndul ecologi\u0219tilor pasiona\u021bi, ci \u0219i \u00een r\u00e2ndul persoanelor care vor s\u0103 arate elegant f\u0103r\u0103 a renun\u021ba la grija pentru planet\u0103. Pantalonii negri sunt un clasic prezent \u00een fiecare garderob\u0103, dar cum s\u0103 le dai o nou\u0103 via\u021b\u0103? R\u0103spunsul poate fi alegerea puloverului potrivit. \u00cen acest fel, nu numai c\u0103 \u00ee\u021bi vei construi un stil unic, dar vei transmite \u0219i un mesaj pozitiv despre moda sustenabil\u0103.<\/p>\n<p>Aleg\u00e2nd un pulover pentru pantaloni negri confec\u021bionat din materiale ecologice, ai oportunitatea de a crea stiluri de neuitat. Tehnologiile moderne de produc\u021bie cu zero de\u0219euri \u0219i o gam\u0103 larg\u0103 de modele \u0219i culori disponibile deschid u\u0219a c\u0103tre o lume \u00een care moda \u00eent\u00e2lne\u0219te responsabilitatea. Hai s\u0103 analiz\u0103m \u00eempreun\u0103 la ce s\u0103 fii atent pentru ca stilurile tale s\u0103 fie nu doar la mod\u0103, ci \u0219i prietenoase cu mediul.<\/p>\n<h2>De ce merit\u0103 s\u0103 alege\u021bi materiale ecologice?<\/h2>\n<p><img decoding=\"async\" alt=\"Na wieszaku wisz\u0105 r\u00f3\u017cnokolorowe swetry w stylowym sklepie odzie\u017cowym. Przytulna atmosfera i modne wzory.\" src=\"https:\/\/polscy-kierowcy.pl\/wp-content\/uploads\/imaged2bb7c65c6144c34b6aa798346d645f2.png\"\/><\/p>\n<p>Materialele ecologice sunt o alternativ\u0103 excelent\u0103 la \u021bes\u0103turile tradi\u021bionale care au adesea un impact negativ asupra planetei noastre. Iat\u0103 c\u00e2teva motive pentru care s\u0103 le lua\u021bi \u00een considerare:<\/p>\n<ul>\n<li>Siguran\u021ba s\u0103n\u0103t\u0103\u021bii \u2013 f\u0103r\u0103 substan\u021be chimice nocive \u00een produc\u021bie.<\/li>\n<li>Durabilitate \u2013 fibrele naturale sunt adesea mai rezistente la deteriorare.<\/li>\n<li>Minimizarea de\u0219eurilor \u2013 multe materiale ecologice sunt reciclate.<\/li>\n<li>Sprijinirea produc\u0103torilor locali \u2013 multe m\u0103rci se bazeaz\u0103 pe furnizori locali.<\/li>\n<\/ul>\n<p>Prin urmare, beneficiile alegerii materialelor ecologice sunt enorme, iar popularitatea lor este \u00een continu\u0103 cre\u0219tere. Mai mult, acestea sunt adesea mai confortabile \u0219i mai pl\u0103cute de purtat. Acest lucru \u00eembun\u0103t\u0103\u021be\u0219te semnificativ confortul, care este crucial \u00een via\u021ba de zi cu zi. Merit\u0103 s\u0103 ne amintim c\u0103 alegerea noastr\u0103 are o semnifica\u021bie mai profund\u0103, care poate contribui la schimbarea tendin\u021belor \u00een industria vestimentar\u0103.<\/p>\n<h2>Ce culori \u0219i stiluri de pulovere se potrivesc cu pantalonii negri?<\/h2>\n<p><img decoding=\"async\" alt=\"Kobieta w szarym swetrze spaceruje po alejce otoczonej drzewami w miejskim parku.\" src=\"https:\/\/polscy-kierowcy.pl\/wp-content\/uploads\/imagefe77ea4509f240c4a0c738a48fce522c.png\"\/><\/p>\n<p>Alegerea unui pulover pentru pantalonii negri nu depinde doar de preferin\u021bele individuale, ci \u0219i de ocazie. Exist\u0103 diverse culori \u0219i stiluri disponibile pe pia\u021b\u0103 care ne pot accentua stilul sau \u00eei pot da un caracter nou. Mai jos sunt exemple de palete de culori care se potrivesc de minune cu negrul:<\/p>\n<table border=\"1\">\n<tr>\n<th>Culoarea puloverului<\/th>\n<th>Descriere<\/th>\n<\/tr>\n<tr>\n<td>Nuan\u021be pastelate<\/td>\n<td>Culori delicate care adaug\u0103 prospe\u021bime.<\/td>\n<\/tr>\n<tr>\n<td>neutre deschise<\/td>\n<td>Perfect\u0103 pentru un look de zi cu zi, echilibrat\u0103 \u0219i elegant\u0103.<\/td>\n<\/tr>\n<tr>\n<td>Culori intense<\/td>\n<td>Acestea fac stilul mai expresiv.<\/td>\n<\/tr>\n<\/table>\n<p>Atunci c\u00e2nd alege\u021bi stilul unui pulover, merit\u0103 s\u0103 lua\u021bi \u00een considerare \u0219i c\u00e2teva aspecte cheie:<\/p>\n<ul>\n<li>Pulovere supradimensionate \u2013 perfecte pentru un stil casual.<\/li>\n<li>Pulovere clasice, mulate \u2013 perfecte pentru ocazii formale.<\/li>\n<li>Pulovere cu decolteu \u00een V sau rotund \u2013 o varietate care \u00ee\u021bi va pune silueta \u00een valoare.<\/li>\n<\/ul>\n<p>Stilul pe care \u00eel alegi ar trebui s\u0103 depind\u0103 de ocazie \u0219i de preferin\u021bele tale personale. Alegerea final\u0103 poate defini \u00eentregul stil, f\u0103c\u00e2nd-o un element extrem de important.<\/p>\n<h2>Cum s\u0103 combini un pulover cu pantaloni negri?<\/h2>\n<p>Combinarea unui pulover cu pantaloni negri este o adev\u0103rat\u0103 art\u0103, \u00een care alegerea accesoriilor \u0219i a stilului potrivit conteaz\u0103. Principalele reguli care merit\u0103 respectate sunt capacitatea de a g\u0103si un echilibru \u00eentre formalitate \u0219i casualitate. S\u0103 ne g\u00e2ndim la diferitele stiluri pe care le putem crea folosind pulovere ecologice.<\/p>\n<p>Pentru \u021binutele de zi cu zi, merit\u0103 s\u0103 opta\u021bi pentru pulovere mai lejere. Acestea vor ar\u0103ta bine cu: - Pantofi caldu\u021bi din piele - Teni\u0219i la mod\u0103 - Balerini u\u0219ori. Aceast\u0103 combina\u021bie nu numai c\u0103 va ad\u0103uga confort, ci \u0219i o not\u0103 de stil. Pentru ie\u0219iri mai formale, v\u0103 sugerez un pulover elegant care se va armoniza cu clasa \u00eentregului stil. Asocia\u021bi-l cu accesorii \u00een culori discrete, cum ar fi:<\/p>\n<ul>\n<li>Tocuri \u00eenalte clasice<\/li>\n<li>Geant\u0103 elegant\u0103<\/li>\n<li>Bijuterii delicate<\/li>\n<\/ul>\n<p>Nu uita c\u0103 alegerea accesoriilor potrivite \u00ee\u021bi poate schimba complet stilul. Atunci c\u00e2nd creezi o \u021binut\u0103, asigur\u0103-te c\u0103 fiecare pies\u0103 vestimentar\u0103 se armonizeaz\u0103 cu cealalt\u0103.<\/p>\n<h2>Rezumat<\/h2>\n<p>Atunci c\u00e2nd alegi un pulover pentru pantaloni negri, confec\u021bionat din materiale ecologice, merit\u0103 s\u0103 investe\u0219ti \u00een calitate \u0219i design. Aceasta este o oportunitate excelent\u0103 de a combina moda cu grija pentru mediu. Varietatea de culori \u0219i stiluri \u00eenseamn\u0103 c\u0103 fiecare are \u0219ansa de a g\u0103si ceva care s\u0103 se potriveasc\u0103 stilului s\u0103u. Cu alegerea potrivit\u0103 a accesoriilor, look-ul t\u0103u va fi at\u00e2t elegant, c\u00e2t \u0219i confortabil.<\/p>\n<h2>\u00centreb\u0103ri frecvente<\/h2>\n<ul>\n<li><strong>Ce materiale sunt considerate ecologice?<\/strong> R\u0103spuns: Bumbac organic, in, poliester reciclat, Tencel.<\/li>\n<li><strong>Pantalonii negri se potrivesc cu toate culorile de pulovere?<\/strong> R\u0103spuns: Da, pantalonii negri sunt foarte versatili \u0219i se potrivesc cu multe culori.<\/li>\n<li><strong>Ce accesorii s\u0103 alegi pentru a asorta cu un pulover eco?<\/strong> R\u0103spuns: Merit\u0103 s\u0103 alege\u021bi accesorii din materiale naturale, cum ar fi pielea, inul sau bumbacul.<\/li>\n<li><strong>De unde po\u021bi cump\u0103ra pulovere ecologice?<\/strong> R\u0103spuns: Puloverele ecologice pot fi g\u0103site \u00een magazinele online care ofer\u0103 mod\u0103 sustenabil\u0103 \u0219i \u00een buticuri de papet\u0103rie.<\/li>\n<li><strong>Cum s\u0103 \u00eengrije\u0219ti puloverele din materiale ecologice?<\/strong> R\u0103spuns: Folosi\u021bi detergen\u021bi bl\u00e2nzi, sp\u0103la\u021bi cu ap\u0103 rece \u0219i evita\u021bi uscarea la temperaturi ridicate.<\/li>\n<\/ul>","protected":false},"excerpt":{"rendered":"<p>W dzisiejszym \u015bwiecie, gdzie moda i ekologia id\u0105 w parze, wyb\u00f3r odpowiednich ubra\u0144 staje si\u0119 nie tylko kwesti\u0105 estetyki, ale r\u00f3wnie\u017c \u015bwiadomej decyzji. Ekologiczne materia\u0142y zdobywaj\u0105 uznanie nie tylko w\u015br\u00f3d zapalonych ekolog\u00f3w, ale tak\u017ce w\u015br\u00f3d os\u00f3b, kt\u00f3re chc\u0105 wygl\u0105da\u0107 stylowo, nie rezygnuj\u0105c z troski o planet\u0119. Czarne spodnie to klasyka, kt\u00f3ra jest obecna w ka\u017cdej [&hellip;]<\/p>","protected":false},"author":1,"featured_media":553,"comment_status":"closed","ping_status":"closed","sticky":false,"template":"","format":"standard","meta":{"_acf_changed":false,"footnotes":""},"categories":[1],"tags":[],"class_list":["post-579","post","type-post","status-publish","format-standard","has-post-thumbnail","hentry","category-blog"],"acf":[],"yoast_head":"<!-- This site is optimized with the Yoast SEO plugin v23.2 - https:\/\/yoast.com\/wordpress\/plugins\/seo\/ -->\n<title>Jaki sweter do czarnych spodni z materia\u0142\u00f3w ekologicznych? Przewodnik stylizacji<\/title>\n<meta name=\"description\" content=\"Odkryj, jak dobiera\u0107 ekologiczne swetry do czarnych spodni. Poznaj kolory, fasony i stylizacje, kt\u00f3re podkre\u015bl\u0105 Tw\u00f3j styl.\" \/>\n<meta name=\"robots\" content=\"index, follow, max-snippet:-1, max-image-preview:large, max-video-preview:-1\" \/>\n<link rel=\"canonical\" href=\"https:\/\/polscy-kierowcy.pl\/ro\/jaki-sweter-do-czarnych-spodni-z-materialow-ekologicznych\/\" \/>\n<meta property=\"og:locale\" content=\"ro_RO\" \/>\n<meta property=\"og:type\" content=\"article\" \/>\n<meta property=\"og:title\" content=\"Jaki sweter do czarnych spodni z materia\u0142\u00f3w ekologicznych? Przewodnik stylizacji\" \/>\n<meta property=\"og:description\" content=\"Odkryj, jak dobiera\u0107 ekologiczne swetry do czarnych spodni. Poznaj kolory, fasony i stylizacje, kt\u00f3re podkre\u015bl\u0105 Tw\u00f3j styl.\" \/>\n<meta property=\"og:url\" content=\"https:\/\/polscy-kierowcy.pl\/ro\/jaki-sweter-do-czarnych-spodni-z-materialow-ekologicznych\/\" \/>\n<meta property=\"og:site_name\" content=\"polscy-kierowcy.pl\" \/>\n<meta property=\"article:published_time\" content=\"2025-04-13T23:00:00+00:00\" \/>\n<meta property=\"og:image\" content=\"https:\/\/polscy-kierowcy.pl\/wp-content\/uploads\/image81b7bd4c6cec47ec840539a729698bbf.png\" \/>\n\t<meta property=\"og:image:width\" content=\"1024\" \/>\n\t<meta property=\"og:image:height\" content=\"768\" \/>\n\t<meta property=\"og:image:type\" content=\"image\/png\" \/>\n<meta name=\"author\" content=\"Paulina Kruk\" \/>\n<meta name=\"twitter:card\" content=\"summary_large_image\" \/>\n<meta name=\"twitter:label1\" content=\"Scris de\" \/>\n\t<meta name=\"twitter:data1\" content=\"Paulina Kruk\" \/>\n\t<meta name=\"twitter:label2\" content=\"Timp estimat pentru citire\" \/>\n\t<meta name=\"twitter:data2\" content=\"4 minute\" \/>\n<script type=\"application\/ld+json\" class=\"yoast-schema-graph\">{\"@context\":\"https:\/\/schema.org\",\"@graph\":[{\"@type\":\"WebPage\",\"@id\":\"https:\/\/polscy-kierowcy.pl\/jaki-sweter-do-czarnych-spodni-z-materialow-ekologicznych\/\",\"url\":\"https:\/\/polscy-kierowcy.pl\/jaki-sweter-do-czarnych-spodni-z-materialow-ekologicznych\/\",\"name\":\"Jaki sweter do czarnych spodni z materia\u0142\u00f3w ekologicznych? Przewodnik stylizacji\",\"isPartOf\":{\"@id\":\"https:\/\/polscy-kierowcy.pl\/#website\"},\"primaryImageOfPage\":{\"@id\":\"https:\/\/polscy-kierowcy.pl\/jaki-sweter-do-czarnych-spodni-z-materialow-ekologicznych\/#primaryimage\"},\"image\":{\"@id\":\"https:\/\/polscy-kierowcy.pl\/jaki-sweter-do-czarnych-spodni-z-materialow-ekologicznych\/#primaryimage\"},\"thumbnailUrl\":\"https:\/\/polscy-kierowcy.pl\/wp-content\/uploads\/image81b7bd4c6cec47ec840539a729698bbf.png\",\"datePublished\":\"2025-04-13T23:00:00+00:00\",\"dateModified\":\"2025-04-13T23:00:00+00:00\",\"author\":{\"@id\":\"https:\/\/polscy-kierowcy.pl\/#\/schema\/person\/66f7250202134445459bce344c706e46\"},\"description\":\"Odkryj, jak dobiera\u0107 ekologiczne swetry do czarnych spodni. Poznaj kolory, fasony i stylizacje, kt\u00f3re podkre\u015bl\u0105 Tw\u00f3j styl.\",\"breadcrumb\":{\"@id\":\"https:\/\/polscy-kierowcy.pl\/jaki-sweter-do-czarnych-spodni-z-materialow-ekologicznych\/#breadcrumb\"},\"inLanguage\":\"ro-RO\",\"potentialAction\":[{\"@type\":\"ReadAction\",\"target\":[\"https:\/\/polscy-kierowcy.pl\/jaki-sweter-do-czarnych-spodni-z-materialow-ekologicznych\/\"]}]},{\"@type\":\"ImageObject\",\"inLanguage\":\"ro-RO\",\"@id\":\"https:\/\/polscy-kierowcy.pl\/jaki-sweter-do-czarnych-spodni-z-materialow-ekologicznych\/#primaryimage\",\"url\":\"https:\/\/polscy-kierowcy.pl\/wp-content\/uploads\/image81b7bd4c6cec47ec840539a729698bbf.png\",\"contentUrl\":\"https:\/\/polscy-kierowcy.pl\/wp-content\/uploads\/image81b7bd4c6cec47ec840539a729698bbf.png\",\"width\":1024,\"height\":768},{\"@type\":\"BreadcrumbList\",\"@id\":\"https:\/\/polscy-kierowcy.pl\/jaki-sweter-do-czarnych-spodni-z-materialow-ekologicznych\/#breadcrumb\",\"itemListElement\":[{\"@type\":\"ListItem\",\"position\":1,\"name\":\"Home\",\"item\":\"https:\/\/polscy-kierowcy.pl\/\"},{\"@type\":\"ListItem\",\"position\":2,\"name\":\"Jaki sweter do czarnych spodni z materia\u0142\u00f3w ekologicznych?\"}]},{\"@type\":\"WebSite\",\"@id\":\"https:\/\/polscy-kierowcy.pl\/#website\",\"url\":\"https:\/\/polscy-kierowcy.pl\/\",\"name\":\"polscy-kierowcy.pl\",\"description\":\"Tureckie sukienki: pi\u0119kno w tradycji.\",\"potentialAction\":[{\"@type\":\"SearchAction\",\"target\":{\"@type\":\"EntryPoint\",\"urlTemplate\":\"https:\/\/polscy-kierowcy.pl\/?s={search_term_string}\"},\"query-input\":\"required name=search_term_string\"}],\"inLanguage\":\"ro-RO\"},{\"@type\":\"Person\",\"@id\":\"https:\/\/polscy-kierowcy.pl\/#\/schema\/person\/66f7250202134445459bce344c706e46\",\"name\":\"Paulina Kruk\",\"image\":{\"@type\":\"ImageObject\",\"inLanguage\":\"ro-RO\",\"@id\":\"https:\/\/polscy-kierowcy.pl\/#\/schema\/person\/image\/\",\"url\":\"https:\/\/polscy-kierowcy.pl\/wp-content\/uploads\/ivyzxaomvy6_ad_avatar-96x96.jpg\",\"contentUrl\":\"https:\/\/polscy-kierowcy.pl\/wp-content\/uploads\/ivyzxaomvy6_ad_avatar-96x96.jpg\",\"caption\":\"Paulina Kruk\"},\"description\":\"Paulina Kruk to do\u015bwiadczona specjalistka w dziedzinie mody, prowadz\u0105ca w\u0142asny sklep odzie\u017cowy w Pilaszkowie. Jej pasja do mody i zaanga\u017cowanie w bran\u017cy odzie\u017cowej pozwalaj\u0105 jej na tworzenie unikatowych stylizacji, kt\u00f3re \u0142\u0105cz\u0105 elegancj\u0119 z codziennym komfortem.\",\"url\":\"https:\/\/polscy-kierowcy.pl\/ro\/author\/paulina-kruk\/\"}]}<\/script>\n<!-- \/ Yoast SEO plugin. -->","yoast_head_json":{"title":"Jaki sweter do czarnych spodni z materia\u0142\u00f3w ekologicznych? Przewodnik stylizacji","description":"Odkryj, jak dobiera\u0107 ekologiczne swetry do czarnych spodni. Poznaj kolory, fasony i stylizacje, kt\u00f3re podkre\u015bl\u0105 Tw\u00f3j styl.","robots":{"index":"index","follow":"follow","max-snippet":"max-snippet:-1","max-image-preview":"max-image-preview:large","max-video-preview":"max-video-preview:-1"},"canonical":"https:\/\/polscy-kierowcy.pl\/ro\/jaki-sweter-do-czarnych-spodni-z-materialow-ekologicznych\/","og_locale":"ro_RO","og_type":"article","og_title":"Jaki sweter do czarnych spodni z materia\u0142\u00f3w ekologicznych? Przewodnik stylizacji","og_description":"Odkryj, jak dobiera\u0107 ekologiczne swetry do czarnych spodni. Poznaj kolory, fasony i stylizacje, kt\u00f3re podkre\u015bl\u0105 Tw\u00f3j styl.","og_url":"https:\/\/polscy-kierowcy.pl\/ro\/jaki-sweter-do-czarnych-spodni-z-materialow-ekologicznych\/","og_site_name":"polscy-kierowcy.pl","article_published_time":"2025-04-13T23:00:00+00:00","og_image":[{"width":1024,"height":768,"url":"https:\/\/polscy-kierowcy.pl\/wp-content\/uploads\/image81b7bd4c6cec47ec840539a729698bbf.png","type":"image\/png"}],"author":"Paulina Kruk","twitter_card":"summary_large_image","twitter_misc":{"Scris de":"Paulina Kruk","Timp estimat pentru citire":"4 minute"},"schema":{"@context":"https:\/\/schema.org","@graph":[{"@type":"WebPage","@id":"https:\/\/polscy-kierowcy.pl\/jaki-sweter-do-czarnych-spodni-z-materialow-ekologicznych\/","url":"https:\/\/polscy-kierowcy.pl\/jaki-sweter-do-czarnych-spodni-z-materialow-ekologicznych\/","name":"Jaki sweter do czarnych spodni z materia\u0142\u00f3w ekologicznych? Przewodnik stylizacji","isPartOf":{"@id":"https:\/\/polscy-kierowcy.pl\/#website"},"primaryImageOfPage":{"@id":"https:\/\/polscy-kierowcy.pl\/jaki-sweter-do-czarnych-spodni-z-materialow-ekologicznych\/#primaryimage"},"image":{"@id":"https:\/\/polscy-kierowcy.pl\/jaki-sweter-do-czarnych-spodni-z-materialow-ekologicznych\/#primaryimage"},"thumbnailUrl":"https:\/\/polscy-kierowcy.pl\/wp-content\/uploads\/image81b7bd4c6cec47ec840539a729698bbf.png","datePublished":"2025-04-13T23:00:00+00:00","dateModified":"2025-04-13T23:00:00+00:00","author":{"@id":"https:\/\/polscy-kierowcy.pl\/#\/schema\/person\/66f7250202134445459bce344c706e46"},"description":"Odkryj, jak dobiera\u0107 ekologiczne swetry do czarnych spodni. Poznaj kolory, fasony i stylizacje, kt\u00f3re podkre\u015bl\u0105 Tw\u00f3j styl.","breadcrumb":{"@id":"https:\/\/polscy-kierowcy.pl\/jaki-sweter-do-czarnych-spodni-z-materialow-ekologicznych\/#breadcrumb"},"inLanguage":"ro-RO","potentialAction":[{"@type":"ReadAction","target":["https:\/\/polscy-kierowcy.pl\/jaki-sweter-do-czarnych-spodni-z-materialow-ekologicznych\/"]}]},{"@type":"ImageObject","inLanguage":"ro-RO","@id":"https:\/\/polscy-kierowcy.pl\/jaki-sweter-do-czarnych-spodni-z-materialow-ekologicznych\/#primaryimage","url":"https:\/\/polscy-kierowcy.pl\/wp-content\/uploads\/image81b7bd4c6cec47ec840539a729698bbf.png","contentUrl":"https:\/\/polscy-kierowcy.pl\/wp-content\/uploads\/image81b7bd4c6cec47ec840539a729698bbf.png","width":1024,"height":768},{"@type":"BreadcrumbList","@id":"https:\/\/polscy-kierowcy.pl\/jaki-sweter-do-czarnych-spodni-z-materialow-ekologicznych\/#breadcrumb","itemListElement":[{"@type":"ListItem","position":1,"name":"Home","item":"https:\/\/polscy-kierowcy.pl\/"},{"@type":"ListItem","position":2,"name":"Jaki sweter do czarnych spodni z materia\u0142\u00f3w ekologicznych?"}]},{"@type":"WebSite","@id":"https:\/\/polscy-kierowcy.pl\/#website","url":"https:\/\/polscy-kierowcy.pl\/","name":"polscy-kierowcy.pl","description":"Tureckie sukienki: pi\u0119kno w tradycji.","potentialAction":[{"@type":"SearchAction","target":{"@type":"EntryPoint","urlTemplate":"https:\/\/polscy-kierowcy.pl\/?s={search_term_string}"},"query-input":"required name=search_term_string"}],"inLanguage":"ro-RO"},{"@type":"Person","@id":"https:\/\/polscy-kierowcy.pl\/#\/schema\/person\/66f7250202134445459bce344c706e46","name":"Paulina Kruk","image":{"@type":"ImageObject","inLanguage":"ro-RO","@id":"https:\/\/polscy-kierowcy.pl\/#\/schema\/person\/image\/","url":"https:\/\/polscy-kierowcy.pl\/wp-content\/uploads\/ivyzxaomvy6_ad_avatar-96x96.jpg","contentUrl":"https:\/\/polscy-kierowcy.pl\/wp-content\/uploads\/ivyzxaomvy6_ad_avatar-96x96.jpg","caption":"Paulina Kruk"},"description":"Paulina Kruk to do\u015bwiadczona specjalistka w dziedzinie mody, prowadz\u0105ca w\u0142asny sklep odzie\u017cowy w Pilaszkowie. Jej pasja do mody i zaanga\u017cowanie w bran\u017cy odzie\u017cowej pozwalaj\u0105 jej na tworzenie unikatowych stylizacji, kt\u00f3re \u0142\u0105cz\u0105 elegancj\u0119 z codziennym komfortem.","url":"https:\/\/polscy-kierowcy.pl\/ro\/author\/paulina-kruk\/"}]}},"yoast_meta":{"yoast_wpseo_title":"","yoast_wpseo_metadesc":"","yoast_wpseo_canonical":"https:\/\/polscy-kierowcy.pl\/ro\/wp-json\/wp\/v2\/posts\/579"},"_links":{"self":[{"href":"https:\/\/polscy-kierowcy.pl\/ro\/wp-json\/wp\/v2\/posts\/579"}],"collection":[{"href":"https:\/\/polscy-kierowcy.pl\/ro\/wp-json\/wp\/v2\/posts"}],"about":[{"href":"https:\/\/polscy-kierowcy.pl\/ro\/wp-json\/wp\/v2\/types\/post"}],"author":[{"embeddable":true,"href":"https:\/\/polscy-kierowcy.pl\/ro\/wp-json\/wp\/v2\/users\/1"}],"replies":[{"embeddable":true,"href":"https:\/\/polscy-kierowcy.pl\/ro\/wp-json\/wp\/v2\/comments?post=579"}],"version-history":[{"count":1,"href":"https:\/\/polscy-kierowcy.pl\/ro\/wp-json\/wp\/v2\/posts\/579\/revisions"}],"predecessor-version":[{"id":593,"href":"https:\/\/polscy-kierowcy.pl\/ro\/wp-json\/wp\/v2\/posts\/579\/revisions\/593"}],"wp:featuredmedia":[{"embeddable":true,"href":"https:\/\/polscy-kierowcy.pl\/ro\/wp-json\/wp\/v2\/media\/553"}],"wp:attachment":[{"href":"https:\/\/polscy-kierowcy.pl\/ro\/wp-json\/wp\/v2\/media?parent=579"}],"wp:term":[{"taxonomy":"category","embeddable":true,"href":"https:\/\/polscy-kierowcy.pl\/ro\/wp-json\/wp\/v2\/categories?post=579"},{"taxonomy":"post_tag","embeddable":true,"href":"https:\/\/polscy-kierowcy.pl\/ro\/wp-json\/wp\/v2\/tags?post=579"}],"curies":[{"name":"wp","href":"https:\/\/api.w.org\/{rel}","templated":true}]}}