{"id":541,"date":"2025-03-13T00:00:00","date_gmt":"2025-03-13T00:00:00","guid":{"rendered":"https:\/\/polscy-kierowcy.pl\/jakie-torby-na-co-dzien-do-granatowej-sukienki\/"},"modified":"2025-03-13T00:00:00","modified_gmt":"2025-03-13T00:00:00","slug":"jakie-torby-na-co-dzien-do-granatowej-sukienki","status":"publish","type":"post","link":"https:\/\/polscy-kierowcy.pl\/ro\/jakie-torby-na-co-dzien-do-granatowej-sukienki\/","title":{"rendered":"Ce gen\u021bi de zi cu zi se potrivesc cu o rochie bleumarin?"},"content":{"rendered":"<div class=\"kk-star-ratings kksr-auto kksr-align-left kksr-valign-top\"\n    data-payload='{&quot;align&quot;:&quot;left&quot;,&quot;id&quot;:&quot;541&quot;,&quot;slug&quot;:&quot;default&quot;,&quot;valign&quot;:&quot;top&quot;,&quot;ignore&quot;:&quot;&quot;,&quot;reference&quot;:&quot;auto&quot;,&quot;class&quot;:&quot;&quot;,&quot;count&quot;:&quot;0&quot;,&quot;legendonly&quot;:&quot;&quot;,&quot;readonly&quot;:&quot;&quot;,&quot;score&quot;:&quot;0&quot;,&quot;starsonly&quot;:&quot;&quot;,&quot;best&quot;:&quot;5&quot;,&quot;gap&quot;:&quot;5&quot;,&quot;greet&quot;:&quot;&quot;,&quot;legend&quot;:&quot;0\\\/5 - (0 votes)&quot;,&quot;size&quot;:&quot;24&quot;,&quot;title&quot;:&quot;Jakie torby na co dzie\u0144 do granatowej sukienki?&quot;,&quot;width&quot;:&quot;0&quot;,&quot;_legend&quot;:&quot;{score}\\\/{best} - ({count} {votes})&quot;,&quot;font_factor&quot;:&quot;1.25&quot;}'>\n            \n<div class=\"kksr-stars\">\n    \n<div class=\"kksr-stars-inactive\">\n            <div class=\"kksr-star\" data-star=\"1\" style=\"padding-right: 5px\">\n            \n\n<div class=\"kksr-icon\" style=\"width: 24px; height: 24px;\"><\/div>\n        <\/div>\n            <div class=\"kksr-star\" data-star=\"2\" style=\"padding-right: 5px\">\n            \n\n<div class=\"kksr-icon\" style=\"width: 24px; height: 24px;\"><\/div>\n        <\/div>\n            <div class=\"kksr-star\" data-star=\"3\" style=\"padding-right: 5px\">\n            \n\n<div class=\"kksr-icon\" style=\"width: 24px; height: 24px;\"><\/div>\n        <\/div>\n            <div class=\"kksr-star\" data-star=\"4\" style=\"padding-right: 5px\">\n            \n\n<div class=\"kksr-icon\" style=\"width: 24px; height: 24px;\"><\/div>\n        <\/div>\n            <div class=\"kksr-star\" data-star=\"5\" style=\"padding-right: 5px\">\n            \n\n<div class=\"kksr-icon\" style=\"width: 24px; height: 24px;\"><\/div>\n        <\/div>\n    <\/div>\n    \n<div class=\"kksr-stars-active\" style=\"width: 0px;\">\n            <div class=\"kksr-star\" style=\"padding-right: 5px\">\n            \n\n<div class=\"kksr-icon\" style=\"width: 24px; height: 24px;\"><\/div>\n        <\/div>\n            <div class=\"kksr-star\" style=\"padding-right: 5px\">\n            \n\n<div class=\"kksr-icon\" style=\"width: 24px; height: 24px;\"><\/div>\n        <\/div>\n            <div class=\"kksr-star\" style=\"padding-right: 5px\">\n            \n\n<div class=\"kksr-icon\" style=\"width: 24px; height: 24px;\"><\/div>\n        <\/div>\n            <div class=\"kksr-star\" style=\"padding-right: 5px\">\n            \n\n<div class=\"kksr-icon\" style=\"width: 24px; height: 24px;\"><\/div>\n        <\/div>\n            <div class=\"kksr-star\" style=\"padding-right: 5px\">\n            \n\n<div class=\"kksr-icon\" style=\"width: 24px; height: 24px;\"><\/div>\n        <\/div>\n    <\/div>\n<\/div>\n                \n\n<div class=\"kksr-legend\" style=\"font-size: 19.2px;\">\n            <span class=\"kksr-muted\"><\/span>\n    <\/div>\n    <\/div>\n<p>O rochie bleumarin este cu siguran\u021b\u0103 un must-have \u00een orice garderob\u0103. Culoarea sa universal\u0103 \u00eenseamn\u0103 c\u0103 poate fi combinat\u0103 cu diverse accesorii, iar o geant\u0103 aleas\u0103 cu grij\u0103 poate schimba complet \u00eentregul stil. Cu toate acestea, se pune adesea \u00eentrebarea ce gen\u021bi vor fi potrivite pentru o \u021binut\u0103 at\u00e2t de clasic\u0103. Merit\u0103 s\u0103 acorda\u021bi aten\u021bie nu numai culorii, ci \u0219i stilului \u0219i materialului din care este confec\u021bionat\u0103 geanta. Alegerea final\u0103 poate depinde de mul\u021bi factori, cum ar fi ocazia, stilul individual \u0219i preferin\u021bele personale. \u00cen acest articol, vom prezenta diverse modele de gen\u021bi care se potrivesc perfect cu o rochie bleumarin \u0219i vom sugera cum s\u0103 alege\u021bi accesoriile.<\/p>\n<h2>Tipuri de gen\u021bi care se potrivesc cu o rochie bleumarin<\/h2>\n<p><img decoding=\"async\" alt=\"Sukienka w granatowym kolorze z bi\u017cuteri\u0105, torebk\u0105 oraz okularami przeciws\u0142onecznymi na tle jasnego materia\u0142u.\" src=\"https:\/\/polscy-kierowcy.pl\/wp-content\/uploads\/imagea83e5243e22343c692e84728bde10f9c.png\"\/> <\/p>\n<p>Alegerea unei gen\u021bi pentru o rochie bleumarin nu este o sarcin\u0103 u\u0219oar\u0103. Varietatea de modele disponibile pe pia\u021b\u0103 \u00eenseamn\u0103 c\u0103 fiecare femeie va g\u0103si ceva pentru ea \u00eens\u0103\u0219i. Este important ca geanta s\u0103 nu arate doar pl\u0103cut din punct de vedere estetic, ci s\u0103 fie \u0219i func\u021bional\u0103 \u0219i potrivit\u0103 pentru utilizarea de zi cu zi. \u00cen lista de mai jos, v\u0103 prezent\u0103m c\u00e2teva tipuri populare de gen\u021bi care vor completa perfect rochia dumneavoastr\u0103 bleumarin.<\/p>\n<ul>\n<li><strong>Gen\u021bi de um\u0103r<\/strong> \u2013 Perfect pentru uz zilnic, elegant \u0219i practic.<\/li>\n<li><strong>Rucsacuri<\/strong> \u2013 Confortabile \u0219i func\u021bionale, se potrivesc bine \u00een stiluri casual.<\/li>\n<li><strong>Gen\u021bi de cump\u0103r\u0103turi<\/strong> \u2013 Mare \u0219i \u00eenc\u0103p\u0103tor, perfect pentru cump\u0103r\u0103turi \u0219i treburile zilnice.<\/li>\n<\/ul>\n<h2>Culori \u0219i modele de gen\u021bi<\/h2>\n<p><img decoding=\"async\" alt=\"Kobieta w granatowej sukience z kwiecistym plecakiem stoi w parku, otoczona kwitn\u0105cymi drzewami.\" src=\"https:\/\/polscy-kierowcy.pl\/wp-content\/uploads\/imagebf0234cbe02d4f4090b80457d9df712a.png\"\/> <\/p>\n<p>Culoarea gen\u021bii este de mare importan\u021b\u0103 \u00een compozi\u021bia stilului. O rochie bleumarin se potrive\u0219te perfect cu o varietate de culori, dar unele dintre ele pot accentua mai mult frumuse\u021bea \u0219i stilul t\u0103u exprimat. Este important s\u0103 alegi culori care se armonizeaz\u0103 cu nuan\u021ba rochiei \u0219i cu tenul t\u0103u. Verific\u0103 ce culori \u0219i modele merit\u0103 incluse \u00een garderoba ta.<\/p>\n<table border=\"1\">\n<tr>\n<th>Culoare<\/th>\n<th>Descriere<\/th>\n<\/tr>\n<tr>\n<td>Negru<\/td>\n<td>Un clasic care arat\u0103 \u00eentotdeauna elegant.<\/td>\n<\/tr>\n<tr>\n<td>Alb<\/td>\n<td>Proasp\u0103t \u0219i neutru, perfect pentru zilele de var\u0103.<\/td>\n<\/tr>\n<tr>\n<td>Bej<\/td>\n<td>Subtil, potrivit pentru multe nuan\u021be.<\/td>\n<\/tr>\n<\/table>\n<h2>Accesorii care \u00ee\u021bi vor \u00eembun\u0103t\u0103\u021bi stilul<\/h2>\n<p>Accesoriile joac\u0103 un rol cheie \u00een stilizare \u0219i pot influen\u021ba dramatic aspectul final. Accesoriile nepotrivite pot domina \u021binuta sau pot crea o compozi\u021bie haotic\u0103. De aceea, merit\u0103 s\u0103 investe\u0219ti \u00een bijuterii, \u00eenc\u0103l\u021b\u0103minte \u0219i alte accesorii atent selectate, care se vor potrivi perfect cu rochia bleumarin. Iat\u0103 o list\u0103 de accesorii care vor fi complementul perfect pentru stilul t\u0103u:<\/p>\n<ol>\n<li><strong>Bijuterii<\/strong> \u2013 Accentele aurii sau argintii vor ad\u0103uga elegan\u021b\u0103.<\/li>\n<li><strong>Pantofi<\/strong> \u2013 Alegerea \u00eentre stiletto \u0219i balerini ar trebui s\u0103 depind\u0103 de ocazie.<\/li>\n<li><strong>Ochelari de soare<\/strong> \u2013 Ochelarii elegan\u021bi pot ad\u0103uga clas\u0103 \u0219i \u0219ic.<\/li>\n<\/ol>\n<h2>Rezumat<\/h2>\n<p>Alegerea unei gen\u021bi care s\u0103 se asorteze cu rochia ta bleumarin este un element cheie al stilului. Ceea ce alegi conteaz\u0103 nu doar pentru estetic\u0103, ci \u0219i pentru confort. Indiferent dac\u0103 alegi culori clasice sau modele \u00eendr\u0103zne\u021be, aminte\u0219te-\u021bi s\u0103 men\u021bii \u00eentotdeauna armonia \u00een stilul t\u0103u. La urma urmei, fiecare femeie ar trebui s\u0103 se simt\u0103 nu doar frumoas\u0103, ci \u0219i confortabil\u0103 \u00een accesoriile sale.<\/p>\n<h2>\u00centreb\u0103ri frecvente<\/h2>\n<ul>\n<li><strong>Ce culori de gen\u021bi se potrivesc cel mai bine cu o rochie bleumarin?<\/strong>\n<ul>\n<li>Culori clasice precum negru, alb, bej \u0219i gen\u021bi \u00een nuan\u021be discrete.<\/li>\n<\/ul>\n<\/li>\n<li><strong>Vor fi potrivite gen\u021bile \u00een culori intense?<\/strong>\n<ul>\n<li>Da, gen\u021bile \u00een culori intense pot ad\u0103uga caracter, dar merit\u0103 s\u0103 le iei \u00een considerare cu aten\u021bie, astfel \u00eenc\u00e2t s\u0103 nu domine stilul.<\/li>\n<\/ul>\n<\/li>\n<li><strong>Ce accesorii se potrivesc cel mai bine cu o rochie bleumarin?<\/strong>\n<ul>\n<li>Bijuteriile elegante, \u00eenc\u0103l\u021b\u0103mintea potrivit\u0103 \u0219i ochelarii de soare la mod\u0103 vor fi complementul perfect.<\/li>\n<\/ul>\n<\/li>\n<li><strong>Ce modele de gen\u021bi sunt cele mai potrivite pentru stilul de zi cu zi?<\/strong>\n<ul>\n<li>Gen\u021bile cu modele subtile, cum ar fi buline sau flori, pot fi o not\u0103 interesant\u0103, dar asigur\u0103-te c\u0103 nu cople\u0219esc \u00eentregul aspect.<\/li>\n<\/ul>\n<\/li>\n<\/ul>","protected":false},"excerpt":{"rendered":"<p>Granatowa sukienka jest zdecydowanym must-have w ka\u017cdej garderobie. Jej uniwersalny kolor sprawia, \u017ce mo\u017cemy j\u0105 \u0142\u0105czy\u0107 z r\u00f3\u017cnymi dodatkami, a odpowiednio dobrana torba mo\u017ce ca\u0142kowicie odmieni\u0107 ca\u0142\u0105 stylizacj\u0119. Cz\u0119sto pojawia si\u0119 jednak pytanie, jakie torby b\u0119d\u0105 odpowiednie do tak klasycznego ubrania. Warto zwr\u00f3ci\u0107 uwag\u0119 nie tylko na kolor, ale tak\u017ce na fason i materia\u0142, z [&hellip;]<\/p>","protected":false},"author":1,"featured_media":529,"comment_status":"closed","ping_status":"closed","sticky":false,"template":"","format":"standard","meta":{"_acf_changed":false,"footnotes":""},"categories":[1],"tags":[],"class_list":["post-541","post","type-post","status-publish","format-standard","has-post-thumbnail","hentry","category-blog"],"acf":[],"yoast_head":"<!-- This site is optimized with the Yoast SEO plugin v23.2 - https:\/\/yoast.com\/wordpress\/plugins\/seo\/ -->\n<title>Jakie torby na co dzie\u0144 do granatowej sukienki? Odkryj idealne dodatki!<\/title>\n<meta name=\"description\" content=\"Sprawd\u017a, jakie torby najlepiej pasuj\u0105 do granatowej sukienki. Odkryj style, kolory i dodatki, kt\u00f3re dope\u0142ni\u0105 Tw\u00f3j look!\" \/>\n<meta name=\"robots\" content=\"index, follow, max-snippet:-1, max-image-preview:large, max-video-preview:-1\" \/>\n<link rel=\"canonical\" href=\"https:\/\/polscy-kierowcy.pl\/ro\/jakie-torby-na-co-dzien-do-granatowej-sukienki\/\" \/>\n<meta property=\"og:locale\" content=\"ro_RO\" \/>\n<meta property=\"og:type\" content=\"article\" \/>\n<meta property=\"og:title\" content=\"Jakie torby na co dzie\u0144 do granatowej sukienki? Odkryj idealne dodatki!\" \/>\n<meta property=\"og:description\" content=\"Sprawd\u017a, jakie torby najlepiej pasuj\u0105 do granatowej sukienki. Odkryj style, kolory i dodatki, kt\u00f3re dope\u0142ni\u0105 Tw\u00f3j look!\" \/>\n<meta property=\"og:url\" content=\"https:\/\/polscy-kierowcy.pl\/ro\/jakie-torby-na-co-dzien-do-granatowej-sukienki\/\" \/>\n<meta property=\"og:site_name\" content=\"polscy-kierowcy.pl\" \/>\n<meta property=\"article:published_time\" content=\"2025-03-13T00:00:00+00:00\" \/>\n<meta property=\"og:image\" content=\"https:\/\/polscy-kierowcy.pl\/wp-content\/uploads\/image77181a1e782847b19a179ffe3b625cc2.png\" \/>\n\t<meta property=\"og:image:width\" content=\"1024\" \/>\n\t<meta property=\"og:image:height\" content=\"768\" \/>\n\t<meta property=\"og:image:type\" content=\"image\/png\" \/>\n<meta name=\"author\" content=\"Paulina Kruk\" \/>\n<meta name=\"twitter:card\" content=\"summary_large_image\" \/>\n<meta name=\"twitter:label1\" content=\"Scris de\" \/>\n\t<meta name=\"twitter:data1\" content=\"Paulina Kruk\" \/>\n\t<meta name=\"twitter:label2\" content=\"Timp estimat pentru citire\" \/>\n\t<meta name=\"twitter:data2\" content=\"3 minute\" \/>\n<script type=\"application\/ld+json\" class=\"yoast-schema-graph\">{\"@context\":\"https:\/\/schema.org\",\"@graph\":[{\"@type\":\"WebPage\",\"@id\":\"https:\/\/polscy-kierowcy.pl\/jakie-torby-na-co-dzien-do-granatowej-sukienki\/\",\"url\":\"https:\/\/polscy-kierowcy.pl\/jakie-torby-na-co-dzien-do-granatowej-sukienki\/\",\"name\":\"Jakie torby na co dzie\u0144 do granatowej sukienki? Odkryj idealne dodatki!\",\"isPartOf\":{\"@id\":\"https:\/\/polscy-kierowcy.pl\/#website\"},\"primaryImageOfPage\":{\"@id\":\"https:\/\/polscy-kierowcy.pl\/jakie-torby-na-co-dzien-do-granatowej-sukienki\/#primaryimage\"},\"image\":{\"@id\":\"https:\/\/polscy-kierowcy.pl\/jakie-torby-na-co-dzien-do-granatowej-sukienki\/#primaryimage\"},\"thumbnailUrl\":\"https:\/\/polscy-kierowcy.pl\/wp-content\/uploads\/image77181a1e782847b19a179ffe3b625cc2.png\",\"datePublished\":\"2025-03-13T00:00:00+00:00\",\"dateModified\":\"2025-03-13T00:00:00+00:00\",\"author\":{\"@id\":\"https:\/\/polscy-kierowcy.pl\/#\/schema\/person\/66f7250202134445459bce344c706e46\"},\"description\":\"Sprawd\u017a, jakie torby najlepiej pasuj\u0105 do granatowej sukienki. Odkryj style, kolory i dodatki, kt\u00f3re dope\u0142ni\u0105 Tw\u00f3j look!\",\"breadcrumb\":{\"@id\":\"https:\/\/polscy-kierowcy.pl\/jakie-torby-na-co-dzien-do-granatowej-sukienki\/#breadcrumb\"},\"inLanguage\":\"ro-RO\",\"potentialAction\":[{\"@type\":\"ReadAction\",\"target\":[\"https:\/\/polscy-kierowcy.pl\/jakie-torby-na-co-dzien-do-granatowej-sukienki\/\"]}]},{\"@type\":\"ImageObject\",\"inLanguage\":\"ro-RO\",\"@id\":\"https:\/\/polscy-kierowcy.pl\/jakie-torby-na-co-dzien-do-granatowej-sukienki\/#primaryimage\",\"url\":\"https:\/\/polscy-kierowcy.pl\/wp-content\/uploads\/image77181a1e782847b19a179ffe3b625cc2.png\",\"contentUrl\":\"https:\/\/polscy-kierowcy.pl\/wp-content\/uploads\/image77181a1e782847b19a179ffe3b625cc2.png\",\"width\":1024,\"height\":768},{\"@type\":\"BreadcrumbList\",\"@id\":\"https:\/\/polscy-kierowcy.pl\/jakie-torby-na-co-dzien-do-granatowej-sukienki\/#breadcrumb\",\"itemListElement\":[{\"@type\":\"ListItem\",\"position\":1,\"name\":\"Home\",\"item\":\"https:\/\/polscy-kierowcy.pl\/\"},{\"@type\":\"ListItem\",\"position\":2,\"name\":\"Jakie torby na co dzie\u0144 do granatowej sukienki?\"}]},{\"@type\":\"WebSite\",\"@id\":\"https:\/\/polscy-kierowcy.pl\/#website\",\"url\":\"https:\/\/polscy-kierowcy.pl\/\",\"name\":\"polscy-kierowcy.pl\",\"description\":\"Tureckie sukienki: pi\u0119kno w tradycji.\",\"potentialAction\":[{\"@type\":\"SearchAction\",\"target\":{\"@type\":\"EntryPoint\",\"urlTemplate\":\"https:\/\/polscy-kierowcy.pl\/?s={search_term_string}\"},\"query-input\":\"required name=search_term_string\"}],\"inLanguage\":\"ro-RO\"},{\"@type\":\"Person\",\"@id\":\"https:\/\/polscy-kierowcy.pl\/#\/schema\/person\/66f7250202134445459bce344c706e46\",\"name\":\"Paulina Kruk\",\"image\":{\"@type\":\"ImageObject\",\"inLanguage\":\"ro-RO\",\"@id\":\"https:\/\/polscy-kierowcy.pl\/#\/schema\/person\/image\/\",\"url\":\"https:\/\/polscy-kierowcy.pl\/wp-content\/uploads\/ivyzxaomvy6_ad_avatar-96x96.jpg\",\"contentUrl\":\"https:\/\/polscy-kierowcy.pl\/wp-content\/uploads\/ivyzxaomvy6_ad_avatar-96x96.jpg\",\"caption\":\"Paulina Kruk\"},\"description\":\"Paulina Kruk to do\u015bwiadczona specjalistka w dziedzinie mody, prowadz\u0105ca w\u0142asny sklep odzie\u017cowy w Pilaszkowie. Jej pasja do mody i zaanga\u017cowanie w bran\u017cy odzie\u017cowej pozwalaj\u0105 jej na tworzenie unikatowych stylizacji, kt\u00f3re \u0142\u0105cz\u0105 elegancj\u0119 z codziennym komfortem.\",\"url\":\"https:\/\/polscy-kierowcy.pl\/ro\/author\/paulina-kruk\/\"}]}<\/script>\n<!-- \/ Yoast SEO plugin. -->","yoast_head_json":{"title":"Jakie torby na co dzie\u0144 do granatowej sukienki? Odkryj idealne dodatki!","description":"Sprawd\u017a, jakie torby najlepiej pasuj\u0105 do granatowej sukienki. Odkryj style, kolory i dodatki, kt\u00f3re dope\u0142ni\u0105 Tw\u00f3j look!","robots":{"index":"index","follow":"follow","max-snippet":"max-snippet:-1","max-image-preview":"max-image-preview:large","max-video-preview":"max-video-preview:-1"},"canonical":"https:\/\/polscy-kierowcy.pl\/ro\/jakie-torby-na-co-dzien-do-granatowej-sukienki\/","og_locale":"ro_RO","og_type":"article","og_title":"Jakie torby na co dzie\u0144 do granatowej sukienki? Odkryj idealne dodatki!","og_description":"Sprawd\u017a, jakie torby najlepiej pasuj\u0105 do granatowej sukienki. Odkryj style, kolory i dodatki, kt\u00f3re dope\u0142ni\u0105 Tw\u00f3j look!","og_url":"https:\/\/polscy-kierowcy.pl\/ro\/jakie-torby-na-co-dzien-do-granatowej-sukienki\/","og_site_name":"polscy-kierowcy.pl","article_published_time":"2025-03-13T00:00:00+00:00","og_image":[{"width":1024,"height":768,"url":"https:\/\/polscy-kierowcy.pl\/wp-content\/uploads\/image77181a1e782847b19a179ffe3b625cc2.png","type":"image\/png"}],"author":"Paulina Kruk","twitter_card":"summary_large_image","twitter_misc":{"Scris de":"Paulina Kruk","Timp estimat pentru citire":"3 minute"},"schema":{"@context":"https:\/\/schema.org","@graph":[{"@type":"WebPage","@id":"https:\/\/polscy-kierowcy.pl\/jakie-torby-na-co-dzien-do-granatowej-sukienki\/","url":"https:\/\/polscy-kierowcy.pl\/jakie-torby-na-co-dzien-do-granatowej-sukienki\/","name":"Jakie torby na co dzie\u0144 do granatowej sukienki? Odkryj idealne dodatki!","isPartOf":{"@id":"https:\/\/polscy-kierowcy.pl\/#website"},"primaryImageOfPage":{"@id":"https:\/\/polscy-kierowcy.pl\/jakie-torby-na-co-dzien-do-granatowej-sukienki\/#primaryimage"},"image":{"@id":"https:\/\/polscy-kierowcy.pl\/jakie-torby-na-co-dzien-do-granatowej-sukienki\/#primaryimage"},"thumbnailUrl":"https:\/\/polscy-kierowcy.pl\/wp-content\/uploads\/image77181a1e782847b19a179ffe3b625cc2.png","datePublished":"2025-03-13T00:00:00+00:00","dateModified":"2025-03-13T00:00:00+00:00","author":{"@id":"https:\/\/polscy-kierowcy.pl\/#\/schema\/person\/66f7250202134445459bce344c706e46"},"description":"Sprawd\u017a, jakie torby najlepiej pasuj\u0105 do granatowej sukienki. Odkryj style, kolory i dodatki, kt\u00f3re dope\u0142ni\u0105 Tw\u00f3j look!","breadcrumb":{"@id":"https:\/\/polscy-kierowcy.pl\/jakie-torby-na-co-dzien-do-granatowej-sukienki\/#breadcrumb"},"inLanguage":"ro-RO","potentialAction":[{"@type":"ReadAction","target":["https:\/\/polscy-kierowcy.pl\/jakie-torby-na-co-dzien-do-granatowej-sukienki\/"]}]},{"@type":"ImageObject","inLanguage":"ro-RO","@id":"https:\/\/polscy-kierowcy.pl\/jakie-torby-na-co-dzien-do-granatowej-sukienki\/#primaryimage","url":"https:\/\/polscy-kierowcy.pl\/wp-content\/uploads\/image77181a1e782847b19a179ffe3b625cc2.png","contentUrl":"https:\/\/polscy-kierowcy.pl\/wp-content\/uploads\/image77181a1e782847b19a179ffe3b625cc2.png","width":1024,"height":768},{"@type":"BreadcrumbList","@id":"https:\/\/polscy-kierowcy.pl\/jakie-torby-na-co-dzien-do-granatowej-sukienki\/#breadcrumb","itemListElement":[{"@type":"ListItem","position":1,"name":"Home","item":"https:\/\/polscy-kierowcy.pl\/"},{"@type":"ListItem","position":2,"name":"Jakie torby na co dzie\u0144 do granatowej sukienki?"}]},{"@type":"WebSite","@id":"https:\/\/polscy-kierowcy.pl\/#website","url":"https:\/\/polscy-kierowcy.pl\/","name":"polscy-kierowcy.pl","description":"Tureckie sukienki: pi\u0119kno w tradycji.","potentialAction":[{"@type":"SearchAction","target":{"@type":"EntryPoint","urlTemplate":"https:\/\/polscy-kierowcy.pl\/?s={search_term_string}"},"query-input":"required name=search_term_string"}],"inLanguage":"ro-RO"},{"@type":"Person","@id":"https:\/\/polscy-kierowcy.pl\/#\/schema\/person\/66f7250202134445459bce344c706e46","name":"Paulina Kruk","image":{"@type":"ImageObject","inLanguage":"ro-RO","@id":"https:\/\/polscy-kierowcy.pl\/#\/schema\/person\/image\/","url":"https:\/\/polscy-kierowcy.pl\/wp-content\/uploads\/ivyzxaomvy6_ad_avatar-96x96.jpg","contentUrl":"https:\/\/polscy-kierowcy.pl\/wp-content\/uploads\/ivyzxaomvy6_ad_avatar-96x96.jpg","caption":"Paulina Kruk"},"description":"Paulina Kruk to do\u015bwiadczona specjalistka w dziedzinie mody, prowadz\u0105ca w\u0142asny sklep odzie\u017cowy w Pilaszkowie. Jej pasja do mody i zaanga\u017cowanie w bran\u017cy odzie\u017cowej pozwalaj\u0105 jej na tworzenie unikatowych stylizacji, kt\u00f3re \u0142\u0105cz\u0105 elegancj\u0119 z codziennym komfortem.","url":"https:\/\/polscy-kierowcy.pl\/ro\/author\/paulina-kruk\/"}]}},"yoast_meta":{"yoast_wpseo_title":"","yoast_wpseo_metadesc":"","yoast_wpseo_canonical":"https:\/\/polscy-kierowcy.pl\/ro\/wp-json\/wp\/v2\/posts\/541"},"_links":{"self":[{"href":"https:\/\/polscy-kierowcy.pl\/ro\/wp-json\/wp\/v2\/posts\/541"}],"collection":[{"href":"https:\/\/polscy-kierowcy.pl\/ro\/wp-json\/wp\/v2\/posts"}],"about":[{"href":"https:\/\/polscy-kierowcy.pl\/ro\/wp-json\/wp\/v2\/types\/post"}],"author":[{"embeddable":true,"href":"https:\/\/polscy-kierowcy.pl\/ro\/wp-json\/wp\/v2\/users\/1"}],"replies":[{"embeddable":true,"href":"https:\/\/polscy-kierowcy.pl\/ro\/wp-json\/wp\/v2\/comments?post=541"}],"version-history":[{"count":0,"href":"https:\/\/polscy-kierowcy.pl\/ro\/wp-json\/wp\/v2\/posts\/541\/revisions"}],"wp:featuredmedia":[{"embeddable":true,"href":"https:\/\/polscy-kierowcy.pl\/ro\/wp-json\/wp\/v2\/media\/529"}],"wp:attachment":[{"href":"https:\/\/polscy-kierowcy.pl\/ro\/wp-json\/wp\/v2\/media?parent=541"}],"wp:term":[{"taxonomy":"category","embeddable":true,"href":"https:\/\/polscy-kierowcy.pl\/ro\/wp-json\/wp\/v2\/categories?post=541"},{"taxonomy":"post_tag","embeddable":true,"href":"https:\/\/polscy-kierowcy.pl\/ro\/wp-json\/wp\/v2\/tags?post=541"}],"curies":[{"name":"wp","href":"https:\/\/api.w.org\/{rel}","templated":true}]}}