{"id":538,"date":"2025-03-15T00:00:00","date_gmt":"2025-03-15T00:00:00","guid":{"rendered":"https:\/\/polscy-kierowcy.pl\/?p=538"},"modified":"2025-03-15T00:00:00","modified_gmt":"2025-03-15T00:00:00","slug":"sweter-w-serek-w-wersji-sportowej-jak-go-nosic","status":"publish","type":"post","link":"https:\/\/polscy-kierowcy.pl\/ro\/sweter-w-serek-w-wersji-sportowej-jak-go-nosic\/","title":{"rendered":"Pulover cu decolteu \u00een V \u00eentr-o versiune sport \u2013 cum s\u0103-l por\u021bi?"},"content":{"rendered":"<div class=\"kk-star-ratings kksr-auto kksr-align-left kksr-valign-top\"\n    data-payload='{&quot;align&quot;:&quot;left&quot;,&quot;id&quot;:&quot;538&quot;,&quot;slug&quot;:&quot;default&quot;,&quot;valign&quot;:&quot;top&quot;,&quot;ignore&quot;:&quot;&quot;,&quot;reference&quot;:&quot;auto&quot;,&quot;class&quot;:&quot;&quot;,&quot;count&quot;:&quot;0&quot;,&quot;legendonly&quot;:&quot;&quot;,&quot;readonly&quot;:&quot;&quot;,&quot;score&quot;:&quot;0&quot;,&quot;starsonly&quot;:&quot;&quot;,&quot;best&quot;:&quot;5&quot;,&quot;gap&quot;:&quot;5&quot;,&quot;greet&quot;:&quot;&quot;,&quot;legend&quot;:&quot;0\\\/5 - (0 votes)&quot;,&quot;size&quot;:&quot;24&quot;,&quot;title&quot;:&quot;Sweter w serek w wersji sportowej - jak go nosi\u0107?&quot;,&quot;width&quot;:&quot;0&quot;,&quot;_legend&quot;:&quot;{score}\\\/{best} - ({count} {votes})&quot;,&quot;font_factor&quot;:&quot;1.25&quot;}'>\n            \n<div class=\"kksr-stars\">\n    \n<div class=\"kksr-stars-inactive\">\n            <div class=\"kksr-star\" data-star=\"1\" style=\"padding-right: 5px\">\n            \n\n<div class=\"kksr-icon\" style=\"width: 24px; height: 24px;\"><\/div>\n        <\/div>\n            <div class=\"kksr-star\" data-star=\"2\" style=\"padding-right: 5px\">\n            \n\n<div class=\"kksr-icon\" style=\"width: 24px; height: 24px;\"><\/div>\n        <\/div>\n            <div class=\"kksr-star\" data-star=\"3\" style=\"padding-right: 5px\">\n            \n\n<div class=\"kksr-icon\" style=\"width: 24px; height: 24px;\"><\/div>\n        <\/div>\n            <div class=\"kksr-star\" data-star=\"4\" style=\"padding-right: 5px\">\n            \n\n<div class=\"kksr-icon\" style=\"width: 24px; height: 24px;\"><\/div>\n        <\/div>\n            <div class=\"kksr-star\" data-star=\"5\" style=\"padding-right: 5px\">\n            \n\n<div class=\"kksr-icon\" style=\"width: 24px; height: 24px;\"><\/div>\n        <\/div>\n    <\/div>\n    \n<div class=\"kksr-stars-active\" style=\"width: 0px;\">\n            <div class=\"kksr-star\" style=\"padding-right: 5px\">\n            \n\n<div class=\"kksr-icon\" style=\"width: 24px; height: 24px;\"><\/div>\n        <\/div>\n            <div class=\"kksr-star\" style=\"padding-right: 5px\">\n            \n\n<div class=\"kksr-icon\" style=\"width: 24px; height: 24px;\"><\/div>\n        <\/div>\n            <div class=\"kksr-star\" style=\"padding-right: 5px\">\n            \n\n<div class=\"kksr-icon\" style=\"width: 24px; height: 24px;\"><\/div>\n        <\/div>\n            <div class=\"kksr-star\" style=\"padding-right: 5px\">\n            \n\n<div class=\"kksr-icon\" style=\"width: 24px; height: 24px;\"><\/div>\n        <\/div>\n            <div class=\"kksr-star\" style=\"padding-right: 5px\">\n            \n\n<div class=\"kksr-icon\" style=\"width: 24px; height: 24px;\"><\/div>\n        <\/div>\n    <\/div>\n<\/div>\n                \n\n<div class=\"kksr-legend\" style=\"font-size: 19.2px;\">\n            <span class=\"kksr-muted\"><\/span>\n    <\/div>\n    <\/div>\n<p>Un pulover cu decolteu \u00een V este o pies\u0103 vestimentar\u0103 extrem de func\u021bional\u0103 pe care o putem adapta cu succes unui stil sport. Ofer\u0103 confort \u0219i elegan\u021b\u0103, fiind \u00een acela\u0219i timp \u00een conformitate cu tendin\u021bele casual. \u00cen ultimii ani, tot mai mul\u021bi oameni au apelat la acest stil, consider\u00e2ndu-l un element indispensabil \u00een stilurile lor vestimentare. Versatilitatea sa \u00eenseamn\u0103 c\u0103 poate fi combinat cu multe alte elemente vestimentare. \u00cen plus, puloverele cu decolteu \u00een V sunt disponibile \u00een diverse culori \u0219i materiale, ceea ce permite o adaptare u\u0219oar\u0103 la stilul personal. \u00cen acest articol, vom analiza cum s\u0103 por\u021bi corect un pulover cu decolteu \u00een V \u00eentr-o versiune sport pentru a ar\u0103ta la mod\u0103 \u0219i a te sim\u021bi confortabil.<\/p>\n<h2>Varietate de materiale \u0219i modele<\/h2>\n<p><img decoding=\"async\" alt=\"Grupa przyjaci\u00f3\u0142 idzie razem ulic\u0105, u\u015bmiechaj\u0105c si\u0119 i nosz\u0105c r\u00f3\u017cnokolorowe swetry. Atmosfera radosna i przyjacielska.\" src=\"https:\/\/polscy-kierowcy.pl\/wp-content\/uploads\/image0b66d0e0a6e44fcab3ed0968dace2738.png\"\/><\/p>\n<p>Puloverele cu decolteu \u00een V pot fi g\u0103site \u00een diverse tipuri de materiale, ceea ce este crucial pentru utilizarea lor \u00een stilul sport. Alegerea fibrei potrivite nu afecteaz\u0103 doar aspectul, ci \u0219i confortul la purtare. Materialele naturale, precum l\u00e2na \u0219i bumbacul, se caracterizeaz\u0103 prin calitate superioar\u0103 \u0219i c\u0103ldur\u0103, ceea ce este important \u00een zilele mai reci. Pe de alt\u0103 parte, materialele sintetice, precum poliesterul sau elastanul, ofer\u0103 o elasticitate \u0219i o respirabilitate mai mare. Pentru persoanele active, alegerea corect\u0103 a materialului este crucial\u0103 pentru a nu restric\u021biona mi\u0219carea. Merit\u0103 s\u0103 ne g\u00e2ndim care dintre aceste materiale se potrive\u0219te cel mai bine nevoilor noastre.<\/p>\n<table border=\"1\">\n<tr>\n<th>Material<\/th>\n<th>Avantaje<\/th>\n<th>Defecte<\/th>\n<\/tr>\n<tr>\n<td>L\u00e2n\u0103<\/td>\n<td>C\u0103ldur\u0103, durabilitate<\/td>\n<td>Se poate zg\u00e2ria \u0219i necesit\u0103 o \u00eengrijire special\u0103.<\/td>\n<\/tr>\n<tr>\n<td>Bumbac<\/td>\n<td>Moliciune, respirabilitate<\/td>\n<td>Se poate mic\u0219ora la sp\u0103lare<\/td>\n<\/tr>\n<tr>\n<td>Poliester<\/td>\n<td>Durabilitate, flexibilitate<\/td>\n<td>Poate re\u021bine mirosurile, mai pu\u021bin respirabil<\/td>\n<\/tr>\n<\/table>\n<h2>Stilul puloverului cu decolteu \u00een V<\/h2>\n<p><img decoding=\"async\" alt=\"M\u0142ody m\u0119\u017cczyzna w sportowym stroju stoi przed \u015bcian\u0105 z graffiti, z r\u0119kami w kieszeniach.\" src=\"https:\/\/polscy-kierowcy.pl\/wp-content\/uploads\/image907ce1f931a14c85862c25f5a85e49ad.png\"\/><\/p>\n<p>Cum s\u0103 combini un pulover cu decolteu \u00een V cu alte elemente din garderob\u0103 pentru a crea un look sportiv \u0219i la mod\u0103? Merit\u0103 s\u0103 acorzi aten\u021bie combina\u021biilor clasice cu blugi \u0219i pantaloni jogger, care stau la baza stilului casual. Pantalonii bine ale\u0219i nu numai c\u0103 pun \u00een valoare silueta, dar ofer\u0103 \u0219i confort. Putem alege modele mai lejere de pantaloni jogger, care permit mi\u0219carea liber\u0103. \u00cen aceast\u0103 subsec\u021biune, vom discuta despre cele mai populare combina\u021bii.<\/p>\n<ul>\n<li>Blugi: Perfec\u021bi pentru un look casual care se potrive\u0219te oric\u0103rei ocazii.<\/li>\n<li>Pantaloni de trening: Croiuri mai lejere, perfec\u021bi pentru activit\u0103\u021bile de zi cu zi.<\/li>\n<li>Pantaloni scur\u021bi: O op\u021biune mai u\u0219oar\u0103 pentru zilele mai c\u0103lduroase, se potrive\u0219te bine cu un pulover.<\/li>\n<\/ul>\n<p>Pantofii sport bine ale\u0219i pot schimba orice stil cu un pulover cu decolteu \u00een V. Teni\u0219ii, pantofii sport sau chiar sandalele sport sunt op\u021biuni care se potrivesc perfect \u00eentregului. Cel mai important lucru este ca culorile \u0219i stilul pantofilor s\u0103 se armonizeze cu restul \u021binutei. Datorit\u0103 diversit\u0103\u021bii, putem experimenta diferite combina\u021bii, ceea ce face ca fiecare stil s\u0103 fie unic. Totu\u0219i, nu uita\u021bi s\u0103 alege\u021bi modele care garanteaz\u0103 confort \u00een timpul mi\u0219c\u0103rii.<\/p>\n<h2>Accesorii pentru puloverul cu decolteu \u00een V<\/h2>\n<p>Nu putem uita de accesorii! Accesoriile potrivite pot ad\u0103uga caracter stilului nostru \u0219i, de asemenea, pot spori stilul sportiv. Gen\u021bile sau rucsacurile sport sunt un plus excelent care completeaz\u0103 ansamblul \u00eentr-un mod practic. Iat\u0103 c\u00e2teva sugestii de accesorii care merit\u0103 folosite:<\/p>\n<ul>\n<li>Rucsacuri sport: Func\u021bionale \u0219i elegante, perfecte pentru ie\u0219irile de zi cu zi.<\/li>\n<li>Gen\u021bi de um\u0103r: O solu\u021bie practic\u0103 pentru cump\u0103r\u0103turi sau pentru \u00eent\u00e2lniri cu prietenii.<\/li>\n<li>E\u0219arfe sau fulare: Accesorii func\u021bionale care te \u021bin de cald, dar arat\u0103 \u0219i la mod\u0103.<\/li>\n<\/ul>\n<h2>Folosirea unui pulover \u00een diferite situa\u021bii<\/h2>\n<p>Un pulover cu decolteu \u00een V poate fi o baz\u0103 excelent\u0103 pentru ie\u0219iri \u00een ora\u0219 nu doar \u00een fiecare zi, ci \u0219i \u00een situa\u021bii mai formale. \u00cel putem purta cu u\u0219urin\u021b\u0103 la o \u00eent\u00e2lnire cu prietenii sau la o petrecere \u00een familie. Pantalonii \u0219i accesoriile alese cu grij\u0103 vor face stilul mai elegant. Cu toate acestea, este important s\u0103 alege\u021bi modele de pulovere care au culori discrete pentru a se potrivi mai bine aspectului formal.<\/p>\n<h2>Rezumat<\/h2>\n<p>Un pulover cu decolteu \u00een V \u00eentr-o versiune sport este un element universal al garderobei care poate fi combinat \u00een multe feluri. Aspectul cheie este alegerea potrivit\u0103 a materialului \u0219i a stilului, ceea ce v\u0103 permite s\u0103 crea\u021bi o varietate de \u021binute. De la casual la elegant, un pulover cu decolteu \u00een V poate \u00eendeplini o varietate de func\u021bii. Datorit\u0103 unei abord\u0103ri creative a stilului, putem ie\u0219i \u00een eviden\u021b\u0103. V\u0103 \u00eencuraj\u0103m s\u0103 experimenta\u021bi cu mod\u0103 \u0219i combina\u021bii \u00eendr\u0103zne\u021be care vor face fiecare stil unic.<\/p>\n<h2>\u00centreb\u0103ri frecvente<\/h2>\n<ul>\n<li><strong>Ce materiale sunt cele mai bune pentru un pulover cu decolteu \u00een V?<\/strong> Materialele naturale precum l\u00e2na \u0219i bumbacul sunt potrivite pentru vremea rece, \u00een timp ce cele sintetice sunt mai bune pentru vremea mai cald\u0103.<\/li>\n<li><strong>Se poate purta un pulover cu decolteu \u00een V vara?<\/strong> Da, aleg\u00e2nd un material mai u\u0219or, un pulover cu decolteu \u00een V poate fi potrivit pentru serile mai r\u0103coroase de var\u0103.<\/li>\n<li><strong>Ce pantofi s\u0103 por\u021bi cu un pulover cu decolteu \u00een V?<\/strong> Teni\u0219ii, pantofii sport sau chiar pantofii elegan\u021bi cu plat\u0103 se vor potrivi bine cu acest stil.<\/li>\n<li><strong>Este un pulover cu decolteu \u00een V potrivit pentru ocazii formale?<\/strong> Da, atunci c\u00e2nd este asortat\u0103 corespunz\u0103tor cu pantaloni \u0219i accesorii elegan\u021bi, poate crea un aspect elegant \u0219i formal.<\/li>\n<\/ul>","protected":false},"excerpt":{"rendered":"<p>Sweter w serek to niezwykle funkcjonalny element garderoby, kt\u00f3ry z powodzeniem mo\u017cemy zaadoptowa\u0107 w stylu sportowym. Oferuje on komfort i elegancj\u0119, jednocze\u015bnie wpisuj\u0105c si\u0119 w casualowe trendy. W ostatnich latach coraz wi\u0119cej os\u00f3b si\u0119ga po ten fason, traktuj\u0105c go jako must-have w swoich stylizacjach. Jego wszechstronno\u015b\u0107 sprawia, \u017ce mo\u017cna go \u0142\u0105czy\u0107 z wieloma innymi elementami [&hellip;]<\/p>","protected":false},"author":1,"featured_media":514,"comment_status":"closed","ping_status":"closed","sticky":false,"template":"","format":"standard","meta":{"_acf_changed":false,"footnotes":""},"categories":[1],"tags":[],"class_list":["post-538","post","type-post","status-publish","format-standard","has-post-thumbnail","hentry","category-blog"],"acf":[],"yoast_head":"<!-- This site is optimized with the Yoast SEO plugin v23.2 - https:\/\/yoast.com\/wordpress\/plugins\/seo\/ -->\n<title>Sweter w serek w wersji sportowej - jak go nosi\u0107?<\/title>\n<meta name=\"description\" content=\"Odkryj, jak stylowo nosi\u0107 sweter w serek w wersji sportowej. Praktyczne porady i inspiracje do modnych stylizacji.\" \/>\n<meta name=\"robots\" content=\"index, follow, max-snippet:-1, max-image-preview:large, max-video-preview:-1\" \/>\n<link rel=\"canonical\" href=\"https:\/\/polscy-kierowcy.pl\/ro\/sweter-w-serek-w-wersji-sportowej-jak-go-nosic\/\" \/>\n<meta property=\"og:locale\" content=\"ro_RO\" \/>\n<meta property=\"og:type\" content=\"article\" \/>\n<meta property=\"og:title\" content=\"Sweter w serek w wersji sportowej - jak go nosi\u0107?\" \/>\n<meta property=\"og:description\" content=\"Odkryj, jak stylowo nosi\u0107 sweter w serek w wersji sportowej. Praktyczne porady i inspiracje do modnych stylizacji.\" \/>\n<meta property=\"og:url\" content=\"https:\/\/polscy-kierowcy.pl\/ro\/sweter-w-serek-w-wersji-sportowej-jak-go-nosic\/\" \/>\n<meta property=\"og:site_name\" content=\"polscy-kierowcy.pl\" \/>\n<meta property=\"article:published_time\" content=\"2025-03-15T00:00:00+00:00\" \/>\n<meta property=\"og:image\" content=\"https:\/\/polscy-kierowcy.pl\/wp-content\/uploads\/image0972b43f169f48bfbeb6fae7cacc65c8.png\" \/>\n\t<meta property=\"og:image:width\" content=\"1024\" \/>\n\t<meta property=\"og:image:height\" content=\"768\" \/>\n\t<meta property=\"og:image:type\" content=\"image\/png\" \/>\n<meta name=\"author\" content=\"Paulina Kruk\" \/>\n<meta name=\"twitter:card\" content=\"summary_large_image\" \/>\n<meta name=\"twitter:label1\" content=\"Scris de\" \/>\n\t<meta name=\"twitter:data1\" content=\"Paulina Kruk\" \/>\n\t<meta name=\"twitter:label2\" content=\"Timp estimat pentru citire\" \/>\n\t<meta name=\"twitter:data2\" content=\"4 minute\" \/>\n<script type=\"application\/ld+json\" class=\"yoast-schema-graph\">{\"@context\":\"https:\/\/schema.org\",\"@graph\":[{\"@type\":\"WebPage\",\"@id\":\"https:\/\/polscy-kierowcy.pl\/sweter-w-serek-w-wersji-sportowej-jak-go-nosic\/\",\"url\":\"https:\/\/polscy-kierowcy.pl\/sweter-w-serek-w-wersji-sportowej-jak-go-nosic\/\",\"name\":\"Sweter w serek w wersji sportowej - jak go nosi\u0107?\",\"isPartOf\":{\"@id\":\"https:\/\/polscy-kierowcy.pl\/#website\"},\"primaryImageOfPage\":{\"@id\":\"https:\/\/polscy-kierowcy.pl\/sweter-w-serek-w-wersji-sportowej-jak-go-nosic\/#primaryimage\"},\"image\":{\"@id\":\"https:\/\/polscy-kierowcy.pl\/sweter-w-serek-w-wersji-sportowej-jak-go-nosic\/#primaryimage\"},\"thumbnailUrl\":\"https:\/\/polscy-kierowcy.pl\/wp-content\/uploads\/image0972b43f169f48bfbeb6fae7cacc65c8.png\",\"datePublished\":\"2025-03-15T00:00:00+00:00\",\"dateModified\":\"2025-03-15T00:00:00+00:00\",\"author\":{\"@id\":\"https:\/\/polscy-kierowcy.pl\/#\/schema\/person\/66f7250202134445459bce344c706e46\"},\"description\":\"Odkryj, jak stylowo nosi\u0107 sweter w serek w wersji sportowej. Praktyczne porady i inspiracje do modnych stylizacji.\",\"breadcrumb\":{\"@id\":\"https:\/\/polscy-kierowcy.pl\/sweter-w-serek-w-wersji-sportowej-jak-go-nosic\/#breadcrumb\"},\"inLanguage\":\"ro-RO\",\"potentialAction\":[{\"@type\":\"ReadAction\",\"target\":[\"https:\/\/polscy-kierowcy.pl\/sweter-w-serek-w-wersji-sportowej-jak-go-nosic\/\"]}]},{\"@type\":\"ImageObject\",\"inLanguage\":\"ro-RO\",\"@id\":\"https:\/\/polscy-kierowcy.pl\/sweter-w-serek-w-wersji-sportowej-jak-go-nosic\/#primaryimage\",\"url\":\"https:\/\/polscy-kierowcy.pl\/wp-content\/uploads\/image0972b43f169f48bfbeb6fae7cacc65c8.png\",\"contentUrl\":\"https:\/\/polscy-kierowcy.pl\/wp-content\/uploads\/image0972b43f169f48bfbeb6fae7cacc65c8.png\",\"width\":1024,\"height\":768},{\"@type\":\"BreadcrumbList\",\"@id\":\"https:\/\/polscy-kierowcy.pl\/sweter-w-serek-w-wersji-sportowej-jak-go-nosic\/#breadcrumb\",\"itemListElement\":[{\"@type\":\"ListItem\",\"position\":1,\"name\":\"Home\",\"item\":\"https:\/\/polscy-kierowcy.pl\/\"},{\"@type\":\"ListItem\",\"position\":2,\"name\":\"Sweter w serek w wersji sportowej &#8211; jak go nosi\u0107?\"}]},{\"@type\":\"WebSite\",\"@id\":\"https:\/\/polscy-kierowcy.pl\/#website\",\"url\":\"https:\/\/polscy-kierowcy.pl\/\",\"name\":\"polscy-kierowcy.pl\",\"description\":\"Tureckie sukienki: pi\u0119kno w tradycji.\",\"potentialAction\":[{\"@type\":\"SearchAction\",\"target\":{\"@type\":\"EntryPoint\",\"urlTemplate\":\"https:\/\/polscy-kierowcy.pl\/?s={search_term_string}\"},\"query-input\":\"required name=search_term_string\"}],\"inLanguage\":\"ro-RO\"},{\"@type\":\"Person\",\"@id\":\"https:\/\/polscy-kierowcy.pl\/#\/schema\/person\/66f7250202134445459bce344c706e46\",\"name\":\"Paulina Kruk\",\"image\":{\"@type\":\"ImageObject\",\"inLanguage\":\"ro-RO\",\"@id\":\"https:\/\/polscy-kierowcy.pl\/#\/schema\/person\/image\/\",\"url\":\"https:\/\/polscy-kierowcy.pl\/wp-content\/uploads\/ivyzxaomvy6_ad_avatar-96x96.jpg\",\"contentUrl\":\"https:\/\/polscy-kierowcy.pl\/wp-content\/uploads\/ivyzxaomvy6_ad_avatar-96x96.jpg\",\"caption\":\"Paulina Kruk\"},\"description\":\"Paulina Kruk to do\u015bwiadczona specjalistka w dziedzinie mody, prowadz\u0105ca w\u0142asny sklep odzie\u017cowy w Pilaszkowie. Jej pasja do mody i zaanga\u017cowanie w bran\u017cy odzie\u017cowej pozwalaj\u0105 jej na tworzenie unikatowych stylizacji, kt\u00f3re \u0142\u0105cz\u0105 elegancj\u0119 z codziennym komfortem.\",\"url\":\"https:\/\/polscy-kierowcy.pl\/ro\/author\/paulina-kruk\/\"}]}<\/script>\n<!-- \/ Yoast SEO plugin. -->","yoast_head_json":{"title":"Sweter w serek w wersji sportowej - jak go nosi\u0107?","description":"Odkryj, jak stylowo nosi\u0107 sweter w serek w wersji sportowej. Praktyczne porady i inspiracje do modnych stylizacji.","robots":{"index":"index","follow":"follow","max-snippet":"max-snippet:-1","max-image-preview":"max-image-preview:large","max-video-preview":"max-video-preview:-1"},"canonical":"https:\/\/polscy-kierowcy.pl\/ro\/sweter-w-serek-w-wersji-sportowej-jak-go-nosic\/","og_locale":"ro_RO","og_type":"article","og_title":"Sweter w serek w wersji sportowej - jak go nosi\u0107?","og_description":"Odkryj, jak stylowo nosi\u0107 sweter w serek w wersji sportowej. Praktyczne porady i inspiracje do modnych stylizacji.","og_url":"https:\/\/polscy-kierowcy.pl\/ro\/sweter-w-serek-w-wersji-sportowej-jak-go-nosic\/","og_site_name":"polscy-kierowcy.pl","article_published_time":"2025-03-15T00:00:00+00:00","og_image":[{"width":1024,"height":768,"url":"https:\/\/polscy-kierowcy.pl\/wp-content\/uploads\/image0972b43f169f48bfbeb6fae7cacc65c8.png","type":"image\/png"}],"author":"Paulina Kruk","twitter_card":"summary_large_image","twitter_misc":{"Scris de":"Paulina Kruk","Timp estimat pentru citire":"4 minute"},"schema":{"@context":"https:\/\/schema.org","@graph":[{"@type":"WebPage","@id":"https:\/\/polscy-kierowcy.pl\/sweter-w-serek-w-wersji-sportowej-jak-go-nosic\/","url":"https:\/\/polscy-kierowcy.pl\/sweter-w-serek-w-wersji-sportowej-jak-go-nosic\/","name":"Sweter w serek w wersji sportowej - jak go nosi\u0107?","isPartOf":{"@id":"https:\/\/polscy-kierowcy.pl\/#website"},"primaryImageOfPage":{"@id":"https:\/\/polscy-kierowcy.pl\/sweter-w-serek-w-wersji-sportowej-jak-go-nosic\/#primaryimage"},"image":{"@id":"https:\/\/polscy-kierowcy.pl\/sweter-w-serek-w-wersji-sportowej-jak-go-nosic\/#primaryimage"},"thumbnailUrl":"https:\/\/polscy-kierowcy.pl\/wp-content\/uploads\/image0972b43f169f48bfbeb6fae7cacc65c8.png","datePublished":"2025-03-15T00:00:00+00:00","dateModified":"2025-03-15T00:00:00+00:00","author":{"@id":"https:\/\/polscy-kierowcy.pl\/#\/schema\/person\/66f7250202134445459bce344c706e46"},"description":"Odkryj, jak stylowo nosi\u0107 sweter w serek w wersji sportowej. Praktyczne porady i inspiracje do modnych stylizacji.","breadcrumb":{"@id":"https:\/\/polscy-kierowcy.pl\/sweter-w-serek-w-wersji-sportowej-jak-go-nosic\/#breadcrumb"},"inLanguage":"ro-RO","potentialAction":[{"@type":"ReadAction","target":["https:\/\/polscy-kierowcy.pl\/sweter-w-serek-w-wersji-sportowej-jak-go-nosic\/"]}]},{"@type":"ImageObject","inLanguage":"ro-RO","@id":"https:\/\/polscy-kierowcy.pl\/sweter-w-serek-w-wersji-sportowej-jak-go-nosic\/#primaryimage","url":"https:\/\/polscy-kierowcy.pl\/wp-content\/uploads\/image0972b43f169f48bfbeb6fae7cacc65c8.png","contentUrl":"https:\/\/polscy-kierowcy.pl\/wp-content\/uploads\/image0972b43f169f48bfbeb6fae7cacc65c8.png","width":1024,"height":768},{"@type":"BreadcrumbList","@id":"https:\/\/polscy-kierowcy.pl\/sweter-w-serek-w-wersji-sportowej-jak-go-nosic\/#breadcrumb","itemListElement":[{"@type":"ListItem","position":1,"name":"Home","item":"https:\/\/polscy-kierowcy.pl\/"},{"@type":"ListItem","position":2,"name":"Sweter w serek w wersji sportowej &#8211; jak go nosi\u0107?"}]},{"@type":"WebSite","@id":"https:\/\/polscy-kierowcy.pl\/#website","url":"https:\/\/polscy-kierowcy.pl\/","name":"polscy-kierowcy.pl","description":"Tureckie sukienki: pi\u0119kno w tradycji.","potentialAction":[{"@type":"SearchAction","target":{"@type":"EntryPoint","urlTemplate":"https:\/\/polscy-kierowcy.pl\/?s={search_term_string}"},"query-input":"required name=search_term_string"}],"inLanguage":"ro-RO"},{"@type":"Person","@id":"https:\/\/polscy-kierowcy.pl\/#\/schema\/person\/66f7250202134445459bce344c706e46","name":"Paulina Kruk","image":{"@type":"ImageObject","inLanguage":"ro-RO","@id":"https:\/\/polscy-kierowcy.pl\/#\/schema\/person\/image\/","url":"https:\/\/polscy-kierowcy.pl\/wp-content\/uploads\/ivyzxaomvy6_ad_avatar-96x96.jpg","contentUrl":"https:\/\/polscy-kierowcy.pl\/wp-content\/uploads\/ivyzxaomvy6_ad_avatar-96x96.jpg","caption":"Paulina Kruk"},"description":"Paulina Kruk to do\u015bwiadczona specjalistka w dziedzinie mody, prowadz\u0105ca w\u0142asny sklep odzie\u017cowy w Pilaszkowie. Jej pasja do mody i zaanga\u017cowanie w bran\u017cy odzie\u017cowej pozwalaj\u0105 jej na tworzenie unikatowych stylizacji, kt\u00f3re \u0142\u0105cz\u0105 elegancj\u0119 z codziennym komfortem.","url":"https:\/\/polscy-kierowcy.pl\/ro\/author\/paulina-kruk\/"}]}},"yoast_meta":{"yoast_wpseo_title":"","yoast_wpseo_metadesc":"","yoast_wpseo_canonical":"https:\/\/polscy-kierowcy.pl\/ro\/wp-json\/wp\/v2\/posts\/538"},"_links":{"self":[{"href":"https:\/\/polscy-kierowcy.pl\/ro\/wp-json\/wp\/v2\/posts\/538"}],"collection":[{"href":"https:\/\/polscy-kierowcy.pl\/ro\/wp-json\/wp\/v2\/posts"}],"about":[{"href":"https:\/\/polscy-kierowcy.pl\/ro\/wp-json\/wp\/v2\/types\/post"}],"author":[{"embeddable":true,"href":"https:\/\/polscy-kierowcy.pl\/ro\/wp-json\/wp\/v2\/users\/1"}],"replies":[{"embeddable":true,"href":"https:\/\/polscy-kierowcy.pl\/ro\/wp-json\/wp\/v2\/comments?post=538"}],"version-history":[{"count":1,"href":"https:\/\/polscy-kierowcy.pl\/ro\/wp-json\/wp\/v2\/posts\/538\/revisions"}],"predecessor-version":[{"id":543,"href":"https:\/\/polscy-kierowcy.pl\/ro\/wp-json\/wp\/v2\/posts\/538\/revisions\/543"}],"wp:featuredmedia":[{"embeddable":true,"href":"https:\/\/polscy-kierowcy.pl\/ro\/wp-json\/wp\/v2\/media\/514"}],"wp:attachment":[{"href":"https:\/\/polscy-kierowcy.pl\/ro\/wp-json\/wp\/v2\/media?parent=538"}],"wp:term":[{"taxonomy":"category","embeddable":true,"href":"https:\/\/polscy-kierowcy.pl\/ro\/wp-json\/wp\/v2\/categories?post=538"},{"taxonomy":"post_tag","embeddable":true,"href":"https:\/\/polscy-kierowcy.pl\/ro\/wp-json\/wp\/v2\/tags?post=538"}],"curies":[{"name":"wp","href":"https:\/\/api.w.org\/{rel}","templated":true}]}}