{"id":534,"date":"2025-03-19T00:00:00","date_gmt":"2025-03-19T00:00:00","guid":{"rendered":"https:\/\/polscy-kierowcy.pl\/?p=534"},"modified":"2025-03-19T00:00:00","modified_gmt":"2025-03-19T00:00:00","slug":"sukienki-midi-z-paskiem-jak-stworzyc-elegancki-look","status":"publish","type":"post","link":"https:\/\/polscy-kierowcy.pl\/ro\/sukienki-midi-z-paskiem-jak-stworzyc-elegancki-look\/","title":{"rendered":"Rochii midi cu curea \u2013 cum s\u0103 creezi un look elegant?"},"content":{"rendered":"<div class=\"kk-star-ratings kksr-auto kksr-align-left kksr-valign-top\"\n    data-payload='{&quot;align&quot;:&quot;left&quot;,&quot;id&quot;:&quot;534&quot;,&quot;slug&quot;:&quot;default&quot;,&quot;valign&quot;:&quot;top&quot;,&quot;ignore&quot;:&quot;&quot;,&quot;reference&quot;:&quot;auto&quot;,&quot;class&quot;:&quot;&quot;,&quot;count&quot;:&quot;0&quot;,&quot;legendonly&quot;:&quot;&quot;,&quot;readonly&quot;:&quot;&quot;,&quot;score&quot;:&quot;0&quot;,&quot;starsonly&quot;:&quot;&quot;,&quot;best&quot;:&quot;5&quot;,&quot;gap&quot;:&quot;5&quot;,&quot;greet&quot;:&quot;&quot;,&quot;legend&quot;:&quot;0\\\/5 - (0 votes)&quot;,&quot;size&quot;:&quot;24&quot;,&quot;title&quot;:&quot;Sukienki midi z paskiem \u2013 jak stworzy\u0107 elegancki look?&quot;,&quot;width&quot;:&quot;0&quot;,&quot;_legend&quot;:&quot;{score}\\\/{best} - ({count} {votes})&quot;,&quot;font_factor&quot;:&quot;1.25&quot;}'>\n            \n<div class=\"kksr-stars\">\n    \n<div class=\"kksr-stars-inactive\">\n            <div class=\"kksr-star\" data-star=\"1\" style=\"padding-right: 5px\">\n            \n\n<div class=\"kksr-icon\" style=\"width: 24px; height: 24px;\"><\/div>\n        <\/div>\n            <div class=\"kksr-star\" data-star=\"2\" style=\"padding-right: 5px\">\n            \n\n<div class=\"kksr-icon\" style=\"width: 24px; height: 24px;\"><\/div>\n        <\/div>\n            <div class=\"kksr-star\" data-star=\"3\" style=\"padding-right: 5px\">\n            \n\n<div class=\"kksr-icon\" style=\"width: 24px; height: 24px;\"><\/div>\n        <\/div>\n            <div class=\"kksr-star\" data-star=\"4\" style=\"padding-right: 5px\">\n            \n\n<div class=\"kksr-icon\" style=\"width: 24px; height: 24px;\"><\/div>\n        <\/div>\n            <div class=\"kksr-star\" data-star=\"5\" style=\"padding-right: 5px\">\n            \n\n<div class=\"kksr-icon\" style=\"width: 24px; height: 24px;\"><\/div>\n        <\/div>\n    <\/div>\n    \n<div class=\"kksr-stars-active\" style=\"width: 0px;\">\n            <div class=\"kksr-star\" style=\"padding-right: 5px\">\n            \n\n<div class=\"kksr-icon\" style=\"width: 24px; height: 24px;\"><\/div>\n        <\/div>\n            <div class=\"kksr-star\" style=\"padding-right: 5px\">\n            \n\n<div class=\"kksr-icon\" style=\"width: 24px; height: 24px;\"><\/div>\n        <\/div>\n            <div class=\"kksr-star\" style=\"padding-right: 5px\">\n            \n\n<div class=\"kksr-icon\" style=\"width: 24px; height: 24px;\"><\/div>\n        <\/div>\n            <div class=\"kksr-star\" style=\"padding-right: 5px\">\n            \n\n<div class=\"kksr-icon\" style=\"width: 24px; height: 24px;\"><\/div>\n        <\/div>\n            <div class=\"kksr-star\" style=\"padding-right: 5px\">\n            \n\n<div class=\"kksr-icon\" style=\"width: 24px; height: 24px;\"><\/div>\n        <\/div>\n    <\/div>\n<\/div>\n                \n\n<div class=\"kksr-legend\" style=\"font-size: 19.2px;\">\n            <span class=\"kksr-muted\"><\/span>\n    <\/div>\n    <\/div>\n<p>Rochiile midi cu curea nu sunt doar una dintre cele mai elegante op\u021biuni vestimentare, ci \u0219i o modalitate de a scoate la iveal\u0103 \u00eencrederea \u00een sine \u0219i elegan\u021ba pe care fiecare femeie o poart\u0103 \u00een sine. Indiferent de perioada anului, aceste rochii pot fi cheia cre\u0103rii unor stiluri minunate care combin\u0103 clasicul cu modernitatea. Av\u00e2nd o astfel de crea\u021bie \u00een garderob\u0103, ai \u0219ansa unor combina\u021bii confortabile \u0219i \u00een acela\u0219i timp eficiente, care vor atrage aten\u021bia asupra ta \u00een fiecare situa\u021bie. \u00cen acest articol, vom analiza cum s\u0103 alegi rochiile midi perfecte cu curea, cum s\u0103 le stilizezi \u0219i pentru ce ocazii sunt potrivite. Cu aceste sfaturi, vei crea cu u\u0219urin\u021b\u0103 \u021binute uimitoare care te vor face s\u0103 ie\u0219i \u00een eviden\u021b\u0103.<\/p>\n<p>Accesoriile la mod\u0103, \u00eenc\u0103l\u021b\u0103mintea potrivit\u0103 \u0219i posibilitatea de a te juca cu culori \u0219i modele vor face din rochia ta midi cu curea punctul culminant al oric\u0103rei \u021binute. De asemenea, merit\u0103 s\u0103 fii atent\u0103 la materialele din care sunt cusute, deoarece acest lucru influen\u021beaz\u0103 nu doar confortul la purtare, ci \u0219i stilurile care pot fi create din ele. Aceste rochii pun \u00een valoare talia, iar lungimea lor le face elegante \u0219i potrivite pentru multe ocazii. De\u0219i pot p\u0103rea simple, exist\u0103 o mul\u021bime de modalit\u0103\u021bi de a le ad\u0103uga caracter \u0219i stil individual. Vezi ce op\u021biuni avem de oferit ast\u0103zi \u0219i c\u00e2t de u\u0219or este s\u0103 fii elegant\u0103 \u00een fiecare zi!<\/p>\n<h2>De ce sunt rochiile midi cu curea at\u00e2t de la mod\u0103?<\/h2>\n<p><img decoding=\"async\" alt=\"Sukienka w ciemnym kolorze z szerokimi r\u0119kawami i paskiem, z t\u0142em sklepu z mod\u0105 i dodatkami.\" src=\"https:\/\/polscy-kierowcy.pl\/wp-content\/uploads\/image9736cfb531b948b6bcd37a4e2d8e57bd.png\"\/><\/p>\n<p>Rochiile midi cu curea au c\u00e2\u0219tigat o popularitate uria\u0219\u0103 \u00een ultimele sezoane. De ce merit\u0103 s\u0103 le ai \u00een garderob\u0103? Iat\u0103 c\u00e2\u021biva factori care le dovedesc unicitatea:<\/p>\n<ul>\n<li><strong>Versatilitate:<\/strong> Pot fi purtate at\u00e2t zilnic, c\u00e2t \u0219i la ocazii speciale, ceea ce le face extrem de practice.<\/li>\n<li><strong>Accentuarea siluetei:<\/strong> Curelele ajut\u0103 la accentuarea taliei, ceea ce adaug\u0103 feminitate \u0219i atractivitate.<\/li>\n<li><strong>Varietate de modele \u0219i culori:<\/strong> Aceste rochii sunt disponibile \u00eentr-o varietate de stiluri, permi\u021b\u00e2ndu-v\u0103 s\u0103 le personaliza\u021bi dup\u0103 propriile preferin\u021be.<\/li>\n<\/ul>\n<h2>Cum s\u0103 alegi rochia midi cu curea perfect\u0103?<\/h2>\n<p><img decoding=\"async\" alt=\"M\u0142oda kobieta w paskowanej sukience spaceruje po ulicy, trzymaj\u0105c czerwon\u0105 torebk\u0119. W tle kawiarnie.\" src=\"https:\/\/polscy-kierowcy.pl\/wp-content\/uploads\/imagef741e3c7892f4005b73125082ae00a0d.png\"\/><\/p>\n<p>Alegerea rochiei midi potrivite cu curea poate fi o provocare, dar merit\u0103 s\u0103 \u0219tii la ce s\u0103 fii atent. \u00cen primul r\u00e2nd, este important s\u0103-\u021bi \u00een\u021belegi tipul de corp. Rochiile midi cu curea pot fi perfecte pentru o varietate de siluete, dar este important s\u0103 alegi un stil care s\u0103-\u021bi pun\u0103 \u00een valoare atuurile siluetei. De exemplu, femeile cu \u0219olduri mai late pot opta pentru rochii decupate \u00een talie, \u00een timp ce femeile cu forme propor\u021bionate vor ar\u0103ta grozav \u00een croieli mai lejere. De asemenea, ia \u00een considerare ce culori \u0219i modele se potrivesc tenului \u0219i stilului t\u0103u de via\u021b\u0103.<\/p>\n<p>Atunci c\u00e2nd alege\u021bi culoarea unei rochii midi cu curea, merit\u0103 s\u0103 urma\u021bi c\u00e2teva reguli:<\/p>\n<ul>\n<li><strong>Nuan\u021be mai \u00eenchise:<\/strong> Acestea sub\u021biaz\u0103 optic silueta, ceea ce reprezint\u0103 un avantaj pentru multe femei.<\/li>\n<li><strong>Culori deschise:<\/strong> Acestea adaug\u0103 prospe\u021bime \u0219i lejeritate, ceea ce face \u021binuta mai vesel\u0103.<\/li>\n<li><strong>Modele:<\/strong> Flori, dungi sau buline? Fiecare model poate ad\u0103uga caracter, dar nu uita s\u0103 nu exagerezi cu cantitatea.<\/li>\n<\/ul>\n<h2>Cum s\u0103 asortezi o rochie midi cu o curea?<\/h2>\n<p>Asortarea unei rochii midi cu o curea este esen\u021bial\u0103 pentru ob\u021binerea unui look elegant. Fiecare detaliu, de la \u00eenc\u0103l\u021b\u0103minte la accesorii, conteaz\u0103. Atunci c\u00e2nd alegi \u00eenc\u0103l\u021b\u0103minte, merit\u0103 s\u0103 optezi pentru tocuri \u00eenalte elegante, care \u00ee\u021bi vor lungi picioarele \u0219i vor ad\u0103uga clas\u0103. Alternativ, dac\u0103 preferi confortul, balerinii sau teni\u0219ii elegan\u021bi pot fi o op\u021biune excelent\u0103. Accesorii precum bijuterii, gen\u021bi de m\u00e2n\u0103 sau curele pot schimba complet caracterul stilului t\u0103u. \u00cencearc\u0103 s\u0103 faci accesoriile \u00een concordan\u021b\u0103 cu ansamblul, dar s\u0103 \u00ee\u021bi permit\u0103 \u0219i s\u0103 te exprimi. Cu combina\u021biile potrivite, po\u021bi crea cu u\u0219urin\u021b\u0103 un look unic, chiar \u0219i cu o singur\u0103 rochie midi.<\/p>\n<table border=\"1\">\n<tr>\n<th>Stiluri<\/th>\n<th>\u00cenc\u0103l\u0163\u0103minte<\/th>\n<th>Extrasuri<\/th>\n<\/tr>\n<tr>\n<td>Rochie floral\u0103<\/td>\n<td>Tocuri \u00eenalte<\/td>\n<td>Geant\u0103 minimalist\u0103<\/td>\n<\/tr>\n<tr>\n<td>Negru clasic<\/td>\n<td>Tocuri \u00eenalte ro\u0219ii<\/td>\n<td>Cercei etnici<\/td>\n<\/tr>\n<tr>\n<td>Rochie cu dungi<\/td>\n<td>Adida\u0219i sport<\/td>\n<td>Geant\u0103 mare cu oglind\u0103<\/td>\n<\/tr>\n<\/table>\n<h2>Ocazii pentru a purta rochii midi cu curea<\/h2>\n<p>Rochiile midi cu curea sunt incredibil de versatile \u0219i pot fi purtate \u00een multe ocazii. Iat\u0103 c\u00e2teva dintre ele:<\/p>\n<ul>\n<li><strong>Evenimente formale:<\/strong> Perfecte pentru nun\u021bi, banchete sau \u00eent\u00e2lniri de afaceri. Aceste rochii adaug\u0103 elegan\u021b\u0103 \u0219i clas\u0103.<\/li>\n<li><strong>Stiluri de zi cu zi:<\/strong> Perfect pentru cump\u0103r\u0103turi, \u00eent\u00e2lniri cu prietenii sau pentru serviciu.<\/li>\n<li><strong>Evenimente familiale:<\/strong> Sunt perfecte \u0219i pentru zile de na\u0219tere sau petreceri cu cei mai apropia\u021bi prieteni.<\/li>\n<\/ul>\n<h2>Rezumat<\/h2>\n<p>Rochiile midi cu curea sunt absolut obligatorii \u00een garderoba oric\u0103rei femei. Datorit\u0103 versatilit\u0103\u021bii lor \u0219i posibilit\u0103\u021bii de a se potrivi cu diverse stiluri, po\u021bi crea numeroase \u021binute elegante \u0219i la mod\u0103 pentru diferite ocazii. Nu uita s\u0103 alegi rochii potrivite siluetei \u0219i stilului t\u0103u de via\u021b\u0103. Joac\u0103-te cu culorile \u0219i accesoriile pentru a-\u021bi exprima pe deplin personalitatea \u0219i a ie\u0219i \u00een eviden\u021b\u0103 la fiecare eveniment. Rochiile midi cu curea nu sunt doar articole de \u00eembr\u0103c\u0103minte, ci \u0219i o modalitate de a te ar\u0103ta pe tine \u0219i stilul t\u0103u unic.<\/p>\n<h2>\u00centreb\u0103ri frecvente<\/h2>\n<ul>\n<li><strong>Ce pantofi se potrivesc cu rochiile midi cu curea?<\/strong> Cea mai bun\u0103 alegere vor fi tocurile \u00eenalte, balerinii sau teni\u0219ii elegan\u021bi, \u00een func\u021bie de stilul t\u0103u.<\/li>\n<li><strong>Sunt rochiile midi cu curea potrivite pentru ocazii formale?<\/strong> Da, rochiile midi cu curea pot fi foarte elegante \u0219i potrivite pentru nun\u021bi sau alte evenimente formale.<\/li>\n<li><strong>Ce culori de rochii midi cu curea sunt la mod\u0103?<\/strong> Nuan\u021bele \u00eenchise, culorile pastelate \u0219i modelele florale sunt la mod\u0103 \u00een prezent.<\/li>\n<li><strong>Bretelele unei rochii midi trebuie s\u0103 fie contrastante?<\/strong> Nu, curelele pot fi de aceea\u0219i culoare cu rochia, ceea ce va crea un ansamblu coerent \u0219i elegant.<\/li>\n<\/ul>","protected":false},"excerpt":{"rendered":"<p>Sukienki midi z paskiem to nie tylko jedna z najbardziej stylowych opcji odzie\u017cowych, ale r\u00f3wnie\u017c spos\u00f3b na wydobycie z siebie pewno\u015bci siebie i elegancji, kt\u00f3re ka\u017cda kobieta w sobie nosi. Niezale\u017cnie od okresu roku, sukienki te mog\u0105 by\u0107 kluczem do tworzenia wspania\u0142ych stylizacji, kt\u00f3re \u0142\u0105cz\u0105 w sobie klasyk\u0119 z nowoczesno\u015bci\u0105. Posiadaj\u0105c tak\u0105 kreacj\u0119 w swojej [&hellip;]<\/p>","protected":false},"author":1,"featured_media":502,"comment_status":"closed","ping_status":"closed","sticky":false,"template":"","format":"standard","meta":{"_acf_changed":false,"footnotes":""},"categories":[1],"tags":[],"class_list":["post-534","post","type-post","status-publish","format-standard","has-post-thumbnail","hentry","category-blog"],"acf":[],"yoast_head":"<!-- This site is optimized with the Yoast SEO plugin v23.2 - https:\/\/yoast.com\/wordpress\/plugins\/seo\/ -->\n<title>Sukienki midi z paskiem \u2013 jak stworzy\u0107 elegancki look?<\/title>\n<meta name=\"description\" content=\"Odkryj, jak stylizowa\u0107 sukienki midi z paskiem, aby stworzy\u0107 elegancki look na ka\u017cd\u0105 okazj\u0119. Inspiracje i porady czekaj\u0105!\" \/>\n<meta name=\"robots\" content=\"index, follow, max-snippet:-1, max-image-preview:large, max-video-preview:-1\" \/>\n<link rel=\"canonical\" href=\"https:\/\/polscy-kierowcy.pl\/ro\/sukienki-midi-z-paskiem-jak-stworzyc-elegancki-look\/\" \/>\n<meta property=\"og:locale\" content=\"ro_RO\" \/>\n<meta property=\"og:type\" content=\"article\" \/>\n<meta property=\"og:title\" content=\"Sukienki midi z paskiem \u2013 jak stworzy\u0107 elegancki look?\" \/>\n<meta property=\"og:description\" content=\"Odkryj, jak stylizowa\u0107 sukienki midi z paskiem, aby stworzy\u0107 elegancki look na ka\u017cd\u0105 okazj\u0119. Inspiracje i porady czekaj\u0105!\" \/>\n<meta property=\"og:url\" content=\"https:\/\/polscy-kierowcy.pl\/ro\/sukienki-midi-z-paskiem-jak-stworzyc-elegancki-look\/\" \/>\n<meta property=\"og:site_name\" content=\"polscy-kierowcy.pl\" \/>\n<meta property=\"article:published_time\" content=\"2025-03-19T00:00:00+00:00\" \/>\n<meta property=\"og:image\" content=\"https:\/\/polscy-kierowcy.pl\/wp-content\/uploads\/image8f21a17caee045b2b67d4d1bf1b965ec.png\" \/>\n\t<meta property=\"og:image:width\" content=\"1024\" \/>\n\t<meta property=\"og:image:height\" content=\"768\" \/>\n\t<meta property=\"og:image:type\" content=\"image\/png\" \/>\n<meta name=\"author\" content=\"Paulina Kruk\" \/>\n<meta name=\"twitter:card\" content=\"summary_large_image\" \/>\n<meta name=\"twitter:label1\" content=\"Scris de\" \/>\n\t<meta name=\"twitter:data1\" content=\"Paulina Kruk\" \/>\n\t<meta name=\"twitter:label2\" content=\"Timp estimat pentru citire\" \/>\n\t<meta name=\"twitter:data2\" content=\"4 minute\" \/>\n<script type=\"application\/ld+json\" class=\"yoast-schema-graph\">{\"@context\":\"https:\/\/schema.org\",\"@graph\":[{\"@type\":\"WebPage\",\"@id\":\"https:\/\/polscy-kierowcy.pl\/sukienki-midi-z-paskiem-jak-stworzyc-elegancki-look\/\",\"url\":\"https:\/\/polscy-kierowcy.pl\/sukienki-midi-z-paskiem-jak-stworzyc-elegancki-look\/\",\"name\":\"Sukienki midi z paskiem \u2013 jak stworzy\u0107 elegancki look?\",\"isPartOf\":{\"@id\":\"https:\/\/polscy-kierowcy.pl\/#website\"},\"primaryImageOfPage\":{\"@id\":\"https:\/\/polscy-kierowcy.pl\/sukienki-midi-z-paskiem-jak-stworzyc-elegancki-look\/#primaryimage\"},\"image\":{\"@id\":\"https:\/\/polscy-kierowcy.pl\/sukienki-midi-z-paskiem-jak-stworzyc-elegancki-look\/#primaryimage\"},\"thumbnailUrl\":\"https:\/\/polscy-kierowcy.pl\/wp-content\/uploads\/image8f21a17caee045b2b67d4d1bf1b965ec.png\",\"datePublished\":\"2025-03-19T00:00:00+00:00\",\"dateModified\":\"2025-03-19T00:00:00+00:00\",\"author\":{\"@id\":\"https:\/\/polscy-kierowcy.pl\/#\/schema\/person\/66f7250202134445459bce344c706e46\"},\"description\":\"Odkryj, jak stylizowa\u0107 sukienki midi z paskiem, aby stworzy\u0107 elegancki look na ka\u017cd\u0105 okazj\u0119. Inspiracje i porady czekaj\u0105!\",\"breadcrumb\":{\"@id\":\"https:\/\/polscy-kierowcy.pl\/sukienki-midi-z-paskiem-jak-stworzyc-elegancki-look\/#breadcrumb\"},\"inLanguage\":\"ro-RO\",\"potentialAction\":[{\"@type\":\"ReadAction\",\"target\":[\"https:\/\/polscy-kierowcy.pl\/sukienki-midi-z-paskiem-jak-stworzyc-elegancki-look\/\"]}]},{\"@type\":\"ImageObject\",\"inLanguage\":\"ro-RO\",\"@id\":\"https:\/\/polscy-kierowcy.pl\/sukienki-midi-z-paskiem-jak-stworzyc-elegancki-look\/#primaryimage\",\"url\":\"https:\/\/polscy-kierowcy.pl\/wp-content\/uploads\/image8f21a17caee045b2b67d4d1bf1b965ec.png\",\"contentUrl\":\"https:\/\/polscy-kierowcy.pl\/wp-content\/uploads\/image8f21a17caee045b2b67d4d1bf1b965ec.png\",\"width\":1024,\"height\":768},{\"@type\":\"BreadcrumbList\",\"@id\":\"https:\/\/polscy-kierowcy.pl\/sukienki-midi-z-paskiem-jak-stworzyc-elegancki-look\/#breadcrumb\",\"itemListElement\":[{\"@type\":\"ListItem\",\"position\":1,\"name\":\"Home\",\"item\":\"https:\/\/polscy-kierowcy.pl\/\"},{\"@type\":\"ListItem\",\"position\":2,\"name\":\"Sukienki midi z paskiem \u2013 jak stworzy\u0107 elegancki look?\"}]},{\"@type\":\"WebSite\",\"@id\":\"https:\/\/polscy-kierowcy.pl\/#website\",\"url\":\"https:\/\/polscy-kierowcy.pl\/\",\"name\":\"polscy-kierowcy.pl\",\"description\":\"Tureckie sukienki: pi\u0119kno w tradycji.\",\"potentialAction\":[{\"@type\":\"SearchAction\",\"target\":{\"@type\":\"EntryPoint\",\"urlTemplate\":\"https:\/\/polscy-kierowcy.pl\/?s={search_term_string}\"},\"query-input\":\"required name=search_term_string\"}],\"inLanguage\":\"ro-RO\"},{\"@type\":\"Person\",\"@id\":\"https:\/\/polscy-kierowcy.pl\/#\/schema\/person\/66f7250202134445459bce344c706e46\",\"name\":\"Paulina Kruk\",\"image\":{\"@type\":\"ImageObject\",\"inLanguage\":\"ro-RO\",\"@id\":\"https:\/\/polscy-kierowcy.pl\/#\/schema\/person\/image\/\",\"url\":\"https:\/\/polscy-kierowcy.pl\/wp-content\/uploads\/ivyzxaomvy6_ad_avatar-96x96.jpg\",\"contentUrl\":\"https:\/\/polscy-kierowcy.pl\/wp-content\/uploads\/ivyzxaomvy6_ad_avatar-96x96.jpg\",\"caption\":\"Paulina Kruk\"},\"description\":\"Paulina Kruk to do\u015bwiadczona specjalistka w dziedzinie mody, prowadz\u0105ca w\u0142asny sklep odzie\u017cowy w Pilaszkowie. Jej pasja do mody i zaanga\u017cowanie w bran\u017cy odzie\u017cowej pozwalaj\u0105 jej na tworzenie unikatowych stylizacji, kt\u00f3re \u0142\u0105cz\u0105 elegancj\u0119 z codziennym komfortem.\",\"url\":\"https:\/\/polscy-kierowcy.pl\/ro\/author\/paulina-kruk\/\"}]}<\/script>\n<!-- \/ Yoast SEO plugin. -->","yoast_head_json":{"title":"Sukienki midi z paskiem \u2013 jak stworzy\u0107 elegancki look?","description":"Odkryj, jak stylizowa\u0107 sukienki midi z paskiem, aby stworzy\u0107 elegancki look na ka\u017cd\u0105 okazj\u0119. Inspiracje i porady czekaj\u0105!","robots":{"index":"index","follow":"follow","max-snippet":"max-snippet:-1","max-image-preview":"max-image-preview:large","max-video-preview":"max-video-preview:-1"},"canonical":"https:\/\/polscy-kierowcy.pl\/ro\/sukienki-midi-z-paskiem-jak-stworzyc-elegancki-look\/","og_locale":"ro_RO","og_type":"article","og_title":"Sukienki midi z paskiem \u2013 jak stworzy\u0107 elegancki look?","og_description":"Odkryj, jak stylizowa\u0107 sukienki midi z paskiem, aby stworzy\u0107 elegancki look na ka\u017cd\u0105 okazj\u0119. Inspiracje i porady czekaj\u0105!","og_url":"https:\/\/polscy-kierowcy.pl\/ro\/sukienki-midi-z-paskiem-jak-stworzyc-elegancki-look\/","og_site_name":"polscy-kierowcy.pl","article_published_time":"2025-03-19T00:00:00+00:00","og_image":[{"width":1024,"height":768,"url":"https:\/\/polscy-kierowcy.pl\/wp-content\/uploads\/image8f21a17caee045b2b67d4d1bf1b965ec.png","type":"image\/png"}],"author":"Paulina Kruk","twitter_card":"summary_large_image","twitter_misc":{"Scris de":"Paulina Kruk","Timp estimat pentru citire":"4 minute"},"schema":{"@context":"https:\/\/schema.org","@graph":[{"@type":"WebPage","@id":"https:\/\/polscy-kierowcy.pl\/sukienki-midi-z-paskiem-jak-stworzyc-elegancki-look\/","url":"https:\/\/polscy-kierowcy.pl\/sukienki-midi-z-paskiem-jak-stworzyc-elegancki-look\/","name":"Sukienki midi z paskiem \u2013 jak stworzy\u0107 elegancki look?","isPartOf":{"@id":"https:\/\/polscy-kierowcy.pl\/#website"},"primaryImageOfPage":{"@id":"https:\/\/polscy-kierowcy.pl\/sukienki-midi-z-paskiem-jak-stworzyc-elegancki-look\/#primaryimage"},"image":{"@id":"https:\/\/polscy-kierowcy.pl\/sukienki-midi-z-paskiem-jak-stworzyc-elegancki-look\/#primaryimage"},"thumbnailUrl":"https:\/\/polscy-kierowcy.pl\/wp-content\/uploads\/image8f21a17caee045b2b67d4d1bf1b965ec.png","datePublished":"2025-03-19T00:00:00+00:00","dateModified":"2025-03-19T00:00:00+00:00","author":{"@id":"https:\/\/polscy-kierowcy.pl\/#\/schema\/person\/66f7250202134445459bce344c706e46"},"description":"Odkryj, jak stylizowa\u0107 sukienki midi z paskiem, aby stworzy\u0107 elegancki look na ka\u017cd\u0105 okazj\u0119. Inspiracje i porady czekaj\u0105!","breadcrumb":{"@id":"https:\/\/polscy-kierowcy.pl\/sukienki-midi-z-paskiem-jak-stworzyc-elegancki-look\/#breadcrumb"},"inLanguage":"ro-RO","potentialAction":[{"@type":"ReadAction","target":["https:\/\/polscy-kierowcy.pl\/sukienki-midi-z-paskiem-jak-stworzyc-elegancki-look\/"]}]},{"@type":"ImageObject","inLanguage":"ro-RO","@id":"https:\/\/polscy-kierowcy.pl\/sukienki-midi-z-paskiem-jak-stworzyc-elegancki-look\/#primaryimage","url":"https:\/\/polscy-kierowcy.pl\/wp-content\/uploads\/image8f21a17caee045b2b67d4d1bf1b965ec.png","contentUrl":"https:\/\/polscy-kierowcy.pl\/wp-content\/uploads\/image8f21a17caee045b2b67d4d1bf1b965ec.png","width":1024,"height":768},{"@type":"BreadcrumbList","@id":"https:\/\/polscy-kierowcy.pl\/sukienki-midi-z-paskiem-jak-stworzyc-elegancki-look\/#breadcrumb","itemListElement":[{"@type":"ListItem","position":1,"name":"Home","item":"https:\/\/polscy-kierowcy.pl\/"},{"@type":"ListItem","position":2,"name":"Sukienki midi z paskiem \u2013 jak stworzy\u0107 elegancki look?"}]},{"@type":"WebSite","@id":"https:\/\/polscy-kierowcy.pl\/#website","url":"https:\/\/polscy-kierowcy.pl\/","name":"polscy-kierowcy.pl","description":"Tureckie sukienki: pi\u0119kno w tradycji.","potentialAction":[{"@type":"SearchAction","target":{"@type":"EntryPoint","urlTemplate":"https:\/\/polscy-kierowcy.pl\/?s={search_term_string}"},"query-input":"required name=search_term_string"}],"inLanguage":"ro-RO"},{"@type":"Person","@id":"https:\/\/polscy-kierowcy.pl\/#\/schema\/person\/66f7250202134445459bce344c706e46","name":"Paulina Kruk","image":{"@type":"ImageObject","inLanguage":"ro-RO","@id":"https:\/\/polscy-kierowcy.pl\/#\/schema\/person\/image\/","url":"https:\/\/polscy-kierowcy.pl\/wp-content\/uploads\/ivyzxaomvy6_ad_avatar-96x96.jpg","contentUrl":"https:\/\/polscy-kierowcy.pl\/wp-content\/uploads\/ivyzxaomvy6_ad_avatar-96x96.jpg","caption":"Paulina Kruk"},"description":"Paulina Kruk to do\u015bwiadczona specjalistka w dziedzinie mody, prowadz\u0105ca w\u0142asny sklep odzie\u017cowy w Pilaszkowie. Jej pasja do mody i zaanga\u017cowanie w bran\u017cy odzie\u017cowej pozwalaj\u0105 jej na tworzenie unikatowych stylizacji, kt\u00f3re \u0142\u0105cz\u0105 elegancj\u0119 z codziennym komfortem.","url":"https:\/\/polscy-kierowcy.pl\/ro\/author\/paulina-kruk\/"}]}},"yoast_meta":{"yoast_wpseo_title":"","yoast_wpseo_metadesc":"","yoast_wpseo_canonical":"https:\/\/polscy-kierowcy.pl\/ro\/wp-json\/wp\/v2\/posts\/534"},"_links":{"self":[{"href":"https:\/\/polscy-kierowcy.pl\/ro\/wp-json\/wp\/v2\/posts\/534"}],"collection":[{"href":"https:\/\/polscy-kierowcy.pl\/ro\/wp-json\/wp\/v2\/posts"}],"about":[{"href":"https:\/\/polscy-kierowcy.pl\/ro\/wp-json\/wp\/v2\/types\/post"}],"author":[{"embeddable":true,"href":"https:\/\/polscy-kierowcy.pl\/ro\/wp-json\/wp\/v2\/users\/1"}],"replies":[{"embeddable":true,"href":"https:\/\/polscy-kierowcy.pl\/ro\/wp-json\/wp\/v2\/comments?post=534"}],"version-history":[{"count":1,"href":"https:\/\/polscy-kierowcy.pl\/ro\/wp-json\/wp\/v2\/posts\/534\/revisions"}],"predecessor-version":[{"id":546,"href":"https:\/\/polscy-kierowcy.pl\/ro\/wp-json\/wp\/v2\/posts\/534\/revisions\/546"}],"wp:featuredmedia":[{"embeddable":true,"href":"https:\/\/polscy-kierowcy.pl\/ro\/wp-json\/wp\/v2\/media\/502"}],"wp:attachment":[{"href":"https:\/\/polscy-kierowcy.pl\/ro\/wp-json\/wp\/v2\/media?parent=534"}],"wp:term":[{"taxonomy":"category","embeddable":true,"href":"https:\/\/polscy-kierowcy.pl\/ro\/wp-json\/wp\/v2\/categories?post=534"},{"taxonomy":"post_tag","embeddable":true,"href":"https:\/\/polscy-kierowcy.pl\/ro\/wp-json\/wp\/v2\/tags?post=534"}],"curies":[{"name":"wp","href":"https:\/\/api.w.org\/{rel}","templated":true}]}}