{"id":451,"date":"2025-02-22T00:00:00","date_gmt":"2025-02-22T00:00:00","guid":{"rendered":"https:\/\/polscy-kierowcy.pl\/?p=451"},"modified":"2025-02-25T13:00:07","modified_gmt":"2025-02-25T13:00:07","slug":"marynarki-damskie-w-dobie-mody-zrownowazonej","status":"publish","type":"post","link":"https:\/\/polscy-kierowcy.pl\/ro\/marynarki-damskie-w-dobie-mody-zrownowazonej\/","title":{"rendered":"Jachete pentru femei \u00een era modei sustenabile"},"content":{"rendered":"<div class=\"kk-star-ratings kksr-auto kksr-align-left kksr-valign-top\"\n    data-payload='{&quot;align&quot;:&quot;left&quot;,&quot;id&quot;:&quot;451&quot;,&quot;slug&quot;:&quot;default&quot;,&quot;valign&quot;:&quot;top&quot;,&quot;ignore&quot;:&quot;&quot;,&quot;reference&quot;:&quot;auto&quot;,&quot;class&quot;:&quot;&quot;,&quot;count&quot;:&quot;0&quot;,&quot;legendonly&quot;:&quot;&quot;,&quot;readonly&quot;:&quot;&quot;,&quot;score&quot;:&quot;0&quot;,&quot;starsonly&quot;:&quot;&quot;,&quot;best&quot;:&quot;5&quot;,&quot;gap&quot;:&quot;5&quot;,&quot;greet&quot;:&quot;&quot;,&quot;legend&quot;:&quot;0\\\/5 - (0 votes)&quot;,&quot;size&quot;:&quot;24&quot;,&quot;title&quot;:&quot;Marynarki damskie w dobie mody zr\u00f3wnowa\u017conej&quot;,&quot;width&quot;:&quot;0&quot;,&quot;_legend&quot;:&quot;{score}\\\/{best} - ({count} {votes})&quot;,&quot;font_factor&quot;:&quot;1.25&quot;}'>\n            \n<div class=\"kksr-stars\">\n    \n<div class=\"kksr-stars-inactive\">\n            <div class=\"kksr-star\" data-star=\"1\" style=\"padding-right: 5px\">\n            \n\n<div class=\"kksr-icon\" style=\"width: 24px; height: 24px;\"><\/div>\n        <\/div>\n            <div class=\"kksr-star\" data-star=\"2\" style=\"padding-right: 5px\">\n            \n\n<div class=\"kksr-icon\" style=\"width: 24px; height: 24px;\"><\/div>\n        <\/div>\n            <div class=\"kksr-star\" data-star=\"3\" style=\"padding-right: 5px\">\n            \n\n<div class=\"kksr-icon\" style=\"width: 24px; height: 24px;\"><\/div>\n        <\/div>\n            <div class=\"kksr-star\" data-star=\"4\" style=\"padding-right: 5px\">\n            \n\n<div class=\"kksr-icon\" style=\"width: 24px; height: 24px;\"><\/div>\n        <\/div>\n            <div class=\"kksr-star\" data-star=\"5\" style=\"padding-right: 5px\">\n            \n\n<div class=\"kksr-icon\" style=\"width: 24px; height: 24px;\"><\/div>\n        <\/div>\n    <\/div>\n    \n<div class=\"kksr-stars-active\" style=\"width: 0px;\">\n            <div class=\"kksr-star\" style=\"padding-right: 5px\">\n            \n\n<div class=\"kksr-icon\" style=\"width: 24px; height: 24px;\"><\/div>\n        <\/div>\n            <div class=\"kksr-star\" style=\"padding-right: 5px\">\n            \n\n<div class=\"kksr-icon\" style=\"width: 24px; height: 24px;\"><\/div>\n        <\/div>\n            <div class=\"kksr-star\" style=\"padding-right: 5px\">\n            \n\n<div class=\"kksr-icon\" style=\"width: 24px; height: 24px;\"><\/div>\n        <\/div>\n            <div class=\"kksr-star\" style=\"padding-right: 5px\">\n            \n\n<div class=\"kksr-icon\" style=\"width: 24px; height: 24px;\"><\/div>\n        <\/div>\n            <div class=\"kksr-star\" style=\"padding-right: 5px\">\n            \n\n<div class=\"kksr-icon\" style=\"width: 24px; height: 24px;\"><\/div>\n        <\/div>\n    <\/div>\n<\/div>\n                \n\n<div class=\"kksr-legend\" style=\"font-size: 19.2px;\">\n            <span class=\"kksr-muted\"><\/span>\n    <\/div>\n    <\/div>\n<p>Moda sustenabil\u0103 c\u00e2\u0219tig\u0103 teren, fiind caracterizat\u0103 nu doar de estetic\u0103, ci \u0219i de responsabilitatea fa\u021b\u0103 de mediu. \u00cen via\u021ba de zi cu zi, tot mai mul\u021bi oameni \u00eencep s\u0103 vad\u0103 importan\u021ba alegerii con\u0219tiente a hainelor. \u00cen acest val tot mai mare de g\u00e2ndire despre ecologie, sacourile pentru femei devin nu doar un accent la mod\u0103, ci \u0219i un simbol al schimb\u0103rii. Acestea combin\u0103 elegan\u021ba cu func\u021bionalitatea, f\u0103c\u00e2ndu-le un element esen\u021bial al fiec\u0103rei garderobe. Ast\u0103zi vom analiza mai \u00eendeaproape acest domeniu fascinant al modei, descoperindu-i istoria, impactul asupra mediului \u0219i sfaturi practice de stilizare.<\/p>\n<h2>Istoria jachetelor pentru femei<\/h2>\n<p><img decoding=\"async\" alt=\"Na stole le\u017c\u0105 kolorowe tkaniny w jasnych odcieniach, a w tle widoczna jest manekina i ro\u015bliny.\" src=\"https:\/\/polscy-kierowcy.pl\/wp-content\/uploads\/image986ef6fc62df4734b3da2aeb49752ab8.png\"\/><\/p>\n<p>Sacourile feminine au o istorie lung\u0103 \u0219i bogat\u0103, care dateaz\u0103 din perioada \u00een care erau rezervate b\u0103rba\u021bilor. De-a lungul anilor, designerii au \u00eenceput s\u0103 recunoasc\u0103 poten\u021bialul lor \u00een moda feminin\u0103. Ast\u0103zi, sacourile sunt v\u0103zute ca un element de leg\u0103tur\u0103 \u00eentre diferite stiluri \u0219i abord\u0103ri vestimentare. Evolu\u021bia lor este un exemplu interesant de schimb\u0103ri culturale \u0219i adapt\u0103ri ale normelor societale de gen. Indiferent de situa\u021bie, un sacou este o alegere versatil\u0103 pentru multe ocazii.<\/p>\n<h3> Motivele popularit\u0103\u021bii jachetelor<\/h3>\n<p>Exist\u0103 multe motive pentru care sacourile au devenit o parte integrant\u0103 a garderobei noastre. Iat\u0103 c\u00e2teva dintre ele:<\/p>\n<ul>\n<li>Versatilitate: Jachetele se potrivesc bine at\u00e2t \u00een stiluri formale, c\u00e2t \u0219i informale.<\/li>\n<li>Aspect clasic: C\u00e2nd nu \u0219tii ce s\u0103 por\u021bi, un blazer este \u00eentotdeauna o idee bun\u0103.<\/li>\n<li>Posibilitate de personalizare: Pot fi combinate cu diferite elemente vestimentare, permi\u021b\u00e2ndu-v\u0103 s\u0103 crea\u021bi stiluri unice.<\/li>\n<\/ul>\n<h2>Cum influen\u021beaz\u0103 moda sustenabil\u0103 designul jachetelor<\/h2>\n<p><img decoding=\"async\" alt=\"Grupa pi\u0119ciu kobiet w kolorowych marynarkach rozmawia w przytulnej kawiarni, otoczonej ro\u015blinami.\" src=\"https:\/\/polscy-kierowcy.pl\/wp-content\/uploads\/image3047e16f716347589491449d0d745f20.png\"\/><\/p>\n<p>Noile reguli de design vestimentar sunt \u00een concordan\u021b\u0103 cu ideea de mod\u0103 sustenabil\u0103. Multe companii de mod\u0103 opteaz\u0103 pentru abord\u0103ri inovatoare de produc\u021bie pentru a minimiza impactul asupra mediului. \u00cen contextul jachetelor pentru femei, este important s\u0103 le alegem pe cele fabricate din materiale prietenoase cu planeta noastr\u0103.<\/p>\n<h3>Materiale ecologice \u0219i utilizarea lor<\/h3>\n<p>Materialele folosite pentru confec\u021bionarea jachetelor devin mai mult dec\u00e2t simple \u021bes\u0103turi. Iat\u0103 cele mai populare:<\/p>\n<ul>\n<li>Bumbac organic: cultivat f\u0103r\u0103 pesticide, ecologic.<\/li>\n<li>Materiale reciclate: Fabricate din materiale reciclate care reduc de\u0219eurile.<\/li>\n<li>Inul \u0219i c\u00e2nepa: fibre naturale care necesit\u0103 mai pu\u021bin\u0103 ap\u0103 \u0219i pesticide.<\/li>\n<\/ul>\n<h2>Modele de jachete \u00een spiritul modei sustenabile<\/h2>\n<p>Sacourile pentru femei ofer\u0103 numeroase op\u021biuni de stil care pot fi adaptate la diferite ocazii. \u00cen func\u021bie de preferin\u021be \u0219i context, un sacou poate c\u0103p\u0103ta o varietate de expresii. Iat\u0103 c\u00e2teva inspira\u021bii pentru combinarea sacourilor cu alte articole vestimentare.<\/p>\n<h3>Stilizare zilnic\u0103<\/h3>\n<p>Pentru a crea un look casual, dar elegant, de zi cu zi, merit\u0103 s\u0103 combini un blazer cu un tricou simplu \u0219i ni\u0219te blugi. Cu aceast\u0103 combina\u021bie, putem crea un stil elegant, dar confortabil, perfect pentru o plimbare sau o \u00eent\u00e2lnire cu prietenii.<\/p>\n<h3>Elegan\u021b\u0103 \u00een afaceri<\/h3>\n<p>Pentru cei care lucreaz\u0103 la birou, un sacou poate fi un element cheie al unei imagini profesionale. Tabelul de mai jos prezint\u0103 c\u00e2teva sugestii de stil business:<\/p>\n<table border=\"1\">\n<tr>\n<th>Elemente<\/th>\n<th>Stilizare<\/th>\n<\/tr>\n<tr>\n<td>Jachet\u0103 clasic\u0103<\/td>\n<td>Pantaloni plisa\u021bi sau o fust\u0103 creion<\/td>\n<\/tr>\n<tr>\n<td>Jachet\u0103 supradimensionat\u0103<\/td>\n<td>Blugi \u0219i bluz\u0103<\/td>\n<\/tr>\n<tr>\n<td>Jachet\u0103 imprimat\u0103<\/td>\n<td>Rochie simpl\u0103<\/td>\n<\/tr>\n<\/table>\n<h2>Branduri unice axate pe mod\u0103 sustenabil\u0103<\/h2>\n<p>Odat\u0103 cu cre\u0219terea popularit\u0103\u021bii modei sustenabile, tot mai multe m\u0103rci care ofer\u0103 jachete unice apar pe pia\u021b\u0103. Merit\u0103 s\u0103 arunc\u0103m o privire la cele care se remarc\u0103 prin abordarea lor ecologic\u0103 a produc\u021biei.<\/p>\n<h3>Exemple de m\u0103rci celebre<\/h3>\n<ul>\n<li>Reformation: Un brand cunoscut pentru abordarea sa inovatoare a modei sustenabile, oferind o gam\u0103 larg\u0103 de jachete.<\/li>\n<li>People Tree: Cunoscut pentru produc\u021bia etic\u0103 \u0219i transparen\u021ba lan\u021bului de aprovizionare.<\/li>\n<\/ul>\n<h2>Rezumat<\/h2>\n<p>Sacourile pentru femei \u00een era modei sustenabile devin nu doar o alegere elegant\u0103, ci \u0219i o alegere con\u0219tient\u0103. Pe m\u0103sur\u0103 ce con\u0219tientizarea ecologic\u0103 cre\u0219te, designerii \u0219i consumatorii acord\u0103 mai mult\u0103 aten\u021bie modului \u00een care sunt produse hainele. V\u0103 \u00eencuraj\u0103m s\u0103 v\u0103 extinde\u021bi constant cuno\u0219tin\u021bele despre moda sustenabil\u0103 \u0219i s\u0103 face\u021bi alegeri con\u0219tiente. Aleg\u00e2nd sacouri confec\u021bionate din materiale ecologice, nu numai c\u0103 ar\u0103ta\u021bi la mod\u0103, dar contribui\u021bi \u0219i la protejarea planetei noastre.<\/p>\n<h2>FAQ<\/h2>\n<ul>\n<li><strong>Ce materiale sunt cele mai bune pentru moda sustenabil\u0103?<\/strong>Bumbac organic.<br \/>Materiale reciclate.<br \/>In \u0219i c\u00e2nep\u0103. <\/li>\n<li><strong>Exist\u0103 m\u0103rci specializate \u00een produc\u021bia sustenabil\u0103 de jachete pentru femei?<\/strong>Da, multe m\u0103rci folosesc materiale ecologice \u0219i practici de fabrica\u021bie etice.<\/li>\n<li><strong>Care sunt beneficiile alegerii modei sustenabile?<\/strong>Consum mai mic de resurse naturale.<br \/>Reducerea de\u0219eurilor.<br \/>Sprijin pentru practici industriale etice.<\/li>\n<li><strong>Este moda sustenabil\u0103 mai scump\u0103?<\/strong>Adesea da, dar investi\u021bia \u00een calitate \u0219i durabilitate aduce beneficii pe termen lung.<\/li>\n<\/ul>","protected":false},"excerpt":{"rendered":"<p>Moda zr\u00f3wnowa\u017cona nabiera tempa, cechuj\u0105c si\u0119 nie tylko estetyk\u0105, ale tak\u017ce odpowiedzialno\u015bci\u0105 wobec \u015brodowiska. W codziennym \u017cyciu coraz wi\u0119cej os\u00f3b zaczyna dostrzega\u0107 znaczenie \u015bwiadomego wyboru ubra\u0144. W tej rosn\u0105cej fali my\u015blenia o ekologii, marynarki damskie staj\u0105 si\u0119 nie tylko modnym akcentem, ale i symbolem zmiany. \u0141\u0105cz\u0105 elegancj\u0119 z funkcjonalno\u015bci\u0105, co sprawia, \u017ce s\u0105 one niezb\u0119dnym [&hellip;]<\/p>","protected":false},"author":2,"featured_media":405,"comment_status":"closed","ping_status":"closed","sticky":false,"template":"","format":"standard","meta":{"_acf_changed":false,"footnotes":""},"categories":[1],"tags":[],"class_list":["post-451","post","type-post","status-publish","format-standard","has-post-thumbnail","hentry","category-blog"],"acf":[],"yoast_head":"<!-- This site is optimized with the Yoast SEO plugin v23.2 - https:\/\/yoast.com\/wordpress\/plugins\/seo\/ -->\n<title>Marynarki damskie w dobie mody zr\u00f3wnowa\u017conej: Styl, Historia i Ekologiczne Trendy<\/title>\n<meta name=\"description\" content=\"Odkryj, jak marynarki damskie \u0142\u0105cz\u0105 elegancj\u0119 z ekologicznymi trendami zr\u00f3wnowa\u017conej mody i jakie marki wyr\u00f3\u017cniaj\u0105 si\u0119 na rynku.\" \/>\n<meta name=\"robots\" content=\"index, follow, max-snippet:-1, max-image-preview:large, max-video-preview:-1\" \/>\n<link rel=\"canonical\" href=\"https:\/\/polscy-kierowcy.pl\/ro\/marynarki-damskie-w-dobie-mody-zrownowazonej\/\" \/>\n<meta property=\"og:locale\" content=\"ro_RO\" \/>\n<meta property=\"og:type\" content=\"article\" \/>\n<meta property=\"og:title\" content=\"Marynarki damskie w dobie mody zr\u00f3wnowa\u017conej: Styl, Historia i Ekologiczne Trendy\" \/>\n<meta property=\"og:description\" content=\"Odkryj, jak marynarki damskie \u0142\u0105cz\u0105 elegancj\u0119 z ekologicznymi trendami zr\u00f3wnowa\u017conej mody i jakie marki wyr\u00f3\u017cniaj\u0105 si\u0119 na rynku.\" \/>\n<meta property=\"og:url\" content=\"https:\/\/polscy-kierowcy.pl\/ro\/marynarki-damskie-w-dobie-mody-zrownowazonej\/\" \/>\n<meta property=\"og:site_name\" content=\"polscy-kierowcy.pl\" \/>\n<meta property=\"article:published_time\" content=\"2025-02-22T00:00:00+00:00\" \/>\n<meta property=\"article:modified_time\" content=\"2025-02-25T13:00:07+00:00\" \/>\n<meta property=\"og:image\" content=\"https:\/\/polscy-kierowcy.pl\/wp-content\/uploads\/image775d19063a824c018ed7dbc68baf3954.png\" \/>\n\t<meta property=\"og:image:width\" content=\"1024\" \/>\n\t<meta property=\"og:image:height\" content=\"768\" \/>\n\t<meta property=\"og:image:type\" content=\"image\/png\" \/>\n<meta name=\"author\" content=\"Marta Doma\u0144ska\" \/>\n<meta name=\"twitter:card\" content=\"summary_large_image\" \/>\n<meta name=\"twitter:label1\" content=\"Scris de\" \/>\n\t<meta name=\"twitter:data1\" content=\"Marta Doma\u0144ska\" \/>\n\t<meta name=\"twitter:label2\" content=\"Timp estimat pentru citire\" \/>\n\t<meta name=\"twitter:data2\" content=\"4 minute\" \/>\n<script type=\"application\/ld+json\" class=\"yoast-schema-graph\">{\"@context\":\"https:\/\/schema.org\",\"@graph\":[{\"@type\":\"WebPage\",\"@id\":\"https:\/\/polscy-kierowcy.pl\/marynarki-damskie-w-dobie-mody-zrownowazonej\/\",\"url\":\"https:\/\/polscy-kierowcy.pl\/marynarki-damskie-w-dobie-mody-zrownowazonej\/\",\"name\":\"Marynarki damskie w dobie mody zr\u00f3wnowa\u017conej: Styl, Historia i Ekologiczne Trendy\",\"isPartOf\":{\"@id\":\"https:\/\/polscy-kierowcy.pl\/#website\"},\"primaryImageOfPage\":{\"@id\":\"https:\/\/polscy-kierowcy.pl\/marynarki-damskie-w-dobie-mody-zrownowazonej\/#primaryimage\"},\"image\":{\"@id\":\"https:\/\/polscy-kierowcy.pl\/marynarki-damskie-w-dobie-mody-zrownowazonej\/#primaryimage\"},\"thumbnailUrl\":\"https:\/\/polscy-kierowcy.pl\/wp-content\/uploads\/image775d19063a824c018ed7dbc68baf3954.png\",\"datePublished\":\"2025-02-22T00:00:00+00:00\",\"dateModified\":\"2025-02-25T13:00:07+00:00\",\"author\":{\"@id\":\"https:\/\/polscy-kierowcy.pl\/#\/schema\/person\/77c4277010b28eb5eb64e23f2c0cb6df\"},\"description\":\"Odkryj, jak marynarki damskie \u0142\u0105cz\u0105 elegancj\u0119 z ekologicznymi trendami zr\u00f3wnowa\u017conej mody i jakie marki wyr\u00f3\u017cniaj\u0105 si\u0119 na rynku.\",\"breadcrumb\":{\"@id\":\"https:\/\/polscy-kierowcy.pl\/marynarki-damskie-w-dobie-mody-zrownowazonej\/#breadcrumb\"},\"inLanguage\":\"ro-RO\",\"potentialAction\":[{\"@type\":\"ReadAction\",\"target\":[\"https:\/\/polscy-kierowcy.pl\/marynarki-damskie-w-dobie-mody-zrownowazonej\/\"]}]},{\"@type\":\"ImageObject\",\"inLanguage\":\"ro-RO\",\"@id\":\"https:\/\/polscy-kierowcy.pl\/marynarki-damskie-w-dobie-mody-zrownowazonej\/#primaryimage\",\"url\":\"https:\/\/polscy-kierowcy.pl\/wp-content\/uploads\/image775d19063a824c018ed7dbc68baf3954.png\",\"contentUrl\":\"https:\/\/polscy-kierowcy.pl\/wp-content\/uploads\/image775d19063a824c018ed7dbc68baf3954.png\",\"width\":1024,\"height\":768},{\"@type\":\"BreadcrumbList\",\"@id\":\"https:\/\/polscy-kierowcy.pl\/marynarki-damskie-w-dobie-mody-zrownowazonej\/#breadcrumb\",\"itemListElement\":[{\"@type\":\"ListItem\",\"position\":1,\"name\":\"Home\",\"item\":\"https:\/\/polscy-kierowcy.pl\/\"},{\"@type\":\"ListItem\",\"position\":2,\"name\":\"Marynarki damskie w dobie mody zr\u00f3wnowa\u017conej\"}]},{\"@type\":\"WebSite\",\"@id\":\"https:\/\/polscy-kierowcy.pl\/#website\",\"url\":\"https:\/\/polscy-kierowcy.pl\/\",\"name\":\"polscy-kierowcy.pl\",\"description\":\"Tureckie sukienki: pi\u0119kno w tradycji.\",\"potentialAction\":[{\"@type\":\"SearchAction\",\"target\":{\"@type\":\"EntryPoint\",\"urlTemplate\":\"https:\/\/polscy-kierowcy.pl\/?s={search_term_string}\"},\"query-input\":\"required name=search_term_string\"}],\"inLanguage\":\"ro-RO\"},{\"@type\":\"Person\",\"@id\":\"https:\/\/polscy-kierowcy.pl\/#\/schema\/person\/77c4277010b28eb5eb64e23f2c0cb6df\",\"name\":\"Marta Doma\u0144ska\",\"image\":{\"@type\":\"ImageObject\",\"inLanguage\":\"ro-RO\",\"@id\":\"https:\/\/polscy-kierowcy.pl\/#\/schema\/person\/image\/\",\"url\":\"https:\/\/polscy-kierowcy.pl\/wp-content\/uploads\/marta-domanska_avatar-96x96.jpg\",\"contentUrl\":\"https:\/\/polscy-kierowcy.pl\/wp-content\/uploads\/marta-domanska_avatar-96x96.jpg\",\"caption\":\"Marta Doma\u0144ska\"},\"description\":\"Marta Doma\u0144ska to do\u015bwiadczona stylistka i w\u0142a\u015bcicielka butiku Novamoda w Poznaniu, specjalizuj\u0105ca si\u0119 w analizie kolorystycznej i doborze odzie\u017cy do sylwetki. Jej pasja do mody oraz indywidualne podej\u015bcie do klientek pozwalaj\u0105 na tworzenie unikatowych stylizacji, kt\u00f3re podkre\u015blaj\u0105 naturalne pi\u0119kno ka\u017cdej osoby.\",\"url\":\"https:\/\/polscy-kierowcy.pl\/ro\/author\/marta-domanska\/\"}]}<\/script>\n<!-- \/ Yoast SEO plugin. -->","yoast_head_json":{"title":"Marynarki damskie w dobie mody zr\u00f3wnowa\u017conej: Styl, Historia i Ekologiczne Trendy","description":"Odkryj, jak marynarki damskie \u0142\u0105cz\u0105 elegancj\u0119 z ekologicznymi trendami zr\u00f3wnowa\u017conej mody i jakie marki wyr\u00f3\u017cniaj\u0105 si\u0119 na rynku.","robots":{"index":"index","follow":"follow","max-snippet":"max-snippet:-1","max-image-preview":"max-image-preview:large","max-video-preview":"max-video-preview:-1"},"canonical":"https:\/\/polscy-kierowcy.pl\/ro\/marynarki-damskie-w-dobie-mody-zrownowazonej\/","og_locale":"ro_RO","og_type":"article","og_title":"Marynarki damskie w dobie mody zr\u00f3wnowa\u017conej: Styl, Historia i Ekologiczne Trendy","og_description":"Odkryj, jak marynarki damskie \u0142\u0105cz\u0105 elegancj\u0119 z ekologicznymi trendami zr\u00f3wnowa\u017conej mody i jakie marki wyr\u00f3\u017cniaj\u0105 si\u0119 na rynku.","og_url":"https:\/\/polscy-kierowcy.pl\/ro\/marynarki-damskie-w-dobie-mody-zrownowazonej\/","og_site_name":"polscy-kierowcy.pl","article_published_time":"2025-02-22T00:00:00+00:00","article_modified_time":"2025-02-25T13:00:07+00:00","og_image":[{"width":1024,"height":768,"url":"https:\/\/polscy-kierowcy.pl\/wp-content\/uploads\/image775d19063a824c018ed7dbc68baf3954.png","type":"image\/png"}],"author":"Marta Doma\u0144ska","twitter_card":"summary_large_image","twitter_misc":{"Scris de":"Marta Doma\u0144ska","Timp estimat pentru citire":"4 minute"},"schema":{"@context":"https:\/\/schema.org","@graph":[{"@type":"WebPage","@id":"https:\/\/polscy-kierowcy.pl\/marynarki-damskie-w-dobie-mody-zrownowazonej\/","url":"https:\/\/polscy-kierowcy.pl\/marynarki-damskie-w-dobie-mody-zrownowazonej\/","name":"Marynarki damskie w dobie mody zr\u00f3wnowa\u017conej: Styl, Historia i Ekologiczne Trendy","isPartOf":{"@id":"https:\/\/polscy-kierowcy.pl\/#website"},"primaryImageOfPage":{"@id":"https:\/\/polscy-kierowcy.pl\/marynarki-damskie-w-dobie-mody-zrownowazonej\/#primaryimage"},"image":{"@id":"https:\/\/polscy-kierowcy.pl\/marynarki-damskie-w-dobie-mody-zrownowazonej\/#primaryimage"},"thumbnailUrl":"https:\/\/polscy-kierowcy.pl\/wp-content\/uploads\/image775d19063a824c018ed7dbc68baf3954.png","datePublished":"2025-02-22T00:00:00+00:00","dateModified":"2025-02-25T13:00:07+00:00","author":{"@id":"https:\/\/polscy-kierowcy.pl\/#\/schema\/person\/77c4277010b28eb5eb64e23f2c0cb6df"},"description":"Odkryj, jak marynarki damskie \u0142\u0105cz\u0105 elegancj\u0119 z ekologicznymi trendami zr\u00f3wnowa\u017conej mody i jakie marki wyr\u00f3\u017cniaj\u0105 si\u0119 na rynku.","breadcrumb":{"@id":"https:\/\/polscy-kierowcy.pl\/marynarki-damskie-w-dobie-mody-zrownowazonej\/#breadcrumb"},"inLanguage":"ro-RO","potentialAction":[{"@type":"ReadAction","target":["https:\/\/polscy-kierowcy.pl\/marynarki-damskie-w-dobie-mody-zrownowazonej\/"]}]},{"@type":"ImageObject","inLanguage":"ro-RO","@id":"https:\/\/polscy-kierowcy.pl\/marynarki-damskie-w-dobie-mody-zrownowazonej\/#primaryimage","url":"https:\/\/polscy-kierowcy.pl\/wp-content\/uploads\/image775d19063a824c018ed7dbc68baf3954.png","contentUrl":"https:\/\/polscy-kierowcy.pl\/wp-content\/uploads\/image775d19063a824c018ed7dbc68baf3954.png","width":1024,"height":768},{"@type":"BreadcrumbList","@id":"https:\/\/polscy-kierowcy.pl\/marynarki-damskie-w-dobie-mody-zrownowazonej\/#breadcrumb","itemListElement":[{"@type":"ListItem","position":1,"name":"Home","item":"https:\/\/polscy-kierowcy.pl\/"},{"@type":"ListItem","position":2,"name":"Marynarki damskie w dobie mody zr\u00f3wnowa\u017conej"}]},{"@type":"WebSite","@id":"https:\/\/polscy-kierowcy.pl\/#website","url":"https:\/\/polscy-kierowcy.pl\/","name":"polscy-kierowcy.pl","description":"Tureckie sukienki: pi\u0119kno w tradycji.","potentialAction":[{"@type":"SearchAction","target":{"@type":"EntryPoint","urlTemplate":"https:\/\/polscy-kierowcy.pl\/?s={search_term_string}"},"query-input":"required name=search_term_string"}],"inLanguage":"ro-RO"},{"@type":"Person","@id":"https:\/\/polscy-kierowcy.pl\/#\/schema\/person\/77c4277010b28eb5eb64e23f2c0cb6df","name":"Marta Doma\u0144ska","image":{"@type":"ImageObject","inLanguage":"ro-RO","@id":"https:\/\/polscy-kierowcy.pl\/#\/schema\/person\/image\/","url":"https:\/\/polscy-kierowcy.pl\/wp-content\/uploads\/marta-domanska_avatar-96x96.jpg","contentUrl":"https:\/\/polscy-kierowcy.pl\/wp-content\/uploads\/marta-domanska_avatar-96x96.jpg","caption":"Marta Doma\u0144ska"},"description":"Marta Doma\u0144ska to do\u015bwiadczona stylistka i w\u0142a\u015bcicielka butiku Novamoda w Poznaniu, specjalizuj\u0105ca si\u0119 w analizie kolorystycznej i doborze odzie\u017cy do sylwetki. Jej pasja do mody oraz indywidualne podej\u015bcie do klientek pozwalaj\u0105 na tworzenie unikatowych stylizacji, kt\u00f3re podkre\u015blaj\u0105 naturalne pi\u0119kno ka\u017cdej osoby.","url":"https:\/\/polscy-kierowcy.pl\/ro\/author\/marta-domanska\/"}]}},"yoast_meta":{"yoast_wpseo_title":"","yoast_wpseo_metadesc":"","yoast_wpseo_canonical":"https:\/\/polscy-kierowcy.pl\/ro\/wp-json\/wp\/v2\/posts\/451"},"_links":{"self":[{"href":"https:\/\/polscy-kierowcy.pl\/ro\/wp-json\/wp\/v2\/posts\/451"}],"collection":[{"href":"https:\/\/polscy-kierowcy.pl\/ro\/wp-json\/wp\/v2\/posts"}],"about":[{"href":"https:\/\/polscy-kierowcy.pl\/ro\/wp-json\/wp\/v2\/types\/post"}],"author":[{"embeddable":true,"href":"https:\/\/polscy-kierowcy.pl\/ro\/wp-json\/wp\/v2\/users\/2"}],"replies":[{"embeddable":true,"href":"https:\/\/polscy-kierowcy.pl\/ro\/wp-json\/wp\/v2\/comments?post=451"}],"version-history":[{"count":2,"href":"https:\/\/polscy-kierowcy.pl\/ro\/wp-json\/wp\/v2\/posts\/451\/revisions"}],"predecessor-version":[{"id":482,"href":"https:\/\/polscy-kierowcy.pl\/ro\/wp-json\/wp\/v2\/posts\/451\/revisions\/482"}],"wp:featuredmedia":[{"embeddable":true,"href":"https:\/\/polscy-kierowcy.pl\/ro\/wp-json\/wp\/v2\/media\/405"}],"wp:attachment":[{"href":"https:\/\/polscy-kierowcy.pl\/ro\/wp-json\/wp\/v2\/media?parent=451"}],"wp:term":[{"taxonomy":"category","embeddable":true,"href":"https:\/\/polscy-kierowcy.pl\/ro\/wp-json\/wp\/v2\/categories?post=451"},{"taxonomy":"post_tag","embeddable":true,"href":"https:\/\/polscy-kierowcy.pl\/ro\/wp-json\/wp\/v2\/tags?post=451"}],"curies":[{"name":"wp","href":"https:\/\/api.w.org\/{rel}","templated":true}]}}