{"id":449,"date":"2025-02-15T00:00:00","date_gmt":"2025-02-15T00:00:00","guid":{"rendered":"https:\/\/polscy-kierowcy.pl\/?p=449"},"modified":"2025-02-25T13:00:08","modified_gmt":"2025-02-25T13:00:08","slug":"stylizacja-biale-spodnie-czy-to-hit-czy-kit","status":"publish","type":"post","link":"https:\/\/polscy-kierowcy.pl\/ro\/stylizacja-biale-spodnie-czy-to-hit-czy-kit\/","title":{"rendered":"Look cu pantaloni albi \u2013 Este o lovitur\u0103 reu\u0219it\u0103 sau un e\u0219ec?"},"content":{"rendered":"<div class=\"kk-star-ratings kksr-auto kksr-align-left kksr-valign-top\"\n    data-payload='{&quot;align&quot;:&quot;left&quot;,&quot;id&quot;:&quot;449&quot;,&quot;slug&quot;:&quot;default&quot;,&quot;valign&quot;:&quot;top&quot;,&quot;ignore&quot;:&quot;&quot;,&quot;reference&quot;:&quot;auto&quot;,&quot;class&quot;:&quot;&quot;,&quot;count&quot;:&quot;0&quot;,&quot;legendonly&quot;:&quot;&quot;,&quot;readonly&quot;:&quot;&quot;,&quot;score&quot;:&quot;0&quot;,&quot;starsonly&quot;:&quot;&quot;,&quot;best&quot;:&quot;5&quot;,&quot;gap&quot;:&quot;5&quot;,&quot;greet&quot;:&quot;&quot;,&quot;legend&quot;:&quot;0\\\/5 - (0 votes)&quot;,&quot;size&quot;:&quot;24&quot;,&quot;title&quot;:&quot;Stylizacja bia\u0142e spodnie \u2013 czy to hit czy kit?&quot;,&quot;width&quot;:&quot;0&quot;,&quot;_legend&quot;:&quot;{score}\\\/{best} - ({count} {votes})&quot;,&quot;font_factor&quot;:&quot;1.25&quot;}'>\n            \n<div class=\"kksr-stars\">\n    \n<div class=\"kksr-stars-inactive\">\n            <div class=\"kksr-star\" data-star=\"1\" style=\"padding-right: 5px\">\n            \n\n<div class=\"kksr-icon\" style=\"width: 24px; height: 24px;\"><\/div>\n        <\/div>\n            <div class=\"kksr-star\" data-star=\"2\" style=\"padding-right: 5px\">\n            \n\n<div class=\"kksr-icon\" style=\"width: 24px; height: 24px;\"><\/div>\n        <\/div>\n            <div class=\"kksr-star\" data-star=\"3\" style=\"padding-right: 5px\">\n            \n\n<div class=\"kksr-icon\" style=\"width: 24px; height: 24px;\"><\/div>\n        <\/div>\n            <div class=\"kksr-star\" data-star=\"4\" style=\"padding-right: 5px\">\n            \n\n<div class=\"kksr-icon\" style=\"width: 24px; height: 24px;\"><\/div>\n        <\/div>\n            <div class=\"kksr-star\" data-star=\"5\" style=\"padding-right: 5px\">\n            \n\n<div class=\"kksr-icon\" style=\"width: 24px; height: 24px;\"><\/div>\n        <\/div>\n    <\/div>\n    \n<div class=\"kksr-stars-active\" style=\"width: 0px;\">\n            <div class=\"kksr-star\" style=\"padding-right: 5px\">\n            \n\n<div class=\"kksr-icon\" style=\"width: 24px; height: 24px;\"><\/div>\n        <\/div>\n            <div class=\"kksr-star\" style=\"padding-right: 5px\">\n            \n\n<div class=\"kksr-icon\" style=\"width: 24px; height: 24px;\"><\/div>\n        <\/div>\n            <div class=\"kksr-star\" style=\"padding-right: 5px\">\n            \n\n<div class=\"kksr-icon\" style=\"width: 24px; height: 24px;\"><\/div>\n        <\/div>\n            <div class=\"kksr-star\" style=\"padding-right: 5px\">\n            \n\n<div class=\"kksr-icon\" style=\"width: 24px; height: 24px;\"><\/div>\n        <\/div>\n            <div class=\"kksr-star\" style=\"padding-right: 5px\">\n            \n\n<div class=\"kksr-icon\" style=\"width: 24px; height: 24px;\"><\/div>\n        <\/div>\n    <\/div>\n<\/div>\n                \n\n<div class=\"kksr-legend\" style=\"font-size: 19.2px;\">\n            <span class=\"kksr-muted\"><\/span>\n    <\/div>\n    <\/div>\n<p>Pantalonii albi c\u00e2\u0219tig\u0103 popularitate dintr-un motiv anume. Versatilitatea lor \u00eenseamn\u0103 c\u0103 \u00ee\u0219i vor g\u0103si probabil locul \u00een orice garderob\u0103, chiar \u0219i \u00een cea mai mic\u0103. Sunt un element vestimentar care poate fi combinat cu o varietate de stiluri, de la casual la elegant. Cu toate acestea, mul\u021bi oameni se \u00eentreab\u0103 dac\u0103 este o idee bun\u0103 s\u0103-i poarte. \u00cen acest articol, vom analiza stilul pantalonilor albi, subliniind punctele lor forte \u0219i punctele slabe. De asemenea, vom stabili c\u00e2nd pantalonii albi pot fi un succes \u0219i c\u00e2nd este mai bine s\u0103-i punem pe umera\u0219ul de la \u0219coal\u0103.<\/p>\n<p>Popularitatea pantalonilor albi nu a ap\u0103rut de nic\u0103ieri. Ast\u0103zi, at\u00e2t pe str\u0103zi, c\u00e2t \u0219i pe podiumuri, putem observa o tendin\u021b\u0103 clar\u0103. Aceasta este influen\u021bat\u0103 nu doar de schimb\u0103rile sezoniere, ci \u0219i de abordarea schimb\u0103toare a clasicilor \u00een mod\u0103. Cheia este capacitatea de a le combina cu alte elemente vestimentare. Merit\u0103 s\u0103 lu\u0103m \u00een considerare ce materiale \u0219i culori se vor potrivi cu pantalonii albi pentru a crea stiluri unice care s\u0103 atrag\u0103 aten\u021bia.<\/p>\n<h2>De ce sunt pantalonii albi at\u00e2t de populari?<\/h2>\n<p><img decoding=\"async\" alt=\"Na zdj\u0119ciu stylowe czarne szpilki na pod\u0142odze, obok bia\u0142a para spodni i czarna torebka. W tle sypialnia.\" src=\"https:\/\/polscy-kierowcy.pl\/wp-content\/uploads\/image80a46242875942869a0d8d726201370c.png\"\/><\/p>\n<p>Pantalonii albi au devenit un simbol al elegan\u021bei moderne. Arat\u0103 grozav \u00een orice perioad\u0103 a anului, ceea ce \u00eei face o alegere extrem de practic\u0103. Se remarc\u0103 prin neutralitatea lor, ceea ce \u00eenseamn\u0103 c\u0103 se potrivesc cu multe stiluri. Pot fi purta\u021bi at\u00e2t \u00een \u021binute casual, c\u00e2t \u0219i elegante. Cu toate acestea, merit\u0103 s\u0103 cunoa\u0219te\u021bi regulile de purtare pentru a evita gafele modei. Iat\u0103 cele mai importante avantaje ale pantalonilor albi:<\/p>\n<ul>\n<li>Versatil - potrivit pentru multe stiluri \u0219i ocazii.<\/li>\n<li>Posibilitatea de a crea un contrast eficient cu alte culori.<\/li>\n<li>Aspect elegant \u2013 adaug\u0103 clas\u0103 oric\u0103rui stil.<\/li>\n<li>Datorit\u0103 variet\u0103\u021bii de materiale, po\u021bi g\u0103si modelul perfect pentru fiecare sezon.<\/li>\n<li>\u00cemprosp\u0103teaz\u0103 \u021binutele de zi cu zi, ad\u0103ug\u00e2ndu-le lejeritate.<\/li>\n<\/ul>\n<h2>Cum s\u0103 aranjezi pantalonii albi?<\/h2>\n<p><img decoding=\"async\" alt=\"M\u0119\u017cczyzna w d\u017cinsowej kurtce i bia\u0142ych spodniach spaceruje ulic\u0105 w miejskim otoczeniu. S\u0142oneczny dzie\u0144.\" src=\"https:\/\/polscy-kierowcy.pl\/wp-content\/uploads\/imagefba8aad58e9246888faf46ade56fe0d5.png\"\/><\/p>\n<p>Aranjarea pantalonilor albi poate fi o aventur\u0103 interesant\u0103, cu condi\u021bia s\u0103 cuno\u0219ti c\u00e2teva reguli cheie. Merit\u0103 s\u0103 acorzi aten\u021bie materialelor pe care le alegi. Ce materiale sunt cele mai bune pentru pantalonii albi? Iat\u0103 o list\u0103 de op\u021biuni populare:<\/p>\n<ul>\n<li>Denim \u2013 cunoscut pentru durabilitatea sa, perfect pentru stilul de zi cu zi.<\/li>\n<li>In \u2013 u\u0219or \u0219i aerisit, excelent pentru zilele c\u0103lduroase.<\/li>\n<li>Bumbac \u2013 o alegere elegant\u0103 \u0219i confortabil\u0103 pentru diverse ocazii.<\/li>\n<\/ul>\n<table border=\"1\">Compara\u021bie \u00eentre \u021bes\u0103turile pantalonilor albi<\/p>\n<tr>\n<th>Material textil<\/th>\n<th>Sezon<\/th>\n<th>Confort<\/th>\n<\/tr>\n<tr>\n<td>Blugi<\/td>\n<td>Prim\u0103var\u0103 \/ Var\u0103<\/td>\n<td>Mediocru<\/td>\n<\/tr>\n<tr>\n<td>In<\/td>\n<td>Var\u0103<\/td>\n<td>\u00cenalt<\/td>\n<\/tr>\n<tr>\n<td>Bumbac<\/td>\n<td>Tot anul<\/td>\n<td>\u00cenalt<\/td>\n<\/tr>\n<\/table>\n<p>Un aspect important al stiliz\u0103rii pantalonilor albi este \u0219i alegerea culorilor care se potrivesc cu ace\u0219tia. Merit\u0103 s\u0103 te g\u00e2nde\u0219ti la combina\u021bii care vor accentua prospe\u021bimea pantalonilor albi. \u00cei po\u021bi combina cu:<\/p>\n<ul>\n<li>O bluz\u0103 neagr\u0103 \u0219i pantofi cu toc pentru un look elegant.<\/li>\n<li>Un tricou pasiv \u0219i ni\u0219te adida\u0219i pentru o zi casual \u00een ora\u0219.<\/li>\n<li>Culori pastelate care vor ad\u0103uga lejeritate stilului t\u0103u de prim\u0103var\u0103.<\/li>\n<\/ul>\n<h2>Dezavantajele purt\u0103rii pantalonilor albi<\/h2>\n<p>De\u0219i pantalonii albi au multe avantaje, exist\u0103 \u0219i unele provoc\u0103ri care vin odat\u0103 cu purtarea lor. Merit\u0103 s\u0103 fii con\u0219tient de aceste probleme, astfel \u00eenc\u00e2t s\u0103 fii preg\u0103tit pentru poten\u021biale probleme. \u00cen primul r\u00e2nd, pantalonii albi sunt mult mai greu de cur\u0103\u021bat dec\u00e2t \u021bes\u0103turile mai \u00eenchise la culoare. Chiar \u0219i cea mai mic\u0103 pat\u0103 este vizibil\u0103. Mai mult, nu sunt cea mai bun\u0103 alegere pentru ie\u0219irile \u00een aer liber. Se recomand\u0103 purtarea lor \u00een situa\u021bii \u00een care nu sunt expu\u0219i murd\u0103riei. \u00cen plus, pentru unii oameni, pantalonii albi pot accentua defectele siluetei, ceea ce este un factor important de luat \u00een considerare \u00eenainte de cump\u0103rare.<\/p>\n<h2>Rezumat<\/h2>\n<p>Pantalonii albi pot fi at\u00e2t un succes, c\u00e2t \u0219i un e\u0219ec, \u00een func\u021bie de stilul pe care \u00eel aranjezi. Alegerea materialului, culorii \u0219i stilului care se potrivesc cel mai bine siluetei tale este esen\u021bial\u0103. Folosirea accesoriilor potrivite \u0219i a \u0219ti cum s\u0103 le asortezi cu alte haine le pot transforma \u00eentr-un element unic al garderobei tale. Merit\u0103 s\u0103 investe\u0219ti \u00een pantaloni albi, dar s\u0103 \u021bii cont de cerin\u021bele \u0219i posibilele defecte ale acestora. \u00cen cele din urm\u0103, merit\u0103 s\u0103 verifici cum s\u0103 \u00eengrije\u0219ti cel mai bine pantalonii albi, astfel \u00eenc\u00e2t s\u0103 te poat\u0103 servi mai multe sezoane.<\/p>\n<h2>\u00centreb\u0103ri frecvente<\/h2>\n<ul>\n<li><strong>Pantalonii albi se potrivesc oric\u0103rui tip de corp?<\/strong><br \/>Pantalonii albi se potrivesc oric\u0103rui tip de corp, dar merit\u0103 s\u0103 acorda\u021bi aten\u021bie croielii care va scoate \u00een eviden\u021b\u0103 cel mai bine atuurile siluetei.<\/li>\n<li><strong>Cum s\u0103 \u00eengrije\u0219ti pantalonii albi pentru a-i p\u0103stra ca noi mult timp?<\/strong><br \/>Sp\u0103larea regulat\u0103 la temperatura potrivit\u0103 \u0219i utilizarea de produse de \u00eendep\u0103rtare a petelor vor ajuta la men\u021binerea pantalonilor albi \u00een stare bun\u0103.<\/li>\n<li><strong>Pot purta pantaloni albi iarna?<\/strong><br \/>Desigur! Pot fi purtate iarna, trebuie doar s\u0103 alegi bluza potrivit\u0103, de exemplu, un pulover \u0219i o hain\u0103 c\u0103lduroas\u0103.<\/li>\n<li><strong>Ce pantofi se potrivesc cel mai bine cu pantalonii albi?<\/strong><br \/>Pantalonii albi se potrivesc de minune cu o varietate de \u00eenc\u0103l\u021b\u0103minte \u2013 de la adida\u0219i la pantofi cu toc elegan\u021bi. Alegerea depinde de ocazie.<\/li>\n<\/ul>","protected":false},"excerpt":{"rendered":"<p>Bia\u0142e spodnie zyskuj\u0105 na popularno\u015bci nie bez powodu. Ich wszechstronno\u015b\u0107 sprawia, \u017ce prawdopodobnie znajd\u0105 si\u0119 w ka\u017cdej, nawet najmniejszej szafie. S\u0105 elementem garderoby, kt\u00f3ry mo\u017cna \u0142\u0105czy\u0107 z r\u00f3\u017cnorodnymi stylami, od casualowych po eleganckie. Wiele os\u00f3b jednak zastanawia si\u0119, czy ich noszenie jest rzeczywi\u015bcie dobrym pomys\u0142em. W niniejszym artykule przyjrzymy si\u0119 stylizacji bia\u0142ych spodni, wskazuj\u0105c na [&hellip;]<\/p>","protected":false},"author":2,"featured_media":424,"comment_status":"closed","ping_status":"closed","sticky":false,"template":"","format":"standard","meta":{"_acf_changed":false,"footnotes":""},"categories":[1],"tags":[],"class_list":["post-449","post","type-post","status-publish","format-standard","has-post-thumbnail","hentry","category-blog"],"acf":[],"yoast_head":"<!-- This site is optimized with the Yoast SEO plugin v23.2 - https:\/\/yoast.com\/wordpress\/plugins\/seo\/ -->\n<title>Stylizacja bia\u0142e spodnie \u2013 odkryj, czy to hit czy kit w modzie<\/title>\n<meta name=\"description\" content=\"Zastanawiasz si\u0119 nad stylizacj\u0105 bia\u0142ych spodni? Sprawd\u017a nasze porady, zalety i wady noszenia tego elementu garderoby.\" \/>\n<meta name=\"robots\" content=\"index, follow, max-snippet:-1, max-image-preview:large, max-video-preview:-1\" \/>\n<link rel=\"canonical\" href=\"https:\/\/polscy-kierowcy.pl\/ro\/stylizacja-biale-spodnie-czy-to-hit-czy-kit\/\" \/>\n<meta property=\"og:locale\" content=\"ro_RO\" \/>\n<meta property=\"og:type\" content=\"article\" \/>\n<meta property=\"og:title\" content=\"Stylizacja bia\u0142e spodnie \u2013 odkryj, czy to hit czy kit w modzie\" \/>\n<meta property=\"og:description\" content=\"Zastanawiasz si\u0119 nad stylizacj\u0105 bia\u0142ych spodni? Sprawd\u017a nasze porady, zalety i wady noszenia tego elementu garderoby.\" \/>\n<meta property=\"og:url\" content=\"https:\/\/polscy-kierowcy.pl\/ro\/stylizacja-biale-spodnie-czy-to-hit-czy-kit\/\" \/>\n<meta property=\"og:site_name\" content=\"polscy-kierowcy.pl\" \/>\n<meta property=\"article:published_time\" content=\"2025-02-15T00:00:00+00:00\" \/>\n<meta property=\"article:modified_time\" content=\"2025-02-25T13:00:08+00:00\" \/>\n<meta property=\"og:image\" content=\"https:\/\/polscy-kierowcy.pl\/wp-content\/uploads\/imagecdf69263319c4e49b84189a9890e2d09.png\" \/>\n\t<meta property=\"og:image:width\" content=\"1024\" \/>\n\t<meta property=\"og:image:height\" content=\"768\" \/>\n\t<meta property=\"og:image:type\" content=\"image\/png\" \/>\n<meta name=\"author\" content=\"Marta Doma\u0144ska\" \/>\n<meta name=\"twitter:card\" content=\"summary_large_image\" \/>\n<meta name=\"twitter:label1\" content=\"Scris de\" \/>\n\t<meta name=\"twitter:data1\" content=\"Marta Doma\u0144ska\" \/>\n\t<meta name=\"twitter:label2\" content=\"Timp estimat pentru citire\" \/>\n\t<meta name=\"twitter:data2\" content=\"4 minute\" \/>\n<script type=\"application\/ld+json\" class=\"yoast-schema-graph\">{\"@context\":\"https:\/\/schema.org\",\"@graph\":[{\"@type\":\"WebPage\",\"@id\":\"https:\/\/polscy-kierowcy.pl\/stylizacja-biale-spodnie-czy-to-hit-czy-kit\/\",\"url\":\"https:\/\/polscy-kierowcy.pl\/stylizacja-biale-spodnie-czy-to-hit-czy-kit\/\",\"name\":\"Stylizacja bia\u0142e spodnie \u2013 odkryj, czy to hit czy kit w modzie\",\"isPartOf\":{\"@id\":\"https:\/\/polscy-kierowcy.pl\/#website\"},\"primaryImageOfPage\":{\"@id\":\"https:\/\/polscy-kierowcy.pl\/stylizacja-biale-spodnie-czy-to-hit-czy-kit\/#primaryimage\"},\"image\":{\"@id\":\"https:\/\/polscy-kierowcy.pl\/stylizacja-biale-spodnie-czy-to-hit-czy-kit\/#primaryimage\"},\"thumbnailUrl\":\"https:\/\/polscy-kierowcy.pl\/wp-content\/uploads\/imagecdf69263319c4e49b84189a9890e2d09.png\",\"datePublished\":\"2025-02-15T00:00:00+00:00\",\"dateModified\":\"2025-02-25T13:00:08+00:00\",\"author\":{\"@id\":\"https:\/\/polscy-kierowcy.pl\/#\/schema\/person\/77c4277010b28eb5eb64e23f2c0cb6df\"},\"description\":\"Zastanawiasz si\u0119 nad stylizacj\u0105 bia\u0142ych spodni? Sprawd\u017a nasze porady, zalety i wady noszenia tego elementu garderoby.\",\"breadcrumb\":{\"@id\":\"https:\/\/polscy-kierowcy.pl\/stylizacja-biale-spodnie-czy-to-hit-czy-kit\/#breadcrumb\"},\"inLanguage\":\"ro-RO\",\"potentialAction\":[{\"@type\":\"ReadAction\",\"target\":[\"https:\/\/polscy-kierowcy.pl\/stylizacja-biale-spodnie-czy-to-hit-czy-kit\/\"]}]},{\"@type\":\"ImageObject\",\"inLanguage\":\"ro-RO\",\"@id\":\"https:\/\/polscy-kierowcy.pl\/stylizacja-biale-spodnie-czy-to-hit-czy-kit\/#primaryimage\",\"url\":\"https:\/\/polscy-kierowcy.pl\/wp-content\/uploads\/imagecdf69263319c4e49b84189a9890e2d09.png\",\"contentUrl\":\"https:\/\/polscy-kierowcy.pl\/wp-content\/uploads\/imagecdf69263319c4e49b84189a9890e2d09.png\",\"width\":1024,\"height\":768},{\"@type\":\"BreadcrumbList\",\"@id\":\"https:\/\/polscy-kierowcy.pl\/stylizacja-biale-spodnie-czy-to-hit-czy-kit\/#breadcrumb\",\"itemListElement\":[{\"@type\":\"ListItem\",\"position\":1,\"name\":\"Home\",\"item\":\"https:\/\/polscy-kierowcy.pl\/\"},{\"@type\":\"ListItem\",\"position\":2,\"name\":\"Stylizacja bia\u0142e spodnie \u2013 czy to hit czy kit?\"}]},{\"@type\":\"WebSite\",\"@id\":\"https:\/\/polscy-kierowcy.pl\/#website\",\"url\":\"https:\/\/polscy-kierowcy.pl\/\",\"name\":\"polscy-kierowcy.pl\",\"description\":\"Tureckie sukienki: pi\u0119kno w tradycji.\",\"potentialAction\":[{\"@type\":\"SearchAction\",\"target\":{\"@type\":\"EntryPoint\",\"urlTemplate\":\"https:\/\/polscy-kierowcy.pl\/?s={search_term_string}\"},\"query-input\":\"required name=search_term_string\"}],\"inLanguage\":\"ro-RO\"},{\"@type\":\"Person\",\"@id\":\"https:\/\/polscy-kierowcy.pl\/#\/schema\/person\/77c4277010b28eb5eb64e23f2c0cb6df\",\"name\":\"Marta Doma\u0144ska\",\"image\":{\"@type\":\"ImageObject\",\"inLanguage\":\"ro-RO\",\"@id\":\"https:\/\/polscy-kierowcy.pl\/#\/schema\/person\/image\/\",\"url\":\"https:\/\/polscy-kierowcy.pl\/wp-content\/uploads\/marta-domanska_avatar-96x96.jpg\",\"contentUrl\":\"https:\/\/polscy-kierowcy.pl\/wp-content\/uploads\/marta-domanska_avatar-96x96.jpg\",\"caption\":\"Marta Doma\u0144ska\"},\"description\":\"Marta Doma\u0144ska to do\u015bwiadczona stylistka i w\u0142a\u015bcicielka butiku Novamoda w Poznaniu, specjalizuj\u0105ca si\u0119 w analizie kolorystycznej i doborze odzie\u017cy do sylwetki. Jej pasja do mody oraz indywidualne podej\u015bcie do klientek pozwalaj\u0105 na tworzenie unikatowych stylizacji, kt\u00f3re podkre\u015blaj\u0105 naturalne pi\u0119kno ka\u017cdej osoby.\",\"url\":\"https:\/\/polscy-kierowcy.pl\/ro\/author\/marta-domanska\/\"}]}<\/script>\n<!-- \/ Yoast SEO plugin. -->","yoast_head_json":{"title":"Stylizacja bia\u0142e spodnie \u2013 odkryj, czy to hit czy kit w modzie","description":"Zastanawiasz si\u0119 nad stylizacj\u0105 bia\u0142ych spodni? Sprawd\u017a nasze porady, zalety i wady noszenia tego elementu garderoby.","robots":{"index":"index","follow":"follow","max-snippet":"max-snippet:-1","max-image-preview":"max-image-preview:large","max-video-preview":"max-video-preview:-1"},"canonical":"https:\/\/polscy-kierowcy.pl\/ro\/stylizacja-biale-spodnie-czy-to-hit-czy-kit\/","og_locale":"ro_RO","og_type":"article","og_title":"Stylizacja bia\u0142e spodnie \u2013 odkryj, czy to hit czy kit w modzie","og_description":"Zastanawiasz si\u0119 nad stylizacj\u0105 bia\u0142ych spodni? Sprawd\u017a nasze porady, zalety i wady noszenia tego elementu garderoby.","og_url":"https:\/\/polscy-kierowcy.pl\/ro\/stylizacja-biale-spodnie-czy-to-hit-czy-kit\/","og_site_name":"polscy-kierowcy.pl","article_published_time":"2025-02-15T00:00:00+00:00","article_modified_time":"2025-02-25T13:00:08+00:00","og_image":[{"width":1024,"height":768,"url":"https:\/\/polscy-kierowcy.pl\/wp-content\/uploads\/imagecdf69263319c4e49b84189a9890e2d09.png","type":"image\/png"}],"author":"Marta Doma\u0144ska","twitter_card":"summary_large_image","twitter_misc":{"Scris de":"Marta Doma\u0144ska","Timp estimat pentru citire":"4 minute"},"schema":{"@context":"https:\/\/schema.org","@graph":[{"@type":"WebPage","@id":"https:\/\/polscy-kierowcy.pl\/stylizacja-biale-spodnie-czy-to-hit-czy-kit\/","url":"https:\/\/polscy-kierowcy.pl\/stylizacja-biale-spodnie-czy-to-hit-czy-kit\/","name":"Stylizacja bia\u0142e spodnie \u2013 odkryj, czy to hit czy kit w modzie","isPartOf":{"@id":"https:\/\/polscy-kierowcy.pl\/#website"},"primaryImageOfPage":{"@id":"https:\/\/polscy-kierowcy.pl\/stylizacja-biale-spodnie-czy-to-hit-czy-kit\/#primaryimage"},"image":{"@id":"https:\/\/polscy-kierowcy.pl\/stylizacja-biale-spodnie-czy-to-hit-czy-kit\/#primaryimage"},"thumbnailUrl":"https:\/\/polscy-kierowcy.pl\/wp-content\/uploads\/imagecdf69263319c4e49b84189a9890e2d09.png","datePublished":"2025-02-15T00:00:00+00:00","dateModified":"2025-02-25T13:00:08+00:00","author":{"@id":"https:\/\/polscy-kierowcy.pl\/#\/schema\/person\/77c4277010b28eb5eb64e23f2c0cb6df"},"description":"Zastanawiasz si\u0119 nad stylizacj\u0105 bia\u0142ych spodni? Sprawd\u017a nasze porady, zalety i wady noszenia tego elementu garderoby.","breadcrumb":{"@id":"https:\/\/polscy-kierowcy.pl\/stylizacja-biale-spodnie-czy-to-hit-czy-kit\/#breadcrumb"},"inLanguage":"ro-RO","potentialAction":[{"@type":"ReadAction","target":["https:\/\/polscy-kierowcy.pl\/stylizacja-biale-spodnie-czy-to-hit-czy-kit\/"]}]},{"@type":"ImageObject","inLanguage":"ro-RO","@id":"https:\/\/polscy-kierowcy.pl\/stylizacja-biale-spodnie-czy-to-hit-czy-kit\/#primaryimage","url":"https:\/\/polscy-kierowcy.pl\/wp-content\/uploads\/imagecdf69263319c4e49b84189a9890e2d09.png","contentUrl":"https:\/\/polscy-kierowcy.pl\/wp-content\/uploads\/imagecdf69263319c4e49b84189a9890e2d09.png","width":1024,"height":768},{"@type":"BreadcrumbList","@id":"https:\/\/polscy-kierowcy.pl\/stylizacja-biale-spodnie-czy-to-hit-czy-kit\/#breadcrumb","itemListElement":[{"@type":"ListItem","position":1,"name":"Home","item":"https:\/\/polscy-kierowcy.pl\/"},{"@type":"ListItem","position":2,"name":"Stylizacja bia\u0142e spodnie \u2013 czy to hit czy kit?"}]},{"@type":"WebSite","@id":"https:\/\/polscy-kierowcy.pl\/#website","url":"https:\/\/polscy-kierowcy.pl\/","name":"polscy-kierowcy.pl","description":"Tureckie sukienki: pi\u0119kno w tradycji.","potentialAction":[{"@type":"SearchAction","target":{"@type":"EntryPoint","urlTemplate":"https:\/\/polscy-kierowcy.pl\/?s={search_term_string}"},"query-input":"required name=search_term_string"}],"inLanguage":"ro-RO"},{"@type":"Person","@id":"https:\/\/polscy-kierowcy.pl\/#\/schema\/person\/77c4277010b28eb5eb64e23f2c0cb6df","name":"Marta Doma\u0144ska","image":{"@type":"ImageObject","inLanguage":"ro-RO","@id":"https:\/\/polscy-kierowcy.pl\/#\/schema\/person\/image\/","url":"https:\/\/polscy-kierowcy.pl\/wp-content\/uploads\/marta-domanska_avatar-96x96.jpg","contentUrl":"https:\/\/polscy-kierowcy.pl\/wp-content\/uploads\/marta-domanska_avatar-96x96.jpg","caption":"Marta Doma\u0144ska"},"description":"Marta Doma\u0144ska to do\u015bwiadczona stylistka i w\u0142a\u015bcicielka butiku Novamoda w Poznaniu, specjalizuj\u0105ca si\u0119 w analizie kolorystycznej i doborze odzie\u017cy do sylwetki. Jej pasja do mody oraz indywidualne podej\u015bcie do klientek pozwalaj\u0105 na tworzenie unikatowych stylizacji, kt\u00f3re podkre\u015blaj\u0105 naturalne pi\u0119kno ka\u017cdej osoby.","url":"https:\/\/polscy-kierowcy.pl\/ro\/author\/marta-domanska\/"}]}},"yoast_meta":{"yoast_wpseo_title":"","yoast_wpseo_metadesc":"","yoast_wpseo_canonical":"https:\/\/polscy-kierowcy.pl\/ro\/wp-json\/wp\/v2\/posts\/449"},"_links":{"self":[{"href":"https:\/\/polscy-kierowcy.pl\/ro\/wp-json\/wp\/v2\/posts\/449"}],"collection":[{"href":"https:\/\/polscy-kierowcy.pl\/ro\/wp-json\/wp\/v2\/posts"}],"about":[{"href":"https:\/\/polscy-kierowcy.pl\/ro\/wp-json\/wp\/v2\/types\/post"}],"author":[{"embeddable":true,"href":"https:\/\/polscy-kierowcy.pl\/ro\/wp-json\/wp\/v2\/users\/2"}],"replies":[{"embeddable":true,"href":"https:\/\/polscy-kierowcy.pl\/ro\/wp-json\/wp\/v2\/comments?post=449"}],"version-history":[{"count":2,"href":"https:\/\/polscy-kierowcy.pl\/ro\/wp-json\/wp\/v2\/posts\/449\/revisions"}],"predecessor-version":[{"id":490,"href":"https:\/\/polscy-kierowcy.pl\/ro\/wp-json\/wp\/v2\/posts\/449\/revisions\/490"}],"wp:featuredmedia":[{"embeddable":true,"href":"https:\/\/polscy-kierowcy.pl\/ro\/wp-json\/wp\/v2\/media\/424"}],"wp:attachment":[{"href":"https:\/\/polscy-kierowcy.pl\/ro\/wp-json\/wp\/v2\/media?parent=449"}],"wp:term":[{"taxonomy":"category","embeddable":true,"href":"https:\/\/polscy-kierowcy.pl\/ro\/wp-json\/wp\/v2\/categories?post=449"},{"taxonomy":"post_tag","embeddable":true,"href":"https:\/\/polscy-kierowcy.pl\/ro\/wp-json\/wp\/v2\/tags?post=449"}],"curies":[{"name":"wp","href":"https:\/\/api.w.org\/{rel}","templated":true}]}}