{"id":446,"date":"2025-02-19T00:00:00","date_gmt":"2025-02-19T00:00:00","guid":{"rendered":"https:\/\/polscy-kierowcy.pl\/?p=446"},"modified":"2025-02-25T13:00:08","modified_gmt":"2025-02-25T13:00:08","slug":"czym-kierowac-sie-przy-wyborze-meskiego-zakietu","status":"publish","type":"post","link":"https:\/\/polscy-kierowcy.pl\/ro\/czym-kierowac-sie-przy-wyborze-meskiego-zakietu\/","title":{"rendered":"La ce ar trebui s\u0103 fii atent atunci c\u00e2nd alegi o jachet\u0103 b\u0103rb\u0103teasc\u0103?"},"content":{"rendered":"<div class=\"kk-star-ratings kksr-auto kksr-align-left kksr-valign-top\"\n    data-payload='{&quot;align&quot;:&quot;left&quot;,&quot;id&quot;:&quot;446&quot;,&quot;slug&quot;:&quot;default&quot;,&quot;valign&quot;:&quot;top&quot;,&quot;ignore&quot;:&quot;&quot;,&quot;reference&quot;:&quot;auto&quot;,&quot;class&quot;:&quot;&quot;,&quot;count&quot;:&quot;0&quot;,&quot;legendonly&quot;:&quot;&quot;,&quot;readonly&quot;:&quot;&quot;,&quot;score&quot;:&quot;0&quot;,&quot;starsonly&quot;:&quot;&quot;,&quot;best&quot;:&quot;5&quot;,&quot;gap&quot;:&quot;5&quot;,&quot;greet&quot;:&quot;&quot;,&quot;legend&quot;:&quot;0\\\/5 - (0 votes)&quot;,&quot;size&quot;:&quot;24&quot;,&quot;title&quot;:&quot;Czym kierowa\u0107 si\u0119 przy wyborze m\u0119skiego \u017cakietu?&quot;,&quot;width&quot;:&quot;0&quot;,&quot;_legend&quot;:&quot;{score}\\\/{best} - ({count} {votes})&quot;,&quot;font_factor&quot;:&quot;1.25&quot;}'>\n            \n<div class=\"kksr-stars\">\n    \n<div class=\"kksr-stars-inactive\">\n            <div class=\"kksr-star\" data-star=\"1\" style=\"padding-right: 5px\">\n            \n\n<div class=\"kksr-icon\" style=\"width: 24px; height: 24px;\"><\/div>\n        <\/div>\n            <div class=\"kksr-star\" data-star=\"2\" style=\"padding-right: 5px\">\n            \n\n<div class=\"kksr-icon\" style=\"width: 24px; height: 24px;\"><\/div>\n        <\/div>\n            <div class=\"kksr-star\" data-star=\"3\" style=\"padding-right: 5px\">\n            \n\n<div class=\"kksr-icon\" style=\"width: 24px; height: 24px;\"><\/div>\n        <\/div>\n            <div class=\"kksr-star\" data-star=\"4\" style=\"padding-right: 5px\">\n            \n\n<div class=\"kksr-icon\" style=\"width: 24px; height: 24px;\"><\/div>\n        <\/div>\n            <div class=\"kksr-star\" data-star=\"5\" style=\"padding-right: 5px\">\n            \n\n<div class=\"kksr-icon\" style=\"width: 24px; height: 24px;\"><\/div>\n        <\/div>\n    <\/div>\n    \n<div class=\"kksr-stars-active\" style=\"width: 0px;\">\n            <div class=\"kksr-star\" style=\"padding-right: 5px\">\n            \n\n<div class=\"kksr-icon\" style=\"width: 24px; height: 24px;\"><\/div>\n        <\/div>\n            <div class=\"kksr-star\" style=\"padding-right: 5px\">\n            \n\n<div class=\"kksr-icon\" style=\"width: 24px; height: 24px;\"><\/div>\n        <\/div>\n            <div class=\"kksr-star\" style=\"padding-right: 5px\">\n            \n\n<div class=\"kksr-icon\" style=\"width: 24px; height: 24px;\"><\/div>\n        <\/div>\n            <div class=\"kksr-star\" style=\"padding-right: 5px\">\n            \n\n<div class=\"kksr-icon\" style=\"width: 24px; height: 24px;\"><\/div>\n        <\/div>\n            <div class=\"kksr-star\" style=\"padding-right: 5px\">\n            \n\n<div class=\"kksr-icon\" style=\"width: 24px; height: 24px;\"><\/div>\n        <\/div>\n    <\/div>\n<\/div>\n                \n\n<div class=\"kksr-legend\" style=\"font-size: 19.2px;\">\n            <span class=\"kksr-muted\"><\/span>\n    <\/div>\n    <\/div>\n<p>Mul\u021bi b\u0103rba\u021bi se confrunt\u0103 cu decizia de a alege sacoul perfect, ceea ce poate p\u0103rea o sarcin\u0103 u\u0219oar\u0103, dar necesit\u0103 o analiz\u0103 mai profund\u0103. Un saco b\u0103rb\u0103tesc este un element vestimentar care poate influen\u021ba semnificativ stilul \u0219i confortul purt\u0103rii. Alegerea corect\u0103 nu este doar o chestiune de estetic\u0103, ci \u0219i de confort \u0219i func\u021bionalitate. O achizi\u021bie bine g\u00e2ndit\u0103 garanteaz\u0103 c\u0103 sacoul nu numai c\u0103 va ar\u0103ta bine, ci va servi \u0219i ani de zile. \u00cenv\u0103\u021barea aspectelor cheie ale modei masculine ne poate face mai \u00eencrez\u0103tori \u00een fiecare situa\u021bie. A\u0219adar, haide\u021bi s\u0103 arunc\u0103m o privire la ce s\u0103 acord\u0103m o aten\u021bie deosebit\u0103 atunci c\u00e2nd alegem acest element vestimentar important.<\/p>\n<h2>Tipuri de jachete b\u0103rb\u0103te\u0219ti<\/h2>\n<p><img decoding=\"async\" alt=\"Na stole le\u017cy r\u00f3\u017cnorodne tkaniny w kolorach od be\u017cu po br\u0105z, w przytulnym wn\u0119trzu pracowni.\" src=\"https:\/\/polscy-kierowcy.pl\/wp-content\/uploads\/image3aacb80b9bf34051813d284d2f81c374.png\"\/><\/p>\n<p>Sacourile b\u0103rb\u0103te\u0219ti sunt disponibile \u00een diverse stiluri \u0219i croieli, permi\u021b\u00e2ndu-v\u0103 s\u0103 alege\u021bi modelul perfect pentru fiecare ocazie. Exist\u0103 multe tipuri care difer\u0103 at\u00e2t prin croial\u0103, c\u00e2t \u0219i prin materiale. Putem distinge sacouri sport, elegante, casual \u0219i clasice. Fiecare dintre aceste tipuri are anumite caracteristici care satisfac nevoile diferite ale b\u0103rba\u021bilor. Fiecare dintre aceste stiluri poate fi adaptat la ocazii specifice, cum ar fi \u00eent\u00e2lniri de afaceri, nun\u021bi sau ie\u0219iri mai pu\u021bin formale cu prietenii. Merit\u0103 s\u0103 ne amintim c\u0103 exist\u0103 \u0219i modele \u0219i culori care adaug\u0103 caracter stilurilor noastre.<\/p>\n<h2>Materiale utilizate pentru produc\u021bie<\/h2>\n<p><img decoding=\"async\" alt=\"M\u0119\u017cczyzna w eleganckim garniturze przymierza muszk\u0119 przed lustrem w stylowym pokoju.\" src=\"https:\/\/polscy-kierowcy.pl\/wp-content\/uploads\/image6ae2ffda054a480d809de7784f6a7697.png\"\/><\/p>\n<p>Alegerea materialului potrivit pentru jachet\u0103 este crucial\u0103 pentru confort \u0219i durabilitate. Diferite materiale pot afecta modul \u00een care o jachet\u0103 se comport\u0103 \u00een utilizarea zilnic\u0103. Iat\u0103 c\u00e2teva dintre cele mai comune materiale utilizate \u00een produc\u021bia de jachete:<\/p>\n<ul>\n<li><strong>L\u00e2n\u0103:<\/strong> Se caracterizeaz\u0103 prin propriet\u0103\u021bi termice excelente \u0219i aspect elegant.<\/li>\n<li><strong>Bumbac:<\/strong> Este aerisit\u0103 \u0219i confortabil\u0103, perfect\u0103 pentru zilele mai c\u0103lduroase.<\/li>\n<li><strong>Poliester:<\/strong> Adesea folosit \u00een amestecuri, ofer\u0103 durabilitate \u0219i u\u0219urin\u021b\u0103 \u00een \u00eengrijire.<\/li>\n<\/ul>\n<h2>Potrivire \u0219i m\u0103rime<\/h2>\n<p>Croiala unei jachete este esen\u021bial\u0103 pentru a-\u021bi pune \u00een valoare silueta \u0219i a asigura confortul. O m\u0103rime bine aleas\u0103 este una care nu restric\u021bioneaz\u0103 mi\u0219carea, dar \u00een acela\u0219i timp se muleaz\u0103 bine pe corp. Iat\u0103 elementele cheie la care trebuie s\u0103 fii atent:<\/p>\n<ul>\n<li><strong>Arme:<\/strong> Ar trebui s\u0103 se potriveasc\u0103 bine, s\u0103 nu cad\u0103 sau s\u0103 fie prea str\u00e2mte.<\/li>\n<li><strong>Pachete:<\/strong> Jacheta ar trebui s\u0103 sublinieze subtil silueta, s\u0103 nu fie prea lejer\u0103.<\/li>\n<li><strong>Lungime m\u00e2nec\u0103:<\/strong> Ar trebui s\u0103 se termine la \u00eencheietura m\u00e2inii, evit\u00e2nd m\u00e2necile prea lungi sau prea scurte.<\/li>\n<\/ul>\n<h2>Culoare \u0219i model<\/h2>\n<p>Alegerea culorii \u0219i a modelului jachetei este de mare importan\u021b\u0103 \u00een conturarea impresiei generale. Combina\u021bia potrivit\u0103 de nuan\u021be \u0219i texturi poate conferi stilului elegan\u021b\u0103 sau un caracter casual. Merit\u0103 s\u0103 investe\u0219ti \u00een culori clasice, u\u0219or de asortat cu alte elemente ale garderobei. Culori precum bleumarin, gri sau negru sunt atemporale \u0219i mereu la mod\u0103. Pe de alt\u0103 parte, culorile \u0219i modelele mai \u00eendr\u0103zne\u021be pot ad\u0103uga individualitate stilului. Iat\u0103 exemple de modele populare pe care le aleg adesea b\u0103rba\u021bii:<\/p>\n<table border=\"1\">\n<tr>\n<th>Model<\/th>\n<th>Descriere<\/th>\n<\/tr>\n<tr>\n<td>Gril\u0103<\/td>\n<td>Adaug\u0103 un caracter clasic, perfect pentru ocazii formale.<\/td>\n<\/tr>\n<tr>\n<td>Dungi longitudinale<\/td>\n<td>Alunge\u0219te silueta, fiind adesea ales pentru serviciu.<\/td>\n<\/tr>\n<tr>\n<td>Netezi<\/td>\n<td>Universal, potrivit pentru orice stil.<\/td>\n<\/tr>\n<\/table>\n<h2>Ocazii pentru a purta un blazer<\/h2>\n<p>Un blazer este o pies\u0103 vestimentar\u0103 care se va potrivi bine \u00een diverse ocazii. Merit\u0103 s\u0103 iei \u00een considerare situa\u021biile \u00een care inten\u021bionezi s\u0103 \u00eel por\u021bi pentru a alege modelul potrivit. Pentru \u00eent\u00e2lnirile de afaceri oficiale, cel mai bine este s\u0103 alegi culori \u0219i stiluri clasice. Pe de alt\u0103 parte, pentru \u00eent\u00e2lnirile mai pu\u021bin formale, po\u021bi alege modele \u0219i culori mai \u00eendr\u0103zne\u021be. Un blazer ales corespunz\u0103tor va ad\u0103uga \u00eencredere \u00een sine \u0219i ne va face s\u0103 ne sim\u021bim confortabil. Este important ca stilul s\u0103 fie coerent \u0219i ca toate elementele s\u0103 se armonizeze \u00eentre ele.<\/p>\n<h2>\u00centre\u021binere \u0219i \u00eengrijire<\/h2>\n<p>\u00centre\u021binerea corect\u0103 a unei jachete \u00eei va asigura o durat\u0103 de via\u021b\u0103 mai lung\u0103 \u0219i \u00eei va men\u021bine aspectul estetic. Persoanele care doresc ca hainele lor s\u0103 arate ca noi pentru o perioad\u0103 lung\u0103 de timp ar trebui s\u0103 cunoasc\u0103 regulile de baz\u0103 de \u00eengrijire. Dup\u0103 fiecare utilizare, merit\u0103 s\u0103 re\u00eemprosp\u0103ta\u021bi u\u0219or jacheta, de exemplu cu un aspirator de haine. Este important s\u0103 nu o depozita\u021bi \u00een \u00eenc\u0103peri umede \u0219i s\u0103 folosi\u021bi umera\u0219e adecvate. Cur\u0103\u021barea chimic\u0103 regulat\u0103 va face ca materialul s\u0103 arate proasp\u0103t. Re\u021bine\u021bi garderoba sezonier\u0103 \u0219i v\u0103 va ajuta s\u0103 v\u0103 men\u021bine\u021bi garderoba ordonat\u0103.<\/p>\n<h2>Alegerea accesoriilor<\/h2>\n<p>Accesoriile bine alese ne pot \u00eembun\u0103t\u0103\u021bi semnificativ aspectul. O cravat\u0103, o batist\u0103 de buzunar sau un ceas sunt elemente care merit\u0103 combinate cu o jachet\u0103. Atunci c\u00e2nd alegem accesorii, este important ca acestea s\u0103 fie \u00een concordan\u021b\u0103 cu stilul general \u0219i culoarea jachetei. Accesoriile pot ad\u0103uga un caracter individual, a\u0219a c\u0103 merit\u0103 s\u0103 experiment\u0103m diferite combina\u021bii. De asemenea, merit\u0103 s\u0103 fim aten\u021bi la detalii, deoarece acestea determin\u0103 adesea \u00eentregul stil. O \u021binut\u0103 bine aleas\u0103 este una care ne pune \u00een valoare personalitatea \u0219i ne face s\u0103 ne sim\u021bim bine.<\/p>\n<h2>Rezumat<\/h2>\n<p>Alegerea sacoului b\u0103rb\u0103tesc perfect este un proces care necesit\u0103 aten\u021bie \u0219i luarea \u00een considerare a multor aspecte. De la material, croial\u0103, culoare \u0219i model - fiecare detaliu are semnifica\u021bia sa. Un sacou b\u0103rb\u0103tesc ar trebui s\u0103 reflecte stilul \u0219i preferin\u021bele noastre. Un model bine ales poate fi nu doar la mod\u0103, ci \u0219i confortabil, ceea ce ne va face s\u0103 ne sim\u021bim \u00eencrez\u0103tori \u00een el. \u00centre\u021binerea corespunz\u0103toare \u0219i selec\u021bia accesoriilor sunt cheia succesului. Cunoa\u0219terea diferitelor tipuri de sacouri \u0219i a utiliz\u0103rii lor v\u0103 va ajuta s\u0103 face\u021bi o achizi\u021bie reu\u0219it\u0103.<\/p>\n<h2>\u00centreb\u0103ri frecvente<\/h2>\n<ul>\n<li><strong>Ce materiale sunt cele mai bune pentru jachete?<\/strong> L\u00e2na \u0219i bumbacul sunt cel mai adesea recomandate datorit\u0103 confortului \u0219i durabilit\u0103\u021bii lor.<\/li>\n<li><strong>Cum s\u0103 alegi m\u0103rimea potrivit\u0103 a jachetei?<\/strong> Ar trebui s\u0103 v\u0103 m\u0103sura\u021bi bustul, talia \u0219i lungimea m\u00e2necilor \u0219i apoi s\u0103 le compara\u021bi cu tabelul de m\u0103rimi al produc\u0103torului.<\/li>\n<li><strong>Ar trebui ca culoarea jachetei s\u0103 fie discret\u0103?<\/strong> Depinde de ocazie. Pentru evenimentele formale, este mai bine s\u0103 alege\u021bi culori discrete, \u00een timp ce pentru evenimentele mai pu\u021bin formale pute\u021bi opta pentru culori mai \u00eendr\u0103zne\u021be.<\/li>\n<li><strong>Cum s\u0103 ai grij\u0103 de o jachet\u0103 b\u0103rb\u0103teasc\u0103?<\/strong> Se recomand\u0103 cur\u0103\u021barea chimic\u0103 regulat\u0103 \u0219i depozitarea \u00een condi\u021bii adecvate (de exemplu, \u00eentr-un dulap cu umera\u0219e).<\/li>\n<\/ul>","protected":false},"excerpt":{"rendered":"<p>Wielu m\u0119\u017cczyzn staje przed decyzj\u0105 odno\u015bnie wyboru idealnego \u017cakietu, co mo\u017ce wydawa\u0107 si\u0119 zadaniem \u0142atwym, ale wymaga g\u0142\u0119bszej analizy. M\u0119ski \u017cakiet to element garderoby, kt\u00f3ry mo\u017ce znacz\u0105co wp\u0142yn\u0105\u0107 na styl i komfort noszenia. W\u0142a\u015bciwy wyb\u00f3r to nie tylko kwestia estetyki, ale tak\u017ce wygody i funkcjonalno\u015bci. Przemy\u015blany zakup gwarantuje, \u017ce \u017cakiet nie tylko b\u0119dzie dobrze wygl\u0105da\u0142, [&hellip;]<\/p>","protected":false},"author":2,"featured_media":414,"comment_status":"closed","ping_status":"closed","sticky":false,"template":"","format":"standard","meta":{"_acf_changed":false,"footnotes":""},"categories":[1],"tags":[],"class_list":["post-446","post","type-post","status-publish","format-standard","has-post-thumbnail","hentry","category-blog"],"acf":[],"yoast_head":"<!-- This site is optimized with the Yoast SEO plugin v23.2 - https:\/\/yoast.com\/wordpress\/plugins\/seo\/ -->\n<title>Czym kierowa\u0107 si\u0119 przy wyborze m\u0119skiego \u017cakietu? Poradnik dla modnych m\u0119\u017cczyzn<\/title>\n<meta name=\"description\" content=\"Odkryj, na co zwr\u00f3ci\u0107 uwag\u0119 przy wyborze m\u0119skiego \u017cakietu: od materia\u0142\u00f3w po dodatki, aby zawsze wygl\u0105da\u0107 stylowo.\" \/>\n<meta name=\"robots\" content=\"index, follow, max-snippet:-1, max-image-preview:large, max-video-preview:-1\" \/>\n<link rel=\"canonical\" href=\"https:\/\/polscy-kierowcy.pl\/ro\/czym-kierowac-sie-przy-wyborze-meskiego-zakietu\/\" \/>\n<meta property=\"og:locale\" content=\"ro_RO\" \/>\n<meta property=\"og:type\" content=\"article\" \/>\n<meta property=\"og:title\" content=\"Czym kierowa\u0107 si\u0119 przy wyborze m\u0119skiego \u017cakietu? Poradnik dla modnych m\u0119\u017cczyzn\" \/>\n<meta property=\"og:description\" content=\"Odkryj, na co zwr\u00f3ci\u0107 uwag\u0119 przy wyborze m\u0119skiego \u017cakietu: od materia\u0142\u00f3w po dodatki, aby zawsze wygl\u0105da\u0107 stylowo.\" \/>\n<meta property=\"og:url\" content=\"https:\/\/polscy-kierowcy.pl\/ro\/czym-kierowac-sie-przy-wyborze-meskiego-zakietu\/\" \/>\n<meta property=\"og:site_name\" content=\"polscy-kierowcy.pl\" \/>\n<meta property=\"article:published_time\" content=\"2025-02-19T00:00:00+00:00\" \/>\n<meta property=\"article:modified_time\" content=\"2025-02-25T13:00:08+00:00\" \/>\n<meta property=\"og:image\" content=\"https:\/\/polscy-kierowcy.pl\/wp-content\/uploads\/image2c7c6c703de54d90a093dc36ba409250.png\" \/>\n\t<meta property=\"og:image:width\" content=\"1024\" \/>\n\t<meta property=\"og:image:height\" content=\"768\" \/>\n\t<meta property=\"og:image:type\" content=\"image\/png\" \/>\n<meta name=\"author\" content=\"Marta Doma\u0144ska\" \/>\n<meta name=\"twitter:card\" content=\"summary_large_image\" \/>\n<meta name=\"twitter:label1\" content=\"Scris de\" \/>\n\t<meta name=\"twitter:data1\" content=\"Marta Doma\u0144ska\" \/>\n\t<meta name=\"twitter:label2\" content=\"Timp estimat pentru citire\" \/>\n\t<meta name=\"twitter:data2\" content=\"5 minute\" \/>\n<script type=\"application\/ld+json\" class=\"yoast-schema-graph\">{\"@context\":\"https:\/\/schema.org\",\"@graph\":[{\"@type\":\"WebPage\",\"@id\":\"https:\/\/polscy-kierowcy.pl\/czym-kierowac-sie-przy-wyborze-meskiego-zakietu\/\",\"url\":\"https:\/\/polscy-kierowcy.pl\/czym-kierowac-sie-przy-wyborze-meskiego-zakietu\/\",\"name\":\"Czym kierowa\u0107 si\u0119 przy wyborze m\u0119skiego \u017cakietu? Poradnik dla modnych m\u0119\u017cczyzn\",\"isPartOf\":{\"@id\":\"https:\/\/polscy-kierowcy.pl\/#website\"},\"primaryImageOfPage\":{\"@id\":\"https:\/\/polscy-kierowcy.pl\/czym-kierowac-sie-przy-wyborze-meskiego-zakietu\/#primaryimage\"},\"image\":{\"@id\":\"https:\/\/polscy-kierowcy.pl\/czym-kierowac-sie-przy-wyborze-meskiego-zakietu\/#primaryimage\"},\"thumbnailUrl\":\"https:\/\/polscy-kierowcy.pl\/wp-content\/uploads\/image2c7c6c703de54d90a093dc36ba409250.png\",\"datePublished\":\"2025-02-19T00:00:00+00:00\",\"dateModified\":\"2025-02-25T13:00:08+00:00\",\"author\":{\"@id\":\"https:\/\/polscy-kierowcy.pl\/#\/schema\/person\/77c4277010b28eb5eb64e23f2c0cb6df\"},\"description\":\"Odkryj, na co zwr\u00f3ci\u0107 uwag\u0119 przy wyborze m\u0119skiego \u017cakietu: od materia\u0142\u00f3w po dodatki, aby zawsze wygl\u0105da\u0107 stylowo.\",\"breadcrumb\":{\"@id\":\"https:\/\/polscy-kierowcy.pl\/czym-kierowac-sie-przy-wyborze-meskiego-zakietu\/#breadcrumb\"},\"inLanguage\":\"ro-RO\",\"potentialAction\":[{\"@type\":\"ReadAction\",\"target\":[\"https:\/\/polscy-kierowcy.pl\/czym-kierowac-sie-przy-wyborze-meskiego-zakietu\/\"]}]},{\"@type\":\"ImageObject\",\"inLanguage\":\"ro-RO\",\"@id\":\"https:\/\/polscy-kierowcy.pl\/czym-kierowac-sie-przy-wyborze-meskiego-zakietu\/#primaryimage\",\"url\":\"https:\/\/polscy-kierowcy.pl\/wp-content\/uploads\/image2c7c6c703de54d90a093dc36ba409250.png\",\"contentUrl\":\"https:\/\/polscy-kierowcy.pl\/wp-content\/uploads\/image2c7c6c703de54d90a093dc36ba409250.png\",\"width\":1024,\"height\":768},{\"@type\":\"BreadcrumbList\",\"@id\":\"https:\/\/polscy-kierowcy.pl\/czym-kierowac-sie-przy-wyborze-meskiego-zakietu\/#breadcrumb\",\"itemListElement\":[{\"@type\":\"ListItem\",\"position\":1,\"name\":\"Home\",\"item\":\"https:\/\/polscy-kierowcy.pl\/\"},{\"@type\":\"ListItem\",\"position\":2,\"name\":\"Czym kierowa\u0107 si\u0119 przy wyborze m\u0119skiego \u017cakietu?\"}]},{\"@type\":\"WebSite\",\"@id\":\"https:\/\/polscy-kierowcy.pl\/#website\",\"url\":\"https:\/\/polscy-kierowcy.pl\/\",\"name\":\"polscy-kierowcy.pl\",\"description\":\"Tureckie sukienki: pi\u0119kno w tradycji.\",\"potentialAction\":[{\"@type\":\"SearchAction\",\"target\":{\"@type\":\"EntryPoint\",\"urlTemplate\":\"https:\/\/polscy-kierowcy.pl\/?s={search_term_string}\"},\"query-input\":\"required name=search_term_string\"}],\"inLanguage\":\"ro-RO\"},{\"@type\":\"Person\",\"@id\":\"https:\/\/polscy-kierowcy.pl\/#\/schema\/person\/77c4277010b28eb5eb64e23f2c0cb6df\",\"name\":\"Marta Doma\u0144ska\",\"image\":{\"@type\":\"ImageObject\",\"inLanguage\":\"ro-RO\",\"@id\":\"https:\/\/polscy-kierowcy.pl\/#\/schema\/person\/image\/\",\"url\":\"https:\/\/polscy-kierowcy.pl\/wp-content\/uploads\/marta-domanska_avatar-96x96.jpg\",\"contentUrl\":\"https:\/\/polscy-kierowcy.pl\/wp-content\/uploads\/marta-domanska_avatar-96x96.jpg\",\"caption\":\"Marta Doma\u0144ska\"},\"description\":\"Marta Doma\u0144ska to do\u015bwiadczona stylistka i w\u0142a\u015bcicielka butiku Novamoda w Poznaniu, specjalizuj\u0105ca si\u0119 w analizie kolorystycznej i doborze odzie\u017cy do sylwetki. Jej pasja do mody oraz indywidualne podej\u015bcie do klientek pozwalaj\u0105 na tworzenie unikatowych stylizacji, kt\u00f3re podkre\u015blaj\u0105 naturalne pi\u0119kno ka\u017cdej osoby.\",\"url\":\"https:\/\/polscy-kierowcy.pl\/ro\/author\/marta-domanska\/\"}]}<\/script>\n<!-- \/ Yoast SEO plugin. -->","yoast_head_json":{"title":"Czym kierowa\u0107 si\u0119 przy wyborze m\u0119skiego \u017cakietu? Poradnik dla modnych m\u0119\u017cczyzn","description":"Odkryj, na co zwr\u00f3ci\u0107 uwag\u0119 przy wyborze m\u0119skiego \u017cakietu: od materia\u0142\u00f3w po dodatki, aby zawsze wygl\u0105da\u0107 stylowo.","robots":{"index":"index","follow":"follow","max-snippet":"max-snippet:-1","max-image-preview":"max-image-preview:large","max-video-preview":"max-video-preview:-1"},"canonical":"https:\/\/polscy-kierowcy.pl\/ro\/czym-kierowac-sie-przy-wyborze-meskiego-zakietu\/","og_locale":"ro_RO","og_type":"article","og_title":"Czym kierowa\u0107 si\u0119 przy wyborze m\u0119skiego \u017cakietu? Poradnik dla modnych m\u0119\u017cczyzn","og_description":"Odkryj, na co zwr\u00f3ci\u0107 uwag\u0119 przy wyborze m\u0119skiego \u017cakietu: od materia\u0142\u00f3w po dodatki, aby zawsze wygl\u0105da\u0107 stylowo.","og_url":"https:\/\/polscy-kierowcy.pl\/ro\/czym-kierowac-sie-przy-wyborze-meskiego-zakietu\/","og_site_name":"polscy-kierowcy.pl","article_published_time":"2025-02-19T00:00:00+00:00","article_modified_time":"2025-02-25T13:00:08+00:00","og_image":[{"width":1024,"height":768,"url":"https:\/\/polscy-kierowcy.pl\/wp-content\/uploads\/image2c7c6c703de54d90a093dc36ba409250.png","type":"image\/png"}],"author":"Marta Doma\u0144ska","twitter_card":"summary_large_image","twitter_misc":{"Scris de":"Marta Doma\u0144ska","Timp estimat pentru citire":"5 minute"},"schema":{"@context":"https:\/\/schema.org","@graph":[{"@type":"WebPage","@id":"https:\/\/polscy-kierowcy.pl\/czym-kierowac-sie-przy-wyborze-meskiego-zakietu\/","url":"https:\/\/polscy-kierowcy.pl\/czym-kierowac-sie-przy-wyborze-meskiego-zakietu\/","name":"Czym kierowa\u0107 si\u0119 przy wyborze m\u0119skiego \u017cakietu? Poradnik dla modnych m\u0119\u017cczyzn","isPartOf":{"@id":"https:\/\/polscy-kierowcy.pl\/#website"},"primaryImageOfPage":{"@id":"https:\/\/polscy-kierowcy.pl\/czym-kierowac-sie-przy-wyborze-meskiego-zakietu\/#primaryimage"},"image":{"@id":"https:\/\/polscy-kierowcy.pl\/czym-kierowac-sie-przy-wyborze-meskiego-zakietu\/#primaryimage"},"thumbnailUrl":"https:\/\/polscy-kierowcy.pl\/wp-content\/uploads\/image2c7c6c703de54d90a093dc36ba409250.png","datePublished":"2025-02-19T00:00:00+00:00","dateModified":"2025-02-25T13:00:08+00:00","author":{"@id":"https:\/\/polscy-kierowcy.pl\/#\/schema\/person\/77c4277010b28eb5eb64e23f2c0cb6df"},"description":"Odkryj, na co zwr\u00f3ci\u0107 uwag\u0119 przy wyborze m\u0119skiego \u017cakietu: od materia\u0142\u00f3w po dodatki, aby zawsze wygl\u0105da\u0107 stylowo.","breadcrumb":{"@id":"https:\/\/polscy-kierowcy.pl\/czym-kierowac-sie-przy-wyborze-meskiego-zakietu\/#breadcrumb"},"inLanguage":"ro-RO","potentialAction":[{"@type":"ReadAction","target":["https:\/\/polscy-kierowcy.pl\/czym-kierowac-sie-przy-wyborze-meskiego-zakietu\/"]}]},{"@type":"ImageObject","inLanguage":"ro-RO","@id":"https:\/\/polscy-kierowcy.pl\/czym-kierowac-sie-przy-wyborze-meskiego-zakietu\/#primaryimage","url":"https:\/\/polscy-kierowcy.pl\/wp-content\/uploads\/image2c7c6c703de54d90a093dc36ba409250.png","contentUrl":"https:\/\/polscy-kierowcy.pl\/wp-content\/uploads\/image2c7c6c703de54d90a093dc36ba409250.png","width":1024,"height":768},{"@type":"BreadcrumbList","@id":"https:\/\/polscy-kierowcy.pl\/czym-kierowac-sie-przy-wyborze-meskiego-zakietu\/#breadcrumb","itemListElement":[{"@type":"ListItem","position":1,"name":"Home","item":"https:\/\/polscy-kierowcy.pl\/"},{"@type":"ListItem","position":2,"name":"Czym kierowa\u0107 si\u0119 przy wyborze m\u0119skiego \u017cakietu?"}]},{"@type":"WebSite","@id":"https:\/\/polscy-kierowcy.pl\/#website","url":"https:\/\/polscy-kierowcy.pl\/","name":"polscy-kierowcy.pl","description":"Tureckie sukienki: pi\u0119kno w tradycji.","potentialAction":[{"@type":"SearchAction","target":{"@type":"EntryPoint","urlTemplate":"https:\/\/polscy-kierowcy.pl\/?s={search_term_string}"},"query-input":"required name=search_term_string"}],"inLanguage":"ro-RO"},{"@type":"Person","@id":"https:\/\/polscy-kierowcy.pl\/#\/schema\/person\/77c4277010b28eb5eb64e23f2c0cb6df","name":"Marta Doma\u0144ska","image":{"@type":"ImageObject","inLanguage":"ro-RO","@id":"https:\/\/polscy-kierowcy.pl\/#\/schema\/person\/image\/","url":"https:\/\/polscy-kierowcy.pl\/wp-content\/uploads\/marta-domanska_avatar-96x96.jpg","contentUrl":"https:\/\/polscy-kierowcy.pl\/wp-content\/uploads\/marta-domanska_avatar-96x96.jpg","caption":"Marta Doma\u0144ska"},"description":"Marta Doma\u0144ska to do\u015bwiadczona stylistka i w\u0142a\u015bcicielka butiku Novamoda w Poznaniu, specjalizuj\u0105ca si\u0119 w analizie kolorystycznej i doborze odzie\u017cy do sylwetki. Jej pasja do mody oraz indywidualne podej\u015bcie do klientek pozwalaj\u0105 na tworzenie unikatowych stylizacji, kt\u00f3re podkre\u015blaj\u0105 naturalne pi\u0119kno ka\u017cdej osoby.","url":"https:\/\/polscy-kierowcy.pl\/ro\/author\/marta-domanska\/"}]}},"yoast_meta":{"yoast_wpseo_title":"","yoast_wpseo_metadesc":"","yoast_wpseo_canonical":"https:\/\/polscy-kierowcy.pl\/ro\/wp-json\/wp\/v2\/posts\/446"},"_links":{"self":[{"href":"https:\/\/polscy-kierowcy.pl\/ro\/wp-json\/wp\/v2\/posts\/446"}],"collection":[{"href":"https:\/\/polscy-kierowcy.pl\/ro\/wp-json\/wp\/v2\/posts"}],"about":[{"href":"https:\/\/polscy-kierowcy.pl\/ro\/wp-json\/wp\/v2\/types\/post"}],"author":[{"embeddable":true,"href":"https:\/\/polscy-kierowcy.pl\/ro\/wp-json\/wp\/v2\/users\/2"}],"replies":[{"embeddable":true,"href":"https:\/\/polscy-kierowcy.pl\/ro\/wp-json\/wp\/v2\/comments?post=446"}],"version-history":[{"count":2,"href":"https:\/\/polscy-kierowcy.pl\/ro\/wp-json\/wp\/v2\/posts\/446\/revisions"}],"predecessor-version":[{"id":485,"href":"https:\/\/polscy-kierowcy.pl\/ro\/wp-json\/wp\/v2\/posts\/446\/revisions\/485"}],"wp:featuredmedia":[{"embeddable":true,"href":"https:\/\/polscy-kierowcy.pl\/ro\/wp-json\/wp\/v2\/media\/414"}],"wp:attachment":[{"href":"https:\/\/polscy-kierowcy.pl\/ro\/wp-json\/wp\/v2\/media?parent=446"}],"wp:term":[{"taxonomy":"category","embeddable":true,"href":"https:\/\/polscy-kierowcy.pl\/ro\/wp-json\/wp\/v2\/categories?post=446"},{"taxonomy":"post_tag","embeddable":true,"href":"https:\/\/polscy-kierowcy.pl\/ro\/wp-json\/wp\/v2\/tags?post=446"}],"curies":[{"name":"wp","href":"https:\/\/api.w.org\/{rel}","templated":true}]}}