{"id":445,"date":"2025-02-26T00:00:00","date_gmt":"2025-02-26T00:00:00","guid":{"rendered":"https:\/\/polscy-kierowcy.pl\/?p=445"},"modified":"2025-02-25T13:00:07","modified_gmt":"2025-02-25T13:00:07","slug":"stylizacje-do-czarnej-sukienki-na-jesien-co-nosic","status":"publish","type":"post","link":"https:\/\/polscy-kierowcy.pl\/ro\/stylizacje-do-czarnej-sukienki-na-jesien-co-nosic\/","title":{"rendered":"Stilul rochiei negre pentru toamn\u0103: Ce s\u0103 por\u021bi?"},"content":{"rendered":"<div class=\"kk-star-ratings kksr-auto kksr-align-left kksr-valign-top\"\n    data-payload='{&quot;align&quot;:&quot;left&quot;,&quot;id&quot;:&quot;445&quot;,&quot;slug&quot;:&quot;default&quot;,&quot;valign&quot;:&quot;top&quot;,&quot;ignore&quot;:&quot;&quot;,&quot;reference&quot;:&quot;auto&quot;,&quot;class&quot;:&quot;&quot;,&quot;count&quot;:&quot;0&quot;,&quot;legendonly&quot;:&quot;&quot;,&quot;readonly&quot;:&quot;&quot;,&quot;score&quot;:&quot;0&quot;,&quot;starsonly&quot;:&quot;&quot;,&quot;best&quot;:&quot;5&quot;,&quot;gap&quot;:&quot;5&quot;,&quot;greet&quot;:&quot;&quot;,&quot;legend&quot;:&quot;0\\\/5 - (0 votes)&quot;,&quot;size&quot;:&quot;24&quot;,&quot;title&quot;:&quot;Stylizacje do czarnej sukienki na jesie\u0144: co nosi\u0107?&quot;,&quot;width&quot;:&quot;0&quot;,&quot;_legend&quot;:&quot;{score}\\\/{best} - ({count} {votes})&quot;,&quot;font_factor&quot;:&quot;1.25&quot;}'>\n            \n<div class=\"kksr-stars\">\n    \n<div class=\"kksr-stars-inactive\">\n            <div class=\"kksr-star\" data-star=\"1\" style=\"padding-right: 5px\">\n            \n\n<div class=\"kksr-icon\" style=\"width: 24px; height: 24px;\"><\/div>\n        <\/div>\n            <div class=\"kksr-star\" data-star=\"2\" style=\"padding-right: 5px\">\n            \n\n<div class=\"kksr-icon\" style=\"width: 24px; height: 24px;\"><\/div>\n        <\/div>\n            <div class=\"kksr-star\" data-star=\"3\" style=\"padding-right: 5px\">\n            \n\n<div class=\"kksr-icon\" style=\"width: 24px; height: 24px;\"><\/div>\n        <\/div>\n            <div class=\"kksr-star\" data-star=\"4\" style=\"padding-right: 5px\">\n            \n\n<div class=\"kksr-icon\" style=\"width: 24px; height: 24px;\"><\/div>\n        <\/div>\n            <div class=\"kksr-star\" data-star=\"5\" style=\"padding-right: 5px\">\n            \n\n<div class=\"kksr-icon\" style=\"width: 24px; height: 24px;\"><\/div>\n        <\/div>\n    <\/div>\n    \n<div class=\"kksr-stars-active\" style=\"width: 0px;\">\n            <div class=\"kksr-star\" style=\"padding-right: 5px\">\n            \n\n<div class=\"kksr-icon\" style=\"width: 24px; height: 24px;\"><\/div>\n        <\/div>\n            <div class=\"kksr-star\" style=\"padding-right: 5px\">\n            \n\n<div class=\"kksr-icon\" style=\"width: 24px; height: 24px;\"><\/div>\n        <\/div>\n            <div class=\"kksr-star\" style=\"padding-right: 5px\">\n            \n\n<div class=\"kksr-icon\" style=\"width: 24px; height: 24px;\"><\/div>\n        <\/div>\n            <div class=\"kksr-star\" style=\"padding-right: 5px\">\n            \n\n<div class=\"kksr-icon\" style=\"width: 24px; height: 24px;\"><\/div>\n        <\/div>\n            <div class=\"kksr-star\" style=\"padding-right: 5px\">\n            \n\n<div class=\"kksr-icon\" style=\"width: 24px; height: 24px;\"><\/div>\n        <\/div>\n    <\/div>\n<\/div>\n                \n\n<div class=\"kksr-legend\" style=\"font-size: 19.2px;\">\n            <span class=\"kksr-muted\"><\/span>\n    <\/div>\n    <\/div>\n<p>O rochie neagr\u0103 este, f\u0103r\u0103 \u00eendoial\u0103, unul dintre cele mai universale elemente din garderoba unei femei. Poate fi purtat\u0103 \u00een multe feluri diferite, ceea ce o face ideal\u0103 pentru diverse ocazii, mai ales toamna. \u00cen aceast\u0103 perioad\u0103, c\u00e2nd zilele devin mai reci, merit\u0103 s\u0103 avem grij\u0103 de stilul potrivit, care nu numai c\u0103 va accentua atuurile siluetei noastre, dar va oferi \u0219i confort. Aceast\u0103 baz\u0103 clasic\u0103 ofer\u0103 posibilit\u0103\u021bi nelimitate de stilizare, care pot fi adaptate propriilor nevoi \u0219i preferin\u021be. \u00cen acest articol, vom prezenta diverse modalit\u0103\u021bi de a combina o rochie neagr\u0103 cu alte elemente ale garderobei \u0219i accesorii care vor \u00eembog\u0103\u021bi orice stil. La urma urmei, un look la mod\u0103 nu trebuie s\u0103 \u00eensemne renun\u021barea la confort!<\/p>\n<h2>Stiluri stratificate pentru zilele mai reci<\/h2>\n<p><img decoding=\"async\" alt=\"Kobieta w czarnej sukience i bi\u017cuterii, stoi na targu z owocami w tle, trzymaj\u0105c torb\u0119.\" src=\"https:\/\/polscy-kierowcy.pl\/wp-content\/uploads\/imagea0bde302429647fb913c37b3edff7346.png\"\/><\/p>\n<p>\u00cen zilele de toamn\u0103, cheia este s\u0103 alegi straturile potrivite care s\u0103 te \u021bin\u0103 de cald f\u0103r\u0103 a-\u021bi pierde stilul. Exist\u0103 multe op\u021biuni, dar cel mai important este s\u0103 alegi materialele \u0219i croielile potrivite. Purt\u00e2nd un pulover sau un cardigan peste o rochie, nu numai c\u0103 adaugi c\u0103ldur\u0103, dar creezi \u0219i o compozi\u021bie interesant\u0103. Cheia este ca alegerile tale s\u0103 fie confortabile \u0219i potrivite pentru ocazie. Merit\u0103 s\u0103 acorzi aten\u021bie lungimilor \u0219i texturilor materialelor pentru a evita efectele nedorite. Mai jos sunt c\u00e2teva sugestii pentru stiluri \u00een straturi. <\/p>\n<ul>\n<li>Cardigane \u00een culori discrete<\/li>\n<li>Pulovere supradimensionate \u00een texturi interesante<\/li>\n<li>Paltoane de l\u00e2n\u0103 \u00eentr-o croial\u0103 elegant\u0103<\/li>\n<\/ul>\n<p>\u00cen plus, accesoriile potrivite pot schimba orice stil. Atunci c\u00e2nd alegi un palton, acord\u0103 aten\u021bie lungimii sale - modelele p\u00e2n\u0103 la genunchi sunt grozave, dar paltoanele mai lungi pot ad\u0103uga \u0219i ele elegan\u021b\u0103. C\u00e2nd vine vorba de jachete, jachetele biker sunt \u00eentotdeauna la mod\u0103. Merit\u0103 s\u0103 investe\u0219ti \u00een accesorii care \u00ee\u021bi pun \u00een valoare stilul personal. Cu aceste elemente, te po\u021bi juca cu moda \u0219i te po\u021bi exprima \u00eentr-o varietate de moduri.<\/p>\n<table border=\"1\">\n<tr>\n<th>Tip de supliment<\/th>\n<th>Sugestii<\/th>\n<\/tr>\n<tr>\n<td>Cardigane<\/td>\n<td>versiuni lungi \u0219i scurte, \u00een culori pastelate sau discrete<\/td>\n<\/tr>\n<tr>\n<td>Bijuterii<\/td>\n<td>cercei, coliere, br\u0103\u021b\u0103ri \u00een culori contrastante<\/td>\n<\/tr>\n<tr>\n<td>\u00cenc\u0103l\u0163\u0103minte<\/td>\n<td>botine, tocuri \u00eenalte, adida\u0219i, \u00een func\u021bie de ocazie<\/td>\n<\/tr>\n<\/table>\n<h2>Accesorii care \u00ee\u021bi vor \u00eenviora stilul<\/h2>\n<p><img decoding=\"async\" alt=\"Kobieta w czarnej sukience i szpilkach idzie w eleganckim wn\u0119trzu, w tle \u015bwieczniki i dekoracje.\" src=\"https:\/\/polscy-kierowcy.pl\/wp-content\/uploads\/image49a57b8913f04f08bf1a5aefad7d5a6c.png\"\/><\/p>\n<p>Merit\u0103 s\u0103 ne amintim c\u0103 accesoriile sunt un element cheie al oric\u0103rui stil. Ele pot ad\u0103uga caracter \u0219i unicitate chiar \u0219i celor mai simple seturi. \u00cen cazul unei rochii negre, culorile intense \u0219i modelele interesante se vor potrivi perfect. Este extrem de important ca bijuteriile s\u0103 fie echilibrate - nu exagera\u021bi cu cantitatea de decora\u021biuni. Accentele aurii sau argintii pot sublinia frumos elegan\u021ba unei rochii negre. Acorda\u021bi o aten\u021bie deosebit\u0103 alegerii po\u0219etei, deoarece este un element care, de obicei, atrage aten\u021bia la prima vedere. S\u0103 trecem la c\u00e2teva sugestii specifice.<\/p>\n<ul>\n<li>Culori intense pentru geant\u0103: ro\u0219u, verde, galben<\/li>\n<li>Bijuterii: cercei mari \u0219i coliere lungi<\/li>\n<li>Modele de pantofi: tocuri \u00eenalte elegante, ghete confortabile la glezn\u0103<\/li>\n<\/ul>\n<h2>\u00cenc\u0103l\u021b\u0103minte pentru toamn\u0103<\/h2>\n<p>Nu exist\u0103 stil de toamn\u0103 f\u0103r\u0103 pantofii potrivi\u021bi. \u00cen contextul unei rochii negre, posibilit\u0103\u021bile sunt incredibil de diverse. Re\u021bine\u021bi c\u0103 alegerea \u00eenc\u0103l\u021b\u0103mintei poate influen\u021ba semnificativ aspectul final. Ghetele cu toc \u00eenalt vor ad\u0103uga elegan\u021b\u0103 \u0219i feminitate, \u00een timp ce pantofii sport vor aduce lejeritate \u0219i confort unei \u021binute de zi cu zi. Merit\u0103 s\u0103 investi\u021bi \u00een c\u00e2teva perechi care vor fi universale \u0219i se vor potrivi cu diferite seturi. Atunci c\u00e2nd alege\u021bi pantofi, acorda\u021bi aten\u021bie detaliilor acestora - franjurile sau cataramele pot ad\u0103uga un caracter unic stilului. C\u00e2nd proba\u021bi pantofii, g\u00e2ndi\u021bi-v\u0103 cu ce elemente din garderoba dvs. \u00eei ve\u021bi combina.<\/p>\n<h2>Rezumat<\/h2>\n<p>O rochie neagr\u0103 este o pies\u0103 vestimentar\u0103 incredibil de versatil\u0103, care poate fi asortat\u0103 \u00een multe feluri. Cu accesoriile \u0219i \u00eenc\u0103l\u021b\u0103mintea potrivite, po\u021bi crea un look la mod\u0103 \u0219i confortabil, perfect pentru toamn\u0103. Nu te teme s\u0103 experimentezi cu culori \u0219i modele \u00een accesoriile tale. Folose\u0219te regulile suprapunerii nu doar pentru a ar\u0103ta elegant, ci \u0219i pentru a te sim\u021bi confortabil \u00een zilele reci. Nu uita c\u0103 moda este o form\u0103 de autoexprimare, a\u0219a c\u0103 las\u0103 fiecare stil s\u0103 reflecte gustul t\u0103u personal. Urm\u00e2nd sfaturile noastre, o rochie neagr\u0103 va deveni elementul t\u0103u preferat din garderoba ta de toamn\u0103.<\/p>\n<h2>\u00centreb\u0103ri frecvente<\/h2>\n<ul>\n<li><strong>Ce culori se potrivesc cel mai bine cu o rochie neagr\u0103?<\/strong> Nuan\u021be de bordo, verde sticl\u0103, mu\u0219tar \u0219i alb \u0219i gri clasice. <\/li>\n<li><strong>Ce accesorii s\u0103 alegi pentru o rochie neagr\u0103 de toamn\u0103?<\/strong> Cardigane lungi, botine p\u00e2n\u0103 la glezn\u0103, bijuterii izbitoare \u0219i gen\u021bi de m\u00e2n\u0103 \u00een culori intense. <\/li>\n<li><strong>Poate fi purtat\u0103 o rochie neagr\u0103 \u00een fiecare zi?<\/strong> Da, o rochie neagr\u0103 este versatil\u0103 \u0219i poate fi purtat\u0103 at\u00e2t casual, c\u00e2t \u0219i pentru ocazii mai formale. <\/li>\n<li><strong>Ce materiale sunt cele mai bune pentru stilizarea de toamn\u0103?<\/strong> Merit\u0103 s\u0103 alegi materiale c\u0103lduroase precum l\u00e2na, ca\u0219mirul sau \u021bes\u0103turi mai groase, care s\u0103 asigure confort \u00een zilele mai reci. <\/li>\n<\/ul>","protected":false},"excerpt":{"rendered":"<p>Czarna sukienka to niew\u0105tpliwie jeden z najbardziej uniwersalnych element\u00f3w w kobiecej garderobie. Mo\u017cna j\u0105 nosi\u0107 na wiele r\u00f3\u017cnych sposob\u00f3w, co sprawia, \u017ce jest idealna na r\u00f3\u017cne okazje, zw\u0142aszcza w okresie jesieni. W tym czasie, kiedy dni staj\u0105 si\u0119 coraz ch\u0142odniejsze, warto zadba\u0107 o odpowiedni\u0105 stylizacj\u0119, kt\u00f3ra nie tylko podkre\u015bli atuty naszej figury, ale r\u00f3wnie\u017c zapewni [&hellip;]<\/p>","protected":false},"author":2,"featured_media":395,"comment_status":"closed","ping_status":"closed","sticky":false,"template":"","format":"standard","meta":{"_acf_changed":false,"footnotes":""},"categories":[1],"tags":[],"class_list":["post-445","post","type-post","status-publish","format-standard","has-post-thumbnail","hentry","category-blog"],"acf":[],"yoast_head":"<!-- This site is optimized with the Yoast SEO plugin v23.2 - https:\/\/yoast.com\/wordpress\/plugins\/seo\/ -->\n<title>Stylizacje do czarnej sukienki na jesie\u0144: Odkryj trendy i inspiracje na ch\u0142odne dni<\/title>\n<meta name=\"description\" content=\"Sprawd\u017a r\u00f3\u017cnorodne stylizacje czarnej sukienki na jesie\u0144. Poznaj dodatki, obuwie i inspiracje, kt\u00f3re podkre\u015bl\u0105 Tw\u00f3j styl!\" \/>\n<meta name=\"robots\" content=\"index, follow, max-snippet:-1, max-image-preview:large, max-video-preview:-1\" \/>\n<link rel=\"canonical\" href=\"https:\/\/polscy-kierowcy.pl\/ro\/stylizacje-do-czarnej-sukienki-na-jesien-co-nosic\/\" \/>\n<meta property=\"og:locale\" content=\"ro_RO\" \/>\n<meta property=\"og:type\" content=\"article\" \/>\n<meta property=\"og:title\" content=\"Stylizacje do czarnej sukienki na jesie\u0144: Odkryj trendy i inspiracje na ch\u0142odne dni\" \/>\n<meta property=\"og:description\" content=\"Sprawd\u017a r\u00f3\u017cnorodne stylizacje czarnej sukienki na jesie\u0144. Poznaj dodatki, obuwie i inspiracje, kt\u00f3re podkre\u015bl\u0105 Tw\u00f3j styl!\" \/>\n<meta property=\"og:url\" content=\"https:\/\/polscy-kierowcy.pl\/ro\/stylizacje-do-czarnej-sukienki-na-jesien-co-nosic\/\" \/>\n<meta property=\"og:site_name\" content=\"polscy-kierowcy.pl\" \/>\n<meta property=\"article:published_time\" content=\"2025-02-26T00:00:00+00:00\" \/>\n<meta property=\"article:modified_time\" content=\"2025-02-25T13:00:07+00:00\" \/>\n<meta property=\"og:image\" content=\"https:\/\/polscy-kierowcy.pl\/wp-content\/uploads\/imageb07a6aac07634cc2b49482102f0f99e5.png\" \/>\n\t<meta property=\"og:image:width\" content=\"1024\" \/>\n\t<meta property=\"og:image:height\" content=\"768\" \/>\n\t<meta property=\"og:image:type\" content=\"image\/png\" \/>\n<meta name=\"author\" content=\"Marta Doma\u0144ska\" \/>\n<meta name=\"twitter:card\" content=\"summary_large_image\" \/>\n<meta name=\"twitter:label1\" content=\"Scris de\" \/>\n\t<meta name=\"twitter:data1\" content=\"Marta Doma\u0144ska\" \/>\n\t<meta name=\"twitter:label2\" content=\"Timp estimat pentru citire\" \/>\n\t<meta name=\"twitter:data2\" content=\"4 minute\" \/>\n<script type=\"application\/ld+json\" class=\"yoast-schema-graph\">{\"@context\":\"https:\/\/schema.org\",\"@graph\":[{\"@type\":\"WebPage\",\"@id\":\"https:\/\/polscy-kierowcy.pl\/stylizacje-do-czarnej-sukienki-na-jesien-co-nosic\/\",\"url\":\"https:\/\/polscy-kierowcy.pl\/stylizacje-do-czarnej-sukienki-na-jesien-co-nosic\/\",\"name\":\"Stylizacje do czarnej sukienki na jesie\u0144: Odkryj trendy i inspiracje na ch\u0142odne dni\",\"isPartOf\":{\"@id\":\"https:\/\/polscy-kierowcy.pl\/#website\"},\"primaryImageOfPage\":{\"@id\":\"https:\/\/polscy-kierowcy.pl\/stylizacje-do-czarnej-sukienki-na-jesien-co-nosic\/#primaryimage\"},\"image\":{\"@id\":\"https:\/\/polscy-kierowcy.pl\/stylizacje-do-czarnej-sukienki-na-jesien-co-nosic\/#primaryimage\"},\"thumbnailUrl\":\"https:\/\/polscy-kierowcy.pl\/wp-content\/uploads\/imageb07a6aac07634cc2b49482102f0f99e5.png\",\"datePublished\":\"2025-02-26T00:00:00+00:00\",\"dateModified\":\"2025-02-25T13:00:07+00:00\",\"author\":{\"@id\":\"https:\/\/polscy-kierowcy.pl\/#\/schema\/person\/77c4277010b28eb5eb64e23f2c0cb6df\"},\"description\":\"Sprawd\u017a r\u00f3\u017cnorodne stylizacje czarnej sukienki na jesie\u0144. Poznaj dodatki, obuwie i inspiracje, kt\u00f3re podkre\u015bl\u0105 Tw\u00f3j styl!\",\"breadcrumb\":{\"@id\":\"https:\/\/polscy-kierowcy.pl\/stylizacje-do-czarnej-sukienki-na-jesien-co-nosic\/#breadcrumb\"},\"inLanguage\":\"ro-RO\",\"potentialAction\":[{\"@type\":\"ReadAction\",\"target\":[\"https:\/\/polscy-kierowcy.pl\/stylizacje-do-czarnej-sukienki-na-jesien-co-nosic\/\"]}]},{\"@type\":\"ImageObject\",\"inLanguage\":\"ro-RO\",\"@id\":\"https:\/\/polscy-kierowcy.pl\/stylizacje-do-czarnej-sukienki-na-jesien-co-nosic\/#primaryimage\",\"url\":\"https:\/\/polscy-kierowcy.pl\/wp-content\/uploads\/imageb07a6aac07634cc2b49482102f0f99e5.png\",\"contentUrl\":\"https:\/\/polscy-kierowcy.pl\/wp-content\/uploads\/imageb07a6aac07634cc2b49482102f0f99e5.png\",\"width\":1024,\"height\":768},{\"@type\":\"BreadcrumbList\",\"@id\":\"https:\/\/polscy-kierowcy.pl\/stylizacje-do-czarnej-sukienki-na-jesien-co-nosic\/#breadcrumb\",\"itemListElement\":[{\"@type\":\"ListItem\",\"position\":1,\"name\":\"Home\",\"item\":\"https:\/\/polscy-kierowcy.pl\/\"},{\"@type\":\"ListItem\",\"position\":2,\"name\":\"Stylizacje do czarnej sukienki na jesie\u0144: co nosi\u0107?\"}]},{\"@type\":\"WebSite\",\"@id\":\"https:\/\/polscy-kierowcy.pl\/#website\",\"url\":\"https:\/\/polscy-kierowcy.pl\/\",\"name\":\"polscy-kierowcy.pl\",\"description\":\"Tureckie sukienki: pi\u0119kno w tradycji.\",\"potentialAction\":[{\"@type\":\"SearchAction\",\"target\":{\"@type\":\"EntryPoint\",\"urlTemplate\":\"https:\/\/polscy-kierowcy.pl\/?s={search_term_string}\"},\"query-input\":\"required name=search_term_string\"}],\"inLanguage\":\"ro-RO\"},{\"@type\":\"Person\",\"@id\":\"https:\/\/polscy-kierowcy.pl\/#\/schema\/person\/77c4277010b28eb5eb64e23f2c0cb6df\",\"name\":\"Marta Doma\u0144ska\",\"image\":{\"@type\":\"ImageObject\",\"inLanguage\":\"ro-RO\",\"@id\":\"https:\/\/polscy-kierowcy.pl\/#\/schema\/person\/image\/\",\"url\":\"https:\/\/polscy-kierowcy.pl\/wp-content\/uploads\/marta-domanska_avatar-96x96.jpg\",\"contentUrl\":\"https:\/\/polscy-kierowcy.pl\/wp-content\/uploads\/marta-domanska_avatar-96x96.jpg\",\"caption\":\"Marta Doma\u0144ska\"},\"description\":\"Marta Doma\u0144ska to do\u015bwiadczona stylistka i w\u0142a\u015bcicielka butiku Novamoda w Poznaniu, specjalizuj\u0105ca si\u0119 w analizie kolorystycznej i doborze odzie\u017cy do sylwetki. Jej pasja do mody oraz indywidualne podej\u015bcie do klientek pozwalaj\u0105 na tworzenie unikatowych stylizacji, kt\u00f3re podkre\u015blaj\u0105 naturalne pi\u0119kno ka\u017cdej osoby.\",\"url\":\"https:\/\/polscy-kierowcy.pl\/ro\/author\/marta-domanska\/\"}]}<\/script>\n<!-- \/ Yoast SEO plugin. -->","yoast_head_json":{"title":"Stylizacje do czarnej sukienki na jesie\u0144: Odkryj trendy i inspiracje na ch\u0142odne dni","description":"Sprawd\u017a r\u00f3\u017cnorodne stylizacje czarnej sukienki na jesie\u0144. Poznaj dodatki, obuwie i inspiracje, kt\u00f3re podkre\u015bl\u0105 Tw\u00f3j styl!","robots":{"index":"index","follow":"follow","max-snippet":"max-snippet:-1","max-image-preview":"max-image-preview:large","max-video-preview":"max-video-preview:-1"},"canonical":"https:\/\/polscy-kierowcy.pl\/ro\/stylizacje-do-czarnej-sukienki-na-jesien-co-nosic\/","og_locale":"ro_RO","og_type":"article","og_title":"Stylizacje do czarnej sukienki na jesie\u0144: Odkryj trendy i inspiracje na ch\u0142odne dni","og_description":"Sprawd\u017a r\u00f3\u017cnorodne stylizacje czarnej sukienki na jesie\u0144. Poznaj dodatki, obuwie i inspiracje, kt\u00f3re podkre\u015bl\u0105 Tw\u00f3j styl!","og_url":"https:\/\/polscy-kierowcy.pl\/ro\/stylizacje-do-czarnej-sukienki-na-jesien-co-nosic\/","og_site_name":"polscy-kierowcy.pl","article_published_time":"2025-02-26T00:00:00+00:00","article_modified_time":"2025-02-25T13:00:07+00:00","og_image":[{"width":1024,"height":768,"url":"https:\/\/polscy-kierowcy.pl\/wp-content\/uploads\/imageb07a6aac07634cc2b49482102f0f99e5.png","type":"image\/png"}],"author":"Marta Doma\u0144ska","twitter_card":"summary_large_image","twitter_misc":{"Scris de":"Marta Doma\u0144ska","Timp estimat pentru citire":"4 minute"},"schema":{"@context":"https:\/\/schema.org","@graph":[{"@type":"WebPage","@id":"https:\/\/polscy-kierowcy.pl\/stylizacje-do-czarnej-sukienki-na-jesien-co-nosic\/","url":"https:\/\/polscy-kierowcy.pl\/stylizacje-do-czarnej-sukienki-na-jesien-co-nosic\/","name":"Stylizacje do czarnej sukienki na jesie\u0144: Odkryj trendy i inspiracje na ch\u0142odne dni","isPartOf":{"@id":"https:\/\/polscy-kierowcy.pl\/#website"},"primaryImageOfPage":{"@id":"https:\/\/polscy-kierowcy.pl\/stylizacje-do-czarnej-sukienki-na-jesien-co-nosic\/#primaryimage"},"image":{"@id":"https:\/\/polscy-kierowcy.pl\/stylizacje-do-czarnej-sukienki-na-jesien-co-nosic\/#primaryimage"},"thumbnailUrl":"https:\/\/polscy-kierowcy.pl\/wp-content\/uploads\/imageb07a6aac07634cc2b49482102f0f99e5.png","datePublished":"2025-02-26T00:00:00+00:00","dateModified":"2025-02-25T13:00:07+00:00","author":{"@id":"https:\/\/polscy-kierowcy.pl\/#\/schema\/person\/77c4277010b28eb5eb64e23f2c0cb6df"},"description":"Sprawd\u017a r\u00f3\u017cnorodne stylizacje czarnej sukienki na jesie\u0144. Poznaj dodatki, obuwie i inspiracje, kt\u00f3re podkre\u015bl\u0105 Tw\u00f3j styl!","breadcrumb":{"@id":"https:\/\/polscy-kierowcy.pl\/stylizacje-do-czarnej-sukienki-na-jesien-co-nosic\/#breadcrumb"},"inLanguage":"ro-RO","potentialAction":[{"@type":"ReadAction","target":["https:\/\/polscy-kierowcy.pl\/stylizacje-do-czarnej-sukienki-na-jesien-co-nosic\/"]}]},{"@type":"ImageObject","inLanguage":"ro-RO","@id":"https:\/\/polscy-kierowcy.pl\/stylizacje-do-czarnej-sukienki-na-jesien-co-nosic\/#primaryimage","url":"https:\/\/polscy-kierowcy.pl\/wp-content\/uploads\/imageb07a6aac07634cc2b49482102f0f99e5.png","contentUrl":"https:\/\/polscy-kierowcy.pl\/wp-content\/uploads\/imageb07a6aac07634cc2b49482102f0f99e5.png","width":1024,"height":768},{"@type":"BreadcrumbList","@id":"https:\/\/polscy-kierowcy.pl\/stylizacje-do-czarnej-sukienki-na-jesien-co-nosic\/#breadcrumb","itemListElement":[{"@type":"ListItem","position":1,"name":"Home","item":"https:\/\/polscy-kierowcy.pl\/"},{"@type":"ListItem","position":2,"name":"Stylizacje do czarnej sukienki na jesie\u0144: co nosi\u0107?"}]},{"@type":"WebSite","@id":"https:\/\/polscy-kierowcy.pl\/#website","url":"https:\/\/polscy-kierowcy.pl\/","name":"polscy-kierowcy.pl","description":"Tureckie sukienki: pi\u0119kno w tradycji.","potentialAction":[{"@type":"SearchAction","target":{"@type":"EntryPoint","urlTemplate":"https:\/\/polscy-kierowcy.pl\/?s={search_term_string}"},"query-input":"required name=search_term_string"}],"inLanguage":"ro-RO"},{"@type":"Person","@id":"https:\/\/polscy-kierowcy.pl\/#\/schema\/person\/77c4277010b28eb5eb64e23f2c0cb6df","name":"Marta Doma\u0144ska","image":{"@type":"ImageObject","inLanguage":"ro-RO","@id":"https:\/\/polscy-kierowcy.pl\/#\/schema\/person\/image\/","url":"https:\/\/polscy-kierowcy.pl\/wp-content\/uploads\/marta-domanska_avatar-96x96.jpg","contentUrl":"https:\/\/polscy-kierowcy.pl\/wp-content\/uploads\/marta-domanska_avatar-96x96.jpg","caption":"Marta Doma\u0144ska"},"description":"Marta Doma\u0144ska to do\u015bwiadczona stylistka i w\u0142a\u015bcicielka butiku Novamoda w Poznaniu, specjalizuj\u0105ca si\u0119 w analizie kolorystycznej i doborze odzie\u017cy do sylwetki. Jej pasja do mody oraz indywidualne podej\u015bcie do klientek pozwalaj\u0105 na tworzenie unikatowych stylizacji, kt\u00f3re podkre\u015blaj\u0105 naturalne pi\u0119kno ka\u017cdej osoby.","url":"https:\/\/polscy-kierowcy.pl\/ro\/author\/marta-domanska\/"}]}},"yoast_meta":{"yoast_wpseo_title":"","yoast_wpseo_metadesc":"","yoast_wpseo_canonical":"https:\/\/polscy-kierowcy.pl\/ro\/wp-json\/wp\/v2\/posts\/445"},"_links":{"self":[{"href":"https:\/\/polscy-kierowcy.pl\/ro\/wp-json\/wp\/v2\/posts\/445"}],"collection":[{"href":"https:\/\/polscy-kierowcy.pl\/ro\/wp-json\/wp\/v2\/posts"}],"about":[{"href":"https:\/\/polscy-kierowcy.pl\/ro\/wp-json\/wp\/v2\/types\/post"}],"author":[{"embeddable":true,"href":"https:\/\/polscy-kierowcy.pl\/ro\/wp-json\/wp\/v2\/users\/2"}],"replies":[{"embeddable":true,"href":"https:\/\/polscy-kierowcy.pl\/ro\/wp-json\/wp\/v2\/comments?post=445"}],"version-history":[{"count":1,"href":"https:\/\/polscy-kierowcy.pl\/ro\/wp-json\/wp\/v2\/posts\/445\/revisions"}],"predecessor-version":[{"id":479,"href":"https:\/\/polscy-kierowcy.pl\/ro\/wp-json\/wp\/v2\/posts\/445\/revisions\/479"}],"wp:featuredmedia":[{"embeddable":true,"href":"https:\/\/polscy-kierowcy.pl\/ro\/wp-json\/wp\/v2\/media\/395"}],"wp:attachment":[{"href":"https:\/\/polscy-kierowcy.pl\/ro\/wp-json\/wp\/v2\/media?parent=445"}],"wp:term":[{"taxonomy":"category","embeddable":true,"href":"https:\/\/polscy-kierowcy.pl\/ro\/wp-json\/wp\/v2\/categories?post=445"},{"taxonomy":"post_tag","embeddable":true,"href":"https:\/\/polscy-kierowcy.pl\/ro\/wp-json\/wp\/v2\/tags?post=445"}],"curies":[{"name":"wp","href":"https:\/\/api.w.org\/{rel}","templated":true}]}}