{"id":443,"date":"2025-02-24T00:00:00","date_gmt":"2025-02-24T00:00:00","guid":{"rendered":"https:\/\/polscy-kierowcy.pl\/?p=443"},"modified":"2025-02-25T13:00:07","modified_gmt":"2025-02-25T13:00:07","slug":"fuksjowa-sukienka-i-czerwone-dodatki-jak-laczyc-kolory","status":"publish","type":"post","link":"https:\/\/polscy-kierowcy.pl\/ro\/fuksjowa-sukienka-i-czerwone-dodatki-jak-laczyc-kolory\/","title":{"rendered":"Rochie fuchsia \u0219i accesorii ro\u0219ii \u2013 cum s\u0103 combini culorile?"},"content":{"rendered":"<div class=\"kk-star-ratings kksr-auto kksr-align-left kksr-valign-top\"\n    data-payload='{&quot;align&quot;:&quot;left&quot;,&quot;id&quot;:&quot;443&quot;,&quot;slug&quot;:&quot;default&quot;,&quot;valign&quot;:&quot;top&quot;,&quot;ignore&quot;:&quot;&quot;,&quot;reference&quot;:&quot;auto&quot;,&quot;class&quot;:&quot;&quot;,&quot;count&quot;:&quot;0&quot;,&quot;legendonly&quot;:&quot;&quot;,&quot;readonly&quot;:&quot;&quot;,&quot;score&quot;:&quot;0&quot;,&quot;starsonly&quot;:&quot;&quot;,&quot;best&quot;:&quot;5&quot;,&quot;gap&quot;:&quot;5&quot;,&quot;greet&quot;:&quot;&quot;,&quot;legend&quot;:&quot;0\\\/5 - (0 votes)&quot;,&quot;size&quot;:&quot;24&quot;,&quot;title&quot;:&quot;Fuksjowa sukienka i czerwone dodatki - jak \u0142\u0105czy\u0107 kolory?&quot;,&quot;width&quot;:&quot;0&quot;,&quot;_legend&quot;:&quot;{score}\\\/{best} - ({count} {votes})&quot;,&quot;font_factor&quot;:&quot;1.25&quot;}'>\n            \n<div class=\"kksr-stars\">\n    \n<div class=\"kksr-stars-inactive\">\n            <div class=\"kksr-star\" data-star=\"1\" style=\"padding-right: 5px\">\n            \n\n<div class=\"kksr-icon\" style=\"width: 24px; height: 24px;\"><\/div>\n        <\/div>\n            <div class=\"kksr-star\" data-star=\"2\" style=\"padding-right: 5px\">\n            \n\n<div class=\"kksr-icon\" style=\"width: 24px; height: 24px;\"><\/div>\n        <\/div>\n            <div class=\"kksr-star\" data-star=\"3\" style=\"padding-right: 5px\">\n            \n\n<div class=\"kksr-icon\" style=\"width: 24px; height: 24px;\"><\/div>\n        <\/div>\n            <div class=\"kksr-star\" data-star=\"4\" style=\"padding-right: 5px\">\n            \n\n<div class=\"kksr-icon\" style=\"width: 24px; height: 24px;\"><\/div>\n        <\/div>\n            <div class=\"kksr-star\" data-star=\"5\" style=\"padding-right: 5px\">\n            \n\n<div class=\"kksr-icon\" style=\"width: 24px; height: 24px;\"><\/div>\n        <\/div>\n    <\/div>\n    \n<div class=\"kksr-stars-active\" style=\"width: 0px;\">\n            <div class=\"kksr-star\" style=\"padding-right: 5px\">\n            \n\n<div class=\"kksr-icon\" style=\"width: 24px; height: 24px;\"><\/div>\n        <\/div>\n            <div class=\"kksr-star\" style=\"padding-right: 5px\">\n            \n\n<div class=\"kksr-icon\" style=\"width: 24px; height: 24px;\"><\/div>\n        <\/div>\n            <div class=\"kksr-star\" style=\"padding-right: 5px\">\n            \n\n<div class=\"kksr-icon\" style=\"width: 24px; height: 24px;\"><\/div>\n        <\/div>\n            <div class=\"kksr-star\" style=\"padding-right: 5px\">\n            \n\n<div class=\"kksr-icon\" style=\"width: 24px; height: 24px;\"><\/div>\n        <\/div>\n            <div class=\"kksr-star\" style=\"padding-right: 5px\">\n            \n\n<div class=\"kksr-icon\" style=\"width: 24px; height: 24px;\"><\/div>\n        <\/div>\n    <\/div>\n<\/div>\n                \n\n<div class=\"kksr-legend\" style=\"font-size: 19.2px;\">\n            <span class=\"kksr-muted\"><\/span>\n    <\/div>\n    <\/div>\n<p>O rochie fuchsia este un simbol al alegerilor \u00eendr\u0103zne\u021be \u00een materie de mod\u0103, combin\u00e2nd at\u00e2t elegan\u021ba, c\u00e2t \u0219i stilul incontestabil. Folosind aceast\u0103 culoare intens\u0103, po\u021bi crea stiluri unice \u0219i atr\u0103g\u0103toare. Combinarea nuan\u021bei fuchsia cu accesorii ro\u0219ii poate p\u0103rea o provocare, dar cu sfaturile potrivite, va fi o joac\u0103 de copii. Aspectul cheie este s\u0103 \u00een\u021belegi ce nuan\u021be \u0219i accesorii vor func\u021biona \u00eempreun\u0103 pentru a evita gafele modei. Aleg\u00e2nd elementele potrivite, po\u021bi oferi oric\u0103rei \u021binute un caracter unic. \u00cen acest articol, vom descoperi secretele combin\u0103rii cu succes a acestor dou\u0103 culori.<\/p>\n<p>Este demn de remarcat faptul c\u0103 psihologia culorilor joac\u0103 un rol imens \u00een crearea stilurilor. Fuchsia \u0219i ro\u0219ul eman\u0103 energie \u0219i pasiune, iar combina\u021bia lor potrivit\u0103 poate crea un efect vizual uimitor. Aceste culori au propriile semnifica\u021bii \u0219i emo\u021bii unice, care pot fi exprimate prin \u00eembr\u0103c\u0103minte. V\u0103 \u00eencuraj\u0103m s\u0103 experimenta\u021bi cu aceste nuan\u021be intense pentru a v\u0103 descoperi stilul personal. Vom analiza ce reguli \u0219i sfaturi trebuie s\u0103 ave\u021bi \u00een vedere atunci c\u00e2nd alege\u021bi accesoriile potrivite \u0219i vom analiza, de asemenea, c\u00e2teva exemple de stiluri pentru diferite ocazii. Descoperirea tuturor posibilit\u0103\u021bilor pe care le ofer\u0103 o rochie fuchsia este cheia succesului \u00een mod\u0103.<\/p>\n<h2>Psihologia culorilor<\/h2>\n<p><img decoding=\"async\" alt=\"R\u00f3\u017cowa sukienka, dwie czerwone torebki i czerwone szpilki na be\u017cowym tle z tkaniny.\" src=\"https:\/\/polscy-kierowcy.pl\/wp-content\/uploads\/image8cb973d4a54e42c0bb32b1380e3571c2.png\"\/><\/p>\n<p>\u00cen\u021belegerea modului \u00een care culorile ne afecteaz\u0103 percep\u021bia este esen\u021bial\u0103 atunci c\u00e2nd cre\u0103m o \u021binut\u0103. Fuchsia este o culoare plin\u0103 de energie, ceea ce o face s\u0103 atrag\u0103 aten\u021bia \u0219i s\u0103 radieze bucurie. Hainele \u00een aceast\u0103 nuan\u021b\u0103 adaug\u0103 \u00eencredere \u00een sine, fiind o alegere ideal\u0103 pentru orice ocazie. Ro\u0219ul, pe de alt\u0103 parte, simbolizeaz\u0103 pasiunea \u0219i puterea, ceea ce \u00eel face s\u0103 adauge caracter oric\u0103rei \u021binute. Accesoriile bine compuse \u00een nuan\u021be de ro\u0219u pot \u00eenviora \u0219i armoniza \u00eentreaga \u021binut\u0103, cre\u00e2nd un efect unic. Merit\u0103 s\u0103 \u00eencerc\u0103m diferite nuan\u021be pentru a g\u0103si ceea ce ni se potrive\u0219te cel mai bine.<\/p>\n<h2>Cum s\u0103 combini o rochie fuchsia cu accesorii ro\u0219ii?<\/h2>\n<p><img decoding=\"async\" alt=\"Kobieta w r\u00f3\u017cowej sukience spaceruje po parku, trzymaj\u0105c czerwon\u0105 torb\u0119 w r\u0119ce, otoczona kwiatami.\" src=\"https:\/\/polscy-kierowcy.pl\/wp-content\/uploads\/image65fae3c13929468b8545ec3b62486ea9.png\"\/><\/p>\n<p>\u00cen acest segment, vom prezenta c\u00e2teva sfaturi despre cum s\u0103 combina\u021bi fuchsia cu ro\u0219u \u00een stiluri care v\u0103 vor permite s\u0103 ob\u021bine\u021bi un efect perfect. Este crucial s\u0103 alege\u021bi \u00eentotdeauna accesorii care se vor potrivi cu nuan\u021ba rochiei. Am creat un tabel care v\u0103 va ajuta s\u0103 alege\u021bi tonurile de culoare potrivite.<\/p>\n<table border=\"1\">\n<tr>\n<th>Nuan\u021ba fuchsiei<\/th>\n<th>Nuan\u021b\u0103 de ro\u0219u<\/th>\n<\/tr>\n<tr>\n<td>Fuchsia cald\u0103<\/td>\n<td>Ro\u0219u cald<\/td>\n<\/tr>\n<tr>\n<td>Fuchsia rece<\/td>\n<td>Ro\u0219u rece<\/td>\n<\/tr>\n<tr>\n<td>Fucsia intens\u0103<\/td>\n<td>Ro\u0219u \u00eenchis<\/td>\n<\/tr>\n<\/table>\n<p>Pentru a ob\u021bine efectul complet, acorda\u021bi aten\u021bie c\u00e2torva reguli de stilizare:<\/p>\n<ul>\n<li>Selectarea nuan\u021belor potrivite care se vor armoniza \u00eentre ele.<\/li>\n<li>Men\u021binerea echilibrului \u00een stilizare \u2013 f\u0103r\u0103 a fi prea strident.<\/li>\n<li>Evitarea tiparelor excesive care pot cople\u0219i \u00eentregul.<\/li>\n<\/ul>\n<h2>Exemple de stilizare<\/h2>\n<p>\u00cen aceast\u0103 sec\u021biune, vom prezenta c\u00e2teva inspira\u021bii specifice care pot fi folosite pentru diverse ocazii. Pentru zi de zi, o rochie fuchsia se va potrivi bine atunci c\u00e2nd este asortat\u0103 cu accesorii confortabile.<\/p>\n<ul>\n<li><strong>Combina\u021bie casual\u0103:<\/strong> O rochie fuchsia asortat\u0103 cu teni\u0219i ro\u0219ii \u0219i o jachet\u0103 din denim. Aceasta este solu\u021bia perfect\u0103 pentru ie\u0219irile de zi cu zi.<\/li>\n<li><strong>Stil elegant:<\/strong> O rochie fuchsia cu tocuri ro\u0219ii \u0219i o geant\u0103 plic elegant\u0103 \u2013 o alegere excelent\u0103 pentru \u00eent\u00e2lniri de sear\u0103 sau ocazii speciale.<\/li>\n<\/ul>\n<p>Atunci c\u00e2nd creezi stilul perfect, nu uita s\u0103 te la\u0219i ghidat de propriile preferin\u021be \u00een fiecare etap\u0103. Aceste stiluri ar trebui s\u0103 reflecte personalitatea ta, a\u0219a c\u0103 nu te teme s\u0103 combini diferite elemente pentru a crea ceva unic. Posibilit\u0103\u021bile sunt nelimitate, iar experimentarea cu accesorii nu va face dec\u00e2t s\u0103-\u021bi \u00eembog\u0103\u021beasc\u0103 stilul. Caut\u0103 inspira\u021bie, adapteaz\u0103-le propriilor nevoi \u0219i bucur\u0103-te de rezultatele experimentelor tale \u00een materie de mod\u0103.<\/p>\n<h2>Rezumat<\/h2>\n<p>O rochie fuchsia combinat\u0103 cu accesorii ro\u0219ii este o modalitate excelent\u0103 de a crea stiluri expresive. Cheia succesului este alegerea potrivit\u0103 a nuan\u021belor \u0219i propor\u021biilor pentru a crea un \u00eentreg armonios care va atrage aten\u021bia. Nu v\u0103 fie team\u0103 s\u0103 experimenta\u021bi, combina\u021bi diferite culori \u0219i accesorii pentru a g\u0103si compozi\u021biile perfecte pentru dumneavoastr\u0103. \u00cen\u021beleg\u00e2nd psihologia culorilor \u0219i regulile de styling, pute\u021bi crea crea\u021bii unice care s\u0103 reflecte pe deplin personalitatea dumneavoastr\u0103. Styling-ul nu ar trebui s\u0103 fie doar la mod\u0103, ci mai presus de toate confortabil \u0219i distractiv.<\/p>\n<h2>\u00centreb\u0103ri frecvente<\/h2>\n<ul>\n<li><strong>Ce accesorii se potrivesc cel mai bine cu o rochie fuchsia?<\/strong><br \/> Accesorii ro\u0219ii, cum ar fi gen\u021bi de m\u00e2n\u0103, pantofi, bijuterii.<\/li>\n<li><strong>Fuchsia merge cu ro\u0219u?<\/strong><br \/> Da, fuchsia \u0219i ro\u0219ul se pot completa perfect, cu condi\u021bia ca nuan\u021bele s\u0103 fie alese corect.<\/li>\n<li><strong>Ce alte culori se combin\u0103 bine cu fuchsia?<\/strong><br \/> Auriul, argintiul, albul \u0219i negrul sunt culori perfecte de combinat cu fuchsia.<\/li>\n<li><strong>Pentru ce ocazii este potrivit\u0103 o rochie fuchsia cu accesorii ro\u0219ii?<\/strong><br \/> Potrivit pentru o varietate de ocazii, de la \u021binute de zi cu zi p\u00e2n\u0103 la \u021binute de sear\u0103.<\/li>\n<\/ul>","protected":false},"excerpt":{"rendered":"<p>Fuksjowa sukienka to symbol odwa\u017cnych wybor\u00f3w w modzie, \u0142\u0105cz\u0105cy w sobie zar\u00f3wno elegancj\u0119, jak i niezaprzeczalny styl. U\u017cywaj\u0105c tego intensywnego koloru, mo\u017cna stworzy\u0107 niepowtarzalne i przykuwaj\u0105ce uwag\u0119 stylizacje. Po\u0142\u0105czenie fuksji z czerwonymi dodatkami mo\u017ce wydawa\u0107 si\u0119 wyzwaniem, ale przy odpowiednich wskaz\u00f3wkach stanie si\u0119 to dziecinnie proste. Kluczowym aspektem jest zrozumienie, jakie odcienie i akcesoria b\u0119d\u0105 [&hellip;]<\/p>","protected":false},"author":2,"featured_media":400,"comment_status":"closed","ping_status":"closed","sticky":false,"template":"","format":"standard","meta":{"_acf_changed":false,"footnotes":""},"categories":[1],"tags":[],"class_list":["post-443","post","type-post","status-publish","format-standard","has-post-thumbnail","hentry","category-blog"],"acf":[],"yoast_head":"<!-- This site is optimized with the Yoast SEO plugin v23.2 - https:\/\/yoast.com\/wordpress\/plugins\/seo\/ -->\n<title>Fuksjowa Sukienka i Czerwone Dodatki: Jak \u0141\u0105czy\u0107 Kolory?<\/title>\n<meta name=\"description\" content=\"Odkryj, jak zestawi\u0107 fuksjow\u0105 sukienk\u0119 z czerwonymi dodatkami, by stworzy\u0107 eleganck\u0105 i modn\u0105 stylizacj\u0119 na ka\u017cd\u0105 okazj\u0119.\" \/>\n<meta name=\"robots\" content=\"index, follow, max-snippet:-1, max-image-preview:large, max-video-preview:-1\" \/>\n<link rel=\"canonical\" href=\"https:\/\/polscy-kierowcy.pl\/ro\/fuksjowa-sukienka-i-czerwone-dodatki-jak-laczyc-kolory\/\" \/>\n<meta property=\"og:locale\" content=\"ro_RO\" \/>\n<meta property=\"og:type\" content=\"article\" \/>\n<meta property=\"og:title\" content=\"Fuksjowa Sukienka i Czerwone Dodatki: Jak \u0141\u0105czy\u0107 Kolory?\" \/>\n<meta property=\"og:description\" content=\"Odkryj, jak zestawi\u0107 fuksjow\u0105 sukienk\u0119 z czerwonymi dodatkami, by stworzy\u0107 eleganck\u0105 i modn\u0105 stylizacj\u0119 na ka\u017cd\u0105 okazj\u0119.\" \/>\n<meta property=\"og:url\" content=\"https:\/\/polscy-kierowcy.pl\/ro\/fuksjowa-sukienka-i-czerwone-dodatki-jak-laczyc-kolory\/\" \/>\n<meta property=\"og:site_name\" content=\"polscy-kierowcy.pl\" \/>\n<meta property=\"article:published_time\" content=\"2025-02-24T00:00:00+00:00\" \/>\n<meta property=\"article:modified_time\" content=\"2025-02-25T13:00:07+00:00\" \/>\n<meta property=\"og:image\" content=\"https:\/\/polscy-kierowcy.pl\/wp-content\/uploads\/imagec08d4c4886974b11b60faa9d6c7729d0.png\" \/>\n\t<meta property=\"og:image:width\" content=\"1024\" \/>\n\t<meta property=\"og:image:height\" content=\"768\" \/>\n\t<meta property=\"og:image:type\" content=\"image\/png\" \/>\n<meta name=\"author\" content=\"Marta Doma\u0144ska\" \/>\n<meta name=\"twitter:card\" content=\"summary_large_image\" \/>\n<meta name=\"twitter:label1\" content=\"Scris de\" \/>\n\t<meta name=\"twitter:data1\" content=\"Marta Doma\u0144ska\" \/>\n\t<meta name=\"twitter:label2\" content=\"Timp estimat pentru citire\" \/>\n\t<meta name=\"twitter:data2\" content=\"4 minute\" \/>\n<script type=\"application\/ld+json\" class=\"yoast-schema-graph\">{\"@context\":\"https:\/\/schema.org\",\"@graph\":[{\"@type\":\"WebPage\",\"@id\":\"https:\/\/polscy-kierowcy.pl\/fuksjowa-sukienka-i-czerwone-dodatki-jak-laczyc-kolory\/\",\"url\":\"https:\/\/polscy-kierowcy.pl\/fuksjowa-sukienka-i-czerwone-dodatki-jak-laczyc-kolory\/\",\"name\":\"Fuksjowa Sukienka i Czerwone Dodatki: Jak \u0141\u0105czy\u0107 Kolory?\",\"isPartOf\":{\"@id\":\"https:\/\/polscy-kierowcy.pl\/#website\"},\"primaryImageOfPage\":{\"@id\":\"https:\/\/polscy-kierowcy.pl\/fuksjowa-sukienka-i-czerwone-dodatki-jak-laczyc-kolory\/#primaryimage\"},\"image\":{\"@id\":\"https:\/\/polscy-kierowcy.pl\/fuksjowa-sukienka-i-czerwone-dodatki-jak-laczyc-kolory\/#primaryimage\"},\"thumbnailUrl\":\"https:\/\/polscy-kierowcy.pl\/wp-content\/uploads\/imagec08d4c4886974b11b60faa9d6c7729d0.png\",\"datePublished\":\"2025-02-24T00:00:00+00:00\",\"dateModified\":\"2025-02-25T13:00:07+00:00\",\"author\":{\"@id\":\"https:\/\/polscy-kierowcy.pl\/#\/schema\/person\/77c4277010b28eb5eb64e23f2c0cb6df\"},\"description\":\"Odkryj, jak zestawi\u0107 fuksjow\u0105 sukienk\u0119 z czerwonymi dodatkami, by stworzy\u0107 eleganck\u0105 i modn\u0105 stylizacj\u0119 na ka\u017cd\u0105 okazj\u0119.\",\"breadcrumb\":{\"@id\":\"https:\/\/polscy-kierowcy.pl\/fuksjowa-sukienka-i-czerwone-dodatki-jak-laczyc-kolory\/#breadcrumb\"},\"inLanguage\":\"ro-RO\",\"potentialAction\":[{\"@type\":\"ReadAction\",\"target\":[\"https:\/\/polscy-kierowcy.pl\/fuksjowa-sukienka-i-czerwone-dodatki-jak-laczyc-kolory\/\"]}]},{\"@type\":\"ImageObject\",\"inLanguage\":\"ro-RO\",\"@id\":\"https:\/\/polscy-kierowcy.pl\/fuksjowa-sukienka-i-czerwone-dodatki-jak-laczyc-kolory\/#primaryimage\",\"url\":\"https:\/\/polscy-kierowcy.pl\/wp-content\/uploads\/imagec08d4c4886974b11b60faa9d6c7729d0.png\",\"contentUrl\":\"https:\/\/polscy-kierowcy.pl\/wp-content\/uploads\/imagec08d4c4886974b11b60faa9d6c7729d0.png\",\"width\":1024,\"height\":768},{\"@type\":\"BreadcrumbList\",\"@id\":\"https:\/\/polscy-kierowcy.pl\/fuksjowa-sukienka-i-czerwone-dodatki-jak-laczyc-kolory\/#breadcrumb\",\"itemListElement\":[{\"@type\":\"ListItem\",\"position\":1,\"name\":\"Home\",\"item\":\"https:\/\/polscy-kierowcy.pl\/\"},{\"@type\":\"ListItem\",\"position\":2,\"name\":\"Fuksjowa sukienka i czerwone dodatki &#8211; jak \u0142\u0105czy\u0107 kolory?\"}]},{\"@type\":\"WebSite\",\"@id\":\"https:\/\/polscy-kierowcy.pl\/#website\",\"url\":\"https:\/\/polscy-kierowcy.pl\/\",\"name\":\"polscy-kierowcy.pl\",\"description\":\"Tureckie sukienki: pi\u0119kno w tradycji.\",\"potentialAction\":[{\"@type\":\"SearchAction\",\"target\":{\"@type\":\"EntryPoint\",\"urlTemplate\":\"https:\/\/polscy-kierowcy.pl\/?s={search_term_string}\"},\"query-input\":\"required name=search_term_string\"}],\"inLanguage\":\"ro-RO\"},{\"@type\":\"Person\",\"@id\":\"https:\/\/polscy-kierowcy.pl\/#\/schema\/person\/77c4277010b28eb5eb64e23f2c0cb6df\",\"name\":\"Marta Doma\u0144ska\",\"image\":{\"@type\":\"ImageObject\",\"inLanguage\":\"ro-RO\",\"@id\":\"https:\/\/polscy-kierowcy.pl\/#\/schema\/person\/image\/\",\"url\":\"https:\/\/polscy-kierowcy.pl\/wp-content\/uploads\/marta-domanska_avatar-96x96.jpg\",\"contentUrl\":\"https:\/\/polscy-kierowcy.pl\/wp-content\/uploads\/marta-domanska_avatar-96x96.jpg\",\"caption\":\"Marta Doma\u0144ska\"},\"description\":\"Marta Doma\u0144ska to do\u015bwiadczona stylistka i w\u0142a\u015bcicielka butiku Novamoda w Poznaniu, specjalizuj\u0105ca si\u0119 w analizie kolorystycznej i doborze odzie\u017cy do sylwetki. Jej pasja do mody oraz indywidualne podej\u015bcie do klientek pozwalaj\u0105 na tworzenie unikatowych stylizacji, kt\u00f3re podkre\u015blaj\u0105 naturalne pi\u0119kno ka\u017cdej osoby.\",\"url\":\"https:\/\/polscy-kierowcy.pl\/ro\/author\/marta-domanska\/\"}]}<\/script>\n<!-- \/ Yoast SEO plugin. -->","yoast_head_json":{"title":"Fuksjowa Sukienka i Czerwone Dodatki: Jak \u0141\u0105czy\u0107 Kolory?","description":"Odkryj, jak zestawi\u0107 fuksjow\u0105 sukienk\u0119 z czerwonymi dodatkami, by stworzy\u0107 eleganck\u0105 i modn\u0105 stylizacj\u0119 na ka\u017cd\u0105 okazj\u0119.","robots":{"index":"index","follow":"follow","max-snippet":"max-snippet:-1","max-image-preview":"max-image-preview:large","max-video-preview":"max-video-preview:-1"},"canonical":"https:\/\/polscy-kierowcy.pl\/ro\/fuksjowa-sukienka-i-czerwone-dodatki-jak-laczyc-kolory\/","og_locale":"ro_RO","og_type":"article","og_title":"Fuksjowa Sukienka i Czerwone Dodatki: Jak \u0141\u0105czy\u0107 Kolory?","og_description":"Odkryj, jak zestawi\u0107 fuksjow\u0105 sukienk\u0119 z czerwonymi dodatkami, by stworzy\u0107 eleganck\u0105 i modn\u0105 stylizacj\u0119 na ka\u017cd\u0105 okazj\u0119.","og_url":"https:\/\/polscy-kierowcy.pl\/ro\/fuksjowa-sukienka-i-czerwone-dodatki-jak-laczyc-kolory\/","og_site_name":"polscy-kierowcy.pl","article_published_time":"2025-02-24T00:00:00+00:00","article_modified_time":"2025-02-25T13:00:07+00:00","og_image":[{"width":1024,"height":768,"url":"https:\/\/polscy-kierowcy.pl\/wp-content\/uploads\/imagec08d4c4886974b11b60faa9d6c7729d0.png","type":"image\/png"}],"author":"Marta Doma\u0144ska","twitter_card":"summary_large_image","twitter_misc":{"Scris de":"Marta Doma\u0144ska","Timp estimat pentru citire":"4 minute"},"schema":{"@context":"https:\/\/schema.org","@graph":[{"@type":"WebPage","@id":"https:\/\/polscy-kierowcy.pl\/fuksjowa-sukienka-i-czerwone-dodatki-jak-laczyc-kolory\/","url":"https:\/\/polscy-kierowcy.pl\/fuksjowa-sukienka-i-czerwone-dodatki-jak-laczyc-kolory\/","name":"Fuksjowa Sukienka i Czerwone Dodatki: Jak \u0141\u0105czy\u0107 Kolory?","isPartOf":{"@id":"https:\/\/polscy-kierowcy.pl\/#website"},"primaryImageOfPage":{"@id":"https:\/\/polscy-kierowcy.pl\/fuksjowa-sukienka-i-czerwone-dodatki-jak-laczyc-kolory\/#primaryimage"},"image":{"@id":"https:\/\/polscy-kierowcy.pl\/fuksjowa-sukienka-i-czerwone-dodatki-jak-laczyc-kolory\/#primaryimage"},"thumbnailUrl":"https:\/\/polscy-kierowcy.pl\/wp-content\/uploads\/imagec08d4c4886974b11b60faa9d6c7729d0.png","datePublished":"2025-02-24T00:00:00+00:00","dateModified":"2025-02-25T13:00:07+00:00","author":{"@id":"https:\/\/polscy-kierowcy.pl\/#\/schema\/person\/77c4277010b28eb5eb64e23f2c0cb6df"},"description":"Odkryj, jak zestawi\u0107 fuksjow\u0105 sukienk\u0119 z czerwonymi dodatkami, by stworzy\u0107 eleganck\u0105 i modn\u0105 stylizacj\u0119 na ka\u017cd\u0105 okazj\u0119.","breadcrumb":{"@id":"https:\/\/polscy-kierowcy.pl\/fuksjowa-sukienka-i-czerwone-dodatki-jak-laczyc-kolory\/#breadcrumb"},"inLanguage":"ro-RO","potentialAction":[{"@type":"ReadAction","target":["https:\/\/polscy-kierowcy.pl\/fuksjowa-sukienka-i-czerwone-dodatki-jak-laczyc-kolory\/"]}]},{"@type":"ImageObject","inLanguage":"ro-RO","@id":"https:\/\/polscy-kierowcy.pl\/fuksjowa-sukienka-i-czerwone-dodatki-jak-laczyc-kolory\/#primaryimage","url":"https:\/\/polscy-kierowcy.pl\/wp-content\/uploads\/imagec08d4c4886974b11b60faa9d6c7729d0.png","contentUrl":"https:\/\/polscy-kierowcy.pl\/wp-content\/uploads\/imagec08d4c4886974b11b60faa9d6c7729d0.png","width":1024,"height":768},{"@type":"BreadcrumbList","@id":"https:\/\/polscy-kierowcy.pl\/fuksjowa-sukienka-i-czerwone-dodatki-jak-laczyc-kolory\/#breadcrumb","itemListElement":[{"@type":"ListItem","position":1,"name":"Home","item":"https:\/\/polscy-kierowcy.pl\/"},{"@type":"ListItem","position":2,"name":"Fuksjowa sukienka i czerwone dodatki &#8211; jak \u0142\u0105czy\u0107 kolory?"}]},{"@type":"WebSite","@id":"https:\/\/polscy-kierowcy.pl\/#website","url":"https:\/\/polscy-kierowcy.pl\/","name":"polscy-kierowcy.pl","description":"Tureckie sukienki: pi\u0119kno w tradycji.","potentialAction":[{"@type":"SearchAction","target":{"@type":"EntryPoint","urlTemplate":"https:\/\/polscy-kierowcy.pl\/?s={search_term_string}"},"query-input":"required name=search_term_string"}],"inLanguage":"ro-RO"},{"@type":"Person","@id":"https:\/\/polscy-kierowcy.pl\/#\/schema\/person\/77c4277010b28eb5eb64e23f2c0cb6df","name":"Marta Doma\u0144ska","image":{"@type":"ImageObject","inLanguage":"ro-RO","@id":"https:\/\/polscy-kierowcy.pl\/#\/schema\/person\/image\/","url":"https:\/\/polscy-kierowcy.pl\/wp-content\/uploads\/marta-domanska_avatar-96x96.jpg","contentUrl":"https:\/\/polscy-kierowcy.pl\/wp-content\/uploads\/marta-domanska_avatar-96x96.jpg","caption":"Marta Doma\u0144ska"},"description":"Marta Doma\u0144ska to do\u015bwiadczona stylistka i w\u0142a\u015bcicielka butiku Novamoda w Poznaniu, specjalizuj\u0105ca si\u0119 w analizie kolorystycznej i doborze odzie\u017cy do sylwetki. Jej pasja do mody oraz indywidualne podej\u015bcie do klientek pozwalaj\u0105 na tworzenie unikatowych stylizacji, kt\u00f3re podkre\u015blaj\u0105 naturalne pi\u0119kno ka\u017cdej osoby.","url":"https:\/\/polscy-kierowcy.pl\/ro\/author\/marta-domanska\/"}]}},"yoast_meta":{"yoast_wpseo_title":"","yoast_wpseo_metadesc":"","yoast_wpseo_canonical":"https:\/\/polscy-kierowcy.pl\/ro\/wp-json\/wp\/v2\/posts\/443"},"_links":{"self":[{"href":"https:\/\/polscy-kierowcy.pl\/ro\/wp-json\/wp\/v2\/posts\/443"}],"collection":[{"href":"https:\/\/polscy-kierowcy.pl\/ro\/wp-json\/wp\/v2\/posts"}],"about":[{"href":"https:\/\/polscy-kierowcy.pl\/ro\/wp-json\/wp\/v2\/types\/post"}],"author":[{"embeddable":true,"href":"https:\/\/polscy-kierowcy.pl\/ro\/wp-json\/wp\/v2\/users\/2"}],"replies":[{"embeddable":true,"href":"https:\/\/polscy-kierowcy.pl\/ro\/wp-json\/wp\/v2\/comments?post=443"}],"version-history":[{"count":2,"href":"https:\/\/polscy-kierowcy.pl\/ro\/wp-json\/wp\/v2\/posts\/443\/revisions"}],"predecessor-version":[{"id":481,"href":"https:\/\/polscy-kierowcy.pl\/ro\/wp-json\/wp\/v2\/posts\/443\/revisions\/481"}],"wp:featuredmedia":[{"embeddable":true,"href":"https:\/\/polscy-kierowcy.pl\/ro\/wp-json\/wp\/v2\/media\/400"}],"wp:attachment":[{"href":"https:\/\/polscy-kierowcy.pl\/ro\/wp-json\/wp\/v2\/media?parent=443"}],"wp:term":[{"taxonomy":"category","embeddable":true,"href":"https:\/\/polscy-kierowcy.pl\/ro\/wp-json\/wp\/v2\/categories?post=443"},{"taxonomy":"post_tag","embeddable":true,"href":"https:\/\/polscy-kierowcy.pl\/ro\/wp-json\/wp\/v2\/tags?post=443"}],"curies":[{"name":"wp","href":"https:\/\/api.w.org\/{rel}","templated":true}]}}