{"id":442,"date":"2025-02-21T00:00:00","date_gmt":"2025-02-21T00:00:00","guid":{"rendered":"https:\/\/polscy-kierowcy.pl\/?p=442"},"modified":"2025-02-25T13:00:07","modified_gmt":"2025-02-25T13:00:07","slug":"czy-biuro-to-odpowiednie-miejsce-na-jeansy-i-t-shirt","status":"publish","type":"post","link":"https:\/\/polscy-kierowcy.pl\/ro\/czy-biuro-to-odpowiednie-miejsce-na-jeansy-i-t-shirt\/","title":{"rendered":"Este biroul locul potrivit pentru blugi \u0219i un tricou?"},"content":{"rendered":"<div class=\"kk-star-ratings kksr-auto kksr-align-left kksr-valign-top\"\n    data-payload='{&quot;align&quot;:&quot;left&quot;,&quot;id&quot;:&quot;442&quot;,&quot;slug&quot;:&quot;default&quot;,&quot;valign&quot;:&quot;top&quot;,&quot;ignore&quot;:&quot;&quot;,&quot;reference&quot;:&quot;auto&quot;,&quot;class&quot;:&quot;&quot;,&quot;count&quot;:&quot;0&quot;,&quot;legendonly&quot;:&quot;&quot;,&quot;readonly&quot;:&quot;&quot;,&quot;score&quot;:&quot;0&quot;,&quot;starsonly&quot;:&quot;&quot;,&quot;best&quot;:&quot;5&quot;,&quot;gap&quot;:&quot;5&quot;,&quot;greet&quot;:&quot;&quot;,&quot;legend&quot;:&quot;0\\\/5 - (0 votes)&quot;,&quot;size&quot;:&quot;24&quot;,&quot;title&quot;:&quot;Czy biuro to odpowiednie miejsce na jeansy i t-shirt?&quot;,&quot;width&quot;:&quot;0&quot;,&quot;_legend&quot;:&quot;{score}\\\/{best} - ({count} {votes})&quot;,&quot;font_factor&quot;:&quot;1.25&quot;}'>\n            \n<div class=\"kksr-stars\">\n    \n<div class=\"kksr-stars-inactive\">\n            <div class=\"kksr-star\" data-star=\"1\" style=\"padding-right: 5px\">\n            \n\n<div class=\"kksr-icon\" style=\"width: 24px; height: 24px;\"><\/div>\n        <\/div>\n            <div class=\"kksr-star\" data-star=\"2\" style=\"padding-right: 5px\">\n            \n\n<div class=\"kksr-icon\" style=\"width: 24px; height: 24px;\"><\/div>\n        <\/div>\n            <div class=\"kksr-star\" data-star=\"3\" style=\"padding-right: 5px\">\n            \n\n<div class=\"kksr-icon\" style=\"width: 24px; height: 24px;\"><\/div>\n        <\/div>\n            <div class=\"kksr-star\" data-star=\"4\" style=\"padding-right: 5px\">\n            \n\n<div class=\"kksr-icon\" style=\"width: 24px; height: 24px;\"><\/div>\n        <\/div>\n            <div class=\"kksr-star\" data-star=\"5\" style=\"padding-right: 5px\">\n            \n\n<div class=\"kksr-icon\" style=\"width: 24px; height: 24px;\"><\/div>\n        <\/div>\n    <\/div>\n    \n<div class=\"kksr-stars-active\" style=\"width: 0px;\">\n            <div class=\"kksr-star\" style=\"padding-right: 5px\">\n            \n\n<div class=\"kksr-icon\" style=\"width: 24px; height: 24px;\"><\/div>\n        <\/div>\n            <div class=\"kksr-star\" style=\"padding-right: 5px\">\n            \n\n<div class=\"kksr-icon\" style=\"width: 24px; height: 24px;\"><\/div>\n        <\/div>\n            <div class=\"kksr-star\" style=\"padding-right: 5px\">\n            \n\n<div class=\"kksr-icon\" style=\"width: 24px; height: 24px;\"><\/div>\n        <\/div>\n            <div class=\"kksr-star\" style=\"padding-right: 5px\">\n            \n\n<div class=\"kksr-icon\" style=\"width: 24px; height: 24px;\"><\/div>\n        <\/div>\n            <div class=\"kksr-star\" style=\"padding-right: 5px\">\n            \n\n<div class=\"kksr-icon\" style=\"width: 24px; height: 24px;\"><\/div>\n        <\/div>\n    <\/div>\n<\/div>\n                \n\n<div class=\"kksr-legend\" style=\"font-size: 19.2px;\">\n            <span class=\"kksr-muted\"><\/span>\n    <\/div>\n    <\/div>\n<p>Biroul modern este cu siguran\u021b\u0103 diferit de cel pe care \u00eel cuno\u0219team acum un deceniu. Reformele culturale, schimb\u0103rile tehnologice \u0219i abord\u0103rile noi ale muncii de birou au transformat multe valori \u0219i norme clasice. \u00cen acest nou context, se pune \u00eentrebarea dac\u0103 blugii \u0219i un tricou sunt alegerea potrivit\u0103 pentru munca de zi cu zi. Pe m\u0103sur\u0103 ce tot mai multe companii introduc coduri vestimentare flexibile, merit\u0103 s\u0103 lua\u021bi \u00een considerare consecin\u021bele acestui stil vestimentar. De asemenea, merit\u0103 s\u0103 v\u0103 familiariza\u021bi cu regulile care se aplic\u0103 la locul de munc\u0103 pentru a evita situa\u021biile nepl\u0103cute. \u00cen acest articol, vom analiza aceast\u0103 problem\u0103 din perspective diferite pentru a oferi informa\u021bii complete.<\/p>\n<h2>Istoria \u021binutei de birou<\/h2>\n<p><img decoding=\"async\" alt=\"M\u0119\u017cczyzna w marynarce pracuj\u0105cy na laptopie w nowoczesnym biurze, z powa\u017cnym wyrazem twarzy.\" src=\"https:\/\/polscy-kierowcy.pl\/wp-content\/uploads\/imagea63b9bc218314bc4b861119927c83a73.png\"\/><\/p>\n<p>\u00cen mod tradi\u021bional, birourile au fost dominate de coduri vestimentare formale. Costumele, fustele elegante \u0219i c\u0103m\u0103\u0219ile erau adesea obligatorii, iar orice abatere de la norm\u0103 era mult mai pu\u021bin acceptat\u0103. Schimb\u0103rile \u00een cultura locului de munc\u0103 au transformat treptat aceste norme anterioare. \u00cen ultimii ani, multe companii, \u00een special din sectorul tehnologic, au \u00eenceput s\u0103 vad\u0103 beneficiile unui stil vestimentar mai relaxat. De aceea, blugii \u0219i tricourile au devenit at\u00e2t de comune la birou. Aceste schimb\u0103ri au fost influen\u021bate \u0219i de globalizare \u0219i de influen\u021ba diferitelor culturi.<\/p>\n<p>Diversi factori influen\u021beaz\u0103 evolu\u021bia codului vestimentar \u00een birouri. Ace\u0219tia pot fi \u00eemp\u0103r\u021bi\u021bi \u00een mai multe categorii de baz\u0103:<\/p>\n<ul>\n<li><strong>Globalizarea<\/strong>Cre\u0219terea contactelor interna\u021bionale determin\u0103 companiile s\u0103 adopte standarde mai universale. <\/li>\n<li><strong>Num\u0103rul startup-urilor este \u00een cre\u0219tere<\/strong>Companiile mai tinere tind s\u0103 adopte un cod vestimentar mai relaxat.<\/li>\n<li><strong>Schimb\u0103ri \u00een cultura muncii<\/strong>Cre\u0219terea importan\u021bei creativit\u0103\u021bii \u0219i a atmosferei la locul de munc\u0103 promoveaz\u0103 o mai mic\u0103 rigiditate.<\/li>\n<\/ul>\n<h2>Beneficiile purt\u0103rii blugilor \u0219i a unui tricou la birou<\/h2>\n<p><img decoding=\"async\" alt=\"M\u0119\u017cczyzna w niebieskich d\u017cinsach relaksuje si\u0119 na kanapie, trzymaj\u0105c fili\u017cank\u0119 w nowoczesnym wn\u0119trzu.\" src=\"https:\/\/polscy-kierowcy.pl\/wp-content\/uploads\/image094163c89ca24c068a18963ff7437f82.png\"\/><\/p>\n<p>Un studiu recent a ar\u0103tat c\u0103 o \u00eembr\u0103c\u0103minte mai relaxat\u0103 are un impact pozitiv asupra angaja\u021bilor. Mul\u021bi oameni sus\u021bin c\u0103 \u00eembr\u0103c\u0103mintea confortabil\u0103 le cre\u0219te productivitatea. Pl\u0103cerea de a purta blugi \u0219i un tricou poate reduce stresul \u0219i poate \u00eembun\u0103t\u0103\u021bi bun\u0103starea la locul de munc\u0103. Prin urmare, merit\u0103 s\u0103 arunc\u0103m o privire asupra beneficiilor acestui stil vestimentar. Printre cele mai importante avantaje se num\u0103r\u0103:<\/p>\n<ul>\n<li><strong>Confort<\/strong>Hainele largi \u00ee\u021bi permit s\u0103 te mi\u0219ti liber prin birou.<\/li>\n<li><strong>Creativitate<\/strong>Angaja\u021bii care poart\u0103 haine confortabile se simt mai deschi\u0219i la idei noi.<\/li>\n<li><strong>Un sentiment de apartenen\u021b\u0103<\/strong>\u00cembr\u0103c\u0103mintea mai pu\u021bin formal\u0103 promoveaz\u0103 integrarea \u00een echip\u0103.<\/li>\n<\/ul>\n<table border=\"1\">\n<tr>\n<th>Categorie<\/th>\n<th>Criterii<\/th>\n<\/tr>\n<tr>\n<td>Formal<\/td>\n<td>Costume, rochii elegante, c\u0103m\u0103\u0219i<\/td>\n<\/tr>\n<tr>\n<td>Casual<\/td>\n<td>Blugi, tricouri, pantofi sport<\/td>\n<\/tr>\n<\/table>\n<h2>C\u00e2nd blugii \u0219i un tricou nu sunt potrivite<\/h2>\n<p>\u00cen ciuda numeroaselor avantaje, exist\u0103 situa\u021bii \u00een care un stil vestimentar casual poate s\u0103 nu fie potrivit. De exemplu, pentru evenimente speciale, cum ar fi prezent\u0103ri sau \u00eent\u00e2lniri cu clien\u021bii, se recomand\u0103 un cod vestimentar mai formal. Este important de re\u021binut c\u0103 blugii \u0219i tricoul nu sunt \u00eentotdeauna bineveni\u021bi peste tot. Uneori, o neglijen\u021b\u0103 momentan\u0103 \u00een \u021binuta ta poate afecta percep\u021bia \u00een ochii colegilor \u0219i clien\u021bilor. Prin urmare, merit\u0103 \u00eentotdeauna s\u0103 iei \u00een considerare contextul \u00een care te afli. Iat\u0103 situa\u021biile care pot necesita o schimbare de haine:<\/p>\n<ul>\n<li>\u00cent\u00e2lniri importante cu clien\u021bii<\/li>\n<li>Prezent\u0103ri \u0219i conferin\u021be corporative<\/li>\n<li>Evenimente industriale \u0219i de networking<\/li>\n<\/ul>\n<h2>Recomand\u0103ri pentru angaja\u021bii de birou<\/h2>\n<p>Dac\u0103 vei purta blugi \u0219i un tricou la birou, exist\u0103 c\u00e2teva lucruri la care s\u0103 te g\u00e2nde\u0219ti. \u00cen\u021belegerea regulilor de la locul de munc\u0103 este esen\u021bial\u0103. \u00cenainte de a lua o decizie, merit\u0103 s\u0103 iei \u00een considerare urm\u0103toarele:<\/p>\n<ul>\n<li><strong>A\u0219tept\u0103rile angajatorului<\/strong>Este \u00eentotdeauna o idee bun\u0103 s\u0103 verifica\u021bi politica companiei dvs. privind codul vestimentar.<\/li>\n<li><strong>Starea hainelor<\/strong>Asigur\u0103-te c\u0103 hainele tale sunt curate \u0219i \u00eengrijite.<\/li>\n<li><strong>Atmosfer\u0103 de birou<\/strong>Observ\u0103 ce poart\u0103 colegii t\u0103i de munc\u0103.<\/li>\n<\/ul>\n<h2>Rezumat<\/h2>\n<p>Codul vestimentar la birou nu mai este rigid. Multe companii opteaz\u0103 pentru reguli mai pu\u021bin formale, ceea ce este favorabil bun\u0103st\u0103rii angaja\u021bilor. Blugii \u0219i un tricou pot fi potrivi\u021bi, dar este important s\u0103 v\u0103 adapta\u021bi la cerin\u021bele companiei dumneavoastr\u0103. Luarea \u00een considerare a contextului \u0219i a situa\u021biei \u00een care v\u0103 afla\u021bi este esen\u021bial\u0103. Merit\u0103 s\u0103 ne amintim c\u0103 ceea ce este un stil casual pentru unii poate s\u0103 nu fie potrivit pentru al\u021bii. Indiferent de alegere, cel mai important lucru este s\u0103 v\u0103 sim\u021bi\u021bi confortabil \u0219i \u00eencrez\u0103tor \u00een ceea ce purta\u021bi.<\/p>\n<h2>\u00centreb\u0103ri frecvente<\/h2>\n<ul>\n<li><strong>Po\u021bi purta blugi \u0219i tricou la orice birou?<\/strong> Nu, depinde de politica \u0219i cultura companiei. <\/li>\n<li><strong>Care sunt cele mai bune practici pentru o \u021binut\u0103 casual la locul de munc\u0103?<\/strong> Asigur\u0103-te c\u0103 hainele tale sunt curate, bine \u00eentre\u021binute \u0219i potrivite ocaziei. <\/li>\n<li><strong>\u00cembr\u0103c\u0103mintea casual afecteaz\u0103 imaginea unui angajat?<\/strong> Da, poate influen\u021ba modul \u00een care ceilal\u021bi percep profesionalismul unui angajat. <\/li>\n<li><strong>Ce ocazii necesit\u0103 o \u021binut\u0103 mai formal\u0103?<\/strong> \u00cent\u00e2lniri cu clien\u021bii, prezent\u0103ri \u0219i evenimente importante ale companiei. <\/li>\n<\/ul>","protected":false},"excerpt":{"rendered":"<p>Wsp\u00f3\u0142czesne biuro z pewno\u015bci\u0105 r\u00f3\u017cni si\u0119 od tego, kt\u00f3re znali\u015bmy jeszcze dekad\u0119 temu. Reformy kulturowe, zmiany technologiczne oraz \u015bwie\u017ce podej\u015bcia do pracy w biurze sprawi\u0142y, \u017ce wiele klasycznych warto\u015bci i norm zosta\u0142o przekszta\u0142conych. W nowym kontek\u015bcie pojawia si\u0119 zatem pytanie o to, czy jeansy i t-shirt s\u0105 odpowiednim wyborem na co dzie\u0144 w pracy. W [&hellip;]<\/p>","protected":false},"author":2,"featured_media":410,"comment_status":"closed","ping_status":"closed","sticky":false,"template":"","format":"standard","meta":{"_acf_changed":false,"footnotes":""},"categories":[1],"tags":[],"class_list":["post-442","post","type-post","status-publish","format-standard","has-post-thumbnail","hentry","category-blog"],"acf":[],"yoast_head":"<!-- This site is optimized with the Yoast SEO plugin v23.2 - https:\/\/yoast.com\/wordpress\/plugins\/seo\/ -->\n<title>Czy biuro to odpowiednie miejsce na jeansy i t-shirt? \u2013 Styl i komfort w miejscu pracy<\/title>\n<meta name=\"description\" content=\"Zastanawiasz si\u0119, czy jeansy i t-shirt s\u0105 odpowiednie w biurze? Przeczytaj, aby pozna\u0107 zasady i korzy\u015bci lu\u017aniejszego ubioru.\" \/>\n<meta name=\"robots\" content=\"index, follow, max-snippet:-1, max-image-preview:large, max-video-preview:-1\" \/>\n<link rel=\"canonical\" href=\"https:\/\/polscy-kierowcy.pl\/ro\/czy-biuro-to-odpowiednie-miejsce-na-jeansy-i-t-shirt\/\" \/>\n<meta property=\"og:locale\" content=\"ro_RO\" \/>\n<meta property=\"og:type\" content=\"article\" \/>\n<meta property=\"og:title\" content=\"Czy biuro to odpowiednie miejsce na jeansy i t-shirt? \u2013 Styl i komfort w miejscu pracy\" \/>\n<meta property=\"og:description\" content=\"Zastanawiasz si\u0119, czy jeansy i t-shirt s\u0105 odpowiednie w biurze? Przeczytaj, aby pozna\u0107 zasady i korzy\u015bci lu\u017aniejszego ubioru.\" \/>\n<meta property=\"og:url\" content=\"https:\/\/polscy-kierowcy.pl\/ro\/czy-biuro-to-odpowiednie-miejsce-na-jeansy-i-t-shirt\/\" \/>\n<meta property=\"og:site_name\" content=\"polscy-kierowcy.pl\" \/>\n<meta property=\"article:published_time\" content=\"2025-02-21T00:00:00+00:00\" \/>\n<meta property=\"article:modified_time\" content=\"2025-02-25T13:00:07+00:00\" \/>\n<meta property=\"og:image\" content=\"https:\/\/polscy-kierowcy.pl\/wp-content\/uploads\/image87e5e6be6780448a8c4fc33a1eb9633a.png\" \/>\n\t<meta property=\"og:image:width\" content=\"1024\" \/>\n\t<meta property=\"og:image:height\" content=\"768\" \/>\n\t<meta property=\"og:image:type\" content=\"image\/png\" \/>\n<meta name=\"author\" content=\"Marta Doma\u0144ska\" \/>\n<meta name=\"twitter:card\" content=\"summary_large_image\" \/>\n<meta name=\"twitter:label1\" content=\"Scris de\" \/>\n\t<meta name=\"twitter:data1\" content=\"Marta Doma\u0144ska\" \/>\n\t<meta name=\"twitter:label2\" content=\"Timp estimat pentru citire\" \/>\n\t<meta name=\"twitter:data2\" content=\"4 minute\" \/>\n<script type=\"application\/ld+json\" class=\"yoast-schema-graph\">{\"@context\":\"https:\/\/schema.org\",\"@graph\":[{\"@type\":\"WebPage\",\"@id\":\"https:\/\/polscy-kierowcy.pl\/czy-biuro-to-odpowiednie-miejsce-na-jeansy-i-t-shirt\/\",\"url\":\"https:\/\/polscy-kierowcy.pl\/czy-biuro-to-odpowiednie-miejsce-na-jeansy-i-t-shirt\/\",\"name\":\"Czy biuro to odpowiednie miejsce na jeansy i t-shirt? \u2013 Styl i komfort w miejscu pracy\",\"isPartOf\":{\"@id\":\"https:\/\/polscy-kierowcy.pl\/#website\"},\"primaryImageOfPage\":{\"@id\":\"https:\/\/polscy-kierowcy.pl\/czy-biuro-to-odpowiednie-miejsce-na-jeansy-i-t-shirt\/#primaryimage\"},\"image\":{\"@id\":\"https:\/\/polscy-kierowcy.pl\/czy-biuro-to-odpowiednie-miejsce-na-jeansy-i-t-shirt\/#primaryimage\"},\"thumbnailUrl\":\"https:\/\/polscy-kierowcy.pl\/wp-content\/uploads\/image87e5e6be6780448a8c4fc33a1eb9633a.png\",\"datePublished\":\"2025-02-21T00:00:00+00:00\",\"dateModified\":\"2025-02-25T13:00:07+00:00\",\"author\":{\"@id\":\"https:\/\/polscy-kierowcy.pl\/#\/schema\/person\/77c4277010b28eb5eb64e23f2c0cb6df\"},\"description\":\"Zastanawiasz si\u0119, czy jeansy i t-shirt s\u0105 odpowiednie w biurze? Przeczytaj, aby pozna\u0107 zasady i korzy\u015bci lu\u017aniejszego ubioru.\",\"breadcrumb\":{\"@id\":\"https:\/\/polscy-kierowcy.pl\/czy-biuro-to-odpowiednie-miejsce-na-jeansy-i-t-shirt\/#breadcrumb\"},\"inLanguage\":\"ro-RO\",\"potentialAction\":[{\"@type\":\"ReadAction\",\"target\":[\"https:\/\/polscy-kierowcy.pl\/czy-biuro-to-odpowiednie-miejsce-na-jeansy-i-t-shirt\/\"]}]},{\"@type\":\"ImageObject\",\"inLanguage\":\"ro-RO\",\"@id\":\"https:\/\/polscy-kierowcy.pl\/czy-biuro-to-odpowiednie-miejsce-na-jeansy-i-t-shirt\/#primaryimage\",\"url\":\"https:\/\/polscy-kierowcy.pl\/wp-content\/uploads\/image87e5e6be6780448a8c4fc33a1eb9633a.png\",\"contentUrl\":\"https:\/\/polscy-kierowcy.pl\/wp-content\/uploads\/image87e5e6be6780448a8c4fc33a1eb9633a.png\",\"width\":1024,\"height\":768},{\"@type\":\"BreadcrumbList\",\"@id\":\"https:\/\/polscy-kierowcy.pl\/czy-biuro-to-odpowiednie-miejsce-na-jeansy-i-t-shirt\/#breadcrumb\",\"itemListElement\":[{\"@type\":\"ListItem\",\"position\":1,\"name\":\"Home\",\"item\":\"https:\/\/polscy-kierowcy.pl\/\"},{\"@type\":\"ListItem\",\"position\":2,\"name\":\"Czy biuro to odpowiednie miejsce na jeansy i t-shirt?\"}]},{\"@type\":\"WebSite\",\"@id\":\"https:\/\/polscy-kierowcy.pl\/#website\",\"url\":\"https:\/\/polscy-kierowcy.pl\/\",\"name\":\"polscy-kierowcy.pl\",\"description\":\"Tureckie sukienki: pi\u0119kno w tradycji.\",\"potentialAction\":[{\"@type\":\"SearchAction\",\"target\":{\"@type\":\"EntryPoint\",\"urlTemplate\":\"https:\/\/polscy-kierowcy.pl\/?s={search_term_string}\"},\"query-input\":\"required name=search_term_string\"}],\"inLanguage\":\"ro-RO\"},{\"@type\":\"Person\",\"@id\":\"https:\/\/polscy-kierowcy.pl\/#\/schema\/person\/77c4277010b28eb5eb64e23f2c0cb6df\",\"name\":\"Marta Doma\u0144ska\",\"image\":{\"@type\":\"ImageObject\",\"inLanguage\":\"ro-RO\",\"@id\":\"https:\/\/polscy-kierowcy.pl\/#\/schema\/person\/image\/\",\"url\":\"https:\/\/polscy-kierowcy.pl\/wp-content\/uploads\/marta-domanska_avatar-96x96.jpg\",\"contentUrl\":\"https:\/\/polscy-kierowcy.pl\/wp-content\/uploads\/marta-domanska_avatar-96x96.jpg\",\"caption\":\"Marta Doma\u0144ska\"},\"description\":\"Marta Doma\u0144ska to do\u015bwiadczona stylistka i w\u0142a\u015bcicielka butiku Novamoda w Poznaniu, specjalizuj\u0105ca si\u0119 w analizie kolorystycznej i doborze odzie\u017cy do sylwetki. Jej pasja do mody oraz indywidualne podej\u015bcie do klientek pozwalaj\u0105 na tworzenie unikatowych stylizacji, kt\u00f3re podkre\u015blaj\u0105 naturalne pi\u0119kno ka\u017cdej osoby.\",\"url\":\"https:\/\/polscy-kierowcy.pl\/ro\/author\/marta-domanska\/\"}]}<\/script>\n<!-- \/ Yoast SEO plugin. -->","yoast_head_json":{"title":"Czy biuro to odpowiednie miejsce na jeansy i t-shirt? \u2013 Styl i komfort w miejscu pracy","description":"Zastanawiasz si\u0119, czy jeansy i t-shirt s\u0105 odpowiednie w biurze? Przeczytaj, aby pozna\u0107 zasady i korzy\u015bci lu\u017aniejszego ubioru.","robots":{"index":"index","follow":"follow","max-snippet":"max-snippet:-1","max-image-preview":"max-image-preview:large","max-video-preview":"max-video-preview:-1"},"canonical":"https:\/\/polscy-kierowcy.pl\/ro\/czy-biuro-to-odpowiednie-miejsce-na-jeansy-i-t-shirt\/","og_locale":"ro_RO","og_type":"article","og_title":"Czy biuro to odpowiednie miejsce na jeansy i t-shirt? \u2013 Styl i komfort w miejscu pracy","og_description":"Zastanawiasz si\u0119, czy jeansy i t-shirt s\u0105 odpowiednie w biurze? Przeczytaj, aby pozna\u0107 zasady i korzy\u015bci lu\u017aniejszego ubioru.","og_url":"https:\/\/polscy-kierowcy.pl\/ro\/czy-biuro-to-odpowiednie-miejsce-na-jeansy-i-t-shirt\/","og_site_name":"polscy-kierowcy.pl","article_published_time":"2025-02-21T00:00:00+00:00","article_modified_time":"2025-02-25T13:00:07+00:00","og_image":[{"width":1024,"height":768,"url":"https:\/\/polscy-kierowcy.pl\/wp-content\/uploads\/image87e5e6be6780448a8c4fc33a1eb9633a.png","type":"image\/png"}],"author":"Marta Doma\u0144ska","twitter_card":"summary_large_image","twitter_misc":{"Scris de":"Marta Doma\u0144ska","Timp estimat pentru citire":"4 minute"},"schema":{"@context":"https:\/\/schema.org","@graph":[{"@type":"WebPage","@id":"https:\/\/polscy-kierowcy.pl\/czy-biuro-to-odpowiednie-miejsce-na-jeansy-i-t-shirt\/","url":"https:\/\/polscy-kierowcy.pl\/czy-biuro-to-odpowiednie-miejsce-na-jeansy-i-t-shirt\/","name":"Czy biuro to odpowiednie miejsce na jeansy i t-shirt? \u2013 Styl i komfort w miejscu pracy","isPartOf":{"@id":"https:\/\/polscy-kierowcy.pl\/#website"},"primaryImageOfPage":{"@id":"https:\/\/polscy-kierowcy.pl\/czy-biuro-to-odpowiednie-miejsce-na-jeansy-i-t-shirt\/#primaryimage"},"image":{"@id":"https:\/\/polscy-kierowcy.pl\/czy-biuro-to-odpowiednie-miejsce-na-jeansy-i-t-shirt\/#primaryimage"},"thumbnailUrl":"https:\/\/polscy-kierowcy.pl\/wp-content\/uploads\/image87e5e6be6780448a8c4fc33a1eb9633a.png","datePublished":"2025-02-21T00:00:00+00:00","dateModified":"2025-02-25T13:00:07+00:00","author":{"@id":"https:\/\/polscy-kierowcy.pl\/#\/schema\/person\/77c4277010b28eb5eb64e23f2c0cb6df"},"description":"Zastanawiasz si\u0119, czy jeansy i t-shirt s\u0105 odpowiednie w biurze? Przeczytaj, aby pozna\u0107 zasady i korzy\u015bci lu\u017aniejszego ubioru.","breadcrumb":{"@id":"https:\/\/polscy-kierowcy.pl\/czy-biuro-to-odpowiednie-miejsce-na-jeansy-i-t-shirt\/#breadcrumb"},"inLanguage":"ro-RO","potentialAction":[{"@type":"ReadAction","target":["https:\/\/polscy-kierowcy.pl\/czy-biuro-to-odpowiednie-miejsce-na-jeansy-i-t-shirt\/"]}]},{"@type":"ImageObject","inLanguage":"ro-RO","@id":"https:\/\/polscy-kierowcy.pl\/czy-biuro-to-odpowiednie-miejsce-na-jeansy-i-t-shirt\/#primaryimage","url":"https:\/\/polscy-kierowcy.pl\/wp-content\/uploads\/image87e5e6be6780448a8c4fc33a1eb9633a.png","contentUrl":"https:\/\/polscy-kierowcy.pl\/wp-content\/uploads\/image87e5e6be6780448a8c4fc33a1eb9633a.png","width":1024,"height":768},{"@type":"BreadcrumbList","@id":"https:\/\/polscy-kierowcy.pl\/czy-biuro-to-odpowiednie-miejsce-na-jeansy-i-t-shirt\/#breadcrumb","itemListElement":[{"@type":"ListItem","position":1,"name":"Home","item":"https:\/\/polscy-kierowcy.pl\/"},{"@type":"ListItem","position":2,"name":"Czy biuro to odpowiednie miejsce na jeansy i t-shirt?"}]},{"@type":"WebSite","@id":"https:\/\/polscy-kierowcy.pl\/#website","url":"https:\/\/polscy-kierowcy.pl\/","name":"polscy-kierowcy.pl","description":"Tureckie sukienki: pi\u0119kno w tradycji.","potentialAction":[{"@type":"SearchAction","target":{"@type":"EntryPoint","urlTemplate":"https:\/\/polscy-kierowcy.pl\/?s={search_term_string}"},"query-input":"required name=search_term_string"}],"inLanguage":"ro-RO"},{"@type":"Person","@id":"https:\/\/polscy-kierowcy.pl\/#\/schema\/person\/77c4277010b28eb5eb64e23f2c0cb6df","name":"Marta Doma\u0144ska","image":{"@type":"ImageObject","inLanguage":"ro-RO","@id":"https:\/\/polscy-kierowcy.pl\/#\/schema\/person\/image\/","url":"https:\/\/polscy-kierowcy.pl\/wp-content\/uploads\/marta-domanska_avatar-96x96.jpg","contentUrl":"https:\/\/polscy-kierowcy.pl\/wp-content\/uploads\/marta-domanska_avatar-96x96.jpg","caption":"Marta Doma\u0144ska"},"description":"Marta Doma\u0144ska to do\u015bwiadczona stylistka i w\u0142a\u015bcicielka butiku Novamoda w Poznaniu, specjalizuj\u0105ca si\u0119 w analizie kolorystycznej i doborze odzie\u017cy do sylwetki. Jej pasja do mody oraz indywidualne podej\u015bcie do klientek pozwalaj\u0105 na tworzenie unikatowych stylizacji, kt\u00f3re podkre\u015blaj\u0105 naturalne pi\u0119kno ka\u017cdej osoby.","url":"https:\/\/polscy-kierowcy.pl\/ro\/author\/marta-domanska\/"}]}},"yoast_meta":{"yoast_wpseo_title":"","yoast_wpseo_metadesc":"","yoast_wpseo_canonical":"https:\/\/polscy-kierowcy.pl\/ro\/wp-json\/wp\/v2\/posts\/442"},"_links":{"self":[{"href":"https:\/\/polscy-kierowcy.pl\/ro\/wp-json\/wp\/v2\/posts\/442"}],"collection":[{"href":"https:\/\/polscy-kierowcy.pl\/ro\/wp-json\/wp\/v2\/posts"}],"about":[{"href":"https:\/\/polscy-kierowcy.pl\/ro\/wp-json\/wp\/v2\/types\/post"}],"author":[{"embeddable":true,"href":"https:\/\/polscy-kierowcy.pl\/ro\/wp-json\/wp\/v2\/users\/2"}],"replies":[{"embeddable":true,"href":"https:\/\/polscy-kierowcy.pl\/ro\/wp-json\/wp\/v2\/comments?post=442"}],"version-history":[{"count":2,"href":"https:\/\/polscy-kierowcy.pl\/ro\/wp-json\/wp\/v2\/posts\/442\/revisions"}],"predecessor-version":[{"id":483,"href":"https:\/\/polscy-kierowcy.pl\/ro\/wp-json\/wp\/v2\/posts\/442\/revisions\/483"}],"wp:featuredmedia":[{"embeddable":true,"href":"https:\/\/polscy-kierowcy.pl\/ro\/wp-json\/wp\/v2\/media\/410"}],"wp:attachment":[{"href":"https:\/\/polscy-kierowcy.pl\/ro\/wp-json\/wp\/v2\/media?parent=442"}],"wp:term":[{"taxonomy":"category","embeddable":true,"href":"https:\/\/polscy-kierowcy.pl\/ro\/wp-json\/wp\/v2\/categories?post=442"},{"taxonomy":"post_tag","embeddable":true,"href":"https:\/\/polscy-kierowcy.pl\/ro\/wp-json\/wp\/v2\/tags?post=442"}],"curies":[{"name":"wp","href":"https:\/\/api.w.org\/{rel}","templated":true}]}}