{"id":40,"date":"2024-09-09T13:55:52","date_gmt":"2024-09-09T12:55:52","guid":{"rendered":"https:\/\/polscy-kierowcy.pl\/2024\/09\/09\/jakie-sukienki-sa-modne-na-imprezy-plenerowe\/"},"modified":"2024-09-23T02:18:55","modified_gmt":"2024-09-23T01:18:55","slug":"jakie-sukienki-sa-modne-na-imprezy-plenerowe","status":"publish","type":"post","link":"https:\/\/polscy-kierowcy.pl\/ro\/jakie-sukienki-sa-modne-na-imprezy-plenerowe\/","title":{"rendered":"Ce rochii sunt la mod\u0103 pentru evenimentele \u00een aer liber?"},"content":{"rendered":"<div class=\"kk-star-ratings kksr-auto kksr-align-left kksr-valign-top\"\n    data-payload='{&quot;align&quot;:&quot;left&quot;,&quot;id&quot;:&quot;40&quot;,&quot;slug&quot;:&quot;default&quot;,&quot;valign&quot;:&quot;top&quot;,&quot;ignore&quot;:&quot;&quot;,&quot;reference&quot;:&quot;auto&quot;,&quot;class&quot;:&quot;&quot;,&quot;count&quot;:&quot;0&quot;,&quot;legendonly&quot;:&quot;&quot;,&quot;readonly&quot;:&quot;&quot;,&quot;score&quot;:&quot;0&quot;,&quot;starsonly&quot;:&quot;&quot;,&quot;best&quot;:&quot;5&quot;,&quot;gap&quot;:&quot;5&quot;,&quot;greet&quot;:&quot;&quot;,&quot;legend&quot;:&quot;0\\\/5 - (0 votes)&quot;,&quot;size&quot;:&quot;24&quot;,&quot;title&quot;:&quot;Jakie sukienki s\u0105 modne na imprezy plenerowe?&quot;,&quot;width&quot;:&quot;0&quot;,&quot;_legend&quot;:&quot;{score}\\\/{best} - ({count} {votes})&quot;,&quot;font_factor&quot;:&quot;1.25&quot;}'>\n            \n<div class=\"kksr-stars\">\n    \n<div class=\"kksr-stars-inactive\">\n            <div class=\"kksr-star\" data-star=\"1\" style=\"padding-right: 5px\">\n            \n\n<div class=\"kksr-icon\" style=\"width: 24px; height: 24px;\"><\/div>\n        <\/div>\n            <div class=\"kksr-star\" data-star=\"2\" style=\"padding-right: 5px\">\n            \n\n<div class=\"kksr-icon\" style=\"width: 24px; height: 24px;\"><\/div>\n        <\/div>\n            <div class=\"kksr-star\" data-star=\"3\" style=\"padding-right: 5px\">\n            \n\n<div class=\"kksr-icon\" style=\"width: 24px; height: 24px;\"><\/div>\n        <\/div>\n            <div class=\"kksr-star\" data-star=\"4\" style=\"padding-right: 5px\">\n            \n\n<div class=\"kksr-icon\" style=\"width: 24px; height: 24px;\"><\/div>\n        <\/div>\n            <div class=\"kksr-star\" data-star=\"5\" style=\"padding-right: 5px\">\n            \n\n<div class=\"kksr-icon\" style=\"width: 24px; height: 24px;\"><\/div>\n        <\/div>\n    <\/div>\n    \n<div class=\"kksr-stars-active\" style=\"width: 0px;\">\n            <div class=\"kksr-star\" style=\"padding-right: 5px\">\n            \n\n<div class=\"kksr-icon\" style=\"width: 24px; height: 24px;\"><\/div>\n        <\/div>\n            <div class=\"kksr-star\" style=\"padding-right: 5px\">\n            \n\n<div class=\"kksr-icon\" style=\"width: 24px; height: 24px;\"><\/div>\n        <\/div>\n            <div class=\"kksr-star\" style=\"padding-right: 5px\">\n            \n\n<div class=\"kksr-icon\" style=\"width: 24px; height: 24px;\"><\/div>\n        <\/div>\n            <div class=\"kksr-star\" style=\"padding-right: 5px\">\n            \n\n<div class=\"kksr-icon\" style=\"width: 24px; height: 24px;\"><\/div>\n        <\/div>\n            <div class=\"kksr-star\" style=\"padding-right: 5px\">\n            \n\n<div class=\"kksr-icon\" style=\"width: 24px; height: 24px;\"><\/div>\n        <\/div>\n    <\/div>\n<\/div>\n                \n\n<div class=\"kksr-legend\" style=\"font-size: 19.2px;\">\n            <span class=\"kksr-muted\"><\/span>\n    <\/div>\n    <\/div>\n<p>Alegerea unei rochii pentru un eveniment \u00een aer liber poate fi o provocare, mai ales atunci c\u00e2nd vrei s\u0103 combini moda cu confortul. Evenimentele \u00een aer liber necesit\u0103 haine care s\u0103 fie nu doar elegante, ci \u0219i practice \u0219i adaptate la condi\u021biile meteorologice schimb\u0103toare. \u00cen acest articol, vom prezenta cele mai recente tendin\u021be \u00een materie de rochii pentru astfel de ocazii \u0219i vom sugera ce stiluri \u0219i materiale sunt cele mai potrivite pentru diferite tipuri de evenimente. De la rochii turce\u0219ti elegante la modele u\u0219oare \u0219i vaporoase, vei g\u0103si aici tot ce ai nevoie pentru a ar\u0103ta grozav \u0219i a te sim\u021bi confortabil.<\/p>\n<h2>Rochii la mod\u0103 pentru evenimente \u00een aer liber<\/h2>\n<p>Pentru evenimentele \u00een aer liber, cel mai important este ca rochia s\u0103 combine stilul \u0219i func\u021bionalitatea. Iat\u0103 c\u00e2teva dintre cele mai recente tendin\u021be de luat \u00een considerare:<\/p>\n<ol>\n<li><strong>Rochii maxi:<\/strong> Rochiile lungi maxi sunt perfecte pentru evenimentele de var\u0103 \u00een aer liber. Acestea permit libertate de mi\u0219care \u0219i confort, prezent\u00e2nd \u00een acela\u0219i timp un aspect elegant.<\/li>\n<li><strong>Rochii florale:<\/strong> Motivele florale sunt mereu la mod\u0103, mai ales \u00een sezonul de prim\u0103var\u0103 \u0219i var\u0103. Acestea adaug\u0103 lejeritate \u0219i prospe\u021bime oric\u0103rui stil.<\/li>\n<li><strong>Rochii cu umerii goi:<\/strong> Rochiile f\u0103r\u0103 bretele sau cu umerii goi sunt o alegere excelent\u0103 pentru zilele c\u0103lduroase, oferind \u00een acela\u0219i timp un aspect la mod\u0103.<\/li>\n<\/ol>\n<h2>Ce materiale s\u0103 aleg?<\/h2>\n<p>Alegerea materialului rochiei tale este esen\u021bial\u0103 pentru a asigura confortul \u00een timpul evenimentelor \u00een aer liber. Iat\u0103 materialele care vor func\u021biona cel mai bine:<\/p>\n<ol>\n<li><strong>Bumbac:<\/strong> O \u021bes\u0103tur\u0103 natural\u0103, respirabil\u0103 \u0219i confortabil\u0103. Ideal\u0103 pentru zilele c\u0103lduroase, deoarece elimin\u0103 bine umezeala \u0219i este pl\u0103cut\u0103 la atingere.<\/li>\n<li><strong>M\u0103tase u\u0219oar\u0103:<\/strong> Adaug\u0103 elegan\u021b\u0103 \u0219i lux, fiind \u00een acela\u0219i timp aerisit. Se potrive\u0219te bine evenimentelor mai formale \u00een aer liber.<\/li>\n<li><strong>In:<\/strong> O alegere excelent\u0103 pentru zilele c\u0103lduroase, inul este respirabil \u0219i r\u0103coritor, dar poate necesita c\u0103lcare mai frecvent\u0103 pentru a-\u0219i p\u0103stra aspectul impecabil.<\/li>\n<\/ol>\n<h2>Stilizare \u0219i accesorii pentru rochii de exterior<\/h2>\n<p>Pentru rochiile pentru evenimente \u00een aer liber, merit\u0103 s\u0103 alege\u021bi accesoriile potrivite care s\u0103 completeze \u00eentregul stil. Iat\u0103 c\u00e2teva sugestii:<\/p>\n<table>\n<thead>\n<tr>\n<th>Tipul evenimentului<\/th>\n<th>Stilul vestimentar<\/th>\n<th>Extrasuri<\/th>\n<\/tr>\n<\/thead>\n<tbody>\n<tr>\n<td>Petrecere \u00een gr\u0103din\u0103 de var\u0103<\/td>\n<td>Rochii cu modele florale, u\u0219oare \u0219i vaporoase<\/td>\n<p><img decoding=\"async\" src=\"https:\/\/media.istockphoto.com\/id\/1237977758\/ru\/%D1%84%D0%BE%D1%82%D0%BE\/%D0%B4%D0%B5%D0%B2%D1%83%D1%88%D0%BA%D0%B0-%D0%B2-%D0%BD%D0%BE%D0%B2%D0%BE%D0%BC-%D0%BF%D0%BB%D0%B0%D1%82%D1%8C%D0%B5-%D0%B3%D0%BB%D1%8F%D0%B4%D1%8F-%D0%BD%D0%B0-%D0%B7%D0%B5%D1%80%D0%BA%D0%B0%D0%BB%D0%BE-%D0%BF%D0%BE%D0%B7%D0%B8%D1%80%D1%83%D0%B5%D1%82-%D0%B4%D0%BE%D0%BC%D0%B0.jpg?s=612x612&#038;w=0&#038;k=20&#038;c=G6E993WgEMd8rl3WDK37f94R7MO2NxLfR02qexb7DTk=\" alt=\"Kobieta w niebieskiej sukience w paski podziwiaj\u0105ca swoje odbicie w du\u017cym lustrze, gotowa na imprez\u0119 na \u015bwie\u017cym powietrzu.\"\/><\/p>\n<td>P\u0103l\u0103rie, sandale, bijuterii delicate<\/td>\n<\/tr>\n<tr>\n<td>Recep\u021bie formal\u0103<\/td>\n<td>Rochii turce\u0219ti elegante, lungi sau midi<\/td>\n<td>Tocuri \u00eenalte elegante, geant\u0103 de m\u00e2n\u0103, bijuterii clasice<\/td>\n<\/tr>\n<tr>\n<td>Eveniment de sear\u0103<\/td>\n<td>Rochii maxi, adesea cu umerii goi<\/td>\n<td>Tocuri \u00eenalte, accesorii str\u0103lucitoare, geant\u0103 mic\u0103<\/td>\n<\/tr>\n<\/tbody>\n<\/table>\n<p>Alegerea accesoriilor \u0219i a stilului potrivit pentru rochia ta de eveniment \u00een aer liber este la fel de important\u0103 ca alegerea rochiei \u00een sine. Accesoriile bine alese \u00ee\u021bi vor accentua stilul \u0219i te vor face s\u0103 ar\u0103\u021bi uimitor.<\/p>\n<h2>Rezumat<\/h2>\n<p>Alegerea unei rochii pentru evenimente \u00een aer liber necesit\u0103 luarea \u00een considerare a mai multor factori, precum stilul, materialul \u0219i accesoriile. Rochiile maxi, modelele florale \u0219i \u021bes\u0103turile u\u0219oare sunt tendin\u021be care vor func\u021biona \u00een diverse circumstan\u021be. Este important ca rochia s\u0103 nu fie doar la mod\u0103, ci \u0219i confortabil\u0103, astfel \u00eenc\u00e2t s\u0103 te po\u021bi bucura de fiecare moment al evenimentului. Cu alegerile \u0219i accesoriile potrivite, fiecare eveniment \u00een aer liber va deveni o oportunitate de a-\u021bi ar\u0103ta stilul \u0219i elegan\u021ba individual\u0103.<\/p>\n<h2>FAQ<\/h2>\n<p>Pentru evenimentele de var\u0103 \u00een aer liber, rochiile maxi u\u0219oare cu modele florale sau rochiile cu umerii goi sunt cele mai potrivite. Aceste rochii sunt vaporoase \u0219i confortabile \u00een zilele c\u0103lduroase.<\/p>\n<h3>2. Sunt rochiile turce\u0219ti elegante potrivite pentru evenimente \u00een aer liber?<\/h3>\n<p>Da, rochiile turce\u0219ti elegante pot fi o alegere excelent\u0103 pentru evenimentele formale \u00een aer liber. Elegan\u021ba \u0219i calitatea materialelor le fac potrivite pentru ocazii mai formale.<\/p>\n<h3>3. Ce accesorii se potrivesc cel mai bine cu rochiile de exterior?<\/h3>\n<p>P\u0103l\u0103riile, sandalele, bijuteriile delicate \u0219i gen\u021bile de m\u00e2n\u0103 se potrivesc bine cu rochiile de exterior. Accesoriile ar trebui s\u0103 completeze stilul rochiei \u0219i s\u0103 se potriveasc\u0103 cu natura evenimentului.<\/p>\n<h3>4. Ce materiale pentru rochii sunt cele mai potrivite pentru diferite anotimpuri?<\/h3>\n<p>Bumbacul, inul \u0219i m\u0103tasea u\u0219oar\u0103 sunt cele mai bune pentru prim\u0103var\u0103 \u0219i var\u0103. Pentru toamn\u0103 \u0219i iarn\u0103, alege\u021bi materiale mai groase, cum ar fi l\u00e2na sau tricotajele, care vor oferi c\u0103ldur\u0103.<\/p>\n<h3>5. Ce stiluri de rochii se potrivesc cel mai bine diferitelor tipuri de corp?<\/h3>\n<p>Rochiile slim fit sunt potrivite pentru persoanele cu o siluet\u0103 sub\u021bire, \u00een timp ce rochiile \u00een linie A sau maxi sunt mai bune pentru persoanele cu siluete mai pline, deoarece ascund imperfec\u021biunile \u0219i scot \u00een eviden\u021b\u0103 atuurile.<\/p>","protected":false},"excerpt":{"rendered":"<p>Wyb\u00f3r sukienki na imprezy plenerowe mo\u017ce by\u0107 wyzwaniem, szczeg\u00f3lnie gdy chcemy po\u0142\u0105czy\u0107 mod\u0119 z komfortem. Imprezy na \u015bwie\u017cym powietrzu wymagaj\u0105 ubra\u0144, kt\u00f3re b\u0119d\u0105 nie tylko eleganckie, ale tak\u017ce praktyczne i dostosowane do zmieniaj\u0105cych si\u0119 warunk\u00f3w pogodowych. W artykule tym zaprezentujemy najnowsze trendy w sukienkach na takie okazje oraz podpowiemy, jakie fasony i materia\u0142y s\u0105 najlepsze [&hellip;]<\/p>","protected":false},"author":1,"featured_media":0,"comment_status":"open","ping_status":"open","sticky":false,"template":"","format":"standard","meta":{"_acf_changed":false,"footnotes":""},"categories":[1,2],"tags":[],"class_list":["post-40","post","type-post","status-publish","format-standard","hentry","category-blog","category-sukienki"],"acf":[],"yoast_head":"<!-- This site is optimized with the Yoast SEO plugin v23.2 - https:\/\/yoast.com\/wordpress\/plugins\/seo\/ -->\n<title>Jakie sukienki s\u0105 modne na imprezy plenerowe? - polscy-kierowcy.pl<\/title>\n<meta name=\"description\" content=\"Odkryj najnowsze trendy w sukienkach idealnych na imprezy plenerowe. Sprawd\u017a, kt\u00f3re fasony, kolory i materia\u0142y b\u0119d\u0105 modne w tym sezonie i jak je stylizowa\u0107, aby wyr\u00f3\u017cni\u0107 si\u0119 na ka\u017cdej letniej imprezie.\" \/>\n<meta name=\"robots\" content=\"index, follow, max-snippet:-1, max-image-preview:large, max-video-preview:-1\" \/>\n<link rel=\"canonical\" href=\"https:\/\/polscy-kierowcy.pl\/ro\/jakie-sukienki-sa-modne-na-imprezy-plenerowe\/\" \/>\n<meta property=\"og:locale\" content=\"ro_RO\" \/>\n<meta property=\"og:type\" content=\"article\" \/>\n<meta property=\"og:title\" content=\"Jakie sukienki s\u0105 modne na imprezy plenerowe? - polscy-kierowcy.pl\" \/>\n<meta property=\"og:description\" content=\"Odkryj najnowsze trendy w sukienkach idealnych na imprezy plenerowe. Sprawd\u017a, kt\u00f3re fasony, kolory i materia\u0142y b\u0119d\u0105 modne w tym sezonie i jak je stylizowa\u0107, aby wyr\u00f3\u017cni\u0107 si\u0119 na ka\u017cdej letniej imprezie.\" \/>\n<meta property=\"og:url\" content=\"https:\/\/polscy-kierowcy.pl\/ro\/jakie-sukienki-sa-modne-na-imprezy-plenerowe\/\" \/>\n<meta property=\"og:site_name\" content=\"polscy-kierowcy.pl\" \/>\n<meta property=\"article:published_time\" content=\"2024-09-09T12:55:52+00:00\" \/>\n<meta property=\"article:modified_time\" content=\"2024-09-23T01:18:55+00:00\" \/>\n<meta property=\"og:image\" content=\"https:\/\/media.istockphoto.com\/id\/1237977758\/ru\/%D1%84%D0%BE%D1%82%D0%BE\/%D0%B4%D0%B5%D0%B2%D1%83%D1%88%D0%BA%D0%B0-%D0%B2-%D0%BD%D0%BE%D0%B2%D0%BE%D0%BC-%D0%BF%D0%BB%D0%B0%D1%82%D1%8C%D0%B5-%D0%B3%D0%BB%D1%8F%D0%B4%D1%8F-%D0%BD%D0%B0-%D0%B7%D0%B5%D1%80%D0%BA%D0%B0%D0%BB%D0%BE-%D0%BF%D0%BE%D0%B7%D0%B8%D1%80%D1%83%D0%B5%D1%82-%D0%B4%D0%BE%D0%BC%D0%B0.jpg?s=612x612&w=0&k=20&c=G6E993WgEMd8rl3WDK37f94R7MO2NxLfR02qexb7DTk=\" \/>\n<meta name=\"author\" content=\"Paulina Kruk\" \/>\n<meta name=\"twitter:card\" content=\"summary_large_image\" \/>\n<meta name=\"twitter:label1\" content=\"Scris de\" \/>\n\t<meta name=\"twitter:data1\" content=\"Paulina Kruk\" \/>\n\t<meta name=\"twitter:label2\" content=\"Timp estimat pentru citire\" \/>\n\t<meta name=\"twitter:data2\" content=\"3 minute\" \/>\n<script type=\"application\/ld+json\" class=\"yoast-schema-graph\">{\"@context\":\"https:\/\/schema.org\",\"@graph\":[{\"@type\":\"WebPage\",\"@id\":\"https:\/\/polscy-kierowcy.pl\/jakie-sukienki-sa-modne-na-imprezy-plenerowe\/\",\"url\":\"https:\/\/polscy-kierowcy.pl\/jakie-sukienki-sa-modne-na-imprezy-plenerowe\/\",\"name\":\"Jakie sukienki s\u0105 modne na imprezy plenerowe? - polscy-kierowcy.pl\",\"isPartOf\":{\"@id\":\"https:\/\/polscy-kierowcy.pl\/#website\"},\"primaryImageOfPage\":{\"@id\":\"https:\/\/polscy-kierowcy.pl\/jakie-sukienki-sa-modne-na-imprezy-plenerowe\/#primaryimage\"},\"image\":{\"@id\":\"https:\/\/polscy-kierowcy.pl\/jakie-sukienki-sa-modne-na-imprezy-plenerowe\/#primaryimage\"},\"thumbnailUrl\":\"https:\/\/media.istockphoto.com\/id\/1237977758\/ru\/%D1%84%D0%BE%D1%82%D0%BE\/%D0%B4%D0%B5%D0%B2%D1%83%D1%88%D0%BA%D0%B0-%D0%B2-%D0%BD%D0%BE%D0%B2%D0%BE%D0%BC-%D0%BF%D0%BB%D0%B0%D1%82%D1%8C%D0%B5-%D0%B3%D0%BB%D1%8F%D0%B4%D1%8F-%D0%BD%D0%B0-%D0%B7%D0%B5%D1%80%D0%BA%D0%B0%D0%BB%D0%BE-%D0%BF%D0%BE%D0%B7%D0%B8%D1%80%D1%83%D0%B5%D1%82-%D0%B4%D0%BE%D0%BC%D0%B0.jpg?s=612x612&w=0&k=20&c=G6E993WgEMd8rl3WDK37f94R7MO2NxLfR02qexb7DTk=\",\"datePublished\":\"2024-09-09T12:55:52+00:00\",\"dateModified\":\"2024-09-23T01:18:55+00:00\",\"author\":{\"@id\":\"https:\/\/polscy-kierowcy.pl\/#\/schema\/person\/66f7250202134445459bce344c706e46\"},\"description\":\"Odkryj najnowsze trendy w sukienkach idealnych na imprezy plenerowe. Sprawd\u017a, kt\u00f3re fasony, kolory i materia\u0142y b\u0119d\u0105 modne w tym sezonie i jak je stylizowa\u0107, aby wyr\u00f3\u017cni\u0107 si\u0119 na ka\u017cdej letniej imprezie.\",\"breadcrumb\":{\"@id\":\"https:\/\/polscy-kierowcy.pl\/jakie-sukienki-sa-modne-na-imprezy-plenerowe\/#breadcrumb\"},\"inLanguage\":\"ro-RO\",\"potentialAction\":[{\"@type\":\"ReadAction\",\"target\":[\"https:\/\/polscy-kierowcy.pl\/jakie-sukienki-sa-modne-na-imprezy-plenerowe\/\"]}]},{\"@type\":\"ImageObject\",\"inLanguage\":\"ro-RO\",\"@id\":\"https:\/\/polscy-kierowcy.pl\/jakie-sukienki-sa-modne-na-imprezy-plenerowe\/#primaryimage\",\"url\":\"https:\/\/media.istockphoto.com\/id\/1237977758\/ru\/%D1%84%D0%BE%D1%82%D0%BE\/%D0%B4%D0%B5%D0%B2%D1%83%D1%88%D0%BA%D0%B0-%D0%B2-%D0%BD%D0%BE%D0%B2%D0%BE%D0%BC-%D0%BF%D0%BB%D0%B0%D1%82%D1%8C%D0%B5-%D0%B3%D0%BB%D1%8F%D0%B4%D1%8F-%D0%BD%D0%B0-%D0%B7%D0%B5%D1%80%D0%BA%D0%B0%D0%BB%D0%BE-%D0%BF%D0%BE%D0%B7%D0%B8%D1%80%D1%83%D0%B5%D1%82-%D0%B4%D0%BE%D0%BC%D0%B0.jpg?s=612x612&w=0&k=20&c=G6E993WgEMd8rl3WDK37f94R7MO2NxLfR02qexb7DTk=\",\"contentUrl\":\"https:\/\/media.istockphoto.com\/id\/1237977758\/ru\/%D1%84%D0%BE%D1%82%D0%BE\/%D0%B4%D0%B5%D0%B2%D1%83%D1%88%D0%BA%D0%B0-%D0%B2-%D0%BD%D0%BE%D0%B2%D0%BE%D0%BC-%D0%BF%D0%BB%D0%B0%D1%82%D1%8C%D0%B5-%D0%B3%D0%BB%D1%8F%D0%B4%D1%8F-%D0%BD%D0%B0-%D0%B7%D0%B5%D1%80%D0%BA%D0%B0%D0%BB%D0%BE-%D0%BF%D0%BE%D0%B7%D0%B8%D1%80%D1%83%D0%B5%D1%82-%D0%B4%D0%BE%D0%BC%D0%B0.jpg?s=612x612&w=0&k=20&c=G6E993WgEMd8rl3WDK37f94R7MO2NxLfR02qexb7DTk=\"},{\"@type\":\"BreadcrumbList\",\"@id\":\"https:\/\/polscy-kierowcy.pl\/jakie-sukienki-sa-modne-na-imprezy-plenerowe\/#breadcrumb\",\"itemListElement\":[{\"@type\":\"ListItem\",\"position\":1,\"name\":\"Home\",\"item\":\"https:\/\/polscy-kierowcy.pl\/\"},{\"@type\":\"ListItem\",\"position\":2,\"name\":\"Jakie sukienki s\u0105 modne na imprezy plenerowe?\"}]},{\"@type\":\"WebSite\",\"@id\":\"https:\/\/polscy-kierowcy.pl\/#website\",\"url\":\"https:\/\/polscy-kierowcy.pl\/\",\"name\":\"polscy-kierowcy.pl\",\"description\":\"Tureckie sukienki: pi\u0119kno w tradycji.\",\"potentialAction\":[{\"@type\":\"SearchAction\",\"target\":{\"@type\":\"EntryPoint\",\"urlTemplate\":\"https:\/\/polscy-kierowcy.pl\/?s={search_term_string}\"},\"query-input\":\"required name=search_term_string\"}],\"inLanguage\":\"ro-RO\"},{\"@type\":\"Person\",\"@id\":\"https:\/\/polscy-kierowcy.pl\/#\/schema\/person\/66f7250202134445459bce344c706e46\",\"name\":\"Paulina Kruk\",\"image\":{\"@type\":\"ImageObject\",\"inLanguage\":\"ro-RO\",\"@id\":\"https:\/\/polscy-kierowcy.pl\/#\/schema\/person\/image\/\",\"url\":\"https:\/\/polscy-kierowcy.pl\/wp-content\/uploads\/ivyzxaomvy6_ad_avatar-96x96.jpg\",\"contentUrl\":\"https:\/\/polscy-kierowcy.pl\/wp-content\/uploads\/ivyzxaomvy6_ad_avatar-96x96.jpg\",\"caption\":\"Paulina Kruk\"},\"description\":\"Paulina Kruk to do\u015bwiadczona specjalistka w dziedzinie mody, prowadz\u0105ca w\u0142asny sklep odzie\u017cowy w Pilaszkowie. Jej pasja do mody i zaanga\u017cowanie w bran\u017cy odzie\u017cowej pozwalaj\u0105 jej na tworzenie unikatowych stylizacji, kt\u00f3re \u0142\u0105cz\u0105 elegancj\u0119 z codziennym komfortem.\",\"url\":\"https:\/\/polscy-kierowcy.pl\/ro\/author\/paulina-kruk\/\"}]}<\/script>\n<!-- \/ Yoast SEO plugin. -->","yoast_head_json":{"title":"Jakie sukienki s\u0105 modne na imprezy plenerowe? - polscy-kierowcy.pl","description":"Odkryj najnowsze trendy w sukienkach idealnych na imprezy plenerowe. Sprawd\u017a, kt\u00f3re fasony, kolory i materia\u0142y b\u0119d\u0105 modne w tym sezonie i jak je stylizowa\u0107, aby wyr\u00f3\u017cni\u0107 si\u0119 na ka\u017cdej letniej imprezie.","robots":{"index":"index","follow":"follow","max-snippet":"max-snippet:-1","max-image-preview":"max-image-preview:large","max-video-preview":"max-video-preview:-1"},"canonical":"https:\/\/polscy-kierowcy.pl\/ro\/jakie-sukienki-sa-modne-na-imprezy-plenerowe\/","og_locale":"ro_RO","og_type":"article","og_title":"Jakie sukienki s\u0105 modne na imprezy plenerowe? - polscy-kierowcy.pl","og_description":"Odkryj najnowsze trendy w sukienkach idealnych na imprezy plenerowe. Sprawd\u017a, kt\u00f3re fasony, kolory i materia\u0142y b\u0119d\u0105 modne w tym sezonie i jak je stylizowa\u0107, aby wyr\u00f3\u017cni\u0107 si\u0119 na ka\u017cdej letniej imprezie.","og_url":"https:\/\/polscy-kierowcy.pl\/ro\/jakie-sukienki-sa-modne-na-imprezy-plenerowe\/","og_site_name":"polscy-kierowcy.pl","article_published_time":"2024-09-09T12:55:52+00:00","article_modified_time":"2024-09-23T01:18:55+00:00","og_image":[{"url":"https:\/\/media.istockphoto.com\/id\/1237977758\/ru\/%D1%84%D0%BE%D1%82%D0%BE\/%D0%B4%D0%B5%D0%B2%D1%83%D1%88%D0%BA%D0%B0-%D0%B2-%D0%BD%D0%BE%D0%B2%D0%BE%D0%BC-%D0%BF%D0%BB%D0%B0%D1%82%D1%8C%D0%B5-%D0%B3%D0%BB%D1%8F%D0%B4%D1%8F-%D0%BD%D0%B0-%D0%B7%D0%B5%D1%80%D0%BA%D0%B0%D0%BB%D0%BE-%D0%BF%D0%BE%D0%B7%D0%B8%D1%80%D1%83%D0%B5%D1%82-%D0%B4%D0%BE%D0%BC%D0%B0.jpg?s=612x612&w=0&k=20&c=G6E993WgEMd8rl3WDK37f94R7MO2NxLfR02qexb7DTk="}],"author":"Paulina Kruk","twitter_card":"summary_large_image","twitter_misc":{"Scris de":"Paulina Kruk","Timp estimat pentru citire":"3 minute"},"schema":{"@context":"https:\/\/schema.org","@graph":[{"@type":"WebPage","@id":"https:\/\/polscy-kierowcy.pl\/jakie-sukienki-sa-modne-na-imprezy-plenerowe\/","url":"https:\/\/polscy-kierowcy.pl\/jakie-sukienki-sa-modne-na-imprezy-plenerowe\/","name":"Jakie sukienki s\u0105 modne na imprezy plenerowe? - polscy-kierowcy.pl","isPartOf":{"@id":"https:\/\/polscy-kierowcy.pl\/#website"},"primaryImageOfPage":{"@id":"https:\/\/polscy-kierowcy.pl\/jakie-sukienki-sa-modne-na-imprezy-plenerowe\/#primaryimage"},"image":{"@id":"https:\/\/polscy-kierowcy.pl\/jakie-sukienki-sa-modne-na-imprezy-plenerowe\/#primaryimage"},"thumbnailUrl":"https:\/\/media.istockphoto.com\/id\/1237977758\/ru\/%D1%84%D0%BE%D1%82%D0%BE\/%D0%B4%D0%B5%D0%B2%D1%83%D1%88%D0%BA%D0%B0-%D0%B2-%D0%BD%D0%BE%D0%B2%D0%BE%D0%BC-%D0%BF%D0%BB%D0%B0%D1%82%D1%8C%D0%B5-%D0%B3%D0%BB%D1%8F%D0%B4%D1%8F-%D0%BD%D0%B0-%D0%B7%D0%B5%D1%80%D0%BA%D0%B0%D0%BB%D0%BE-%D0%BF%D0%BE%D0%B7%D0%B8%D1%80%D1%83%D0%B5%D1%82-%D0%B4%D0%BE%D0%BC%D0%B0.jpg?s=612x612&w=0&k=20&c=G6E993WgEMd8rl3WDK37f94R7MO2NxLfR02qexb7DTk=","datePublished":"2024-09-09T12:55:52+00:00","dateModified":"2024-09-23T01:18:55+00:00","author":{"@id":"https:\/\/polscy-kierowcy.pl\/#\/schema\/person\/66f7250202134445459bce344c706e46"},"description":"Odkryj najnowsze trendy w sukienkach idealnych na imprezy plenerowe. Sprawd\u017a, kt\u00f3re fasony, kolory i materia\u0142y b\u0119d\u0105 modne w tym sezonie i jak je stylizowa\u0107, aby wyr\u00f3\u017cni\u0107 si\u0119 na ka\u017cdej letniej imprezie.","breadcrumb":{"@id":"https:\/\/polscy-kierowcy.pl\/jakie-sukienki-sa-modne-na-imprezy-plenerowe\/#breadcrumb"},"inLanguage":"ro-RO","potentialAction":[{"@type":"ReadAction","target":["https:\/\/polscy-kierowcy.pl\/jakie-sukienki-sa-modne-na-imprezy-plenerowe\/"]}]},{"@type":"ImageObject","inLanguage":"ro-RO","@id":"https:\/\/polscy-kierowcy.pl\/jakie-sukienki-sa-modne-na-imprezy-plenerowe\/#primaryimage","url":"https:\/\/media.istockphoto.com\/id\/1237977758\/ru\/%D1%84%D0%BE%D1%82%D0%BE\/%D0%B4%D0%B5%D0%B2%D1%83%D1%88%D0%BA%D0%B0-%D0%B2-%D0%BD%D0%BE%D0%B2%D0%BE%D0%BC-%D0%BF%D0%BB%D0%B0%D1%82%D1%8C%D0%B5-%D0%B3%D0%BB%D1%8F%D0%B4%D1%8F-%D0%BD%D0%B0-%D0%B7%D0%B5%D1%80%D0%BA%D0%B0%D0%BB%D0%BE-%D0%BF%D0%BE%D0%B7%D0%B8%D1%80%D1%83%D0%B5%D1%82-%D0%B4%D0%BE%D0%BC%D0%B0.jpg?s=612x612&w=0&k=20&c=G6E993WgEMd8rl3WDK37f94R7MO2NxLfR02qexb7DTk=","contentUrl":"https:\/\/media.istockphoto.com\/id\/1237977758\/ru\/%D1%84%D0%BE%D1%82%D0%BE\/%D0%B4%D0%B5%D0%B2%D1%83%D1%88%D0%BA%D0%B0-%D0%B2-%D0%BD%D0%BE%D0%B2%D0%BE%D0%BC-%D0%BF%D0%BB%D0%B0%D1%82%D1%8C%D0%B5-%D0%B3%D0%BB%D1%8F%D0%B4%D1%8F-%D0%BD%D0%B0-%D0%B7%D0%B5%D1%80%D0%BA%D0%B0%D0%BB%D0%BE-%D0%BF%D0%BE%D0%B7%D0%B8%D1%80%D1%83%D0%B5%D1%82-%D0%B4%D0%BE%D0%BC%D0%B0.jpg?s=612x612&w=0&k=20&c=G6E993WgEMd8rl3WDK37f94R7MO2NxLfR02qexb7DTk="},{"@type":"BreadcrumbList","@id":"https:\/\/polscy-kierowcy.pl\/jakie-sukienki-sa-modne-na-imprezy-plenerowe\/#breadcrumb","itemListElement":[{"@type":"ListItem","position":1,"name":"Home","item":"https:\/\/polscy-kierowcy.pl\/"},{"@type":"ListItem","position":2,"name":"Jakie sukienki s\u0105 modne na imprezy plenerowe?"}]},{"@type":"WebSite","@id":"https:\/\/polscy-kierowcy.pl\/#website","url":"https:\/\/polscy-kierowcy.pl\/","name":"polscy-kierowcy.pl","description":"Tureckie sukienki: pi\u0119kno w tradycji.","potentialAction":[{"@type":"SearchAction","target":{"@type":"EntryPoint","urlTemplate":"https:\/\/polscy-kierowcy.pl\/?s={search_term_string}"},"query-input":"required name=search_term_string"}],"inLanguage":"ro-RO"},{"@type":"Person","@id":"https:\/\/polscy-kierowcy.pl\/#\/schema\/person\/66f7250202134445459bce344c706e46","name":"Paulina Kruk","image":{"@type":"ImageObject","inLanguage":"ro-RO","@id":"https:\/\/polscy-kierowcy.pl\/#\/schema\/person\/image\/","url":"https:\/\/polscy-kierowcy.pl\/wp-content\/uploads\/ivyzxaomvy6_ad_avatar-96x96.jpg","contentUrl":"https:\/\/polscy-kierowcy.pl\/wp-content\/uploads\/ivyzxaomvy6_ad_avatar-96x96.jpg","caption":"Paulina Kruk"},"description":"Paulina Kruk to do\u015bwiadczona specjalistka w dziedzinie mody, prowadz\u0105ca w\u0142asny sklep odzie\u017cowy w Pilaszkowie. Jej pasja do mody i zaanga\u017cowanie w bran\u017cy odzie\u017cowej pozwalaj\u0105 jej na tworzenie unikatowych stylizacji, kt\u00f3re \u0142\u0105cz\u0105 elegancj\u0119 z codziennym komfortem.","url":"https:\/\/polscy-kierowcy.pl\/ro\/author\/paulina-kruk\/"}]}},"yoast_meta":{"yoast_wpseo_title":"","yoast_wpseo_metadesc":"","yoast_wpseo_canonical":"https:\/\/polscy-kierowcy.pl\/ro\/wp-json\/wp\/v2\/posts\/40"},"_links":{"self":[{"href":"https:\/\/polscy-kierowcy.pl\/ro\/wp-json\/wp\/v2\/posts\/40"}],"collection":[{"href":"https:\/\/polscy-kierowcy.pl\/ro\/wp-json\/wp\/v2\/posts"}],"about":[{"href":"https:\/\/polscy-kierowcy.pl\/ro\/wp-json\/wp\/v2\/types\/post"}],"author":[{"embeddable":true,"href":"https:\/\/polscy-kierowcy.pl\/ro\/wp-json\/wp\/v2\/users\/1"}],"replies":[{"embeddable":true,"href":"https:\/\/polscy-kierowcy.pl\/ro\/wp-json\/wp\/v2\/comments?post=40"}],"version-history":[{"count":1,"href":"https:\/\/polscy-kierowcy.pl\/ro\/wp-json\/wp\/v2\/posts\/40\/revisions"}],"predecessor-version":[{"id":41,"href":"https:\/\/polscy-kierowcy.pl\/ro\/wp-json\/wp\/v2\/posts\/40\/revisions\/41"}],"wp:attachment":[{"href":"https:\/\/polscy-kierowcy.pl\/ro\/wp-json\/wp\/v2\/media?parent=40"}],"wp:term":[{"taxonomy":"category","embeddable":true,"href":"https:\/\/polscy-kierowcy.pl\/ro\/wp-json\/wp\/v2\/categories?post=40"},{"taxonomy":"post_tag","embeddable":true,"href":"https:\/\/polscy-kierowcy.pl\/ro\/wp-json\/wp\/v2\/tags?post=40"}],"curies":[{"name":"wp","href":"https:\/\/api.w.org\/{rel}","templated":true}]}}