{"id":382,"date":"2025-01-28T00:00:00","date_gmt":"2025-01-28T00:00:00","guid":{"rendered":"https:\/\/polscy-kierowcy.pl\/?p=382"},"modified":"2025-02-25T13:00:08","modified_gmt":"2025-02-25T13:00:08","slug":"czarne-plaszcze-w-roznych-stylach-od-casualu-po-elegancje","status":"publish","type":"post","link":"https:\/\/polscy-kierowcy.pl\/ro\/czarne-plaszcze-w-roznych-stylach-od-casualu-po-elegancje\/","title":{"rendered":"Paltoane negre \u00een diferite stiluri - de la casual la elegant"},"content":{"rendered":"<div class=\"kk-star-ratings kksr-auto kksr-align-left kksr-valign-top\"\n    data-payload='{&quot;align&quot;:&quot;left&quot;,&quot;id&quot;:&quot;382&quot;,&quot;slug&quot;:&quot;default&quot;,&quot;valign&quot;:&quot;top&quot;,&quot;ignore&quot;:&quot;&quot;,&quot;reference&quot;:&quot;auto&quot;,&quot;class&quot;:&quot;&quot;,&quot;count&quot;:&quot;0&quot;,&quot;legendonly&quot;:&quot;&quot;,&quot;readonly&quot;:&quot;&quot;,&quot;score&quot;:&quot;0&quot;,&quot;starsonly&quot;:&quot;&quot;,&quot;best&quot;:&quot;5&quot;,&quot;gap&quot;:&quot;5&quot;,&quot;greet&quot;:&quot;&quot;,&quot;legend&quot;:&quot;0\\\/5 - (0 votes)&quot;,&quot;size&quot;:&quot;24&quot;,&quot;title&quot;:&quot;Czarne p\u0142aszcze w r\u00f3\u017cnych stylach \u2013 od casualu po elegancj\u0119&quot;,&quot;width&quot;:&quot;0&quot;,&quot;_legend&quot;:&quot;{score}\\\/{best} - ({count} {votes})&quot;,&quot;font_factor&quot;:&quot;1.25&quot;}'>\n            \n<div class=\"kksr-stars\">\n    \n<div class=\"kksr-stars-inactive\">\n            <div class=\"kksr-star\" data-star=\"1\" style=\"padding-right: 5px\">\n            \n\n<div class=\"kksr-icon\" style=\"width: 24px; height: 24px;\"><\/div>\n        <\/div>\n            <div class=\"kksr-star\" data-star=\"2\" style=\"padding-right: 5px\">\n            \n\n<div class=\"kksr-icon\" style=\"width: 24px; height: 24px;\"><\/div>\n        <\/div>\n            <div class=\"kksr-star\" data-star=\"3\" style=\"padding-right: 5px\">\n            \n\n<div class=\"kksr-icon\" style=\"width: 24px; height: 24px;\"><\/div>\n        <\/div>\n            <div class=\"kksr-star\" data-star=\"4\" style=\"padding-right: 5px\">\n            \n\n<div class=\"kksr-icon\" style=\"width: 24px; height: 24px;\"><\/div>\n        <\/div>\n            <div class=\"kksr-star\" data-star=\"5\" style=\"padding-right: 5px\">\n            \n\n<div class=\"kksr-icon\" style=\"width: 24px; height: 24px;\"><\/div>\n        <\/div>\n    <\/div>\n    \n<div class=\"kksr-stars-active\" style=\"width: 0px;\">\n            <div class=\"kksr-star\" style=\"padding-right: 5px\">\n            \n\n<div class=\"kksr-icon\" style=\"width: 24px; height: 24px;\"><\/div>\n        <\/div>\n            <div class=\"kksr-star\" style=\"padding-right: 5px\">\n            \n\n<div class=\"kksr-icon\" style=\"width: 24px; height: 24px;\"><\/div>\n        <\/div>\n            <div class=\"kksr-star\" style=\"padding-right: 5px\">\n            \n\n<div class=\"kksr-icon\" style=\"width: 24px; height: 24px;\"><\/div>\n        <\/div>\n            <div class=\"kksr-star\" style=\"padding-right: 5px\">\n            \n\n<div class=\"kksr-icon\" style=\"width: 24px; height: 24px;\"><\/div>\n        <\/div>\n            <div class=\"kksr-star\" style=\"padding-right: 5px\">\n            \n\n<div class=\"kksr-icon\" style=\"width: 24px; height: 24px;\"><\/div>\n        <\/div>\n    <\/div>\n<\/div>\n                \n\n<div class=\"kksr-legend\" style=\"font-size: 19.2px;\">\n            <span class=\"kksr-muted\"><\/span>\n    <\/div>\n    <\/div>\n<p>Paltoanele negre sunt o parte esen\u021bial\u0103 a garderobei oric\u0103rei persoane elegante. Versatilitatea lor \u00eenseamn\u0103 c\u0103 pot fi purtate at\u00e2t \u00een fiecare zi, c\u00e2t \u0219i pentru ocazii speciale. Aceste piese vestimentare elegante \u0219i func\u021bionale pot transforma orice stil, ad\u0103ug\u00e2ndu-i un caracter unic. Indiferent dac\u0103 alege\u021bi un stil clasic sau unul mai modern, un palton negru va atrage cu siguran\u021b\u0103 aten\u021bia. Pentru a \u00een\u021belege mai bine cum s\u0103 \u00eencorpora\u021bi paltoanele negre \u00een diverse stiluri, vom analiza mai atent tipurile individuale \u0219i combina\u021biile posibile. \u00cen urm\u0103toarele p\u0103r\u021bi ale articolului, vom prezenta, de asemenea, sfaturi practice despre accesorii \u0219i stilizare.<\/p>\n<h2>Diferite tipuri de paltoane negre<\/h2>\n<p><img decoding=\"async\" alt=\"Stylowa kobieta w czarnym p\u0142aszczu i okularach przeciws\u0142onecznych, stoj\u0105ca w kawiarni z widokiem na miasto.\" src=\"https:\/\/polscy-kierowcy.pl\/wp-content\/uploads\/imagefcf58fd108be423a90ee38137f9100e3.png\"\/><\/p>\n<p>Paltoanele negre vin \u00een multe forme pentru a se potrivi diferitelor stiluri de via\u021b\u0103 \u0219i preferin\u021be vestimentare. Iat\u0103 c\u00e2teva dintre cele mai populare stiluri de \u0219tiut:<\/p>\n<ul>\n<li>Palton clasic \u2013 atemporal, perfect pentru ocazii speciale.<\/li>\n<li>Trench \u2013 versatil, potrivit pentru condi\u021bii meteorologice schimb\u0103toare.<\/li>\n<li>Palton supradimensionat \u2013 un stil modern, adesea ales de persoanele care pre\u021buiesc confortul.<\/li>\n<\/ul>\n<h2>Paltoane negre \u00een stiluri casual<\/h2>\n<p><img decoding=\"async\" alt=\"M\u0142oda para w czarnych p\u0142aszczach stoi przed restauracj\u0105 o pi\u0119knej iluminacji.\" src=\"https:\/\/polscy-kierowcy.pl\/wp-content\/uploads\/image5a1d54803034402eb21502f6a58c6578.png\"\/><\/p>\n<p>Paltoanele negre sunt perfecte pentru stilul de zi cu zi. Le po\u021bi asorta cu diferite elemente din garderob\u0103 pentru a crea un efect unic. Iat\u0103 c\u00e2teva idei despre cum s\u0103 le por\u021bi:<\/p>\n<ul>\n<li>Blugi \u0219i un tricou \u2013 creeaz\u0103 o \u021binut\u0103 casual, dar elegant\u0103.<\/li>\n<li>Teni\u0219i \u2013 adaug\u0103 o not\u0103 casual \u00eentregii \u021binute.<\/li>\n<li>Fust\u0103 midi \u2013 combinat\u0103 cu un palton, creeaz\u0103 o compozi\u021bie interesant\u0103.<\/li>\n<\/ul>\n<h2>Paltoane negre \u00een stiluri elegante<\/h2>\n<p>Nu doar pentru purtarea de zi cu zi, paltoanele negre pot fi, de asemenea, o parte integrant\u0103 a \u021binutelor elegante. Cheia este s\u0103 alegi accesoriile \u0219i elementele potrivite. Un stil de palton negru poate include:<\/p>\n<ul>\n<li>O rochie midi \u0219i tocuri \u2013 pentru o \u021binut\u0103 absolut elegant\u0103.<\/li>\n<li>Pantaloni palazzo \u0219i o bluz\u0103 \u2013 pentru o op\u021biune confortabil\u0103, dar elegant\u0103.<\/li>\n<li>Combin\u0103-l cu un pulover lung pentru un stil luxos.<\/li>\n<\/ul>\n<table border=\"1\">\n<tr>\n<th>Tipul de blan\u0103<\/th>\n<th>Stiluri casual<\/th>\n<th>Stiluri elegante<\/th>\n<\/tr>\n<tr>\n<td>Hain\u0103 clasic\u0103<\/td>\n<td>Blugi, tricou<\/td>\n<td>Rochie midi, tocuri<\/td>\n<\/tr>\n<tr>\n<td>Trench<\/td>\n<td>Adida\u0219i, rochie<\/td>\n<td>Pantaloni palazzo, bluz\u0103<\/td>\n<\/tr>\n<tr>\n<td>Palton supradimensionat<\/td>\n<td>Treninguri<\/td>\n<td>Combina\u021bie cu accesorii elegante<\/td>\n<\/tr>\n<\/table>\n<h2>Materiale \u0219i accesorii pentru paltoane negre<\/h2>\n<p>Alegerea materialului potrivit este esen\u021bial\u0103 pentru confortul \u0219i stilul hainei tale negre. Paltoanele pot fi confec\u021bionate dintr-o varietate de \u021bes\u0103turi, inclusiv:<\/p>\n<ul>\n<li>L\u00e2n\u0103 \u2013 perfect\u0103 pentru iarn\u0103, oferind c\u0103ldur\u0103.<\/li>\n<li>Ca\u0219mir \u2013 luxos, perfect pentru ocazii elegante.<\/li>\n<li>Poliester \u2013 u\u0219or de \u00eentre\u021binut \u0219i practic.<\/li>\n<\/ul>\n<p>S\u0103 nu uit\u0103m de accesoriile care pot schimba stilul. Merit\u0103 s\u0103 alege\u021bi urm\u0103toarele pentru paltoanele negre:<\/p>\n<ul>\n<li>\u0218aluri \u0219i e\u0219arfe \u00een culori str\u0103lucitoare \u2013 pentru contrast.<\/li>\n<li>P\u0103l\u0103rii Beanie sau fedora \u2013 perfecte pentru zilele mai reci.<\/li>\n<li>Gen\u021bi de m\u00e2n\u0103 \u00eentr-o nuan\u021b\u0103 contrastant\u0103 \u2013 un complement elegant.<\/li>\n<\/ul>\n<h2>Rezumat<\/h2>\n<p>Paltoanele negre sunt o pies\u0103 vestimentar\u0103 incredibil de versatil\u0103, care poate fi asortat\u0103 \u00een multe feluri. Indiferent dac\u0103 preferi o \u021binut\u0103 casual sau elegant\u0103, o hain\u0103 neagr\u0103 va ad\u0103uga \u00eentotdeauna clas\u0103 \u021binutei tale. Cu o varietate de stiluri \u0219i materiale, fiecare va g\u0103si ceva pentru sine, iar combina\u021biile iscusite cu accesorii vor da fiec\u0103rui stil un caracter individual.<\/p>\n<h2>\u00centreb\u0103ri frecvente<\/h2>\n<ul>\n<li><strong>Ce accesorii se potrivesc cu paltoanele negre?<\/strong>\n<ul>\n<li>E\u0219arf\u0103 \u00een culori str\u0103lucitoare<\/li>\n<li>C\u0103ciul\u0103 sau p\u0103l\u0103rie fedora<\/li>\n<li>O geant\u0103 \u00eentr-o nuan\u021b\u0103 contrastant\u0103<\/li>\n<\/ul>\n<\/li>\n<li><strong>Se potrive\u0219te o hain\u0103 neagr\u0103 oric\u0103rei siluete?<\/strong> Da, croiala potrivit\u0103 a unui palton negru se potrive\u0219te oric\u0103rui tip de corp.<\/li>\n<li><strong>Ce pantofi sunt cei mai potrivi\u021bi cu o hain\u0103 neagr\u0103?<\/strong>\n<ul>\n<li>Teni\u0219i pentru un look casual<\/li>\n<li>Tocuri \u00eenalte pentru un stil elegant<\/li>\n<\/ul>\n<\/li>\n<li><strong>Este o hain\u0103 neagr\u0103 potrivit\u0103 pentru ocazii speciale?<\/strong> Da, un palton negru este o alegere perfect\u0103 pentru ocazii elegante, mai ales atunci c\u00e2nd este asortat cu haine potrivite.<\/li>\n<\/ul>","protected":false},"excerpt":{"rendered":"<p>Czarne p\u0142aszcze stanowi\u0105 nieod\u0142\u0105czny element garderoby ka\u017cdej stylowej osoby. Ich uniwersalno\u015b\u0107 sprawia, \u017ce mo\u017cna je nosi\u0107 zar\u00f3wno na co dzie\u0144, jak i na wyj\u0105tkowe okazje. Te eleganckie oraz funkcjonalne okrycia wierzchnie potrafi\u0105 odmieni\u0107 ka\u017cd\u0105 stylizacj\u0119, dodaj\u0105c jej niepowtarzalnego charakteru. Niezale\u017cnie od tego, czy zdecydujesz si\u0119 na klasyczny fason, czy bardziej nowoczesny, czarny p\u0142aszcz z pewno\u015bci\u0105 [&hellip;]<\/p>","protected":false},"author":2,"featured_media":379,"comment_status":"closed","ping_status":"closed","sticky":false,"template":"","format":"standard","meta":{"_acf_changed":false,"footnotes":""},"categories":[1],"tags":[],"class_list":["post-382","post","type-post","status-publish","format-standard","has-post-thumbnail","hentry","category-blog"],"acf":[],"yoast_head":"<!-- This site is optimized with the Yoast SEO plugin v23.2 - https:\/\/yoast.com\/wordpress\/plugins\/seo\/ -->\n<title>Czarne p\u0142aszcze w r\u00f3\u017cnych stylach \u2013 od casualu po elegancj\u0119: idealne inspiracje na ka\u017cd\u0105 okazj\u0119<\/title>\n<meta name=\"description\" content=\"Odkryj, jak stylowo nosi\u0107 czarne p\u0142aszcze w casualowych i eleganckich stylizacjach. Znajd\u017a idealne inspiracje!\" \/>\n<meta name=\"robots\" content=\"index, follow, max-snippet:-1, max-image-preview:large, max-video-preview:-1\" \/>\n<link rel=\"canonical\" href=\"https:\/\/polscy-kierowcy.pl\/ro\/czarne-plaszcze-w-roznych-stylach-od-casualu-po-elegancje\/\" \/>\n<meta property=\"og:locale\" content=\"ro_RO\" \/>\n<meta property=\"og:type\" content=\"article\" \/>\n<meta property=\"og:title\" content=\"Czarne p\u0142aszcze w r\u00f3\u017cnych stylach \u2013 od casualu po elegancj\u0119: idealne inspiracje na ka\u017cd\u0105 okazj\u0119\" \/>\n<meta property=\"og:description\" content=\"Odkryj, jak stylowo nosi\u0107 czarne p\u0142aszcze w casualowych i eleganckich stylizacjach. Znajd\u017a idealne inspiracje!\" \/>\n<meta property=\"og:url\" content=\"https:\/\/polscy-kierowcy.pl\/ro\/czarne-plaszcze-w-roznych-stylach-od-casualu-po-elegancje\/\" \/>\n<meta property=\"og:site_name\" content=\"polscy-kierowcy.pl\" \/>\n<meta property=\"article:published_time\" content=\"2025-01-28T00:00:00+00:00\" \/>\n<meta property=\"article:modified_time\" content=\"2025-02-25T13:00:08+00:00\" \/>\n<meta property=\"og:image\" content=\"https:\/\/polscy-kierowcy.pl\/wp-content\/uploads\/imagee875f9c95d6e49db960b0fb7887d82b4.png\" \/>\n\t<meta property=\"og:image:width\" content=\"1024\" \/>\n\t<meta property=\"og:image:height\" content=\"768\" \/>\n\t<meta property=\"og:image:type\" content=\"image\/png\" \/>\n<meta name=\"author\" content=\"Marta Doma\u0144ska\" \/>\n<meta name=\"twitter:card\" content=\"summary_large_image\" \/>\n<meta name=\"twitter:label1\" content=\"Scris de\" \/>\n\t<meta name=\"twitter:data1\" content=\"Marta Doma\u0144ska\" \/>\n\t<meta name=\"twitter:label2\" content=\"Timp estimat pentru citire\" \/>\n\t<meta name=\"twitter:data2\" content=\"3 minute\" \/>\n<script type=\"application\/ld+json\" class=\"yoast-schema-graph\">{\"@context\":\"https:\/\/schema.org\",\"@graph\":[{\"@type\":\"WebPage\",\"@id\":\"https:\/\/polscy-kierowcy.pl\/czarne-plaszcze-w-roznych-stylach-od-casualu-po-elegancje\/\",\"url\":\"https:\/\/polscy-kierowcy.pl\/czarne-plaszcze-w-roznych-stylach-od-casualu-po-elegancje\/\",\"name\":\"Czarne p\u0142aszcze w r\u00f3\u017cnych stylach \u2013 od casualu po elegancj\u0119: idealne inspiracje na ka\u017cd\u0105 okazj\u0119\",\"isPartOf\":{\"@id\":\"https:\/\/polscy-kierowcy.pl\/#website\"},\"primaryImageOfPage\":{\"@id\":\"https:\/\/polscy-kierowcy.pl\/czarne-plaszcze-w-roznych-stylach-od-casualu-po-elegancje\/#primaryimage\"},\"image\":{\"@id\":\"https:\/\/polscy-kierowcy.pl\/czarne-plaszcze-w-roznych-stylach-od-casualu-po-elegancje\/#primaryimage\"},\"thumbnailUrl\":\"https:\/\/polscy-kierowcy.pl\/wp-content\/uploads\/imagee875f9c95d6e49db960b0fb7887d82b4.png\",\"datePublished\":\"2025-01-28T00:00:00+00:00\",\"dateModified\":\"2025-02-25T13:00:08+00:00\",\"author\":{\"@id\":\"https:\/\/polscy-kierowcy.pl\/#\/schema\/person\/77c4277010b28eb5eb64e23f2c0cb6df\"},\"description\":\"Odkryj, jak stylowo nosi\u0107 czarne p\u0142aszcze w casualowych i eleganckich stylizacjach. Znajd\u017a idealne inspiracje!\",\"breadcrumb\":{\"@id\":\"https:\/\/polscy-kierowcy.pl\/czarne-plaszcze-w-roznych-stylach-od-casualu-po-elegancje\/#breadcrumb\"},\"inLanguage\":\"ro-RO\",\"potentialAction\":[{\"@type\":\"ReadAction\",\"target\":[\"https:\/\/polscy-kierowcy.pl\/czarne-plaszcze-w-roznych-stylach-od-casualu-po-elegancje\/\"]}]},{\"@type\":\"ImageObject\",\"inLanguage\":\"ro-RO\",\"@id\":\"https:\/\/polscy-kierowcy.pl\/czarne-plaszcze-w-roznych-stylach-od-casualu-po-elegancje\/#primaryimage\",\"url\":\"https:\/\/polscy-kierowcy.pl\/wp-content\/uploads\/imagee875f9c95d6e49db960b0fb7887d82b4.png\",\"contentUrl\":\"https:\/\/polscy-kierowcy.pl\/wp-content\/uploads\/imagee875f9c95d6e49db960b0fb7887d82b4.png\",\"width\":1024,\"height\":768},{\"@type\":\"BreadcrumbList\",\"@id\":\"https:\/\/polscy-kierowcy.pl\/czarne-plaszcze-w-roznych-stylach-od-casualu-po-elegancje\/#breadcrumb\",\"itemListElement\":[{\"@type\":\"ListItem\",\"position\":1,\"name\":\"Home\",\"item\":\"https:\/\/polscy-kierowcy.pl\/\"},{\"@type\":\"ListItem\",\"position\":2,\"name\":\"Czarne p\u0142aszcze w r\u00f3\u017cnych stylach \u2013 od casualu po elegancj\u0119\"}]},{\"@type\":\"WebSite\",\"@id\":\"https:\/\/polscy-kierowcy.pl\/#website\",\"url\":\"https:\/\/polscy-kierowcy.pl\/\",\"name\":\"polscy-kierowcy.pl\",\"description\":\"Tureckie sukienki: pi\u0119kno w tradycji.\",\"potentialAction\":[{\"@type\":\"SearchAction\",\"target\":{\"@type\":\"EntryPoint\",\"urlTemplate\":\"https:\/\/polscy-kierowcy.pl\/?s={search_term_string}\"},\"query-input\":\"required name=search_term_string\"}],\"inLanguage\":\"ro-RO\"},{\"@type\":\"Person\",\"@id\":\"https:\/\/polscy-kierowcy.pl\/#\/schema\/person\/77c4277010b28eb5eb64e23f2c0cb6df\",\"name\":\"Marta Doma\u0144ska\",\"image\":{\"@type\":\"ImageObject\",\"inLanguage\":\"ro-RO\",\"@id\":\"https:\/\/polscy-kierowcy.pl\/#\/schema\/person\/image\/\",\"url\":\"https:\/\/polscy-kierowcy.pl\/wp-content\/uploads\/marta-domanska_avatar-96x96.jpg\",\"contentUrl\":\"https:\/\/polscy-kierowcy.pl\/wp-content\/uploads\/marta-domanska_avatar-96x96.jpg\",\"caption\":\"Marta Doma\u0144ska\"},\"description\":\"Marta Doma\u0144ska to do\u015bwiadczona stylistka i w\u0142a\u015bcicielka butiku Novamoda w Poznaniu, specjalizuj\u0105ca si\u0119 w analizie kolorystycznej i doborze odzie\u017cy do sylwetki. Jej pasja do mody oraz indywidualne podej\u015bcie do klientek pozwalaj\u0105 na tworzenie unikatowych stylizacji, kt\u00f3re podkre\u015blaj\u0105 naturalne pi\u0119kno ka\u017cdej osoby.\",\"url\":\"https:\/\/polscy-kierowcy.pl\/ro\/author\/marta-domanska\/\"}]}<\/script>\n<!-- \/ Yoast SEO plugin. -->","yoast_head_json":{"title":"Czarne p\u0142aszcze w r\u00f3\u017cnych stylach \u2013 od casualu po elegancj\u0119: idealne inspiracje na ka\u017cd\u0105 okazj\u0119","description":"Odkryj, jak stylowo nosi\u0107 czarne p\u0142aszcze w casualowych i eleganckich stylizacjach. Znajd\u017a idealne inspiracje!","robots":{"index":"index","follow":"follow","max-snippet":"max-snippet:-1","max-image-preview":"max-image-preview:large","max-video-preview":"max-video-preview:-1"},"canonical":"https:\/\/polscy-kierowcy.pl\/ro\/czarne-plaszcze-w-roznych-stylach-od-casualu-po-elegancje\/","og_locale":"ro_RO","og_type":"article","og_title":"Czarne p\u0142aszcze w r\u00f3\u017cnych stylach \u2013 od casualu po elegancj\u0119: idealne inspiracje na ka\u017cd\u0105 okazj\u0119","og_description":"Odkryj, jak stylowo nosi\u0107 czarne p\u0142aszcze w casualowych i eleganckich stylizacjach. Znajd\u017a idealne inspiracje!","og_url":"https:\/\/polscy-kierowcy.pl\/ro\/czarne-plaszcze-w-roznych-stylach-od-casualu-po-elegancje\/","og_site_name":"polscy-kierowcy.pl","article_published_time":"2025-01-28T00:00:00+00:00","article_modified_time":"2025-02-25T13:00:08+00:00","og_image":[{"width":1024,"height":768,"url":"https:\/\/polscy-kierowcy.pl\/wp-content\/uploads\/imagee875f9c95d6e49db960b0fb7887d82b4.png","type":"image\/png"}],"author":"Marta Doma\u0144ska","twitter_card":"summary_large_image","twitter_misc":{"Scris de":"Marta Doma\u0144ska","Timp estimat pentru citire":"3 minute"},"schema":{"@context":"https:\/\/schema.org","@graph":[{"@type":"WebPage","@id":"https:\/\/polscy-kierowcy.pl\/czarne-plaszcze-w-roznych-stylach-od-casualu-po-elegancje\/","url":"https:\/\/polscy-kierowcy.pl\/czarne-plaszcze-w-roznych-stylach-od-casualu-po-elegancje\/","name":"Czarne p\u0142aszcze w r\u00f3\u017cnych stylach \u2013 od casualu po elegancj\u0119: idealne inspiracje na ka\u017cd\u0105 okazj\u0119","isPartOf":{"@id":"https:\/\/polscy-kierowcy.pl\/#website"},"primaryImageOfPage":{"@id":"https:\/\/polscy-kierowcy.pl\/czarne-plaszcze-w-roznych-stylach-od-casualu-po-elegancje\/#primaryimage"},"image":{"@id":"https:\/\/polscy-kierowcy.pl\/czarne-plaszcze-w-roznych-stylach-od-casualu-po-elegancje\/#primaryimage"},"thumbnailUrl":"https:\/\/polscy-kierowcy.pl\/wp-content\/uploads\/imagee875f9c95d6e49db960b0fb7887d82b4.png","datePublished":"2025-01-28T00:00:00+00:00","dateModified":"2025-02-25T13:00:08+00:00","author":{"@id":"https:\/\/polscy-kierowcy.pl\/#\/schema\/person\/77c4277010b28eb5eb64e23f2c0cb6df"},"description":"Odkryj, jak stylowo nosi\u0107 czarne p\u0142aszcze w casualowych i eleganckich stylizacjach. Znajd\u017a idealne inspiracje!","breadcrumb":{"@id":"https:\/\/polscy-kierowcy.pl\/czarne-plaszcze-w-roznych-stylach-od-casualu-po-elegancje\/#breadcrumb"},"inLanguage":"ro-RO","potentialAction":[{"@type":"ReadAction","target":["https:\/\/polscy-kierowcy.pl\/czarne-plaszcze-w-roznych-stylach-od-casualu-po-elegancje\/"]}]},{"@type":"ImageObject","inLanguage":"ro-RO","@id":"https:\/\/polscy-kierowcy.pl\/czarne-plaszcze-w-roznych-stylach-od-casualu-po-elegancje\/#primaryimage","url":"https:\/\/polscy-kierowcy.pl\/wp-content\/uploads\/imagee875f9c95d6e49db960b0fb7887d82b4.png","contentUrl":"https:\/\/polscy-kierowcy.pl\/wp-content\/uploads\/imagee875f9c95d6e49db960b0fb7887d82b4.png","width":1024,"height":768},{"@type":"BreadcrumbList","@id":"https:\/\/polscy-kierowcy.pl\/czarne-plaszcze-w-roznych-stylach-od-casualu-po-elegancje\/#breadcrumb","itemListElement":[{"@type":"ListItem","position":1,"name":"Home","item":"https:\/\/polscy-kierowcy.pl\/"},{"@type":"ListItem","position":2,"name":"Czarne p\u0142aszcze w r\u00f3\u017cnych stylach \u2013 od casualu po elegancj\u0119"}]},{"@type":"WebSite","@id":"https:\/\/polscy-kierowcy.pl\/#website","url":"https:\/\/polscy-kierowcy.pl\/","name":"polscy-kierowcy.pl","description":"Tureckie sukienki: pi\u0119kno w tradycji.","potentialAction":[{"@type":"SearchAction","target":{"@type":"EntryPoint","urlTemplate":"https:\/\/polscy-kierowcy.pl\/?s={search_term_string}"},"query-input":"required name=search_term_string"}],"inLanguage":"ro-RO"},{"@type":"Person","@id":"https:\/\/polscy-kierowcy.pl\/#\/schema\/person\/77c4277010b28eb5eb64e23f2c0cb6df","name":"Marta Doma\u0144ska","image":{"@type":"ImageObject","inLanguage":"ro-RO","@id":"https:\/\/polscy-kierowcy.pl\/#\/schema\/person\/image\/","url":"https:\/\/polscy-kierowcy.pl\/wp-content\/uploads\/marta-domanska_avatar-96x96.jpg","contentUrl":"https:\/\/polscy-kierowcy.pl\/wp-content\/uploads\/marta-domanska_avatar-96x96.jpg","caption":"Marta Doma\u0144ska"},"description":"Marta Doma\u0144ska to do\u015bwiadczona stylistka i w\u0142a\u015bcicielka butiku Novamoda w Poznaniu, specjalizuj\u0105ca si\u0119 w analizie kolorystycznej i doborze odzie\u017cy do sylwetki. Jej pasja do mody oraz indywidualne podej\u015bcie do klientek pozwalaj\u0105 na tworzenie unikatowych stylizacji, kt\u00f3re podkre\u015blaj\u0105 naturalne pi\u0119kno ka\u017cdej osoby.","url":"https:\/\/polscy-kierowcy.pl\/ro\/author\/marta-domanska\/"}]}},"yoast_meta":{"yoast_wpseo_title":"","yoast_wpseo_metadesc":"","yoast_wpseo_canonical":"https:\/\/polscy-kierowcy.pl\/ro\/wp-json\/wp\/v2\/posts\/382"},"_links":{"self":[{"href":"https:\/\/polscy-kierowcy.pl\/ro\/wp-json\/wp\/v2\/posts\/382"}],"collection":[{"href":"https:\/\/polscy-kierowcy.pl\/ro\/wp-json\/wp\/v2\/posts"}],"about":[{"href":"https:\/\/polscy-kierowcy.pl\/ro\/wp-json\/wp\/v2\/types\/post"}],"author":[{"embeddable":true,"href":"https:\/\/polscy-kierowcy.pl\/ro\/wp-json\/wp\/v2\/users\/2"}],"replies":[{"embeddable":true,"href":"https:\/\/polscy-kierowcy.pl\/ro\/wp-json\/wp\/v2\/comments?post=382"}],"version-history":[{"count":2,"href":"https:\/\/polscy-kierowcy.pl\/ro\/wp-json\/wp\/v2\/posts\/382\/revisions"}],"predecessor-version":[{"id":493,"href":"https:\/\/polscy-kierowcy.pl\/ro\/wp-json\/wp\/v2\/posts\/382\/revisions\/493"}],"wp:featuredmedia":[{"embeddable":true,"href":"https:\/\/polscy-kierowcy.pl\/ro\/wp-json\/wp\/v2\/media\/379"}],"wp:attachment":[{"href":"https:\/\/polscy-kierowcy.pl\/ro\/wp-json\/wp\/v2\/media?parent=382"}],"wp:term":[{"taxonomy":"category","embeddable":true,"href":"https:\/\/polscy-kierowcy.pl\/ro\/wp-json\/wp\/v2\/categories?post=382"},{"taxonomy":"post_tag","embeddable":true,"href":"https:\/\/polscy-kierowcy.pl\/ro\/wp-json\/wp\/v2\/tags?post=382"}],"curies":[{"name":"wp","href":"https:\/\/api.w.org\/{rel}","templated":true}]}}