{"id":378,"date":"2025-01-26T00:00:00","date_gmt":"2025-01-26T00:00:00","guid":{"rendered":"https:\/\/polscy-kierowcy.pl\/?p=378"},"modified":"2025-01-26T00:00:00","modified_gmt":"2025-01-26T00:00:00","slug":"jaka-kurtka-na-zime-dla-szczuplych-kobiet","status":"publish","type":"post","link":"https:\/\/polscy-kierowcy.pl\/ro\/jaka-kurtka-na-zime-dla-szczuplych-kobiet\/","title":{"rendered":"Ce geac\u0103 de iarn\u0103 este cea mai potrivit\u0103 pentru femeile suple?"},"content":{"rendered":"<div class=\"kk-star-ratings kksr-auto kksr-align-left kksr-valign-top\"\n    data-payload='{&quot;align&quot;:&quot;left&quot;,&quot;id&quot;:&quot;378&quot;,&quot;slug&quot;:&quot;default&quot;,&quot;valign&quot;:&quot;top&quot;,&quot;ignore&quot;:&quot;&quot;,&quot;reference&quot;:&quot;auto&quot;,&quot;class&quot;:&quot;&quot;,&quot;count&quot;:&quot;0&quot;,&quot;legendonly&quot;:&quot;&quot;,&quot;readonly&quot;:&quot;&quot;,&quot;score&quot;:&quot;0&quot;,&quot;starsonly&quot;:&quot;&quot;,&quot;best&quot;:&quot;5&quot;,&quot;gap&quot;:&quot;5&quot;,&quot;greet&quot;:&quot;&quot;,&quot;legend&quot;:&quot;0\\\/5 - (0 votes)&quot;,&quot;size&quot;:&quot;24&quot;,&quot;title&quot;:&quot;Jaka kurtka na zim\u0119 dla szczup\u0142ych kobiet?&quot;,&quot;width&quot;:&quot;0&quot;,&quot;_legend&quot;:&quot;{score}\\\/{best} - ({count} {votes})&quot;,&quot;font_factor&quot;:&quot;1.25&quot;}'>\n            \n<div class=\"kksr-stars\">\n    \n<div class=\"kksr-stars-inactive\">\n            <div class=\"kksr-star\" data-star=\"1\" style=\"padding-right: 5px\">\n            \n\n<div class=\"kksr-icon\" style=\"width: 24px; height: 24px;\"><\/div>\n        <\/div>\n            <div class=\"kksr-star\" data-star=\"2\" style=\"padding-right: 5px\">\n            \n\n<div class=\"kksr-icon\" style=\"width: 24px; height: 24px;\"><\/div>\n        <\/div>\n            <div class=\"kksr-star\" data-star=\"3\" style=\"padding-right: 5px\">\n            \n\n<div class=\"kksr-icon\" style=\"width: 24px; height: 24px;\"><\/div>\n        <\/div>\n            <div class=\"kksr-star\" data-star=\"4\" style=\"padding-right: 5px\">\n            \n\n<div class=\"kksr-icon\" style=\"width: 24px; height: 24px;\"><\/div>\n        <\/div>\n            <div class=\"kksr-star\" data-star=\"5\" style=\"padding-right: 5px\">\n            \n\n<div class=\"kksr-icon\" style=\"width: 24px; height: 24px;\"><\/div>\n        <\/div>\n    <\/div>\n    \n<div class=\"kksr-stars-active\" style=\"width: 0px;\">\n            <div class=\"kksr-star\" style=\"padding-right: 5px\">\n            \n\n<div class=\"kksr-icon\" style=\"width: 24px; height: 24px;\"><\/div>\n        <\/div>\n            <div class=\"kksr-star\" style=\"padding-right: 5px\">\n            \n\n<div class=\"kksr-icon\" style=\"width: 24px; height: 24px;\"><\/div>\n        <\/div>\n            <div class=\"kksr-star\" style=\"padding-right: 5px\">\n            \n\n<div class=\"kksr-icon\" style=\"width: 24px; height: 24px;\"><\/div>\n        <\/div>\n            <div class=\"kksr-star\" style=\"padding-right: 5px\">\n            \n\n<div class=\"kksr-icon\" style=\"width: 24px; height: 24px;\"><\/div>\n        <\/div>\n            <div class=\"kksr-star\" style=\"padding-right: 5px\">\n            \n\n<div class=\"kksr-icon\" style=\"width: 24px; height: 24px;\"><\/div>\n        <\/div>\n    <\/div>\n<\/div>\n                \n\n<div class=\"kksr-legend\" style=\"font-size: 19.2px;\">\n            <span class=\"kksr-muted\"><\/span>\n    <\/div>\n    <\/div>\n<p>Iarna este o perioad\u0103 \u00een care provoc\u0103rile modei devin \u0219i mai interesante. O jachet\u0103 de iarn\u0103 bine aleas\u0103 nu numai c\u0103 poate proteja \u00eempotriva frigului, ci \u0219i poate sublinia avantajele siluetei. Femeile suple au adesea o problem\u0103 \u00een alegerea modelelor potrivite care nu numai c\u0103 vor oferi c\u0103ldur\u0103, dar vor fi \u0219i elegante. \u00cen acest articol, vom sugera ce jachete sunt cele mai bune pentru iarn\u0103 pentru femeile cu un corp sub\u021bire. Scopul nostru nu este doar s\u0103 indice modelele potrivite, ci \u0219i s\u0103 atragem aten\u021bia asupra detaliilor care pot face orice look uimitor. De asemenea, vom analiza accesorii care vor aduce o gur\u0103 de aer proasp\u0103t \u00een garderoba ta de iarn\u0103.<\/p>\n<p>Alegerea jachetei de iarn\u0103 potrivite trebuie analizat\u0103 cu aten\u021bie, deoarece este unul dintre cele mai importante elemente ale stilului de iarn\u0103. Criteriile cheie sunt materialul, croiala \u0219i stilul care se potrive\u0219te preferin\u021belor individuale. S\u0103 arunc\u0103m o privire mai atent\u0103 asupra acestor elemente \u0219i s\u0103 compar\u0103m diferite modele care pot fi perfecte pentru garderoba de iarn\u0103 a femeilor suple.<\/p>\n<h2>Criterii pentru alegerea unei jachete de iarn\u0103<\/h2>\n<p><img decoding=\"async\" alt=\"M\u0142oda kobieta w br\u0105zowej kurtce spaceruje ulic\u0105 przy kawiarni, otoczona miejskim krajobrazem.\" src=\"https:\/\/polscy-kierowcy.pl\/wp-content\/uploads\/image25c28b1d8fec43d5872c758a99dc2979.png\"\/><\/p>\n<p>Atunci c\u00e2nd te decizi s\u0103 cumperi o jachet\u0103 de iarn\u0103, merit\u0103 s\u0103 acorzi aten\u021bie c\u00e2torva caracteristici cheie care vor face alegerea mult mai u\u0219oar\u0103. Materialul ar trebui s\u0103 fie impermeabil \u0219i rezistent la v\u00e2nt pentru a proteja eficient \u00eempotriva condi\u021biilor meteorologice nefavorabile. Tipul de izola\u021bie este, de asemenea, foarte important; cele mai bune op\u021biuni sunt cele care garanteaz\u0103 un confort termic adecvat, f\u0103r\u0103 a re\u021bine umezeala. \u00cen continuare, croiala jachetei ar trebui s\u0103 fie bine g\u00e2ndit\u0103. Multe femei prefer\u0103 stilurile care accentueaz\u0103 talia, care alungesc optic silueta. A\u0219adar, merit\u0103 s\u0103 cau\u021bi modele care au detalii interesante, cum ar fi \u0219nururile care pot fi ajustate dup\u0103 propriile preferin\u021be. \u00cen cele din urm\u0103, stilul, culoarea \u0219i elementele suplimentare, cum ar fi buzunarele sau o glug\u0103, influen\u021beaz\u0103, de asemenea, decizia de a alege un anumit model.<\/p>\n<table border=\"1\">\n<tr>\n<th>Tipul de jachet\u0103<\/th>\n<th>Avantaje<\/th>\n<th>Defecte<\/th>\n<\/tr>\n<tr>\n<td>Jachet\u0103 de puf<\/td>\n<td>Izola\u021bie excelent\u0103, greutate redus\u0103<\/td>\n<td>Poate fi prea larg<\/td>\n<\/tr>\n<tr>\n<td>Jachet\u0103 parka<\/td>\n<td>De obicei mai lung, cu multe buzunare<\/td>\n<td>Poate fi prea cald pentru o iarn\u0103 moderat\u0103<\/td>\n<\/tr>\n<tr>\n<td>Geac\u0103 de piele<\/td>\n<td>Finisaj elegant, durabilitate<\/td>\n<td>Nu izoleaz\u0103 \u00eentotdeauna bine c\u0103ldura<\/td>\n<\/tr>\n<\/table>\n<h2>Tipuri de jachete de iarn\u0103 pentru femei suple<\/h2>\n<p><img decoding=\"async\" alt=\"M\u0142oda kobieta w sk\u00f3rzanej kurtce, patrz\u0105ca na jarmark go\u015bcinny ozdobiony \u015bwiate\u0142kami.\" src=\"https:\/\/polscy-kierowcy.pl\/wp-content\/uploads\/imageeb21ef7cb1c84a02b48b958ebb89184d.png\"\/><\/p>\n<p>Exist\u0103 multe jachete disponibile pe pia\u021b\u0103, ideale pentru femeile suple. Mai jos sunt c\u00e2teva tipuri populare, care sunt at\u00e2t func\u021bionale, c\u00e2t \u0219i la mod\u0103. Varietatea lor permite adaptarea la preferin\u021bele individuale \u0219i la condi\u021biile meteorologice predominante.<\/p>\n<ul>\n<li><strong>Geac\u0103 de puf:<\/strong> Garanteaz\u0103 o izola\u021bie excelent\u0103, mai ales dac\u0103 alegi un model cu o croial\u0103 mulat\u0103.<\/li>\n<li><strong>Jachet\u0103 parka:<\/strong> Este foarte versatil, disponibil \u00een multe lungimi \u0219i culori. Perfect pentru excursiile de iarn\u0103.<\/li>\n<li><strong>Geac\u0103 de piele:<\/strong> Aceasta este o solu\u021bie pentru fanii \u021binutelor clasice care vor s\u0103 adauge un strop de stil rock \u00een garderoba lor de iarn\u0103.<\/li>\n<\/ul>\n<p>Alegerea modelului potrivit de jachet\u0103, care s\u0103 fie at\u00e2t c\u0103lduroas\u0103, c\u00e2t \u0219i elegant\u0103, necesit\u0103 s\u0103 te g\u00e2nde\u0219ti unde s\u0103 combini cel mai bine evalu\u0103rile aspectului cu caracterul practic. Merit\u0103 s\u0103 fii atent la modul \u00een care o tunic\u0103 sau o rochie se va potrivi sub jachet\u0103 pentru a crea un \u00eentreg armonios. S\u0103 ne amintim, de asemenea, c\u0103 accesorii precum o e\u0219arf\u0103 \u0219i o c\u0103ciul\u0103 pot influen\u021ba, de asemenea, percep\u021bia final\u0103 asupra stilului nostru de iarn\u0103.<\/p>\n<h2>Accesorii pentru jachete de iarn\u0103<\/h2>\n<p>Este imposibil s\u0103 uit\u0103m de accesoriile care vor completa stilul de iarn\u0103. Accesoriile potrivite pot ad\u0103uga caracter \u0219i pot sublinia stilul personal. Merit\u0103 s\u0103 le alegem av\u00e2nd \u00een vedere func\u021bionalitatea \u0219i estetica. Iat\u0103 c\u00e2teva sugestii:<\/p>\n<ul>\n<li><strong>\u015eal:<\/strong> Merit\u0103 s\u0103 investe\u0219ti \u00eentr-o e\u0219arf\u0103 c\u0103lduroas\u0103, dar \u0219i elegant\u0103. Poate fi \u00een culori contrastante care vor \u00eenviora \u021binuta.<\/li>\n<li><strong>P\u0103l\u0103rie:<\/strong> O p\u0103l\u0103rie nu este doar un element de protec\u021bie, ci \u0219i un accesoriu de mod\u0103. Merit\u0103 s\u0103 alege\u021bi stiluri interesante care s\u0103 se potriveasc\u0103 stilului.<\/li>\n<li><strong>M\u0103nu\u0219i:<\/strong> Caut\u0103 m\u0103nu\u0219i care sunt at\u00e2t c\u0103lduroase, c\u00e2t \u0219i elegante. O combina\u021bie de piele \u0219i tricotaj poate oferi un efect vizual deosebit.<\/li>\n<\/ul>\n<h2>Rezumat<\/h2>\n<p>Alegerea jachetei de iarn\u0103 potrivite pentru femeile suple poate fi o provocare, dar cu abordarea \u0219i cuno\u0219tin\u021bele potrivite, po\u021bi g\u0103si op\u021biunile perfecte. Este important s\u0103 te concentrezi pe croial\u0103, material, accesorii \u0219i stil care se potrivesc siluetei tale. De asemenea, merit\u0103 s\u0103 ascul\u021bi propriile nevoi \u0219i preferin\u021be pentru a crea garderoba perfect\u0103 de iarn\u0103. Opteaz\u0103 pentru stiluri care pun \u00een valoare atuurile siluetei tale, precum \u0219i detalii care adaug\u0103 \u0219ic \u0219i elegan\u021b\u0103.<\/p>\n<h2>\u00centreb\u0103ri frecvente<\/h2>\n<ul>\n<li><strong>Ce materiale sunt cele mai bune pentru gecile de iarn\u0103?<\/strong> Cele mai bune materiale sunt cele impermeabile \u0219i rezistente la v\u00e2nt, cum ar fi nailonul sau poliesterul. Se recomand\u0103 \u0219i izola\u021bia din puf sau sintetic.<\/li>\n<li><strong>Sunt jachetele cu puf potrivite pentru femeile suple?<\/strong> Da, dar merit\u0103 s\u0103 alegi un model care are o croial\u0103 mulat\u0103 pentru a accentua silueta.<\/li>\n<li><strong>Ce culori de jachete s\u0103 alegi pentru iarn\u0103?<\/strong> Culorile \u00eenchise sunt clasice \u0219i elegante, dar culorile pastelate sau vibrante pot ad\u0103uga prospe\u021bime \u0219i veselie \u021binutelor tale de iarn\u0103.<\/li>\n<li><strong>Cum s\u0103 ai grij\u0103 de o jachet\u0103 de iarn\u0103?<\/strong> Asigura\u021bi-v\u0103 c\u0103 urma\u021bi instruc\u021biunile de sp\u0103lare de pe etichet\u0103 \u0219i impermeabiliza\u021bi jacheta \u00een mod regulat pentru a-i men\u021bine propriet\u0103\u021bile.<\/li>\n<li><strong>Sunt parcurile potrivite pentru condi\u021bii extreme de iarn\u0103?<\/strong> Da, parkele au adesea o izola\u021bie mai bun\u0103 \u0219i detalii suplimentare, cum ar fi blana sau \u0219nururile, care ofer\u0103 o protec\u021bie mai mare \u00eempotriva frigului.<\/li>\n<\/ul>","protected":false},"excerpt":{"rendered":"<p>Zima to czas, kiedy wyzwania zwi\u0105zane z mod\u0105 staj\u0105 si\u0119 jeszcze bardziej interesuj\u0105ce. Dobrze dobrana kurtka zimowa mo\u017ce nie tylko chroni\u0107 przed ch\u0142odem, ale r\u00f3wnie\u017c podkre\u015bla\u0107 atuty sylwetki. Szczup\u0142e kobiety cz\u0119sto maj\u0105 problem z wyborem odpowiednich modeli, kt\u00f3re nie tylko zapewni\u0105 ciep\u0142o, ale r\u00f3wnie\u017c b\u0119d\u0105 stylowe. W tym artykule podpowiemy, jakie kurtki s\u0105 najlepsze na [&hellip;]<\/p>","protected":false},"author":1,"featured_media":358,"comment_status":"closed","ping_status":"closed","sticky":false,"template":"","format":"standard","meta":{"_acf_changed":false,"footnotes":""},"categories":[1],"tags":[],"class_list":["post-378","post","type-post","status-publish","format-standard","has-post-thumbnail","hentry","category-blog"],"acf":[],"yoast_head":"<!-- This site is optimized with the Yoast SEO plugin v23.2 - https:\/\/yoast.com\/wordpress\/plugins\/seo\/ -->\n<title>Jaka kurtka na zim\u0119 dla szczup\u0142ych kobiet? Sprawd\u017a najlepsze modele i porady!<\/title>\n<meta name=\"description\" content=\"Odkryj idealne kurtki zimowe dla szczup\u0142ych kobiet. Dowiedz si\u0119, na co zwr\u00f3ci\u0107 uwag\u0119 przy wyborze ciep\u0142ego i stylowego modelu!\" \/>\n<meta name=\"robots\" content=\"index, follow, max-snippet:-1, max-image-preview:large, max-video-preview:-1\" \/>\n<link rel=\"canonical\" href=\"https:\/\/polscy-kierowcy.pl\/ro\/jaka-kurtka-na-zime-dla-szczuplych-kobiet\/\" \/>\n<meta property=\"og:locale\" content=\"ro_RO\" \/>\n<meta property=\"og:type\" content=\"article\" \/>\n<meta property=\"og:title\" content=\"Jaka kurtka na zim\u0119 dla szczup\u0142ych kobiet? Sprawd\u017a najlepsze modele i porady!\" \/>\n<meta property=\"og:description\" content=\"Odkryj idealne kurtki zimowe dla szczup\u0142ych kobiet. Dowiedz si\u0119, na co zwr\u00f3ci\u0107 uwag\u0119 przy wyborze ciep\u0142ego i stylowego modelu!\" \/>\n<meta property=\"og:url\" content=\"https:\/\/polscy-kierowcy.pl\/ro\/jaka-kurtka-na-zime-dla-szczuplych-kobiet\/\" \/>\n<meta property=\"og:site_name\" content=\"polscy-kierowcy.pl\" \/>\n<meta property=\"article:published_time\" content=\"2025-01-26T00:00:00+00:00\" \/>\n<meta property=\"og:image\" content=\"https:\/\/polscy-kierowcy.pl\/wp-content\/uploads\/image550bd1e38410419dbea7e196d34474eb.png\" \/>\n\t<meta property=\"og:image:width\" content=\"1024\" \/>\n\t<meta property=\"og:image:height\" content=\"768\" \/>\n\t<meta property=\"og:image:type\" content=\"image\/png\" \/>\n<meta name=\"author\" content=\"Paulina Kruk\" \/>\n<meta name=\"twitter:card\" content=\"summary_large_image\" \/>\n<meta name=\"twitter:label1\" content=\"Scris de\" \/>\n\t<meta name=\"twitter:data1\" content=\"Paulina Kruk\" \/>\n\t<meta name=\"twitter:label2\" content=\"Timp estimat pentru citire\" \/>\n\t<meta name=\"twitter:data2\" content=\"4 minute\" \/>\n<script type=\"application\/ld+json\" class=\"yoast-schema-graph\">{\"@context\":\"https:\/\/schema.org\",\"@graph\":[{\"@type\":\"WebPage\",\"@id\":\"https:\/\/polscy-kierowcy.pl\/jaka-kurtka-na-zime-dla-szczuplych-kobiet\/\",\"url\":\"https:\/\/polscy-kierowcy.pl\/jaka-kurtka-na-zime-dla-szczuplych-kobiet\/\",\"name\":\"Jaka kurtka na zim\u0119 dla szczup\u0142ych kobiet? Sprawd\u017a najlepsze modele i porady!\",\"isPartOf\":{\"@id\":\"https:\/\/polscy-kierowcy.pl\/#website\"},\"primaryImageOfPage\":{\"@id\":\"https:\/\/polscy-kierowcy.pl\/jaka-kurtka-na-zime-dla-szczuplych-kobiet\/#primaryimage\"},\"image\":{\"@id\":\"https:\/\/polscy-kierowcy.pl\/jaka-kurtka-na-zime-dla-szczuplych-kobiet\/#primaryimage\"},\"thumbnailUrl\":\"https:\/\/polscy-kierowcy.pl\/wp-content\/uploads\/image550bd1e38410419dbea7e196d34474eb.png\",\"datePublished\":\"2025-01-26T00:00:00+00:00\",\"dateModified\":\"2025-01-26T00:00:00+00:00\",\"author\":{\"@id\":\"https:\/\/polscy-kierowcy.pl\/#\/schema\/person\/66f7250202134445459bce344c706e46\"},\"description\":\"Odkryj idealne kurtki zimowe dla szczup\u0142ych kobiet. Dowiedz si\u0119, na co zwr\u00f3ci\u0107 uwag\u0119 przy wyborze ciep\u0142ego i stylowego modelu!\",\"breadcrumb\":{\"@id\":\"https:\/\/polscy-kierowcy.pl\/jaka-kurtka-na-zime-dla-szczuplych-kobiet\/#breadcrumb\"},\"inLanguage\":\"ro-RO\",\"potentialAction\":[{\"@type\":\"ReadAction\",\"target\":[\"https:\/\/polscy-kierowcy.pl\/jaka-kurtka-na-zime-dla-szczuplych-kobiet\/\"]}]},{\"@type\":\"ImageObject\",\"inLanguage\":\"ro-RO\",\"@id\":\"https:\/\/polscy-kierowcy.pl\/jaka-kurtka-na-zime-dla-szczuplych-kobiet\/#primaryimage\",\"url\":\"https:\/\/polscy-kierowcy.pl\/wp-content\/uploads\/image550bd1e38410419dbea7e196d34474eb.png\",\"contentUrl\":\"https:\/\/polscy-kierowcy.pl\/wp-content\/uploads\/image550bd1e38410419dbea7e196d34474eb.png\",\"width\":1024,\"height\":768},{\"@type\":\"BreadcrumbList\",\"@id\":\"https:\/\/polscy-kierowcy.pl\/jaka-kurtka-na-zime-dla-szczuplych-kobiet\/#breadcrumb\",\"itemListElement\":[{\"@type\":\"ListItem\",\"position\":1,\"name\":\"Home\",\"item\":\"https:\/\/polscy-kierowcy.pl\/\"},{\"@type\":\"ListItem\",\"position\":2,\"name\":\"Jaka kurtka na zim\u0119 dla szczup\u0142ych kobiet?\"}]},{\"@type\":\"WebSite\",\"@id\":\"https:\/\/polscy-kierowcy.pl\/#website\",\"url\":\"https:\/\/polscy-kierowcy.pl\/\",\"name\":\"polscy-kierowcy.pl\",\"description\":\"Tureckie sukienki: pi\u0119kno w tradycji.\",\"potentialAction\":[{\"@type\":\"SearchAction\",\"target\":{\"@type\":\"EntryPoint\",\"urlTemplate\":\"https:\/\/polscy-kierowcy.pl\/?s={search_term_string}\"},\"query-input\":\"required name=search_term_string\"}],\"inLanguage\":\"ro-RO\"},{\"@type\":\"Person\",\"@id\":\"https:\/\/polscy-kierowcy.pl\/#\/schema\/person\/66f7250202134445459bce344c706e46\",\"name\":\"Paulina Kruk\",\"image\":{\"@type\":\"ImageObject\",\"inLanguage\":\"ro-RO\",\"@id\":\"https:\/\/polscy-kierowcy.pl\/#\/schema\/person\/image\/\",\"url\":\"https:\/\/polscy-kierowcy.pl\/wp-content\/uploads\/ivyzxaomvy6_ad_avatar-96x96.jpg\",\"contentUrl\":\"https:\/\/polscy-kierowcy.pl\/wp-content\/uploads\/ivyzxaomvy6_ad_avatar-96x96.jpg\",\"caption\":\"Paulina Kruk\"},\"description\":\"Paulina Kruk to do\u015bwiadczona specjalistka w dziedzinie mody, prowadz\u0105ca w\u0142asny sklep odzie\u017cowy w Pilaszkowie. Jej pasja do mody i zaanga\u017cowanie w bran\u017cy odzie\u017cowej pozwalaj\u0105 jej na tworzenie unikatowych stylizacji, kt\u00f3re \u0142\u0105cz\u0105 elegancj\u0119 z codziennym komfortem.\",\"url\":\"https:\/\/polscy-kierowcy.pl\/ro\/author\/paulina-kruk\/\"}]}<\/script>\n<!-- \/ Yoast SEO plugin. -->","yoast_head_json":{"title":"Jaka kurtka na zim\u0119 dla szczup\u0142ych kobiet? Sprawd\u017a najlepsze modele i porady!","description":"Odkryj idealne kurtki zimowe dla szczup\u0142ych kobiet. Dowiedz si\u0119, na co zwr\u00f3ci\u0107 uwag\u0119 przy wyborze ciep\u0142ego i stylowego modelu!","robots":{"index":"index","follow":"follow","max-snippet":"max-snippet:-1","max-image-preview":"max-image-preview:large","max-video-preview":"max-video-preview:-1"},"canonical":"https:\/\/polscy-kierowcy.pl\/ro\/jaka-kurtka-na-zime-dla-szczuplych-kobiet\/","og_locale":"ro_RO","og_type":"article","og_title":"Jaka kurtka na zim\u0119 dla szczup\u0142ych kobiet? Sprawd\u017a najlepsze modele i porady!","og_description":"Odkryj idealne kurtki zimowe dla szczup\u0142ych kobiet. Dowiedz si\u0119, na co zwr\u00f3ci\u0107 uwag\u0119 przy wyborze ciep\u0142ego i stylowego modelu!","og_url":"https:\/\/polscy-kierowcy.pl\/ro\/jaka-kurtka-na-zime-dla-szczuplych-kobiet\/","og_site_name":"polscy-kierowcy.pl","article_published_time":"2025-01-26T00:00:00+00:00","og_image":[{"width":1024,"height":768,"url":"https:\/\/polscy-kierowcy.pl\/wp-content\/uploads\/image550bd1e38410419dbea7e196d34474eb.png","type":"image\/png"}],"author":"Paulina Kruk","twitter_card":"summary_large_image","twitter_misc":{"Scris de":"Paulina Kruk","Timp estimat pentru citire":"4 minute"},"schema":{"@context":"https:\/\/schema.org","@graph":[{"@type":"WebPage","@id":"https:\/\/polscy-kierowcy.pl\/jaka-kurtka-na-zime-dla-szczuplych-kobiet\/","url":"https:\/\/polscy-kierowcy.pl\/jaka-kurtka-na-zime-dla-szczuplych-kobiet\/","name":"Jaka kurtka na zim\u0119 dla szczup\u0142ych kobiet? Sprawd\u017a najlepsze modele i porady!","isPartOf":{"@id":"https:\/\/polscy-kierowcy.pl\/#website"},"primaryImageOfPage":{"@id":"https:\/\/polscy-kierowcy.pl\/jaka-kurtka-na-zime-dla-szczuplych-kobiet\/#primaryimage"},"image":{"@id":"https:\/\/polscy-kierowcy.pl\/jaka-kurtka-na-zime-dla-szczuplych-kobiet\/#primaryimage"},"thumbnailUrl":"https:\/\/polscy-kierowcy.pl\/wp-content\/uploads\/image550bd1e38410419dbea7e196d34474eb.png","datePublished":"2025-01-26T00:00:00+00:00","dateModified":"2025-01-26T00:00:00+00:00","author":{"@id":"https:\/\/polscy-kierowcy.pl\/#\/schema\/person\/66f7250202134445459bce344c706e46"},"description":"Odkryj idealne kurtki zimowe dla szczup\u0142ych kobiet. Dowiedz si\u0119, na co zwr\u00f3ci\u0107 uwag\u0119 przy wyborze ciep\u0142ego i stylowego modelu!","breadcrumb":{"@id":"https:\/\/polscy-kierowcy.pl\/jaka-kurtka-na-zime-dla-szczuplych-kobiet\/#breadcrumb"},"inLanguage":"ro-RO","potentialAction":[{"@type":"ReadAction","target":["https:\/\/polscy-kierowcy.pl\/jaka-kurtka-na-zime-dla-szczuplych-kobiet\/"]}]},{"@type":"ImageObject","inLanguage":"ro-RO","@id":"https:\/\/polscy-kierowcy.pl\/jaka-kurtka-na-zime-dla-szczuplych-kobiet\/#primaryimage","url":"https:\/\/polscy-kierowcy.pl\/wp-content\/uploads\/image550bd1e38410419dbea7e196d34474eb.png","contentUrl":"https:\/\/polscy-kierowcy.pl\/wp-content\/uploads\/image550bd1e38410419dbea7e196d34474eb.png","width":1024,"height":768},{"@type":"BreadcrumbList","@id":"https:\/\/polscy-kierowcy.pl\/jaka-kurtka-na-zime-dla-szczuplych-kobiet\/#breadcrumb","itemListElement":[{"@type":"ListItem","position":1,"name":"Home","item":"https:\/\/polscy-kierowcy.pl\/"},{"@type":"ListItem","position":2,"name":"Jaka kurtka na zim\u0119 dla szczup\u0142ych kobiet?"}]},{"@type":"WebSite","@id":"https:\/\/polscy-kierowcy.pl\/#website","url":"https:\/\/polscy-kierowcy.pl\/","name":"polscy-kierowcy.pl","description":"Tureckie sukienki: pi\u0119kno w tradycji.","potentialAction":[{"@type":"SearchAction","target":{"@type":"EntryPoint","urlTemplate":"https:\/\/polscy-kierowcy.pl\/?s={search_term_string}"},"query-input":"required name=search_term_string"}],"inLanguage":"ro-RO"},{"@type":"Person","@id":"https:\/\/polscy-kierowcy.pl\/#\/schema\/person\/66f7250202134445459bce344c706e46","name":"Paulina Kruk","image":{"@type":"ImageObject","inLanguage":"ro-RO","@id":"https:\/\/polscy-kierowcy.pl\/#\/schema\/person\/image\/","url":"https:\/\/polscy-kierowcy.pl\/wp-content\/uploads\/ivyzxaomvy6_ad_avatar-96x96.jpg","contentUrl":"https:\/\/polscy-kierowcy.pl\/wp-content\/uploads\/ivyzxaomvy6_ad_avatar-96x96.jpg","caption":"Paulina Kruk"},"description":"Paulina Kruk to do\u015bwiadczona specjalistka w dziedzinie mody, prowadz\u0105ca w\u0142asny sklep odzie\u017cowy w Pilaszkowie. Jej pasja do mody i zaanga\u017cowanie w bran\u017cy odzie\u017cowej pozwalaj\u0105 jej na tworzenie unikatowych stylizacji, kt\u00f3re \u0142\u0105cz\u0105 elegancj\u0119 z codziennym komfortem.","url":"https:\/\/polscy-kierowcy.pl\/ro\/author\/paulina-kruk\/"}]}},"yoast_meta":{"yoast_wpseo_title":"","yoast_wpseo_metadesc":"","yoast_wpseo_canonical":"https:\/\/polscy-kierowcy.pl\/ro\/wp-json\/wp\/v2\/posts\/378"},"_links":{"self":[{"href":"https:\/\/polscy-kierowcy.pl\/ro\/wp-json\/wp\/v2\/posts\/378"}],"collection":[{"href":"https:\/\/polscy-kierowcy.pl\/ro\/wp-json\/wp\/v2\/posts"}],"about":[{"href":"https:\/\/polscy-kierowcy.pl\/ro\/wp-json\/wp\/v2\/types\/post"}],"author":[{"embeddable":true,"href":"https:\/\/polscy-kierowcy.pl\/ro\/wp-json\/wp\/v2\/users\/1"}],"replies":[{"embeddable":true,"href":"https:\/\/polscy-kierowcy.pl\/ro\/wp-json\/wp\/v2\/comments?post=378"}],"version-history":[{"count":1,"href":"https:\/\/polscy-kierowcy.pl\/ro\/wp-json\/wp\/v2\/posts\/378\/revisions"}],"predecessor-version":[{"id":389,"href":"https:\/\/polscy-kierowcy.pl\/ro\/wp-json\/wp\/v2\/posts\/378\/revisions\/389"}],"wp:featuredmedia":[{"embeddable":true,"href":"https:\/\/polscy-kierowcy.pl\/ro\/wp-json\/wp\/v2\/media\/358"}],"wp:attachment":[{"href":"https:\/\/polscy-kierowcy.pl\/ro\/wp-json\/wp\/v2\/media?parent=378"}],"wp:term":[{"taxonomy":"category","embeddable":true,"href":"https:\/\/polscy-kierowcy.pl\/ro\/wp-json\/wp\/v2\/categories?post=378"},{"taxonomy":"post_tag","embeddable":true,"href":"https:\/\/polscy-kierowcy.pl\/ro\/wp-json\/wp\/v2\/tags?post=378"}],"curies":[{"name":"wp","href":"https:\/\/api.w.org\/{rel}","templated":true}]}}