{"id":376,"date":"2025-01-26T00:00:00","date_gmt":"2025-01-26T00:00:00","guid":{"rendered":"https:\/\/polscy-kierowcy.pl\/?p=376"},"modified":"2025-02-25T13:00:08","modified_gmt":"2025-02-25T13:00:08","slug":"co-zalozyc-na-sukienke-podczas-zimowych-spacerow","status":"publish","type":"post","link":"https:\/\/polscy-kierowcy.pl\/ro\/co-zalozyc-na-sukienke-podczas-zimowych-spacerow\/","title":{"rendered":"Ce s\u0103 por\u021bi peste o rochie pentru plimb\u0103rile de iarn\u0103?"},"content":{"rendered":"<div class=\"kk-star-ratings kksr-auto kksr-align-left kksr-valign-top\"\n    data-payload='{&quot;align&quot;:&quot;left&quot;,&quot;id&quot;:&quot;376&quot;,&quot;slug&quot;:&quot;default&quot;,&quot;valign&quot;:&quot;top&quot;,&quot;ignore&quot;:&quot;&quot;,&quot;reference&quot;:&quot;auto&quot;,&quot;class&quot;:&quot;&quot;,&quot;count&quot;:&quot;0&quot;,&quot;legendonly&quot;:&quot;&quot;,&quot;readonly&quot;:&quot;&quot;,&quot;score&quot;:&quot;0&quot;,&quot;starsonly&quot;:&quot;&quot;,&quot;best&quot;:&quot;5&quot;,&quot;gap&quot;:&quot;5&quot;,&quot;greet&quot;:&quot;&quot;,&quot;legend&quot;:&quot;0\\\/5 - (0 votes)&quot;,&quot;size&quot;:&quot;24&quot;,&quot;title&quot;:&quot;Co za\u0142o\u017cy\u0107 na sukienk\u0119 podczas zimowych spacer\u00f3w?&quot;,&quot;width&quot;:&quot;0&quot;,&quot;_legend&quot;:&quot;{score}\\\/{best} - ({count} {votes})&quot;,&quot;font_factor&quot;:&quot;1.25&quot;}'>\n            \n<div class=\"kksr-stars\">\n    \n<div class=\"kksr-stars-inactive\">\n            <div class=\"kksr-star\" data-star=\"1\" style=\"padding-right: 5px\">\n            \n\n<div class=\"kksr-icon\" style=\"width: 24px; height: 24px;\"><\/div>\n        <\/div>\n            <div class=\"kksr-star\" data-star=\"2\" style=\"padding-right: 5px\">\n            \n\n<div class=\"kksr-icon\" style=\"width: 24px; height: 24px;\"><\/div>\n        <\/div>\n            <div class=\"kksr-star\" data-star=\"3\" style=\"padding-right: 5px\">\n            \n\n<div class=\"kksr-icon\" style=\"width: 24px; height: 24px;\"><\/div>\n        <\/div>\n            <div class=\"kksr-star\" data-star=\"4\" style=\"padding-right: 5px\">\n            \n\n<div class=\"kksr-icon\" style=\"width: 24px; height: 24px;\"><\/div>\n        <\/div>\n            <div class=\"kksr-star\" data-star=\"5\" style=\"padding-right: 5px\">\n            \n\n<div class=\"kksr-icon\" style=\"width: 24px; height: 24px;\"><\/div>\n        <\/div>\n    <\/div>\n    \n<div class=\"kksr-stars-active\" style=\"width: 0px;\">\n            <div class=\"kksr-star\" style=\"padding-right: 5px\">\n            \n\n<div class=\"kksr-icon\" style=\"width: 24px; height: 24px;\"><\/div>\n        <\/div>\n            <div class=\"kksr-star\" style=\"padding-right: 5px\">\n            \n\n<div class=\"kksr-icon\" style=\"width: 24px; height: 24px;\"><\/div>\n        <\/div>\n            <div class=\"kksr-star\" style=\"padding-right: 5px\">\n            \n\n<div class=\"kksr-icon\" style=\"width: 24px; height: 24px;\"><\/div>\n        <\/div>\n            <div class=\"kksr-star\" style=\"padding-right: 5px\">\n            \n\n<div class=\"kksr-icon\" style=\"width: 24px; height: 24px;\"><\/div>\n        <\/div>\n            <div class=\"kksr-star\" style=\"padding-right: 5px\">\n            \n\n<div class=\"kksr-icon\" style=\"width: 24px; height: 24px;\"><\/div>\n        <\/div>\n    <\/div>\n<\/div>\n                \n\n<div class=\"kksr-legend\" style=\"font-size: 19.2px;\">\n            <span class=\"kksr-muted\"><\/span>\n    <\/div>\n    <\/div>\n<p>Iarna nu trebuie s\u0103 \u00eensemne renun\u021barea la rochiile preferate. Tot ce ai nevoie este pu\u021bin\u0103 creativitate \u0219i strategia potrivit\u0103 pentru a combina elegan\u021ba cu confortul. Datorit\u0103 acestui fapt, vom ar\u0103ta \u0219i ne vom sim\u021bi bine chiar \u0219i \u00een timpul plimb\u0103rilor de iarn\u0103. Selec\u021bia potrivit\u0103 a straturilor, a paltoanelor c\u0103lduroase \u0219i a accesoriilor va face ca stilul nostru s\u0103 fie at\u00e2t func\u021bional, c\u00e2t \u0219i la mod\u0103. Atunci c\u00e2nd alegi o rochie pentru plimb\u0103rile de iarn\u0103, merit\u0103 s\u0103 te g\u00e2nde\u0219ti nu doar la estetic\u0103, ci \u0219i la c\u0103ldur\u0103. \u00ce\u021bi vom prezenta cele mai importante reguli \u0219i inspira\u021bii care te vor ajuta s\u0103 creezi \u021binuta perfect\u0103 de iarn\u0103. <\/p>\n<h2>Straturi perfecte pentru o rochie de iarn\u0103<\/h2>\n<p><img decoding=\"async\" alt=\"M\u0142oda kobieta w br\u0105zowym swetrze i kwiecistej sp\u00f3dnicy stoi na ulicy w \u015bwi\u0105tecznej atmosferze.\" src=\"https:\/\/polscy-kierowcy.pl\/wp-content\/uploads\/image942a6d4c0ca9480cbd356634534ebbce.png\"\/><\/p>\n<p>Pentru a stiliza eficient un costum de iarn\u0103, stratificarea hainelor este esen\u021bial\u0103. \u00cencep\u00e2nd cu elementele de baz\u0103, ne putem asigura c\u0103 avem confortul \u0219i c\u0103ldura potrivite. Merit\u0103 s\u0103 lu\u0103m \u00een considerare urm\u0103toarele sugestii:<\/p>\n<ul>\n<li>Maieuri termice \u2013 care ne \u00eembr\u0103\u021bi\u0219eaz\u0103 perfect corpul.<\/li>\n<li>Colan\u021bi \u2013 din materiale mai c\u0103lduroase, care creeaz\u0103 un strat suplimentar de protec\u021bie \u00eempotriva frigului.<\/li>\n<li>Pulovere c\u0103lduroase \u2013 purtate peste o rochie, adaug\u0103 stil \u0219i func\u021bionalitate.<\/li>\n<\/ul>\n<p>Atunci c\u00e2nd alege\u021bi haine \u00een straturi, ar trebui s\u0103 v\u0103 ghida\u021bi dup\u0103 material. Merit\u0103 evitate \u021bes\u0103turile sintetice, care ne pot face s\u0103 ne sim\u021bim inconfortabil la mers. Fibrele naturale, precum l\u00e2na sau bumbacul, sunt mai respirabile \u0219i mai confortabile. Un amestec de materiale diferite poate aduce, de asemenea, rezultate satisf\u0103c\u0103toare.<\/p>\n<h2>\u00cembr\u0103c\u0103minte exterioar\u0103 cald\u0103<\/h2>\n<p><img decoding=\"async\" alt=\"Kobieta w zimowym p\u0142aszczu stoi w za\u015bnie\u017conym ogrodzie, otoczona lodowymi ro\u015blinnymi aran\u017cacjami.\" src=\"https:\/\/polscy-kierowcy.pl\/wp-content\/uploads\/imagefc983098423446e7995208d09c4cfc91.png\"\/><\/p>\n<p>\u00cen timpul plimb\u0103rilor de iarn\u0103, salopeta, paltoanele \u0219i jachetele, cap\u0103t\u0103 o importan\u021b\u0103 cheie. Exist\u0103 numeroase modele disponibile pe pia\u021b\u0103 care se potrivesc perfect cu rochia. Exemple de stiluri sunt:<\/p>\n<table border=\"1\">\n<tr>\n<th>Tip de copert\u0103<\/th>\n<th>Descriere<\/th>\n<\/tr>\n<tr>\n<td>Paltoane de l\u00e2n\u0103<\/td>\n<td>Elegant, c\u0103lduros, disponibil \u00een mai multe lungimi.<\/td>\n<\/tr>\n<tr>\n<td>Jachete cu puf<\/td>\n<td>U\u0219oar\u0103, dar foarte c\u0103lduroas\u0103, perfect\u0103 pentru zilele geroase.<\/td>\n<\/tr>\n<tr>\n<td>Trenciuri<\/td>\n<td>Un model clasic care adaug\u0103 elegan\u021b\u0103 oric\u0103rui stil.<\/td>\n<\/tr>\n<\/table>\n<p>\u00cen plus, merit\u0103 s\u0103 acorda\u021bi aten\u021bie culorilor \u0219i modelelor hainelor. \u00cen timp ce negrul \u0219i bejul clasice sunt atemporale, culorile intense pot \u00eenviora \u00eentregul stil. Varietatea poate fi ob\u021binut\u0103 \u0219i prin ad\u0103ugarea de accente la mod\u0103, cum ar fi dungi sau nasturi expresivi.<\/p>\n<h2>\u00cenc\u0103l\u021b\u0103minte pentru plimb\u0103ri de iarn\u0103<\/h2>\n<p>Alegerea \u00eenc\u0103l\u021b\u0103mintei potrivite este cheia succesului oric\u0103rui stil de iarn\u0103. \u00cenc\u0103l\u021b\u0103mintea cald\u0103, dar elegant\u0103, nu numai c\u0103 ne poate scoate \u00een eviden\u021b\u0103 atuurile, dar poate oferi \u0219i confort termic \u00een zilele reci. Printre cele mai frecvent alese op\u021biuni se num\u0103r\u0103:<\/p>\n<ul>\n<li>Cizme \u2013 de preferin\u021b\u0103 sub genunchi, care se potrivesc perfect cu rochii lungi.<\/li>\n<li>Ghete p\u00e2n\u0103 la glezn\u0103 \u2013 perfecte pentru rochii scurte, disponibile \u00eentr-o varietate de stiluri \u0219i culori.<\/li>\n<li>Ghete de z\u0103pad\u0103 \u2013 pentru persoanele care apreciaz\u0103 confortul \u00een zilele geroase.<\/li>\n<\/ul>\n<p>Este important s\u0103 alege\u021bi modele bine c\u0103ptu\u0219ite. Aceast\u0103 abordare ofer\u0103 nu doar confort suplimentar, ci \u0219i stabilitate pe teren \u00eenz\u0103pezit. Investi\u021bia \u00een \u00eenc\u0103l\u021b\u0103minte de \u00eenalt\u0103 calitate este cheia pentru a v\u0103 bucura de plimb\u0103ri.<\/p>\n<h2>Rezumat<\/h2>\n<p>Plimb\u0103rile elegante de iarn\u0103 cu o rochie sunt complet realizabile cu straturile potrivite, haine groase, \u00eenc\u0103l\u021b\u0103mintea potrivit\u0103 \u0219i accesorii la mod\u0103. Nu uita\u021bi, moda de iarn\u0103 nu trebuie s\u0103 fie plictisitoare. Merit\u0103 s\u0103 v\u0103 juca\u021bi cu culori, modele \u0219i, de asemenea, s\u0103 combina\u021bi diferite stiluri. Iarna ne ofer\u0103 multe posibilit\u0103\u021bi din care ne putem inspira. Cheia succesului const\u0103 \u00een capacitatea de a combina diferite elemente care ne permit s\u0103 ne exprim\u0103m stilul personal. \u00cen cele din urm\u0103, at\u00e2t confortul, c\u00e2t \u0219i aspectul merg m\u00e2n\u0103 \u00een m\u00e2n\u0103, ceea ce face ca plimb\u0103rile de iarn\u0103 s\u0103 fie o pl\u0103cere.<\/p>\n<h2>\u00centreb\u0103ri frecvente<\/h2>\n<ul>\n<li><strong>Ce colan\u021bi sunt cei mai potrivi\u021bi pentru plimb\u0103rile de iarn\u0103?<\/strong> Cei mai buni colan\u021bi vor fi confec\u021biona\u021bi din materiale mai c\u0103lduroase, de exemplu l\u00e2n\u0103 sau bumbac mai gros, care vor oferi confort \u0219i c\u0103ldur\u0103.<\/li>\n<li><strong>Pot purta o rochie de culoare \u00eenchis\u0103 iarna?<\/strong> Desigur! Culorile \u00eenchise sunt elegante \u0219i se potrivesc bine cu \u021binutele de iarn\u0103, f\u0103r\u0103 a-\u0219i pierde din atractivitate.<\/li>\n<li><strong>Ce \u00eenc\u0103l\u021b\u0103minte se potrive\u0219te cel mai bine cu o rochie iarna?<\/strong> Se recomand\u0103 purtarea unor cizme c\u0103lduroase sau a unor ghete elegante p\u00e2n\u0103 la glezn\u0103, care nu doar arat\u0103 bine, ci \u0219i protejeaz\u0103 picioarele de frig.<\/li>\n<li><strong>Pot combina rochii cu o jachet\u0103 de blugi iarna?<\/strong> Da, o jachet\u0103 din denim poate fi un plus excelent pentru o \u021binut\u0103 de iarn\u0103, mai ales \u00een zilele mai c\u0103lduroase. Totu\u0219i, merit\u0103 s\u0103 adaugi un pulover sau o e\u0219arf\u0103 c\u0103lduroas\u0103.<\/li>\n<li><strong>Ce accesorii sunt esen\u021biale pentru o \u021binut\u0103 de iarn\u0103 cu o rochie?<\/strong> O c\u0103ciul\u0103, un fular \u0219i m\u0103nu\u0219i sunt accesorii esen\u021biale care adaug\u0103 c\u0103ldur\u0103 \u0219i stil \u021binutelor de iarn\u0103.<\/li>\n<\/ul>","protected":false},"excerpt":{"rendered":"<p>Zima nie musi oznacza\u0107 rezygnacji z ulubionych sukienek. Wystarczy odrobina kreatywno\u015bci i odpowiednia strategia, aby po\u0142\u0105czy\u0107 elegancj\u0119 z komfortem. Dzi\u0119ki temu nawet podczas zimowych spacer\u00f3w b\u0119dziemy wygl\u0105da\u0107 i czu\u0107 si\u0119 dobrze. Odpowiedni dob\u00f3r warstw, ciep\u0142ych okry\u0107 i dodatk\u00f3w sprawi, \u017ce nasza stylizacja stanie si\u0119 zar\u00f3wno funkcjonalna, jak i modna. Wybieraj\u0105c sukienk\u0119 na zimowe spacery, warto [&hellip;]<\/p>","protected":false},"author":2,"featured_media":342,"comment_status":"closed","ping_status":"closed","sticky":false,"template":"","format":"standard","meta":{"_acf_changed":false,"footnotes":""},"categories":[1],"tags":[],"class_list":["post-376","post","type-post","status-publish","format-standard","has-post-thumbnail","hentry","category-blog"],"acf":[],"yoast_head":"<!-- This site is optimized with the Yoast SEO plugin v23.2 - https:\/\/yoast.com\/wordpress\/plugins\/seo\/ -->\n<title>Stylowe pomys\u0142y na sukienk\u0119 podczas zimowych spacer\u00f3w - odkryj idealne zestawienia!<\/title>\n<meta name=\"description\" content=\"Dowiedz si\u0119, jak stylowo nosi\u0107 sukienk\u0119 zim\u0105! Poznaj najlepsze warstwy, ciep\u0142e okrycia i modne dodatki na zimowe spacery.\" \/>\n<meta name=\"robots\" content=\"index, follow, max-snippet:-1, max-image-preview:large, max-video-preview:-1\" \/>\n<link rel=\"canonical\" href=\"https:\/\/polscy-kierowcy.pl\/ro\/co-zalozyc-na-sukienke-podczas-zimowych-spacerow\/\" \/>\n<meta property=\"og:locale\" content=\"ro_RO\" \/>\n<meta property=\"og:type\" content=\"article\" \/>\n<meta property=\"og:title\" content=\"Stylowe pomys\u0142y na sukienk\u0119 podczas zimowych spacer\u00f3w - odkryj idealne zestawienia!\" \/>\n<meta property=\"og:description\" content=\"Dowiedz si\u0119, jak stylowo nosi\u0107 sukienk\u0119 zim\u0105! Poznaj najlepsze warstwy, ciep\u0142e okrycia i modne dodatki na zimowe spacery.\" \/>\n<meta property=\"og:url\" content=\"https:\/\/polscy-kierowcy.pl\/ro\/co-zalozyc-na-sukienke-podczas-zimowych-spacerow\/\" \/>\n<meta property=\"og:site_name\" content=\"polscy-kierowcy.pl\" \/>\n<meta property=\"article:published_time\" content=\"2025-01-26T00:00:00+00:00\" \/>\n<meta property=\"article:modified_time\" content=\"2025-02-25T13:00:08+00:00\" \/>\n<meta property=\"og:image\" content=\"https:\/\/polscy-kierowcy.pl\/wp-content\/uploads\/image1781220adfed4f00bf8a490d09f52f55.png\" \/>\n\t<meta property=\"og:image:width\" content=\"1024\" \/>\n\t<meta property=\"og:image:height\" content=\"768\" \/>\n\t<meta property=\"og:image:type\" content=\"image\/png\" \/>\n<meta name=\"author\" content=\"Marta Doma\u0144ska\" \/>\n<meta name=\"twitter:card\" content=\"summary_large_image\" \/>\n<meta name=\"twitter:label1\" content=\"Scris de\" \/>\n\t<meta name=\"twitter:data1\" content=\"Marta Doma\u0144ska\" \/>\n\t<meta name=\"twitter:label2\" content=\"Timp estimat pentru citire\" \/>\n\t<meta name=\"twitter:data2\" content=\"4 minute\" \/>\n<script type=\"application\/ld+json\" class=\"yoast-schema-graph\">{\"@context\":\"https:\/\/schema.org\",\"@graph\":[{\"@type\":\"WebPage\",\"@id\":\"https:\/\/polscy-kierowcy.pl\/co-zalozyc-na-sukienke-podczas-zimowych-spacerow\/\",\"url\":\"https:\/\/polscy-kierowcy.pl\/co-zalozyc-na-sukienke-podczas-zimowych-spacerow\/\",\"name\":\"Stylowe pomys\u0142y na sukienk\u0119 podczas zimowych spacer\u00f3w - odkryj idealne zestawienia!\",\"isPartOf\":{\"@id\":\"https:\/\/polscy-kierowcy.pl\/#website\"},\"primaryImageOfPage\":{\"@id\":\"https:\/\/polscy-kierowcy.pl\/co-zalozyc-na-sukienke-podczas-zimowych-spacerow\/#primaryimage\"},\"image\":{\"@id\":\"https:\/\/polscy-kierowcy.pl\/co-zalozyc-na-sukienke-podczas-zimowych-spacerow\/#primaryimage\"},\"thumbnailUrl\":\"https:\/\/polscy-kierowcy.pl\/wp-content\/uploads\/image1781220adfed4f00bf8a490d09f52f55.png\",\"datePublished\":\"2025-01-26T00:00:00+00:00\",\"dateModified\":\"2025-02-25T13:00:08+00:00\",\"author\":{\"@id\":\"https:\/\/polscy-kierowcy.pl\/#\/schema\/person\/77c4277010b28eb5eb64e23f2c0cb6df\"},\"description\":\"Dowiedz si\u0119, jak stylowo nosi\u0107 sukienk\u0119 zim\u0105! Poznaj najlepsze warstwy, ciep\u0142e okrycia i modne dodatki na zimowe spacery.\",\"breadcrumb\":{\"@id\":\"https:\/\/polscy-kierowcy.pl\/co-zalozyc-na-sukienke-podczas-zimowych-spacerow\/#breadcrumb\"},\"inLanguage\":\"ro-RO\",\"potentialAction\":[{\"@type\":\"ReadAction\",\"target\":[\"https:\/\/polscy-kierowcy.pl\/co-zalozyc-na-sukienke-podczas-zimowych-spacerow\/\"]}]},{\"@type\":\"ImageObject\",\"inLanguage\":\"ro-RO\",\"@id\":\"https:\/\/polscy-kierowcy.pl\/co-zalozyc-na-sukienke-podczas-zimowych-spacerow\/#primaryimage\",\"url\":\"https:\/\/polscy-kierowcy.pl\/wp-content\/uploads\/image1781220adfed4f00bf8a490d09f52f55.png\",\"contentUrl\":\"https:\/\/polscy-kierowcy.pl\/wp-content\/uploads\/image1781220adfed4f00bf8a490d09f52f55.png\",\"width\":1024,\"height\":768},{\"@type\":\"BreadcrumbList\",\"@id\":\"https:\/\/polscy-kierowcy.pl\/co-zalozyc-na-sukienke-podczas-zimowych-spacerow\/#breadcrumb\",\"itemListElement\":[{\"@type\":\"ListItem\",\"position\":1,\"name\":\"Home\",\"item\":\"https:\/\/polscy-kierowcy.pl\/\"},{\"@type\":\"ListItem\",\"position\":2,\"name\":\"Co za\u0142o\u017cy\u0107 na sukienk\u0119 podczas zimowych spacer\u00f3w?\"}]},{\"@type\":\"WebSite\",\"@id\":\"https:\/\/polscy-kierowcy.pl\/#website\",\"url\":\"https:\/\/polscy-kierowcy.pl\/\",\"name\":\"polscy-kierowcy.pl\",\"description\":\"Tureckie sukienki: pi\u0119kno w tradycji.\",\"potentialAction\":[{\"@type\":\"SearchAction\",\"target\":{\"@type\":\"EntryPoint\",\"urlTemplate\":\"https:\/\/polscy-kierowcy.pl\/?s={search_term_string}\"},\"query-input\":\"required name=search_term_string\"}],\"inLanguage\":\"ro-RO\"},{\"@type\":\"Person\",\"@id\":\"https:\/\/polscy-kierowcy.pl\/#\/schema\/person\/77c4277010b28eb5eb64e23f2c0cb6df\",\"name\":\"Marta Doma\u0144ska\",\"image\":{\"@type\":\"ImageObject\",\"inLanguage\":\"ro-RO\",\"@id\":\"https:\/\/polscy-kierowcy.pl\/#\/schema\/person\/image\/\",\"url\":\"https:\/\/polscy-kierowcy.pl\/wp-content\/uploads\/marta-domanska_avatar-96x96.jpg\",\"contentUrl\":\"https:\/\/polscy-kierowcy.pl\/wp-content\/uploads\/marta-domanska_avatar-96x96.jpg\",\"caption\":\"Marta Doma\u0144ska\"},\"description\":\"Marta Doma\u0144ska to do\u015bwiadczona stylistka i w\u0142a\u015bcicielka butiku Novamoda w Poznaniu, specjalizuj\u0105ca si\u0119 w analizie kolorystycznej i doborze odzie\u017cy do sylwetki. Jej pasja do mody oraz indywidualne podej\u015bcie do klientek pozwalaj\u0105 na tworzenie unikatowych stylizacji, kt\u00f3re podkre\u015blaj\u0105 naturalne pi\u0119kno ka\u017cdej osoby.\",\"url\":\"https:\/\/polscy-kierowcy.pl\/ro\/author\/marta-domanska\/\"}]}<\/script>\n<!-- \/ Yoast SEO plugin. -->","yoast_head_json":{"title":"Stylowe pomys\u0142y na sukienk\u0119 podczas zimowych spacer\u00f3w - odkryj idealne zestawienia!","description":"Dowiedz si\u0119, jak stylowo nosi\u0107 sukienk\u0119 zim\u0105! Poznaj najlepsze warstwy, ciep\u0142e okrycia i modne dodatki na zimowe spacery.","robots":{"index":"index","follow":"follow","max-snippet":"max-snippet:-1","max-image-preview":"max-image-preview:large","max-video-preview":"max-video-preview:-1"},"canonical":"https:\/\/polscy-kierowcy.pl\/ro\/co-zalozyc-na-sukienke-podczas-zimowych-spacerow\/","og_locale":"ro_RO","og_type":"article","og_title":"Stylowe pomys\u0142y na sukienk\u0119 podczas zimowych spacer\u00f3w - odkryj idealne zestawienia!","og_description":"Dowiedz si\u0119, jak stylowo nosi\u0107 sukienk\u0119 zim\u0105! Poznaj najlepsze warstwy, ciep\u0142e okrycia i modne dodatki na zimowe spacery.","og_url":"https:\/\/polscy-kierowcy.pl\/ro\/co-zalozyc-na-sukienke-podczas-zimowych-spacerow\/","og_site_name":"polscy-kierowcy.pl","article_published_time":"2025-01-26T00:00:00+00:00","article_modified_time":"2025-02-25T13:00:08+00:00","og_image":[{"width":1024,"height":768,"url":"https:\/\/polscy-kierowcy.pl\/wp-content\/uploads\/image1781220adfed4f00bf8a490d09f52f55.png","type":"image\/png"}],"author":"Marta Doma\u0144ska","twitter_card":"summary_large_image","twitter_misc":{"Scris de":"Marta Doma\u0144ska","Timp estimat pentru citire":"4 minute"},"schema":{"@context":"https:\/\/schema.org","@graph":[{"@type":"WebPage","@id":"https:\/\/polscy-kierowcy.pl\/co-zalozyc-na-sukienke-podczas-zimowych-spacerow\/","url":"https:\/\/polscy-kierowcy.pl\/co-zalozyc-na-sukienke-podczas-zimowych-spacerow\/","name":"Stylowe pomys\u0142y na sukienk\u0119 podczas zimowych spacer\u00f3w - odkryj idealne zestawienia!","isPartOf":{"@id":"https:\/\/polscy-kierowcy.pl\/#website"},"primaryImageOfPage":{"@id":"https:\/\/polscy-kierowcy.pl\/co-zalozyc-na-sukienke-podczas-zimowych-spacerow\/#primaryimage"},"image":{"@id":"https:\/\/polscy-kierowcy.pl\/co-zalozyc-na-sukienke-podczas-zimowych-spacerow\/#primaryimage"},"thumbnailUrl":"https:\/\/polscy-kierowcy.pl\/wp-content\/uploads\/image1781220adfed4f00bf8a490d09f52f55.png","datePublished":"2025-01-26T00:00:00+00:00","dateModified":"2025-02-25T13:00:08+00:00","author":{"@id":"https:\/\/polscy-kierowcy.pl\/#\/schema\/person\/77c4277010b28eb5eb64e23f2c0cb6df"},"description":"Dowiedz si\u0119, jak stylowo nosi\u0107 sukienk\u0119 zim\u0105! Poznaj najlepsze warstwy, ciep\u0142e okrycia i modne dodatki na zimowe spacery.","breadcrumb":{"@id":"https:\/\/polscy-kierowcy.pl\/co-zalozyc-na-sukienke-podczas-zimowych-spacerow\/#breadcrumb"},"inLanguage":"ro-RO","potentialAction":[{"@type":"ReadAction","target":["https:\/\/polscy-kierowcy.pl\/co-zalozyc-na-sukienke-podczas-zimowych-spacerow\/"]}]},{"@type":"ImageObject","inLanguage":"ro-RO","@id":"https:\/\/polscy-kierowcy.pl\/co-zalozyc-na-sukienke-podczas-zimowych-spacerow\/#primaryimage","url":"https:\/\/polscy-kierowcy.pl\/wp-content\/uploads\/image1781220adfed4f00bf8a490d09f52f55.png","contentUrl":"https:\/\/polscy-kierowcy.pl\/wp-content\/uploads\/image1781220adfed4f00bf8a490d09f52f55.png","width":1024,"height":768},{"@type":"BreadcrumbList","@id":"https:\/\/polscy-kierowcy.pl\/co-zalozyc-na-sukienke-podczas-zimowych-spacerow\/#breadcrumb","itemListElement":[{"@type":"ListItem","position":1,"name":"Home","item":"https:\/\/polscy-kierowcy.pl\/"},{"@type":"ListItem","position":2,"name":"Co za\u0142o\u017cy\u0107 na sukienk\u0119 podczas zimowych spacer\u00f3w?"}]},{"@type":"WebSite","@id":"https:\/\/polscy-kierowcy.pl\/#website","url":"https:\/\/polscy-kierowcy.pl\/","name":"polscy-kierowcy.pl","description":"Tureckie sukienki: pi\u0119kno w tradycji.","potentialAction":[{"@type":"SearchAction","target":{"@type":"EntryPoint","urlTemplate":"https:\/\/polscy-kierowcy.pl\/?s={search_term_string}"},"query-input":"required name=search_term_string"}],"inLanguage":"ro-RO"},{"@type":"Person","@id":"https:\/\/polscy-kierowcy.pl\/#\/schema\/person\/77c4277010b28eb5eb64e23f2c0cb6df","name":"Marta Doma\u0144ska","image":{"@type":"ImageObject","inLanguage":"ro-RO","@id":"https:\/\/polscy-kierowcy.pl\/#\/schema\/person\/image\/","url":"https:\/\/polscy-kierowcy.pl\/wp-content\/uploads\/marta-domanska_avatar-96x96.jpg","contentUrl":"https:\/\/polscy-kierowcy.pl\/wp-content\/uploads\/marta-domanska_avatar-96x96.jpg","caption":"Marta Doma\u0144ska"},"description":"Marta Doma\u0144ska to do\u015bwiadczona stylistka i w\u0142a\u015bcicielka butiku Novamoda w Poznaniu, specjalizuj\u0105ca si\u0119 w analizie kolorystycznej i doborze odzie\u017cy do sylwetki. Jej pasja do mody oraz indywidualne podej\u015bcie do klientek pozwalaj\u0105 na tworzenie unikatowych stylizacji, kt\u00f3re podkre\u015blaj\u0105 naturalne pi\u0119kno ka\u017cdej osoby.","url":"https:\/\/polscy-kierowcy.pl\/ro\/author\/marta-domanska\/"}]}},"yoast_meta":{"yoast_wpseo_title":"","yoast_wpseo_metadesc":"","yoast_wpseo_canonical":"https:\/\/polscy-kierowcy.pl\/ro\/wp-json\/wp\/v2\/posts\/376"},"_links":{"self":[{"href":"https:\/\/polscy-kierowcy.pl\/ro\/wp-json\/wp\/v2\/posts\/376"}],"collection":[{"href":"https:\/\/polscy-kierowcy.pl\/ro\/wp-json\/wp\/v2\/posts"}],"about":[{"href":"https:\/\/polscy-kierowcy.pl\/ro\/wp-json\/wp\/v2\/types\/post"}],"author":[{"embeddable":true,"href":"https:\/\/polscy-kierowcy.pl\/ro\/wp-json\/wp\/v2\/users\/2"}],"replies":[{"embeddable":true,"href":"https:\/\/polscy-kierowcy.pl\/ro\/wp-json\/wp\/v2\/comments?post=376"}],"version-history":[{"count":2,"href":"https:\/\/polscy-kierowcy.pl\/ro\/wp-json\/wp\/v2\/posts\/376\/revisions"}],"predecessor-version":[{"id":495,"href":"https:\/\/polscy-kierowcy.pl\/ro\/wp-json\/wp\/v2\/posts\/376\/revisions\/495"}],"wp:featuredmedia":[{"embeddable":true,"href":"https:\/\/polscy-kierowcy.pl\/ro\/wp-json\/wp\/v2\/media\/342"}],"wp:attachment":[{"href":"https:\/\/polscy-kierowcy.pl\/ro\/wp-json\/wp\/v2\/media?parent=376"}],"wp:term":[{"taxonomy":"category","embeddable":true,"href":"https:\/\/polscy-kierowcy.pl\/ro\/wp-json\/wp\/v2\/categories?post=376"},{"taxonomy":"post_tag","embeddable":true,"href":"https:\/\/polscy-kierowcy.pl\/ro\/wp-json\/wp\/v2\/tags?post=376"}],"curies":[{"name":"wp","href":"https:\/\/api.w.org\/{rel}","templated":true}]}}