{"id":374,"date":"2025-01-26T00:00:00","date_gmt":"2025-01-26T00:00:00","guid":{"rendered":"https:\/\/polscy-kierowcy.pl\/?p=374"},"modified":"2025-01-26T00:00:00","modified_gmt":"2025-01-26T00:00:00","slug":"poradnik-dla-mam-jak-wybrac-cieply-plaszcz-zimowy-do-noszenia-z-dzieckiem","status":"publish","type":"post","link":"https:\/\/polscy-kierowcy.pl\/ro\/poradnik-dla-mam-jak-wybrac-cieply-plaszcz-zimowy-do-noszenia-z-dzieckiem\/","title":{"rendered":"Ghid pentru mame: cum s\u0103 alegi o hain\u0103 c\u0103lduroas\u0103 de iarn\u0103 de purtat cu bebelu\u0219ul t\u0103u?"},"content":{"rendered":"<div class=\"kk-star-ratings kksr-auto kksr-align-left kksr-valign-top\"\n    data-payload='{&quot;align&quot;:&quot;left&quot;,&quot;id&quot;:&quot;374&quot;,&quot;slug&quot;:&quot;default&quot;,&quot;valign&quot;:&quot;top&quot;,&quot;ignore&quot;:&quot;&quot;,&quot;reference&quot;:&quot;auto&quot;,&quot;class&quot;:&quot;&quot;,&quot;count&quot;:&quot;0&quot;,&quot;legendonly&quot;:&quot;&quot;,&quot;readonly&quot;:&quot;&quot;,&quot;score&quot;:&quot;0&quot;,&quot;starsonly&quot;:&quot;&quot;,&quot;best&quot;:&quot;5&quot;,&quot;gap&quot;:&quot;5&quot;,&quot;greet&quot;:&quot;&quot;,&quot;legend&quot;:&quot;0\\\/5 - (0 votes)&quot;,&quot;size&quot;:&quot;24&quot;,&quot;title&quot;:&quot;Poradnik dla mam: jak wybra\u0107 ciep\u0142y p\u0142aszcz zimowy do noszenia z dzieckiem?&quot;,&quot;width&quot;:&quot;0&quot;,&quot;_legend&quot;:&quot;{score}\\\/{best} - ({count} {votes})&quot;,&quot;font_factor&quot;:&quot;1.25&quot;}'>\n            \n<div class=\"kksr-stars\">\n    \n<div class=\"kksr-stars-inactive\">\n            <div class=\"kksr-star\" data-star=\"1\" style=\"padding-right: 5px\">\n            \n\n<div class=\"kksr-icon\" style=\"width: 24px; height: 24px;\"><\/div>\n        <\/div>\n            <div class=\"kksr-star\" data-star=\"2\" style=\"padding-right: 5px\">\n            \n\n<div class=\"kksr-icon\" style=\"width: 24px; height: 24px;\"><\/div>\n        <\/div>\n            <div class=\"kksr-star\" data-star=\"3\" style=\"padding-right: 5px\">\n            \n\n<div class=\"kksr-icon\" style=\"width: 24px; height: 24px;\"><\/div>\n        <\/div>\n            <div class=\"kksr-star\" data-star=\"4\" style=\"padding-right: 5px\">\n            \n\n<div class=\"kksr-icon\" style=\"width: 24px; height: 24px;\"><\/div>\n        <\/div>\n            <div class=\"kksr-star\" data-star=\"5\" style=\"padding-right: 5px\">\n            \n\n<div class=\"kksr-icon\" style=\"width: 24px; height: 24px;\"><\/div>\n        <\/div>\n    <\/div>\n    \n<div class=\"kksr-stars-active\" style=\"width: 0px;\">\n            <div class=\"kksr-star\" style=\"padding-right: 5px\">\n            \n\n<div class=\"kksr-icon\" style=\"width: 24px; height: 24px;\"><\/div>\n        <\/div>\n            <div class=\"kksr-star\" style=\"padding-right: 5px\">\n            \n\n<div class=\"kksr-icon\" style=\"width: 24px; height: 24px;\"><\/div>\n        <\/div>\n            <div class=\"kksr-star\" style=\"padding-right: 5px\">\n            \n\n<div class=\"kksr-icon\" style=\"width: 24px; height: 24px;\"><\/div>\n        <\/div>\n            <div class=\"kksr-star\" style=\"padding-right: 5px\">\n            \n\n<div class=\"kksr-icon\" style=\"width: 24px; height: 24px;\"><\/div>\n        <\/div>\n            <div class=\"kksr-star\" style=\"padding-right: 5px\">\n            \n\n<div class=\"kksr-icon\" style=\"width: 24px; height: 24px;\"><\/div>\n        <\/div>\n    <\/div>\n<\/div>\n                \n\n<div class=\"kksr-legend\" style=\"font-size: 19.2px;\">\n            <span class=\"kksr-muted\"><\/span>\n    <\/div>\n    <\/div>\n<p>\u00cen lunile de iarn\u0103, confortul \u0219i c\u0103ldura devin priorit\u0103\u021bi, mai ales pentru mamele care vor s\u0103 se bucure de activit\u0103\u021bi active \u00een aer liber al\u0103turi de copiii lor. Alegerea hainei de iarn\u0103 potrivite, care s\u0103 fie at\u00e2t func\u021bional\u0103, c\u00e2t \u0219i elegant\u0103, poate fi dificil\u0103. Trebuie s\u0103 lua\u021bi \u00een considerare multe aspecte, cum ar fi materialul, croiala \u0219i func\u021bionalitatea. \u00cen acest articol, vom risipi orice \u00eendoieli cu privire la cump\u0103rarea hainei perfecte. Cu sfaturile noastre, ve\u021bi g\u0103si un model care v\u0103 va men\u021bine pe dumneavoastr\u0103 \u0219i pe copilul dumneavoastr\u0103 confortabil \u00een cele mai reci zile \u0219i va ad\u0103uga stil \u021binutelor de zi cu zi. Preg\u0103ti\u021bi-v\u0103 pentru plimb\u0103rile de iarn\u0103 la c\u0103ldur\u0103 \u0219i la mod\u0103!<\/p>\n<h2>Importan\u021ba unei haine de iarn\u0103 adecvate<\/h2>\n<p><img decoding=\"async\" alt=\"Na zdj\u0119ciu widoczna jest cz\u0119\u015b\u0107 niebieskiej kurtki w zimowej scenerii z \u0142awk\u0105 w tle. Lekko pada \u015bnieg.\" src=\"https:\/\/polscy-kierowcy.pl\/wp-content\/uploads\/image8856b3b9997b434aa985c49037e9211f.png\"\/><\/p>\n<p>Paltoanele de iarn\u0103 joac\u0103 un rol cheie \u00een oferirea de c\u0103ldur\u0103, protec\u021bie \u00eempotriva frigului \u0219i confort \u00een timpul sarcinilor zilnice. Majoritatea mamelor care \u00ee\u0219i poart\u0103 copiii au nevoie de o hain\u0103 care nu numai s\u0103 le \u021bin\u0103 de cald, ci s\u0103 le permit\u0103 \u0219i s\u0103 se mi\u0219te liber. Adesea, c\u00e2nd petrecem timp afar\u0103 pe vreme rece, haina potrivit\u0103 ne face s\u0103 ne sim\u021bim \u00eencrez\u0103tori. Prin urmare, este extrem de important s\u0103 alegem materialul \u0219i croiala potrivite. Asigura\u021bi-v\u0103 c\u0103 acorda\u021bi aten\u021bie acestor aspecte atunci c\u00e2nd cump\u0103ra\u021bi. Iat\u0103 punctele cheie de luat \u00een considerare:<\/p>\n<ul>\n<li>Evaluarea materialelor: alege\u021bi materiale textile cu func\u021bie respirabil\u0103.<\/li>\n<li>Izola\u021bie: Prefera\u021bi puf sau fibre sintetice.<\/li>\n<li>Form\u0103: Potrivirea este esen\u021bial\u0103 pentru confort.<\/li>\n<\/ul>\n<h2>Caracteristicile hainei perfecte de iarn\u0103<\/h2>\n<p><img decoding=\"async\" alt=\"Matka z dzieckiem na placu zabaw, z u\u015bmiechami, otoczeni \u015bniegiem i kolorowymi zje\u017cd\u017calniami.\" src=\"https:\/\/polscy-kierowcy.pl\/wp-content\/uploads\/imagecb2c8952a72747e19e7f245d3e5e6eb9.png\"\/><\/p>\n<p>De\u0219i orice hain\u0103 poate ar\u0103ta bine la exterior, adev\u0103ratul test este func\u021bionalitatea sa. Atunci c\u00e2nd alegi o hain\u0103, ar trebui s\u0103 acorzi o aten\u021bie deosebit\u0103 caracteristicilor acesteia. Iat\u0103 cele mai importante elemente care ar trebui s\u0103 caracterizeze haina perfect\u0103 pentru zilele de iarn\u0103:<\/p>\n<table border=\"1\">\n<tr>\n<th>Caracteristic\u0103<\/th>\n<th>Descriere<\/th>\n<\/tr>\n<tr>\n<td>Material<\/td>\n<td>Rezistent la v\u00e2nt \u0219i ap\u0103, de \u00eenalt\u0103 calitate<\/td>\n<\/tr>\n<tr>\n<td>Izolare<\/td>\n<td>Puf sau fibre sintetice de \u00eenalt\u0103 calitate<\/td>\n<\/tr>\n<tr>\n<td>Potrivire<\/td>\n<td>Croial\u0103 larg\u0103 \u00een jurul umerilor<\/td>\n<\/tr>\n<\/table>\n<p>\u0218tiind ce caracteristici sunt importante, te po\u021bi concentra pe estetic\u0103. Alege culori pe care le po\u021bi asorta u\u0219or cu restul garderobei tale \u0219i care vor fi practice. De asemenea, merit\u0103 s\u0103 investe\u0219ti \u00een paltoane de la produc\u0103tori de renume pentru a fi sigur de calitate. Uneori, stilul bun merge m\u00e2n\u0103 \u00een m\u00e2n\u0103 cu func\u021bionalitatea ridicat\u0103, iar o palton bine aleas\u0103 poate fi o completare excelent\u0103 a \u021binutei tale pentru plimb\u0103rile de iarn\u0103. Nu uita de accesorii, cum ar fi e\u0219arfe sau p\u0103l\u0103rii elegante, pentru a te sim\u021bi la mod\u0103 chiar \u0219i \u00een zilele reci.<\/p>\n<h2>Cum s\u0103-\u021bi asortezi haina cu nevoile tale<\/h2>\n<p>Dup\u0103 ce \u0219tii ce caracteristici sunt cele mai importante pentru tine, ar trebui s\u0103 te g\u00e2nde\u0219ti cum inten\u021bionezi s\u0103 folose\u0219ti haina. \u00centreb\u0103rile pe care \u021bi le po\u021bi pune \u00een acest moment ar putea include:<\/p>\n<ul>\n<li>Vei avea nevoie de o hain\u0103 \u00een principal pentru plimb\u0103rile cu bebelu\u0219ul t\u0103u?<\/li>\n<li>Pl\u0103nuie\u0219ti s\u0103-l por\u021bi la serviciu sau \u00een c\u0103l\u0103toriile de iarn\u0103?<\/li>\n<li>De ce alte caracteristici suplimentare a\u021bi putea avea nevoie?<\/li>\n<\/ul>\n<p>G\u00e2nde\u0219te-te \u0219i la ce accesorii pot fi utile \u00een uzul zilnic. Re\u021bine c\u0103 o hain\u0103 nu ar trebui s\u0103 fie doar elegant\u0103, ci mai presus de toate practic\u0103.<\/p>\n<h2>Sfaturi de cump\u0103rare<\/h2>\n<p>C\u00e2nd cumperi o hain\u0103 de iarn\u0103, merit\u0103 s\u0103 respec\u021bi c\u00e2teva reguli. Iat\u0103 c\u00e2teva sfaturi valoroase:<\/p>\n<ul>\n<li>Compar\u0103 pre\u021burile din diferite magazine \u0219i caut\u0103 promo\u021bii.<\/li>\n<li>Vezi p\u0103rerile altor mame care au purtat deja un anumit model.<\/li>\n<li>Mergi la cump\u0103r\u0103turi personal pentru a proba diferite stiluri.<\/li>\n<\/ul>\n<p>Cu c\u00e2t aduni mai multe informa\u021bii despre o hain\u0103, cu at\u00e2t decizia de cump\u0103rare va fi mai u\u0219oar\u0103. Nu te teme s\u0103 investe\u0219ti \u00een calitate, deoarece o hain\u0103 bine aleas\u0103 este baza confortului \u00een timpul plimb\u0103rilor de iarn\u0103.<\/p>\n<h2>Rezumat<\/h2>\n<p>Alegerea hainei de iarn\u0103 potrivite pentru bebelu\u0219 poate fi o provocare, dar cu sfaturile \u0219i informa\u021biile corecte, ve\u021bi putea g\u0103si cea perfect\u0103 care s\u0103 corespund\u0103 tuturor nevoilor dumneavoastr\u0103. Nu uita\u021bi s\u0103 acorda\u021bi aten\u021bie materialului, croielii \u0219i func\u021bionalit\u0103\u021bii. \u00cen cele din urm\u0103, v\u0103 mul\u021bumim c\u0103 v-a\u021bi f\u0103cut timp s\u0103 citi\u021bi acest articol - sper\u0103m c\u0103 sfaturile noastre v\u0103 vor ajuta s\u0103 face\u021bi cea mai bun\u0103 alegere pentru zilele de iarn\u0103!<\/p>\n<h2>\u00centreb\u0103ri frecvente<\/h2>\n<ul>\n<li><strong>Ce materiale sunt cele mai bune pentru o hain\u0103 de iarn\u0103?<\/strong><br \/>Cele mai bune materiale sunt cele rezistente la v\u00e2nt \u0219i ap\u0103, cum ar fi poliesterul sau puful.<\/li>\n<li><strong>Exist\u0103 paltoane speciale pentru c\u0103rat copii?<\/strong><br \/>Da, exist\u0103 paltoane cu caracteristici suplimentare care faciliteaz\u0103 purtarea bebelu\u0219ului.<\/li>\n<li><strong>Cum s\u0103 \u00eengrije\u0219ti o hain\u0103 de iarn\u0103 astfel \u00eenc\u00e2t s\u0103 reziste mult timp?<\/strong><br \/>\u00cen primul r\u00e2nd, urma\u021bi recomand\u0103rile produc\u0103torului privind sp\u0103larea \u0219i \u00eentre\u021binerea.<\/li>\n<li><strong>Pre\u021bul unei haine merge \u00eentotdeauna m\u00e2n\u0103 \u00een m\u00e2n\u0103 cu calitatea acesteia?<\/strong><br \/>Nu \u00eentotdeauna, dar adesea modelele mai scumpe ofer\u0103 materiale \u0219i o manoper\u0103 mai bun\u0103. Merit\u0103 s\u0103 investe\u0219ti \u00eentr-o hain\u0103 care va rezista mai mult timp.<\/li>\n<li><strong>Po\u021bi g\u0103si o hain\u0103 de iarn\u0103 \u00eentr-o varietate de stiluri?<\/strong><br \/>Desigur, pe pia\u021b\u0103 exist\u0103 diferite stiluri, de la cele casual la cele elegante.<\/li>\n<\/ul>","protected":false},"excerpt":{"rendered":"<p>W zimowe miesi\u0105ce komfort i ciep\u0142o staj\u0105 si\u0119 priorytetami, zw\u0142aszcza dla mam, kt\u00f3re chc\u0105 cieszy\u0107 si\u0119 aktywnym sp\u0119dzaniem czasu na \u015bwie\u017cym powietrzu z dzie\u0107mi. Wyb\u00f3r odpowiedniego p\u0142aszcza zimowego, kt\u00f3ry b\u0119dzie zar\u00f3wno funkcjonalny, jak i stylowy, mo\u017ce by\u0107 trudny. Musisz uwzgl\u0119dni\u0107 wiele aspekt\u00f3w, takich jak materia\u0142, kr\u00f3j, a tak\u017ce funkcjonalno\u015b\u0107. W tym artykule rozwiejemy wszelkie w\u0105tpliwo\u015bci [&hellip;]<\/p>","protected":false},"author":1,"featured_media":340,"comment_status":"closed","ping_status":"closed","sticky":false,"template":"","format":"standard","meta":{"_acf_changed":false,"footnotes":""},"categories":[1],"tags":[],"class_list":["post-374","post","type-post","status-publish","format-standard","has-post-thumbnail","hentry","category-blog"],"acf":[],"yoast_head":"<!-- This site is optimized with the Yoast SEO plugin v23.2 - https:\/\/yoast.com\/wordpress\/plugins\/seo\/ -->\n<title>Poradnik dla mam: Wyb\u00f3r idealnego p\u0142aszcza zimowego do noszenia z dzieckiem<\/title>\n<meta name=\"description\" content=\"Dowiedz si\u0119, jak wybra\u0107 ciep\u0142y p\u0142aszcz zimowy, kt\u00f3ry \u0142\u0105czy styl i funkcjonalno\u015b\u0107, zapewniaj\u0105c komfort zar\u00f3wno mamie, jak i dziecku.\" \/>\n<meta name=\"robots\" content=\"index, follow, max-snippet:-1, max-image-preview:large, max-video-preview:-1\" \/>\n<link rel=\"canonical\" href=\"https:\/\/polscy-kierowcy.pl\/ro\/poradnik-dla-mam-jak-wybrac-cieply-plaszcz-zimowy-do-noszenia-z-dzieckiem\/\" \/>\n<meta property=\"og:locale\" content=\"ro_RO\" \/>\n<meta property=\"og:type\" content=\"article\" \/>\n<meta property=\"og:title\" content=\"Poradnik dla mam: Wyb\u00f3r idealnego p\u0142aszcza zimowego do noszenia z dzieckiem\" \/>\n<meta property=\"og:description\" content=\"Dowiedz si\u0119, jak wybra\u0107 ciep\u0142y p\u0142aszcz zimowy, kt\u00f3ry \u0142\u0105czy styl i funkcjonalno\u015b\u0107, zapewniaj\u0105c komfort zar\u00f3wno mamie, jak i dziecku.\" \/>\n<meta property=\"og:url\" content=\"https:\/\/polscy-kierowcy.pl\/ro\/poradnik-dla-mam-jak-wybrac-cieply-plaszcz-zimowy-do-noszenia-z-dzieckiem\/\" \/>\n<meta property=\"og:site_name\" content=\"polscy-kierowcy.pl\" \/>\n<meta property=\"article:published_time\" content=\"2025-01-26T00:00:00+00:00\" \/>\n<meta property=\"og:image\" content=\"https:\/\/polscy-kierowcy.pl\/wp-content\/uploads\/imagebc0b511aed6640b39aff104899076cd6.png\" \/>\n\t<meta property=\"og:image:width\" content=\"1024\" \/>\n\t<meta property=\"og:image:height\" content=\"768\" \/>\n\t<meta property=\"og:image:type\" content=\"image\/png\" \/>\n<meta name=\"author\" content=\"Paulina Kruk\" \/>\n<meta name=\"twitter:card\" content=\"summary_large_image\" \/>\n<meta name=\"twitter:label1\" content=\"Scris de\" \/>\n\t<meta name=\"twitter:data1\" content=\"Paulina Kruk\" \/>\n\t<meta name=\"twitter:label2\" content=\"Timp estimat pentru citire\" \/>\n\t<meta name=\"twitter:data2\" content=\"4 minute\" \/>\n<script type=\"application\/ld+json\" class=\"yoast-schema-graph\">{\"@context\":\"https:\/\/schema.org\",\"@graph\":[{\"@type\":\"WebPage\",\"@id\":\"https:\/\/polscy-kierowcy.pl\/poradnik-dla-mam-jak-wybrac-cieply-plaszcz-zimowy-do-noszenia-z-dzieckiem\/\",\"url\":\"https:\/\/polscy-kierowcy.pl\/poradnik-dla-mam-jak-wybrac-cieply-plaszcz-zimowy-do-noszenia-z-dzieckiem\/\",\"name\":\"Poradnik dla mam: Wyb\u00f3r idealnego p\u0142aszcza zimowego do noszenia z dzieckiem\",\"isPartOf\":{\"@id\":\"https:\/\/polscy-kierowcy.pl\/#website\"},\"primaryImageOfPage\":{\"@id\":\"https:\/\/polscy-kierowcy.pl\/poradnik-dla-mam-jak-wybrac-cieply-plaszcz-zimowy-do-noszenia-z-dzieckiem\/#primaryimage\"},\"image\":{\"@id\":\"https:\/\/polscy-kierowcy.pl\/poradnik-dla-mam-jak-wybrac-cieply-plaszcz-zimowy-do-noszenia-z-dzieckiem\/#primaryimage\"},\"thumbnailUrl\":\"https:\/\/polscy-kierowcy.pl\/wp-content\/uploads\/imagebc0b511aed6640b39aff104899076cd6.png\",\"datePublished\":\"2025-01-26T00:00:00+00:00\",\"dateModified\":\"2025-01-26T00:00:00+00:00\",\"author\":{\"@id\":\"https:\/\/polscy-kierowcy.pl\/#\/schema\/person\/66f7250202134445459bce344c706e46\"},\"description\":\"Dowiedz si\u0119, jak wybra\u0107 ciep\u0142y p\u0142aszcz zimowy, kt\u00f3ry \u0142\u0105czy styl i funkcjonalno\u015b\u0107, zapewniaj\u0105c komfort zar\u00f3wno mamie, jak i dziecku.\",\"breadcrumb\":{\"@id\":\"https:\/\/polscy-kierowcy.pl\/poradnik-dla-mam-jak-wybrac-cieply-plaszcz-zimowy-do-noszenia-z-dzieckiem\/#breadcrumb\"},\"inLanguage\":\"ro-RO\",\"potentialAction\":[{\"@type\":\"ReadAction\",\"target\":[\"https:\/\/polscy-kierowcy.pl\/poradnik-dla-mam-jak-wybrac-cieply-plaszcz-zimowy-do-noszenia-z-dzieckiem\/\"]}]},{\"@type\":\"ImageObject\",\"inLanguage\":\"ro-RO\",\"@id\":\"https:\/\/polscy-kierowcy.pl\/poradnik-dla-mam-jak-wybrac-cieply-plaszcz-zimowy-do-noszenia-z-dzieckiem\/#primaryimage\",\"url\":\"https:\/\/polscy-kierowcy.pl\/wp-content\/uploads\/imagebc0b511aed6640b39aff104899076cd6.png\",\"contentUrl\":\"https:\/\/polscy-kierowcy.pl\/wp-content\/uploads\/imagebc0b511aed6640b39aff104899076cd6.png\",\"width\":1024,\"height\":768},{\"@type\":\"BreadcrumbList\",\"@id\":\"https:\/\/polscy-kierowcy.pl\/poradnik-dla-mam-jak-wybrac-cieply-plaszcz-zimowy-do-noszenia-z-dzieckiem\/#breadcrumb\",\"itemListElement\":[{\"@type\":\"ListItem\",\"position\":1,\"name\":\"Home\",\"item\":\"https:\/\/polscy-kierowcy.pl\/\"},{\"@type\":\"ListItem\",\"position\":2,\"name\":\"Poradnik dla mam: jak wybra\u0107 ciep\u0142y p\u0142aszcz zimowy do noszenia z dzieckiem?\"}]},{\"@type\":\"WebSite\",\"@id\":\"https:\/\/polscy-kierowcy.pl\/#website\",\"url\":\"https:\/\/polscy-kierowcy.pl\/\",\"name\":\"polscy-kierowcy.pl\",\"description\":\"Tureckie sukienki: pi\u0119kno w tradycji.\",\"potentialAction\":[{\"@type\":\"SearchAction\",\"target\":{\"@type\":\"EntryPoint\",\"urlTemplate\":\"https:\/\/polscy-kierowcy.pl\/?s={search_term_string}\"},\"query-input\":\"required name=search_term_string\"}],\"inLanguage\":\"ro-RO\"},{\"@type\":\"Person\",\"@id\":\"https:\/\/polscy-kierowcy.pl\/#\/schema\/person\/66f7250202134445459bce344c706e46\",\"name\":\"Paulina Kruk\",\"image\":{\"@type\":\"ImageObject\",\"inLanguage\":\"ro-RO\",\"@id\":\"https:\/\/polscy-kierowcy.pl\/#\/schema\/person\/image\/\",\"url\":\"https:\/\/polscy-kierowcy.pl\/wp-content\/uploads\/ivyzxaomvy6_ad_avatar-96x96.jpg\",\"contentUrl\":\"https:\/\/polscy-kierowcy.pl\/wp-content\/uploads\/ivyzxaomvy6_ad_avatar-96x96.jpg\",\"caption\":\"Paulina Kruk\"},\"description\":\"Paulina Kruk to do\u015bwiadczona specjalistka w dziedzinie mody, prowadz\u0105ca w\u0142asny sklep odzie\u017cowy w Pilaszkowie. Jej pasja do mody i zaanga\u017cowanie w bran\u017cy odzie\u017cowej pozwalaj\u0105 jej na tworzenie unikatowych stylizacji, kt\u00f3re \u0142\u0105cz\u0105 elegancj\u0119 z codziennym komfortem.\",\"url\":\"https:\/\/polscy-kierowcy.pl\/ro\/author\/paulina-kruk\/\"}]}<\/script>\n<!-- \/ Yoast SEO plugin. -->","yoast_head_json":{"title":"Poradnik dla mam: Wyb\u00f3r idealnego p\u0142aszcza zimowego do noszenia z dzieckiem","description":"Dowiedz si\u0119, jak wybra\u0107 ciep\u0142y p\u0142aszcz zimowy, kt\u00f3ry \u0142\u0105czy styl i funkcjonalno\u015b\u0107, zapewniaj\u0105c komfort zar\u00f3wno mamie, jak i dziecku.","robots":{"index":"index","follow":"follow","max-snippet":"max-snippet:-1","max-image-preview":"max-image-preview:large","max-video-preview":"max-video-preview:-1"},"canonical":"https:\/\/polscy-kierowcy.pl\/ro\/poradnik-dla-mam-jak-wybrac-cieply-plaszcz-zimowy-do-noszenia-z-dzieckiem\/","og_locale":"ro_RO","og_type":"article","og_title":"Poradnik dla mam: Wyb\u00f3r idealnego p\u0142aszcza zimowego do noszenia z dzieckiem","og_description":"Dowiedz si\u0119, jak wybra\u0107 ciep\u0142y p\u0142aszcz zimowy, kt\u00f3ry \u0142\u0105czy styl i funkcjonalno\u015b\u0107, zapewniaj\u0105c komfort zar\u00f3wno mamie, jak i dziecku.","og_url":"https:\/\/polscy-kierowcy.pl\/ro\/poradnik-dla-mam-jak-wybrac-cieply-plaszcz-zimowy-do-noszenia-z-dzieckiem\/","og_site_name":"polscy-kierowcy.pl","article_published_time":"2025-01-26T00:00:00+00:00","og_image":[{"width":1024,"height":768,"url":"https:\/\/polscy-kierowcy.pl\/wp-content\/uploads\/imagebc0b511aed6640b39aff104899076cd6.png","type":"image\/png"}],"author":"Paulina Kruk","twitter_card":"summary_large_image","twitter_misc":{"Scris de":"Paulina Kruk","Timp estimat pentru citire":"4 minute"},"schema":{"@context":"https:\/\/schema.org","@graph":[{"@type":"WebPage","@id":"https:\/\/polscy-kierowcy.pl\/poradnik-dla-mam-jak-wybrac-cieply-plaszcz-zimowy-do-noszenia-z-dzieckiem\/","url":"https:\/\/polscy-kierowcy.pl\/poradnik-dla-mam-jak-wybrac-cieply-plaszcz-zimowy-do-noszenia-z-dzieckiem\/","name":"Poradnik dla mam: Wyb\u00f3r idealnego p\u0142aszcza zimowego do noszenia z dzieckiem","isPartOf":{"@id":"https:\/\/polscy-kierowcy.pl\/#website"},"primaryImageOfPage":{"@id":"https:\/\/polscy-kierowcy.pl\/poradnik-dla-mam-jak-wybrac-cieply-plaszcz-zimowy-do-noszenia-z-dzieckiem\/#primaryimage"},"image":{"@id":"https:\/\/polscy-kierowcy.pl\/poradnik-dla-mam-jak-wybrac-cieply-plaszcz-zimowy-do-noszenia-z-dzieckiem\/#primaryimage"},"thumbnailUrl":"https:\/\/polscy-kierowcy.pl\/wp-content\/uploads\/imagebc0b511aed6640b39aff104899076cd6.png","datePublished":"2025-01-26T00:00:00+00:00","dateModified":"2025-01-26T00:00:00+00:00","author":{"@id":"https:\/\/polscy-kierowcy.pl\/#\/schema\/person\/66f7250202134445459bce344c706e46"},"description":"Dowiedz si\u0119, jak wybra\u0107 ciep\u0142y p\u0142aszcz zimowy, kt\u00f3ry \u0142\u0105czy styl i funkcjonalno\u015b\u0107, zapewniaj\u0105c komfort zar\u00f3wno mamie, jak i dziecku.","breadcrumb":{"@id":"https:\/\/polscy-kierowcy.pl\/poradnik-dla-mam-jak-wybrac-cieply-plaszcz-zimowy-do-noszenia-z-dzieckiem\/#breadcrumb"},"inLanguage":"ro-RO","potentialAction":[{"@type":"ReadAction","target":["https:\/\/polscy-kierowcy.pl\/poradnik-dla-mam-jak-wybrac-cieply-plaszcz-zimowy-do-noszenia-z-dzieckiem\/"]}]},{"@type":"ImageObject","inLanguage":"ro-RO","@id":"https:\/\/polscy-kierowcy.pl\/poradnik-dla-mam-jak-wybrac-cieply-plaszcz-zimowy-do-noszenia-z-dzieckiem\/#primaryimage","url":"https:\/\/polscy-kierowcy.pl\/wp-content\/uploads\/imagebc0b511aed6640b39aff104899076cd6.png","contentUrl":"https:\/\/polscy-kierowcy.pl\/wp-content\/uploads\/imagebc0b511aed6640b39aff104899076cd6.png","width":1024,"height":768},{"@type":"BreadcrumbList","@id":"https:\/\/polscy-kierowcy.pl\/poradnik-dla-mam-jak-wybrac-cieply-plaszcz-zimowy-do-noszenia-z-dzieckiem\/#breadcrumb","itemListElement":[{"@type":"ListItem","position":1,"name":"Home","item":"https:\/\/polscy-kierowcy.pl\/"},{"@type":"ListItem","position":2,"name":"Poradnik dla mam: jak wybra\u0107 ciep\u0142y p\u0142aszcz zimowy do noszenia z dzieckiem?"}]},{"@type":"WebSite","@id":"https:\/\/polscy-kierowcy.pl\/#website","url":"https:\/\/polscy-kierowcy.pl\/","name":"polscy-kierowcy.pl","description":"Tureckie sukienki: pi\u0119kno w tradycji.","potentialAction":[{"@type":"SearchAction","target":{"@type":"EntryPoint","urlTemplate":"https:\/\/polscy-kierowcy.pl\/?s={search_term_string}"},"query-input":"required name=search_term_string"}],"inLanguage":"ro-RO"},{"@type":"Person","@id":"https:\/\/polscy-kierowcy.pl\/#\/schema\/person\/66f7250202134445459bce344c706e46","name":"Paulina Kruk","image":{"@type":"ImageObject","inLanguage":"ro-RO","@id":"https:\/\/polscy-kierowcy.pl\/#\/schema\/person\/image\/","url":"https:\/\/polscy-kierowcy.pl\/wp-content\/uploads\/ivyzxaomvy6_ad_avatar-96x96.jpg","contentUrl":"https:\/\/polscy-kierowcy.pl\/wp-content\/uploads\/ivyzxaomvy6_ad_avatar-96x96.jpg","caption":"Paulina Kruk"},"description":"Paulina Kruk to do\u015bwiadczona specjalistka w dziedzinie mody, prowadz\u0105ca w\u0142asny sklep odzie\u017cowy w Pilaszkowie. Jej pasja do mody i zaanga\u017cowanie w bran\u017cy odzie\u017cowej pozwalaj\u0105 jej na tworzenie unikatowych stylizacji, kt\u00f3re \u0142\u0105cz\u0105 elegancj\u0119 z codziennym komfortem.","url":"https:\/\/polscy-kierowcy.pl\/ro\/author\/paulina-kruk\/"}]}},"yoast_meta":{"yoast_wpseo_title":"","yoast_wpseo_metadesc":"","yoast_wpseo_canonical":"https:\/\/polscy-kierowcy.pl\/ro\/wp-json\/wp\/v2\/posts\/374"},"_links":{"self":[{"href":"https:\/\/polscy-kierowcy.pl\/ro\/wp-json\/wp\/v2\/posts\/374"}],"collection":[{"href":"https:\/\/polscy-kierowcy.pl\/ro\/wp-json\/wp\/v2\/posts"}],"about":[{"href":"https:\/\/polscy-kierowcy.pl\/ro\/wp-json\/wp\/v2\/types\/post"}],"author":[{"embeddable":true,"href":"https:\/\/polscy-kierowcy.pl\/ro\/wp-json\/wp\/v2\/users\/1"}],"replies":[{"embeddable":true,"href":"https:\/\/polscy-kierowcy.pl\/ro\/wp-json\/wp\/v2\/comments?post=374"}],"version-history":[{"count":1,"href":"https:\/\/polscy-kierowcy.pl\/ro\/wp-json\/wp\/v2\/posts\/374\/revisions"}],"predecessor-version":[{"id":387,"href":"https:\/\/polscy-kierowcy.pl\/ro\/wp-json\/wp\/v2\/posts\/374\/revisions\/387"}],"wp:featuredmedia":[{"embeddable":true,"href":"https:\/\/polscy-kierowcy.pl\/ro\/wp-json\/wp\/v2\/media\/340"}],"wp:attachment":[{"href":"https:\/\/polscy-kierowcy.pl\/ro\/wp-json\/wp\/v2\/media?parent=374"}],"wp:term":[{"taxonomy":"category","embeddable":true,"href":"https:\/\/polscy-kierowcy.pl\/ro\/wp-json\/wp\/v2\/categories?post=374"},{"taxonomy":"post_tag","embeddable":true,"href":"https:\/\/polscy-kierowcy.pl\/ro\/wp-json\/wp\/v2\/tags?post=374"}],"curies":[{"name":"wp","href":"https:\/\/api.w.org\/{rel}","templated":true}]}}