{"id":373,"date":"2025-01-25T00:00:00","date_gmt":"2025-01-25T00:00:00","guid":{"rendered":"https:\/\/polscy-kierowcy.pl\/?p=373"},"modified":"2025-01-25T00:00:00","modified_gmt":"2025-01-25T00:00:00","slug":"jak-mezczyzni-stylizuja-niebieska-kurtke-przyklady","status":"publish","type":"post","link":"https:\/\/polscy-kierowcy.pl\/ro\/jak-mezczyzni-stylizuja-niebieska-kurtke-przyklady\/","title":{"rendered":"Cum se potrivesc b\u0103rba\u021bii cu o jachet\u0103 albastr\u0103? Exemple"},"content":{"rendered":"<div class=\"kk-star-ratings kksr-auto kksr-align-left kksr-valign-top\"\n    data-payload='{&quot;align&quot;:&quot;left&quot;,&quot;id&quot;:&quot;373&quot;,&quot;slug&quot;:&quot;default&quot;,&quot;valign&quot;:&quot;top&quot;,&quot;ignore&quot;:&quot;&quot;,&quot;reference&quot;:&quot;auto&quot;,&quot;class&quot;:&quot;&quot;,&quot;count&quot;:&quot;0&quot;,&quot;legendonly&quot;:&quot;&quot;,&quot;readonly&quot;:&quot;&quot;,&quot;score&quot;:&quot;0&quot;,&quot;starsonly&quot;:&quot;&quot;,&quot;best&quot;:&quot;5&quot;,&quot;gap&quot;:&quot;5&quot;,&quot;greet&quot;:&quot;&quot;,&quot;legend&quot;:&quot;0\\\/5 - (0 votes)&quot;,&quot;size&quot;:&quot;24&quot;,&quot;title&quot;:&quot;Jak m\u0119\u017cczy\u017ani stylizuj\u0105 niebiesk\u0105 kurtk\u0119? Przyk\u0142ady&quot;,&quot;width&quot;:&quot;0&quot;,&quot;_legend&quot;:&quot;{score}\\\/{best} - ({count} {votes})&quot;,&quot;font_factor&quot;:&quot;1.25&quot;}'>\n            \n<div class=\"kksr-stars\">\n    \n<div class=\"kksr-stars-inactive\">\n            <div class=\"kksr-star\" data-star=\"1\" style=\"padding-right: 5px\">\n            \n\n<div class=\"kksr-icon\" style=\"width: 24px; height: 24px;\"><\/div>\n        <\/div>\n            <div class=\"kksr-star\" data-star=\"2\" style=\"padding-right: 5px\">\n            \n\n<div class=\"kksr-icon\" style=\"width: 24px; height: 24px;\"><\/div>\n        <\/div>\n            <div class=\"kksr-star\" data-star=\"3\" style=\"padding-right: 5px\">\n            \n\n<div class=\"kksr-icon\" style=\"width: 24px; height: 24px;\"><\/div>\n        <\/div>\n            <div class=\"kksr-star\" data-star=\"4\" style=\"padding-right: 5px\">\n            \n\n<div class=\"kksr-icon\" style=\"width: 24px; height: 24px;\"><\/div>\n        <\/div>\n            <div class=\"kksr-star\" data-star=\"5\" style=\"padding-right: 5px\">\n            \n\n<div class=\"kksr-icon\" style=\"width: 24px; height: 24px;\"><\/div>\n        <\/div>\n    <\/div>\n    \n<div class=\"kksr-stars-active\" style=\"width: 0px;\">\n            <div class=\"kksr-star\" style=\"padding-right: 5px\">\n            \n\n<div class=\"kksr-icon\" style=\"width: 24px; height: 24px;\"><\/div>\n        <\/div>\n            <div class=\"kksr-star\" style=\"padding-right: 5px\">\n            \n\n<div class=\"kksr-icon\" style=\"width: 24px; height: 24px;\"><\/div>\n        <\/div>\n            <div class=\"kksr-star\" style=\"padding-right: 5px\">\n            \n\n<div class=\"kksr-icon\" style=\"width: 24px; height: 24px;\"><\/div>\n        <\/div>\n            <div class=\"kksr-star\" style=\"padding-right: 5px\">\n            \n\n<div class=\"kksr-icon\" style=\"width: 24px; height: 24px;\"><\/div>\n        <\/div>\n            <div class=\"kksr-star\" style=\"padding-right: 5px\">\n            \n\n<div class=\"kksr-icon\" style=\"width: 24px; height: 24px;\"><\/div>\n        <\/div>\n    <\/div>\n<\/div>\n                \n\n<div class=\"kksr-legend\" style=\"font-size: 19.2px;\">\n            <span class=\"kksr-muted\"><\/span>\n    <\/div>\n    <\/div>\n<p>O jachet\u0103 albastr\u0103 este un element extrem de versatil al garderobei unui b\u0103rbat, care poate fi combinat cu succes cu o varietate de stiluri pentru multe ocazii. Ofer\u0103 posibilit\u0103\u021bi creative care \u00eembog\u0103\u021besc look-ul de zi cu zi. Aleg\u00e2nd o jachet\u0103 albastr\u0103, b\u0103rba\u021bii pot ie\u0219i \u00een eviden\u021b\u0103 f\u0103r\u0103 a renun\u021ba la elegan\u021b\u0103 \u0219i confort. Merit\u0103 subliniat faptul c\u0103 albastrul este o culoare care se potrive\u0219te perfect \u00eentr-o varietate de stiluri - de la casual la mai formal. Datorit\u0103 acestui fapt, o jachet\u0103 albastr\u0103 devine nu doar o alegere la mod\u0103, ci \u0219i una practic\u0103. \u00cen acest articol, vom analiza cum s\u0103 stiliz\u0103m eficient acest element vestimentar \u00een diferite contexte.<\/p>\n<h2>Tipuri de jachete albastre<\/h2>\n<p><img decoding=\"async\" alt=\"Grupa pi\u0119ciu m\u0142odych m\u0119\u017cczyzn rozmawia i si\u0119 \u015bmieje w parku, w otoczeniu z\u0142otych li\u015bci jesieni.\" src=\"https:\/\/polscy-kierowcy.pl\/wp-content\/uploads\/image3890542ede5b4e80b51c7f433e117fbb.png\"\/><\/p>\n<p>Nu exist\u0103 un singur model de jachet\u0103 albastr\u0103 ideal\u0103. Exist\u0103 multe tipuri diferite disponibile pe pia\u021b\u0103, fiecare av\u00e2nd propriul caracter \u0219i utilizare unice. Jachetele din denim, parkele, jachetele bomber \u0219i jachetele din piele sunt doar c\u00e2teva dintre op\u021biunile oferite de designerii de mod\u0103. Alegerea stilului potrivit depinde de preferin\u021bele individuale \u0219i de ocazia pentru care inten\u021bion\u0103m s\u0103 purt\u0103m jacheta. S\u0103 analiz\u0103m mai detaliat aceste patru tipuri \u0219i caracteristicile care le determin\u0103 popularitatea.<\/p>\n<h3>Jachet\u0103 de blugi<\/h3>\n<p>O jachet\u0103 din denim este o pies\u0103 clasic\u0103 din garderob\u0103 care r\u0103m\u00e2ne mereu la mod\u0103. \u00cen cazul ei, culoarea albastr\u0103 c\u00e2\u0219tig\u0103 importan\u021b\u0103, cre\u00e2nd o baz\u0103 atractiv\u0103 pentru diverse stiluri. Se potrive\u0219te perfect cu blugi, pantaloni chino sau chiar joggeri. Poate fi purtat\u0103 zi de zi \u0219i \u00een situa\u021bii mai pu\u021bin formale. Este demn de remarcat faptul c\u0103 jacheta din denim este disponibil\u0103 \u0219i \u00een diverse nuan\u021be de albastru, ceea ce v\u0103 permite s\u0103 experimenta\u021bi cu culorile. \u00centre\u021binerea u\u0219oar\u0103 o face, de asemenea, o alegere ideal\u0103 pentru o doz\u0103 de stil \u0219i confort.<\/p>\n<h3>Hanorac<\/h3>\n<p>Parka este un model ideal pentru zilele mai reci, combin\u00e2nd func\u021bionalitatea cu elegan\u021ba. Fabricat\u0103 din materiale de \u00eenalt\u0103 calitate, adesea cu izola\u021bie suplimentar\u0103, este ideal\u0103 pentru condi\u021biile de iarn\u0103. Adesea prev\u0103zut\u0103 cu glug\u0103, parka albastr\u0103 seduce prin pragmatismul s\u0103u. Poate fi combinat\u0103 cu pulovere cu imprimeu \u0219i pantaloni clasici. Introduce o not\u0103 de lejeritate casual \u00een stil, p\u0103str\u00e2nd \u00een acela\u0219i timp stilul. Sunt disponibile numeroase modele cu diverse detalii, precum fermoare sau buzunare, care adaug\u0103 caracter.<\/p>\n<h2>Stiluri pentru diferite ocazii<\/h2>\n<p><img decoding=\"async\" alt=\"M\u0119\u017cczyzna w niebieskim garniturze u\u015bmiecha si\u0119, stoj\u0105c przy oknie w wysokim biurowcu z widokiem na miasto.\" src=\"https:\/\/polscy-kierowcy.pl\/wp-content\/uploads\/imagebae967ac321f40e9add7d1e02edd5c46.png\"\/><\/p>\n<p>Exist\u0103 multe moduri de a aranja o jachet\u0103 albastr\u0103, iar \u00een func\u021bie de ocazie, aceasta v\u0103 ofer\u0103 o gam\u0103 larg\u0103 de op\u021biuni. Iat\u0103 c\u00e2teva idei:<\/p>\n<ul>\n<li><strong>\u00cen fiecare zi:<\/strong> O jachet\u0103 albastr\u0103 asortat\u0103 cu un tricou alb \u0219i blugi este o alegere clasic\u0103 pentru un stil casual.<\/li>\n<li><strong>C\u0103tre petrecere:<\/strong> Combin\u00e2nd o jachet\u0103 albastr\u0103 cu o c\u0103ma\u0219\u0103 elegant\u0103 \u0219i ni\u0219te pantaloni chino, vei ie\u0219i \u00een eviden\u021b\u0103 la orice petrecere.<\/li>\n<li><strong>Pentru a merge la serviciu:<\/strong> Merit\u0103 s\u0103 investe\u0219ti \u00eentr-o jachet\u0103 albastr\u0103, care, combinat\u0103 cu pantaloni de costum \u0219i o c\u0103ma\u0219\u0103 elegant\u0103, \u00ee\u021bi va oferi un aspect profesional.<\/li>\n<\/ul>\n<table border=\"1\">\n<tr>\n<th>Tipul jachetei<\/th>\n<th>Sezon<\/th>\n<th>Stilizare<\/th>\n<\/tr>\n<tr>\n<td>Jachet\u0103 de blugi<\/td>\n<td>Prim\u0103var\u0103, var\u0103<\/td>\n<td>Casual<\/td>\n<\/tr>\n<tr>\n<td>Hanorac<\/td>\n<td>Toamn\u0103, Iarn\u0103<\/td>\n<td>Casual\/Elegant<\/td>\n<\/tr>\n<tr>\n<td>Geac\u0103 bomber<\/td>\n<td>Tot anul<\/td>\n<td>Sportiv<\/td>\n<\/tr>\n<tr>\n<td>Geac\u0103 de piele<\/td>\n<td>Prim\u0103var\u0103, Toamn\u0103<\/td>\n<td>Stil rock<\/td>\n<\/tr>\n<\/table>\n<h2>Accesorii pentru jacheta albastr\u0103<\/h2>\n<p>Accesoriile sunt un element cheie al oric\u0103rui stil. Acestea adaug\u0103 caracter \u0219i fac \u021binuta mai unic\u0103. C\u00e2nd vine vorba de accesorii pentru o jachet\u0103 albastr\u0103, iat\u0103 c\u00e2teva sugestii testate \u0219i la mod\u0103:<\/p>\n<ul>\n<li><strong>E\u0219arfe:<\/strong> O gam\u0103 larg\u0103 de modele \u0219i culori faciliteaz\u0103 g\u0103sirea modelului perfect.<\/li>\n<li><strong>Pantofi:<\/strong> Teni\u0219i, mocasini sau pantofi clasici din piele \u2013 alegerea depinde de ocazie \u0219i de stilul jachetei.<\/li>\n<li><strong>Gen\u021bi \u0219i rucsacuri:<\/strong> Merit\u0103 s\u0103 alege\u021bi rucsacuri sau gen\u021bi la mod\u0103 \u00een culori contrastante.<\/li>\n<\/ul>\n<h2>Sfaturi pentru \u00eengrijirea jachetei tale<\/h2>\n<p>Pentru a v\u0103 asigura c\u0103 jacheta albastr\u0103 arat\u0103 bine mult timp, merit\u0103 s\u0103 o \u00eengriji\u021bi corespunz\u0103tor. Cur\u0103\u021barea \u0219i \u00eentre\u021binerea regulat\u0103 pot afecta semnificativ durabilitatea materialului \u0219i p\u0103strarea culorii. Este o idee bun\u0103 s\u0103 folosi\u021bi detergen\u021bi adecva\u021bi, dedica\u021bi unui anumit material. Evita\u021bi expunerea jachetei la soare pentru perioade lungi de timp, ceea ce poate duce la decolorare. Dac\u0103 jacheta necesit\u0103 o \u00eengrijire special\u0103, merit\u0103, de asemenea, s\u0103 apela\u021bi la serviciile unei cur\u0103\u021b\u0103torii chimice profesionale. \u00cen cele din urm\u0103, av\u00e2nd grij\u0103 de jachet\u0103, ve\u021bi contribui la crearea unui stil care va atrage cu siguran\u021b\u0103 aten\u021bia celorlal\u021bi.<\/p>\n<h2>Rezumat<\/h2>\n<p>Pe scurt, o jachet\u0103 albastr\u0103 este o pies\u0103 vestimentar\u0103 extrem de versatil\u0103, care poate fi aranjat\u0103 cu succes \u00een multe feluri. Gama larg\u0103 de modele disponibile \u00eenseamn\u0103 c\u0103 fiecare b\u0103rbat poate g\u0103si ceva potrivit pentru el. Cheia unui stil de succes este combinarea iscusit\u0103 cu alte elemente ale garderobei \u0219i selec\u021bia accesoriilor potrivite. Nu putem uita de grija pentru ca jacheta s\u0103 \u00ee\u0219i p\u0103streze culoarea \u0219i forma mult timp. Atunci c\u00e2nd v\u0103 g\u00e2ndi\u021bi la colec\u021bia de haine, merit\u0103 s\u0103 investi\u021bi \u00een aceast\u0103 pies\u0103 vestimentar\u0103 colorat\u0103, care va schimba multe stiluri de zi cu zi.<\/p>\n<h2>\u00centreb\u0103ri frecvente<\/h2>\n<ul>\n<li><strong>Ce culori se potrivesc cu o jachet\u0103 albastr\u0103?<\/strong> Jacheta albastr\u0103 se potrive\u0219te bine cu articole de garderob\u0103 albe, gri \u0219i bej.<\/li>\n<li><strong>Este o jachet\u0103 albastr\u0103 potrivit\u0103 pentru iarn\u0103?<\/strong> Da, dac\u0103 alegi o jachet\u0103 izolant\u0103, cum ar fi o parka sau o jachet\u0103 de piele.<\/li>\n<li><strong>Ce pantofi s\u0103 por\u021bi cu o jachet\u0103 albastr\u0103?<\/strong> Po\u021bi alege \u00eentre adida\u0219i, mocasini sau pantofi clasici din piele.<\/li>\n<li><strong>Este o jachet\u0103 albastr\u0103 un articol universal \u00een garderob\u0103?<\/strong> Da, este o pies\u0103 vestimentar\u0103 foarte versatil\u0103, care poate fi u\u0219or aranjat\u0103 pentru multe ocazii.<\/li>\n<li><strong>Ce accesorii sunt la mod\u0103 pentru o jachet\u0103 albastr\u0103?<\/strong> E\u0219arfele \u00een culori contrastante, rucsacurile la mod\u0103 \u0219i ceasurile casual sunt alegeri bune.<\/li>\n<\/ul>","protected":false},"excerpt":{"rendered":"<p>Niebieska kurtka to niezwykle uniwersalny element m\u0119skiej garderoby, kt\u00f3ry z powodzeniem mo\u017cna \u0142\u0105czy\u0107 z r\u00f3\u017cnorodnymi stylizacjami na wiele okazji. Daje ona mo\u017cliwo\u015bci tw\u00f3rcze, kt\u00f3re wzbogacaj\u0105 codzienny wygl\u0105d. Wybieraj\u0105c niebiesk\u0105 kurtk\u0119, m\u0119\u017cczy\u017ani mog\u0105 wyr\u00f3\u017cni\u0107 si\u0119 z t\u0142umu, nie rezygnuj\u0105c przy tym z elegancji i komfortu. Warto podkre\u015bli\u0107, \u017ce niebieski jest kolorem, kt\u00f3ry doskonale wpisuje si\u0119 w [&hellip;]<\/p>","protected":false},"author":1,"featured_media":364,"comment_status":"closed","ping_status":"closed","sticky":false,"template":"","format":"standard","meta":{"_acf_changed":false,"footnotes":""},"categories":[1],"tags":[],"class_list":["post-373","post","type-post","status-publish","format-standard","has-post-thumbnail","hentry","category-blog"],"acf":[],"yoast_head":"<!-- This site is optimized with the Yoast SEO plugin v23.2 - https:\/\/yoast.com\/wordpress\/plugins\/seo\/ -->\n<title>Jak m\u0119\u017cczy\u017ani stylizuj\u0105 niebiesk\u0105 kurtk\u0119? Przyk\u0142ady na r\u00f3\u017cne okazje<\/title>\n<meta name=\"description\" content=\"Odkryj r\u00f3\u017cnorodne stylizacje z niebiesk\u0105 kurtk\u0105, gdy przedstawiamy fasony, dodatki i wskaz\u00f3wki na r\u00f3\u017cne okazje.\" \/>\n<meta name=\"robots\" content=\"index, follow, max-snippet:-1, max-image-preview:large, max-video-preview:-1\" \/>\n<link rel=\"canonical\" href=\"https:\/\/polscy-kierowcy.pl\/ro\/jak-mezczyzni-stylizuja-niebieska-kurtke-przyklady\/\" \/>\n<meta property=\"og:locale\" content=\"ro_RO\" \/>\n<meta property=\"og:type\" content=\"article\" \/>\n<meta property=\"og:title\" content=\"Jak m\u0119\u017cczy\u017ani stylizuj\u0105 niebiesk\u0105 kurtk\u0119? Przyk\u0142ady na r\u00f3\u017cne okazje\" \/>\n<meta property=\"og:description\" content=\"Odkryj r\u00f3\u017cnorodne stylizacje z niebiesk\u0105 kurtk\u0105, gdy przedstawiamy fasony, dodatki i wskaz\u00f3wki na r\u00f3\u017cne okazje.\" \/>\n<meta property=\"og:url\" content=\"https:\/\/polscy-kierowcy.pl\/ro\/jak-mezczyzni-stylizuja-niebieska-kurtke-przyklady\/\" \/>\n<meta property=\"og:site_name\" content=\"polscy-kierowcy.pl\" \/>\n<meta property=\"article:published_time\" content=\"2025-01-25T00:00:00+00:00\" \/>\n<meta property=\"og:image\" content=\"https:\/\/polscy-kierowcy.pl\/wp-content\/uploads\/imageaaa6fbc159d14799ae0d4051bf1cfcaf.png\" \/>\n\t<meta property=\"og:image:width\" content=\"1024\" \/>\n\t<meta property=\"og:image:height\" content=\"768\" \/>\n\t<meta property=\"og:image:type\" content=\"image\/png\" \/>\n<meta name=\"author\" content=\"Paulina Kruk\" \/>\n<meta name=\"twitter:card\" content=\"summary_large_image\" \/>\n<meta name=\"twitter:label1\" content=\"Scris de\" \/>\n\t<meta name=\"twitter:data1\" content=\"Paulina Kruk\" \/>\n\t<meta name=\"twitter:label2\" content=\"Timp estimat pentru citire\" \/>\n\t<meta name=\"twitter:data2\" content=\"4 minute\" \/>\n<script type=\"application\/ld+json\" class=\"yoast-schema-graph\">{\"@context\":\"https:\/\/schema.org\",\"@graph\":[{\"@type\":\"WebPage\",\"@id\":\"https:\/\/polscy-kierowcy.pl\/jak-mezczyzni-stylizuja-niebieska-kurtke-przyklady\/\",\"url\":\"https:\/\/polscy-kierowcy.pl\/jak-mezczyzni-stylizuja-niebieska-kurtke-przyklady\/\",\"name\":\"Jak m\u0119\u017cczy\u017ani stylizuj\u0105 niebiesk\u0105 kurtk\u0119? Przyk\u0142ady na r\u00f3\u017cne okazje\",\"isPartOf\":{\"@id\":\"https:\/\/polscy-kierowcy.pl\/#website\"},\"primaryImageOfPage\":{\"@id\":\"https:\/\/polscy-kierowcy.pl\/jak-mezczyzni-stylizuja-niebieska-kurtke-przyklady\/#primaryimage\"},\"image\":{\"@id\":\"https:\/\/polscy-kierowcy.pl\/jak-mezczyzni-stylizuja-niebieska-kurtke-przyklady\/#primaryimage\"},\"thumbnailUrl\":\"https:\/\/polscy-kierowcy.pl\/wp-content\/uploads\/imageaaa6fbc159d14799ae0d4051bf1cfcaf.png\",\"datePublished\":\"2025-01-25T00:00:00+00:00\",\"dateModified\":\"2025-01-25T00:00:00+00:00\",\"author\":{\"@id\":\"https:\/\/polscy-kierowcy.pl\/#\/schema\/person\/66f7250202134445459bce344c706e46\"},\"description\":\"Odkryj r\u00f3\u017cnorodne stylizacje z niebiesk\u0105 kurtk\u0105, gdy przedstawiamy fasony, dodatki i wskaz\u00f3wki na r\u00f3\u017cne okazje.\",\"breadcrumb\":{\"@id\":\"https:\/\/polscy-kierowcy.pl\/jak-mezczyzni-stylizuja-niebieska-kurtke-przyklady\/#breadcrumb\"},\"inLanguage\":\"ro-RO\",\"potentialAction\":[{\"@type\":\"ReadAction\",\"target\":[\"https:\/\/polscy-kierowcy.pl\/jak-mezczyzni-stylizuja-niebieska-kurtke-przyklady\/\"]}]},{\"@type\":\"ImageObject\",\"inLanguage\":\"ro-RO\",\"@id\":\"https:\/\/polscy-kierowcy.pl\/jak-mezczyzni-stylizuja-niebieska-kurtke-przyklady\/#primaryimage\",\"url\":\"https:\/\/polscy-kierowcy.pl\/wp-content\/uploads\/imageaaa6fbc159d14799ae0d4051bf1cfcaf.png\",\"contentUrl\":\"https:\/\/polscy-kierowcy.pl\/wp-content\/uploads\/imageaaa6fbc159d14799ae0d4051bf1cfcaf.png\",\"width\":1024,\"height\":768},{\"@type\":\"BreadcrumbList\",\"@id\":\"https:\/\/polscy-kierowcy.pl\/jak-mezczyzni-stylizuja-niebieska-kurtke-przyklady\/#breadcrumb\",\"itemListElement\":[{\"@type\":\"ListItem\",\"position\":1,\"name\":\"Home\",\"item\":\"https:\/\/polscy-kierowcy.pl\/\"},{\"@type\":\"ListItem\",\"position\":2,\"name\":\"Jak m\u0119\u017cczy\u017ani stylizuj\u0105 niebiesk\u0105 kurtk\u0119? Przyk\u0142ady\"}]},{\"@type\":\"WebSite\",\"@id\":\"https:\/\/polscy-kierowcy.pl\/#website\",\"url\":\"https:\/\/polscy-kierowcy.pl\/\",\"name\":\"polscy-kierowcy.pl\",\"description\":\"Tureckie sukienki: pi\u0119kno w tradycji.\",\"potentialAction\":[{\"@type\":\"SearchAction\",\"target\":{\"@type\":\"EntryPoint\",\"urlTemplate\":\"https:\/\/polscy-kierowcy.pl\/?s={search_term_string}\"},\"query-input\":\"required name=search_term_string\"}],\"inLanguage\":\"ro-RO\"},{\"@type\":\"Person\",\"@id\":\"https:\/\/polscy-kierowcy.pl\/#\/schema\/person\/66f7250202134445459bce344c706e46\",\"name\":\"Paulina Kruk\",\"image\":{\"@type\":\"ImageObject\",\"inLanguage\":\"ro-RO\",\"@id\":\"https:\/\/polscy-kierowcy.pl\/#\/schema\/person\/image\/\",\"url\":\"https:\/\/polscy-kierowcy.pl\/wp-content\/uploads\/ivyzxaomvy6_ad_avatar-96x96.jpg\",\"contentUrl\":\"https:\/\/polscy-kierowcy.pl\/wp-content\/uploads\/ivyzxaomvy6_ad_avatar-96x96.jpg\",\"caption\":\"Paulina Kruk\"},\"description\":\"Paulina Kruk to do\u015bwiadczona specjalistka w dziedzinie mody, prowadz\u0105ca w\u0142asny sklep odzie\u017cowy w Pilaszkowie. Jej pasja do mody i zaanga\u017cowanie w bran\u017cy odzie\u017cowej pozwalaj\u0105 jej na tworzenie unikatowych stylizacji, kt\u00f3re \u0142\u0105cz\u0105 elegancj\u0119 z codziennym komfortem.\",\"url\":\"https:\/\/polscy-kierowcy.pl\/ro\/author\/paulina-kruk\/\"}]}<\/script>\n<!-- \/ Yoast SEO plugin. -->","yoast_head_json":{"title":"Jak m\u0119\u017cczy\u017ani stylizuj\u0105 niebiesk\u0105 kurtk\u0119? Przyk\u0142ady na r\u00f3\u017cne okazje","description":"Odkryj r\u00f3\u017cnorodne stylizacje z niebiesk\u0105 kurtk\u0105, gdy przedstawiamy fasony, dodatki i wskaz\u00f3wki na r\u00f3\u017cne okazje.","robots":{"index":"index","follow":"follow","max-snippet":"max-snippet:-1","max-image-preview":"max-image-preview:large","max-video-preview":"max-video-preview:-1"},"canonical":"https:\/\/polscy-kierowcy.pl\/ro\/jak-mezczyzni-stylizuja-niebieska-kurtke-przyklady\/","og_locale":"ro_RO","og_type":"article","og_title":"Jak m\u0119\u017cczy\u017ani stylizuj\u0105 niebiesk\u0105 kurtk\u0119? Przyk\u0142ady na r\u00f3\u017cne okazje","og_description":"Odkryj r\u00f3\u017cnorodne stylizacje z niebiesk\u0105 kurtk\u0105, gdy przedstawiamy fasony, dodatki i wskaz\u00f3wki na r\u00f3\u017cne okazje.","og_url":"https:\/\/polscy-kierowcy.pl\/ro\/jak-mezczyzni-stylizuja-niebieska-kurtke-przyklady\/","og_site_name":"polscy-kierowcy.pl","article_published_time":"2025-01-25T00:00:00+00:00","og_image":[{"width":1024,"height":768,"url":"https:\/\/polscy-kierowcy.pl\/wp-content\/uploads\/imageaaa6fbc159d14799ae0d4051bf1cfcaf.png","type":"image\/png"}],"author":"Paulina Kruk","twitter_card":"summary_large_image","twitter_misc":{"Scris de":"Paulina Kruk","Timp estimat pentru citire":"4 minute"},"schema":{"@context":"https:\/\/schema.org","@graph":[{"@type":"WebPage","@id":"https:\/\/polscy-kierowcy.pl\/jak-mezczyzni-stylizuja-niebieska-kurtke-przyklady\/","url":"https:\/\/polscy-kierowcy.pl\/jak-mezczyzni-stylizuja-niebieska-kurtke-przyklady\/","name":"Jak m\u0119\u017cczy\u017ani stylizuj\u0105 niebiesk\u0105 kurtk\u0119? Przyk\u0142ady na r\u00f3\u017cne okazje","isPartOf":{"@id":"https:\/\/polscy-kierowcy.pl\/#website"},"primaryImageOfPage":{"@id":"https:\/\/polscy-kierowcy.pl\/jak-mezczyzni-stylizuja-niebieska-kurtke-przyklady\/#primaryimage"},"image":{"@id":"https:\/\/polscy-kierowcy.pl\/jak-mezczyzni-stylizuja-niebieska-kurtke-przyklady\/#primaryimage"},"thumbnailUrl":"https:\/\/polscy-kierowcy.pl\/wp-content\/uploads\/imageaaa6fbc159d14799ae0d4051bf1cfcaf.png","datePublished":"2025-01-25T00:00:00+00:00","dateModified":"2025-01-25T00:00:00+00:00","author":{"@id":"https:\/\/polscy-kierowcy.pl\/#\/schema\/person\/66f7250202134445459bce344c706e46"},"description":"Odkryj r\u00f3\u017cnorodne stylizacje z niebiesk\u0105 kurtk\u0105, gdy przedstawiamy fasony, dodatki i wskaz\u00f3wki na r\u00f3\u017cne okazje.","breadcrumb":{"@id":"https:\/\/polscy-kierowcy.pl\/jak-mezczyzni-stylizuja-niebieska-kurtke-przyklady\/#breadcrumb"},"inLanguage":"ro-RO","potentialAction":[{"@type":"ReadAction","target":["https:\/\/polscy-kierowcy.pl\/jak-mezczyzni-stylizuja-niebieska-kurtke-przyklady\/"]}]},{"@type":"ImageObject","inLanguage":"ro-RO","@id":"https:\/\/polscy-kierowcy.pl\/jak-mezczyzni-stylizuja-niebieska-kurtke-przyklady\/#primaryimage","url":"https:\/\/polscy-kierowcy.pl\/wp-content\/uploads\/imageaaa6fbc159d14799ae0d4051bf1cfcaf.png","contentUrl":"https:\/\/polscy-kierowcy.pl\/wp-content\/uploads\/imageaaa6fbc159d14799ae0d4051bf1cfcaf.png","width":1024,"height":768},{"@type":"BreadcrumbList","@id":"https:\/\/polscy-kierowcy.pl\/jak-mezczyzni-stylizuja-niebieska-kurtke-przyklady\/#breadcrumb","itemListElement":[{"@type":"ListItem","position":1,"name":"Home","item":"https:\/\/polscy-kierowcy.pl\/"},{"@type":"ListItem","position":2,"name":"Jak m\u0119\u017cczy\u017ani stylizuj\u0105 niebiesk\u0105 kurtk\u0119? Przyk\u0142ady"}]},{"@type":"WebSite","@id":"https:\/\/polscy-kierowcy.pl\/#website","url":"https:\/\/polscy-kierowcy.pl\/","name":"polscy-kierowcy.pl","description":"Tureckie sukienki: pi\u0119kno w tradycji.","potentialAction":[{"@type":"SearchAction","target":{"@type":"EntryPoint","urlTemplate":"https:\/\/polscy-kierowcy.pl\/?s={search_term_string}"},"query-input":"required name=search_term_string"}],"inLanguage":"ro-RO"},{"@type":"Person","@id":"https:\/\/polscy-kierowcy.pl\/#\/schema\/person\/66f7250202134445459bce344c706e46","name":"Paulina Kruk","image":{"@type":"ImageObject","inLanguage":"ro-RO","@id":"https:\/\/polscy-kierowcy.pl\/#\/schema\/person\/image\/","url":"https:\/\/polscy-kierowcy.pl\/wp-content\/uploads\/ivyzxaomvy6_ad_avatar-96x96.jpg","contentUrl":"https:\/\/polscy-kierowcy.pl\/wp-content\/uploads\/ivyzxaomvy6_ad_avatar-96x96.jpg","caption":"Paulina Kruk"},"description":"Paulina Kruk to do\u015bwiadczona specjalistka w dziedzinie mody, prowadz\u0105ca w\u0142asny sklep odzie\u017cowy w Pilaszkowie. Jej pasja do mody i zaanga\u017cowanie w bran\u017cy odzie\u017cowej pozwalaj\u0105 jej na tworzenie unikatowych stylizacji, kt\u00f3re \u0142\u0105cz\u0105 elegancj\u0119 z codziennym komfortem.","url":"https:\/\/polscy-kierowcy.pl\/ro\/author\/paulina-kruk\/"}]}},"yoast_meta":{"yoast_wpseo_title":"","yoast_wpseo_metadesc":"","yoast_wpseo_canonical":"https:\/\/polscy-kierowcy.pl\/ro\/wp-json\/wp\/v2\/posts\/373"},"_links":{"self":[{"href":"https:\/\/polscy-kierowcy.pl\/ro\/wp-json\/wp\/v2\/posts\/373"}],"collection":[{"href":"https:\/\/polscy-kierowcy.pl\/ro\/wp-json\/wp\/v2\/posts"}],"about":[{"href":"https:\/\/polscy-kierowcy.pl\/ro\/wp-json\/wp\/v2\/types\/post"}],"author":[{"embeddable":true,"href":"https:\/\/polscy-kierowcy.pl\/ro\/wp-json\/wp\/v2\/users\/1"}],"replies":[{"embeddable":true,"href":"https:\/\/polscy-kierowcy.pl\/ro\/wp-json\/wp\/v2\/comments?post=373"}],"version-history":[{"count":1,"href":"https:\/\/polscy-kierowcy.pl\/ro\/wp-json\/wp\/v2\/posts\/373\/revisions"}],"predecessor-version":[{"id":383,"href":"https:\/\/polscy-kierowcy.pl\/ro\/wp-json\/wp\/v2\/posts\/373\/revisions\/383"}],"wp:featuredmedia":[{"embeddable":true,"href":"https:\/\/polscy-kierowcy.pl\/ro\/wp-json\/wp\/v2\/media\/364"}],"wp:attachment":[{"href":"https:\/\/polscy-kierowcy.pl\/ro\/wp-json\/wp\/v2\/media?parent=373"}],"wp:term":[{"taxonomy":"category","embeddable":true,"href":"https:\/\/polscy-kierowcy.pl\/ro\/wp-json\/wp\/v2\/categories?post=373"},{"taxonomy":"post_tag","embeddable":true,"href":"https:\/\/polscy-kierowcy.pl\/ro\/wp-json\/wp\/v2\/tags?post=373"}],"curies":[{"name":"wp","href":"https:\/\/api.w.org\/{rel}","templated":true}]}}