{"id":371,"date":"2025-01-26T00:00:00","date_gmt":"2025-01-26T00:00:00","guid":{"rendered":"https:\/\/polscy-kierowcy.pl\/?p=371"},"modified":"2025-01-26T00:00:00","modified_gmt":"2025-01-26T00:00:00","slug":"co-zrobic-z-ubraniami-ktore-nie-mieszcza-sie-w-szafie","status":"publish","type":"post","link":"https:\/\/polscy-kierowcy.pl\/ro\/co-zrobic-z-ubraniami-ktore-nie-mieszcza-sie-w-szafie\/","title":{"rendered":"Ce s\u0103 faci cu hainele care nu \u00eencap \u00een dulap?"},"content":{"rendered":"<div class=\"kk-star-ratings kksr-auto kksr-align-left kksr-valign-top\"\n    data-payload='{&quot;align&quot;:&quot;left&quot;,&quot;id&quot;:&quot;371&quot;,&quot;slug&quot;:&quot;default&quot;,&quot;valign&quot;:&quot;top&quot;,&quot;ignore&quot;:&quot;&quot;,&quot;reference&quot;:&quot;auto&quot;,&quot;class&quot;:&quot;&quot;,&quot;count&quot;:&quot;0&quot;,&quot;legendonly&quot;:&quot;&quot;,&quot;readonly&quot;:&quot;&quot;,&quot;score&quot;:&quot;0&quot;,&quot;starsonly&quot;:&quot;&quot;,&quot;best&quot;:&quot;5&quot;,&quot;gap&quot;:&quot;5&quot;,&quot;greet&quot;:&quot;&quot;,&quot;legend&quot;:&quot;0\\\/5 - (0 votes)&quot;,&quot;size&quot;:&quot;24&quot;,&quot;title&quot;:&quot;Co zrobi\u0107 z ubraniami, kt\u00f3re nie mieszcz\u0105 si\u0119 w szafie?&quot;,&quot;width&quot;:&quot;0&quot;,&quot;_legend&quot;:&quot;{score}\\\/{best} - ({count} {votes})&quot;,&quot;font_factor&quot;:&quot;1.25&quot;}'>\n            \n<div class=\"kksr-stars\">\n    \n<div class=\"kksr-stars-inactive\">\n            <div class=\"kksr-star\" data-star=\"1\" style=\"padding-right: 5px\">\n            \n\n<div class=\"kksr-icon\" style=\"width: 24px; height: 24px;\"><\/div>\n        <\/div>\n            <div class=\"kksr-star\" data-star=\"2\" style=\"padding-right: 5px\">\n            \n\n<div class=\"kksr-icon\" style=\"width: 24px; height: 24px;\"><\/div>\n        <\/div>\n            <div class=\"kksr-star\" data-star=\"3\" style=\"padding-right: 5px\">\n            \n\n<div class=\"kksr-icon\" style=\"width: 24px; height: 24px;\"><\/div>\n        <\/div>\n            <div class=\"kksr-star\" data-star=\"4\" style=\"padding-right: 5px\">\n            \n\n<div class=\"kksr-icon\" style=\"width: 24px; height: 24px;\"><\/div>\n        <\/div>\n            <div class=\"kksr-star\" data-star=\"5\" style=\"padding-right: 5px\">\n            \n\n<div class=\"kksr-icon\" style=\"width: 24px; height: 24px;\"><\/div>\n        <\/div>\n    <\/div>\n    \n<div class=\"kksr-stars-active\" style=\"width: 0px;\">\n            <div class=\"kksr-star\" style=\"padding-right: 5px\">\n            \n\n<div class=\"kksr-icon\" style=\"width: 24px; height: 24px;\"><\/div>\n        <\/div>\n            <div class=\"kksr-star\" style=\"padding-right: 5px\">\n            \n\n<div class=\"kksr-icon\" style=\"width: 24px; height: 24px;\"><\/div>\n        <\/div>\n            <div class=\"kksr-star\" style=\"padding-right: 5px\">\n            \n\n<div class=\"kksr-icon\" style=\"width: 24px; height: 24px;\"><\/div>\n        <\/div>\n            <div class=\"kksr-star\" style=\"padding-right: 5px\">\n            \n\n<div class=\"kksr-icon\" style=\"width: 24px; height: 24px;\"><\/div>\n        <\/div>\n            <div class=\"kksr-star\" style=\"padding-right: 5px\">\n            \n\n<div class=\"kksr-icon\" style=\"width: 24px; height: 24px;\"><\/div>\n        <\/div>\n    <\/div>\n<\/div>\n                \n\n<div class=\"kksr-legend\" style=\"font-size: 19.2px;\">\n            <span class=\"kksr-muted\"><\/span>\n    <\/div>\n    <\/div>\n<p>Odat\u0103 cu cre\u0219terea num\u0103rului de achizi\u021bii \u0219i a schimb\u0103rilor \u00een mod\u0103, mul\u021bi dintre noi ne confrunt\u0103m cu provocarea de a avea prea multe haine. Dulapul, odinioar\u0103 o surs\u0103 de bucurie \u0219i inspira\u021bie, se transform\u0103 \u00eentr-un spa\u021biu plin de haos \u0219i frustrare. Acumuleaz\u0103 articole vestimentare nu doar prea mici sau prea mari, ci \u0219i pe cele care pur \u0219i simplu nu ne mai plac. A fi cople\u0219i\u021bi de cantitatea de lucruri pe care le de\u021binem poate provoca un sentiment de vinov\u0103\u021bie, precum \u0219i o dorin\u021b\u0103 redus\u0103 de a purta hainele din garderob\u0103.<br \/> Deci, cum preiei controlul asupra regatului t\u0103u croitoriei?<\/p>\n<p>Nu este suficient s\u0103 \u00eencui pur \u0219i simplu dulapul. Este important s\u0103 abord\u0103m problema \u00eentr-un mod atent \u0219i organizat. Acest proces \u00eencepe cu o analiz\u0103 onest\u0103 a resurselor \u0219i o evaluare a ceea ce avem cu adev\u0103rat nevoie. \u00cen acest articol, vom prezenta diverse metode de gestionare a hainelor \u00een exces, care cu siguran\u021b\u0103 v\u0103 vor ajuta s\u0103 v\u0103 organiza\u021bi garderoba. De la sortarea temeinic\u0103 la metode creative de reciclare creativ\u0103 - v\u0103 invit s\u0103 citi\u021bi mai departe pentru a g\u0103si r\u0103spunsurile la \u00eentreb\u0103rile dumneavoastr\u0103.<\/p>\n<h2>De ce se adun\u0103 hainele?<\/h2>\n<p><img decoding=\"async\" alt=\"Kobieta w swetrze siedzi na kanapie, sortuj\u0105c stert\u0119 kolorowych ubra\u0144 w przytulnym pomieszczeniu.\" src=\"https:\/\/polscy-kierowcy.pl\/wp-content\/uploads\/image91dac11308a64f99ae8ed4b98879dc24.png\"\/><\/p>\n<p>Problemele legate de excesul de haine sunt adesea rezultatul obiceiurilor noastre de cump\u0103r\u0103turi. Atunci c\u00e2nd cump\u0103r\u0103m mai multe articole, tindem s\u0103 uit\u0103m de ceea ce avem deja, ceea ce duce la acumularea de lucruri. Este posibil s\u0103 r\u0103spundem adesea unor nevoi de moment, emo\u021bii sau bunei dispozi\u021bii a unei promo\u021bii, care nu satisface nevoi reale. \u00cen schimb, de-a lungul anilor, colec\u021bion\u0103m articole care nu sunt potrivite stilului nostru de via\u021b\u0103 sau gustului nostru.<br \/> Obiceiul de a face cump\u0103r\u0103turi frecvente ne face dificil s\u0103 renun\u021b\u0103m la haine frumoase, dar nepractice. Cu toate acestea, o astfel de atitudine duce la stagnare \u0219i frustrare. De aceea, merit\u0103 s\u0103 \u00eenv\u0103\u021b\u0103m s\u0103 abord\u0103m cump\u0103r\u0103turile \u0219i s\u0103 ne gestion\u0103m propria garderob\u0103 cu \u00een\u021belepciune.<\/p>\n<h2>Cum s\u0103 organizezi o garderob\u0103 existent\u0103?<\/h2>\n<p><img decoding=\"async\" alt=\"St\u00f3\u0142 z r\u00f3\u017cnokolorowymi ubraniami i butami w sklepie odzie\u017cowym, w tle p\u00f3\u0142ki z odzie\u017c\u0105.\" src=\"https:\/\/polscy-kierowcy.pl\/wp-content\/uploads\/image6a4c0e9b5ff249b59f5304463637c4d7.png\"\/><\/p>\n<p>Pentru a-\u021bi organiza eficient garderoba, un pas cheie este s\u0103-\u021bi sortezi cu aten\u021bie hainele. Le po\u021bi \u00eemp\u0103r\u021bi \u00een mai multe categorii importante, care te vor ajuta s\u0103 evaluezi rapid de ce ai nevoie cu adev\u0103rat. Acest proces nu numai c\u0103 \u00ee\u021bi re\u00eemprosp\u0103teaz\u0103 spa\u021biul, dar te ajut\u0103 \u0219i s\u0103 descoperi ce ai deja.<\/p>\n<ul>\n<li>Haine pe care le por\u021bi \u00een mod regulat<\/li>\n<li>Haine purtate \u00een ultimele 12 luni<\/li>\n<li>Haine deteriorate sau nepotrivite<\/li>\n<\/ul>\n<p>Nu uita, atunci c\u00e2nd sortezi, merit\u0103 s\u0103-\u021bi pui \u00eentreb\u0103ri despre bunurile tale. C\u00e2t de des por\u021bi un anumit articol vestimentar? Te sim\u021bi cu adev\u0103rat confortabil \u00een el? Ar putea merita s\u0103 iei \u00een considerare alte op\u021biuni \u00een loc s\u0103 acumulezi haine care pur \u0219i simplu ocup\u0103 spa\u021biu. \u00cen lupta noastr\u0103 \u00eempotriva haosului, uneori cea mai grea decizie este s\u0103 decizi ce ar trebui s\u0103 r\u0103m\u00e2n\u0103 \u0219i ce ar trebui donat sau v\u00e2ndut. Iat\u0103 c\u00e2teva sugestii care s\u0103 te ajute \u00een acest proces.<\/p>\n<h2>Ce s\u0103 faci cu hainele \u00een exces?<\/h2>\n<p>C\u00e2nd \u00ee\u021bi sortezi hainele, cu siguran\u021b\u0103 vei da peste unele de care nu mai ai nevoie. Merit\u0103 s\u0103 te g\u00e2nde\u0219ti ce s\u0103 faci cu ele. Iat\u0103 c\u00e2teva metode populare care \u00ee\u021bi vor permite s\u0103 c\u00e2\u0219tigi spa\u021biu \u00een dulap:<\/p>\n<h3>Returnarea hainelor<\/h3>\n<p>Cea mai bun\u0103 \u0219i mai u\u0219oar\u0103 modalitate de a sc\u0103pa de obiectele inutile este s\u0103 le oferi\u021bi mai departe. Pute\u021bi lua \u00een considerare diferite modalit\u0103\u021bi de a da haine mai departe:<\/p>\n<ul>\n<li>Retribuirea organiza\u021biilor caritabile locale<\/li>\n<li>Cadou pentru prieteni sau familie<\/li>\n<li>Folosirea grupurilor de suport online unde po\u021bi g\u0103si persoane aflate \u00een nevoie<\/li>\n<\/ul>\n<h3>V\u00e2nzarea de haine<\/h3>\n<p>Dac\u0103 ave\u021bi haine \u00een stare bun\u0103, a\u021bi putea lua \u00een considerare v\u00e2nzarea lor \u00een loc s\u0103 le oferi\u021bi. Iat\u0103 c\u00e2teva platforme care func\u021bioneaz\u0103 bine \u00een acest scop:<\/p>\n<table border=\"1\">\n<tr>\n<th>Platform\u0103<\/th>\n<th>Caracteristic\u0103<\/th>\n<\/tr>\n<tr>\n<td>Allegro<\/td>\n<td>Pia\u021b\u0103 intern\u0103 cu o baz\u0103 mare de utilizatori<\/td>\n<\/tr>\n<tr>\n<td>Vinted<\/td>\n<td>O platform\u0103 axat\u0103 pe \u00eembr\u0103c\u0103minte \u0219i accesorii<\/td>\n<\/tr>\n<tr>\n<td>OLX<\/td>\n<td>V\u00e2nz\u0103ri locale, adesea contact direct cu cump\u0103r\u0103torul<\/td>\n<\/tr>\n<\/table>\n<p>Fiecare dintre aceste platforme are avantajele sale, a\u0219a c\u0103 merit\u0103 s\u0103 o g\u0103se\u0219ti pe cea care se potrive\u0219te cel mai bine nevoilor tale.<\/p>\n<h2>Men\u021binerea ordinii \u00een viitor<\/h2>\n<p>Pentru a evita revenirea la problema excesului de haine, merit\u0103 s\u0103 adopta\u021bi c\u00e2teva obiceiuri s\u0103n\u0103toase de cump\u0103r\u0103turi. Mai \u00eent\u00e2i, g\u00e2ndi\u021bi-v\u0103 dac\u0103 o anumit\u0103 achizi\u021bie este cu adev\u0103rat necesar\u0103. \u00cenainte de a cump\u0103ra, g\u00e2ndi\u021bi-v\u0103 cum se potrive\u0219te un anumit articol vestimentar \u00een garderoba dvs. existent\u0103 \u0219i cum va fi folosit \u00een diferite stiluri.<\/p>\n<p>Pentru a preveni un blocaj viitor, merit\u0103 s\u0103 creezi un plan de cump\u0103r\u0103turi. \u00cencearc\u0103 s\u0103 abordezi achizi\u021biile \u00een mod con\u0219tient, acord\u00e2nd aten\u021bie calit\u0103\u021bii \u0219i func\u021bionalit\u0103\u021bii. Iat\u0103 c\u00e2teva sfaturi:<\/p>\n<ul>\n<li>\u00cenainte de a cump\u0103ra, stabile\u0219te o limit\u0103 lunar\u0103 pentru cheltuielile de \u00eembr\u0103c\u0103minte;<\/li>\n<li>F\u0103 o list\u0103 cu lucrurile de care ai nevoie cu adev\u0103rat;<\/li>\n<li>Evita\u021bi s\u0103 face\u021bi cump\u0103r\u0103turi sub influen\u021ba emo\u021biilor de moment.<\/li>\n<\/ul>\n<h2>Rezumat<\/h2>\n<p>Pe scurt, rezolvarea problemei hainelor care nu \u00eencap \u00een dulap necesit\u0103 o abordare con\u0219tient\u0103 \u0219i atent\u0103. Revizuirea, sortarea, donarea, v\u00e2nzarea \u0219i introducerea unor obiceiuri de cump\u0103r\u0103turi adecvate sunt pa\u0219i pe care \u00eei pute\u021bi face pentru a v\u0103 controla garderoba. Nu uita\u021bi c\u0103 gestionarea inteligent\u0103 a hainelor nu este doar o modalitate de a c\u00e2\u0219tiga spa\u021biu, ci \u0219i de a reduce zgomotul din jurul vostru. Fiecare dintre noi poate crea un spa\u021biu de locuit mai organizat, mai spa\u021bios \u0219i mai func\u021bional, \u00een\u021beleg\u00e2nd valoarea simplit\u0103\u021bii \u0219i a minimalismului.<\/p>\n<h2>\u00centreb\u0103ri frecvente<\/h2>\n<ul>\n<li><strong>C\u00e2t de des ar trebui s\u0103 m\u0103 uit prin garderob\u0103?<\/strong> Este recomandat s\u0103 \u00ee\u021bi verifici garderoba cel pu\u021bin o dat\u0103 pe sezon pentru a sc\u0103pa de hainele pe care nu le mai por\u021bi.<\/li>\n<li><strong>Pot returna haine care sunt u\u0219or deteriorate?<\/strong> Da, multe organiza\u021bii caritabile accept\u0103 haine cu deterior\u0103ri minore. Asigura\u021bi-v\u0103 doar c\u0103 sunt \u00eentr-o stare acceptabil\u0103.<\/li>\n<li><strong>Care sunt cele mai populare platforme de v\u00e2nzare a hainelor?<\/strong> \u00cen Polonia, platforme precum Vinted, Allegro \u0219i OLX sunt populare.<\/li>\n<li><strong>Ce s\u0103 faci cu hainele deteriorate?<\/strong> Hainele care sunt potrivite doar pentru a fi aruncate pot fi trimise la reciclarea textilelor sau folosite ca materiale DIY.<\/li>\n<\/ul>","protected":false},"excerpt":{"rendered":"<p>W obliczu rosn\u0105cej liczby zakup\u00f3w oraz zmian w modzie, wielu z nas staje przed wyzwaniem nadmiaru ubra\u0144. Szafa, kt\u00f3ra niegdy\u015b by\u0142a \u017ar\u00f3d\u0142em rado\u015bci i inspiracji, zamienia si\u0119 w przestrze\u0144 pe\u0142n\u0105 chaosu i frustracji. Zbieraj\u0105 si\u0119 w niej elementy odzie\u017cy, kt\u00f3re s\u0105 nie tylko zbyt ma\u0142e lub zbyt du\u017ce, ale tak\u017ce te, kt\u00f3re po prostu przesta\u0142y [&hellip;]<\/p>","protected":false},"author":1,"featured_media":351,"comment_status":"closed","ping_status":"closed","sticky":false,"template":"","format":"standard","meta":{"_acf_changed":false,"footnotes":""},"categories":[1],"tags":[],"class_list":["post-371","post","type-post","status-publish","format-standard","has-post-thumbnail","hentry","category-blog"],"acf":[],"yoast_head":"<!-- This site is optimized with the Yoast SEO plugin v23.2 - https:\/\/yoast.com\/wordpress\/plugins\/seo\/ -->\n<title>Co zrobi\u0107 z ubraniami, kt\u00f3re nie mieszcz\u0105 si\u0119 w szafie? Praktyczne porady i rozwi\u0105zania<\/title>\n<meta name=\"description\" content=\"Dowiedz si\u0119, jak skutecznie uporz\u0105dkowa\u0107 garderob\u0119, odda\u0107, sprzeda\u0107 lub przerobi\u0107 niechciane ubrania z zyskiem dla siebie i innych.\" \/>\n<meta name=\"robots\" content=\"index, follow, max-snippet:-1, max-image-preview:large, max-video-preview:-1\" \/>\n<link rel=\"canonical\" href=\"https:\/\/polscy-kierowcy.pl\/ro\/co-zrobic-z-ubraniami-ktore-nie-mieszcza-sie-w-szafie\/\" \/>\n<meta property=\"og:locale\" content=\"ro_RO\" \/>\n<meta property=\"og:type\" content=\"article\" \/>\n<meta property=\"og:title\" content=\"Co zrobi\u0107 z ubraniami, kt\u00f3re nie mieszcz\u0105 si\u0119 w szafie? Praktyczne porady i rozwi\u0105zania\" \/>\n<meta property=\"og:description\" content=\"Dowiedz si\u0119, jak skutecznie uporz\u0105dkowa\u0107 garderob\u0119, odda\u0107, sprzeda\u0107 lub przerobi\u0107 niechciane ubrania z zyskiem dla siebie i innych.\" \/>\n<meta property=\"og:url\" content=\"https:\/\/polscy-kierowcy.pl\/ro\/co-zrobic-z-ubraniami-ktore-nie-mieszcza-sie-w-szafie\/\" \/>\n<meta property=\"og:site_name\" content=\"polscy-kierowcy.pl\" \/>\n<meta property=\"article:published_time\" content=\"2025-01-26T00:00:00+00:00\" \/>\n<meta property=\"og:image\" content=\"https:\/\/polscy-kierowcy.pl\/wp-content\/uploads\/imagef61a8e1bdb134829bf9e7a0a44ec7bf0.png\" \/>\n\t<meta property=\"og:image:width\" content=\"1024\" \/>\n\t<meta property=\"og:image:height\" content=\"768\" \/>\n\t<meta property=\"og:image:type\" content=\"image\/png\" \/>\n<meta name=\"author\" content=\"Paulina Kruk\" \/>\n<meta name=\"twitter:card\" content=\"summary_large_image\" \/>\n<meta name=\"twitter:label1\" content=\"Scris de\" \/>\n\t<meta name=\"twitter:data1\" content=\"Paulina Kruk\" \/>\n\t<meta name=\"twitter:label2\" content=\"Timp estimat pentru citire\" \/>\n\t<meta name=\"twitter:data2\" content=\"5 minute\" \/>\n<script type=\"application\/ld+json\" class=\"yoast-schema-graph\">{\"@context\":\"https:\/\/schema.org\",\"@graph\":[{\"@type\":\"WebPage\",\"@id\":\"https:\/\/polscy-kierowcy.pl\/co-zrobic-z-ubraniami-ktore-nie-mieszcza-sie-w-szafie\/\",\"url\":\"https:\/\/polscy-kierowcy.pl\/co-zrobic-z-ubraniami-ktore-nie-mieszcza-sie-w-szafie\/\",\"name\":\"Co zrobi\u0107 z ubraniami, kt\u00f3re nie mieszcz\u0105 si\u0119 w szafie? Praktyczne porady i rozwi\u0105zania\",\"isPartOf\":{\"@id\":\"https:\/\/polscy-kierowcy.pl\/#website\"},\"primaryImageOfPage\":{\"@id\":\"https:\/\/polscy-kierowcy.pl\/co-zrobic-z-ubraniami-ktore-nie-mieszcza-sie-w-szafie\/#primaryimage\"},\"image\":{\"@id\":\"https:\/\/polscy-kierowcy.pl\/co-zrobic-z-ubraniami-ktore-nie-mieszcza-sie-w-szafie\/#primaryimage\"},\"thumbnailUrl\":\"https:\/\/polscy-kierowcy.pl\/wp-content\/uploads\/imagef61a8e1bdb134829bf9e7a0a44ec7bf0.png\",\"datePublished\":\"2025-01-26T00:00:00+00:00\",\"dateModified\":\"2025-01-26T00:00:00+00:00\",\"author\":{\"@id\":\"https:\/\/polscy-kierowcy.pl\/#\/schema\/person\/66f7250202134445459bce344c706e46\"},\"description\":\"Dowiedz si\u0119, jak skutecznie uporz\u0105dkowa\u0107 garderob\u0119, odda\u0107, sprzeda\u0107 lub przerobi\u0107 niechciane ubrania z zyskiem dla siebie i innych.\",\"breadcrumb\":{\"@id\":\"https:\/\/polscy-kierowcy.pl\/co-zrobic-z-ubraniami-ktore-nie-mieszcza-sie-w-szafie\/#breadcrumb\"},\"inLanguage\":\"ro-RO\",\"potentialAction\":[{\"@type\":\"ReadAction\",\"target\":[\"https:\/\/polscy-kierowcy.pl\/co-zrobic-z-ubraniami-ktore-nie-mieszcza-sie-w-szafie\/\"]}]},{\"@type\":\"ImageObject\",\"inLanguage\":\"ro-RO\",\"@id\":\"https:\/\/polscy-kierowcy.pl\/co-zrobic-z-ubraniami-ktore-nie-mieszcza-sie-w-szafie\/#primaryimage\",\"url\":\"https:\/\/polscy-kierowcy.pl\/wp-content\/uploads\/imagef61a8e1bdb134829bf9e7a0a44ec7bf0.png\",\"contentUrl\":\"https:\/\/polscy-kierowcy.pl\/wp-content\/uploads\/imagef61a8e1bdb134829bf9e7a0a44ec7bf0.png\",\"width\":1024,\"height\":768},{\"@type\":\"BreadcrumbList\",\"@id\":\"https:\/\/polscy-kierowcy.pl\/co-zrobic-z-ubraniami-ktore-nie-mieszcza-sie-w-szafie\/#breadcrumb\",\"itemListElement\":[{\"@type\":\"ListItem\",\"position\":1,\"name\":\"Home\",\"item\":\"https:\/\/polscy-kierowcy.pl\/\"},{\"@type\":\"ListItem\",\"position\":2,\"name\":\"Co zrobi\u0107 z ubraniami, kt\u00f3re nie mieszcz\u0105 si\u0119 w szafie?\"}]},{\"@type\":\"WebSite\",\"@id\":\"https:\/\/polscy-kierowcy.pl\/#website\",\"url\":\"https:\/\/polscy-kierowcy.pl\/\",\"name\":\"polscy-kierowcy.pl\",\"description\":\"Tureckie sukienki: pi\u0119kno w tradycji.\",\"potentialAction\":[{\"@type\":\"SearchAction\",\"target\":{\"@type\":\"EntryPoint\",\"urlTemplate\":\"https:\/\/polscy-kierowcy.pl\/?s={search_term_string}\"},\"query-input\":\"required name=search_term_string\"}],\"inLanguage\":\"ro-RO\"},{\"@type\":\"Person\",\"@id\":\"https:\/\/polscy-kierowcy.pl\/#\/schema\/person\/66f7250202134445459bce344c706e46\",\"name\":\"Paulina Kruk\",\"image\":{\"@type\":\"ImageObject\",\"inLanguage\":\"ro-RO\",\"@id\":\"https:\/\/polscy-kierowcy.pl\/#\/schema\/person\/image\/\",\"url\":\"https:\/\/polscy-kierowcy.pl\/wp-content\/uploads\/ivyzxaomvy6_ad_avatar-96x96.jpg\",\"contentUrl\":\"https:\/\/polscy-kierowcy.pl\/wp-content\/uploads\/ivyzxaomvy6_ad_avatar-96x96.jpg\",\"caption\":\"Paulina Kruk\"},\"description\":\"Paulina Kruk to do\u015bwiadczona specjalistka w dziedzinie mody, prowadz\u0105ca w\u0142asny sklep odzie\u017cowy w Pilaszkowie. Jej pasja do mody i zaanga\u017cowanie w bran\u017cy odzie\u017cowej pozwalaj\u0105 jej na tworzenie unikatowych stylizacji, kt\u00f3re \u0142\u0105cz\u0105 elegancj\u0119 z codziennym komfortem.\",\"url\":\"https:\/\/polscy-kierowcy.pl\/ro\/author\/paulina-kruk\/\"}]}<\/script>\n<!-- \/ Yoast SEO plugin. -->","yoast_head_json":{"title":"Co zrobi\u0107 z ubraniami, kt\u00f3re nie mieszcz\u0105 si\u0119 w szafie? Praktyczne porady i rozwi\u0105zania","description":"Dowiedz si\u0119, jak skutecznie uporz\u0105dkowa\u0107 garderob\u0119, odda\u0107, sprzeda\u0107 lub przerobi\u0107 niechciane ubrania z zyskiem dla siebie i innych.","robots":{"index":"index","follow":"follow","max-snippet":"max-snippet:-1","max-image-preview":"max-image-preview:large","max-video-preview":"max-video-preview:-1"},"canonical":"https:\/\/polscy-kierowcy.pl\/ro\/co-zrobic-z-ubraniami-ktore-nie-mieszcza-sie-w-szafie\/","og_locale":"ro_RO","og_type":"article","og_title":"Co zrobi\u0107 z ubraniami, kt\u00f3re nie mieszcz\u0105 si\u0119 w szafie? Praktyczne porady i rozwi\u0105zania","og_description":"Dowiedz si\u0119, jak skutecznie uporz\u0105dkowa\u0107 garderob\u0119, odda\u0107, sprzeda\u0107 lub przerobi\u0107 niechciane ubrania z zyskiem dla siebie i innych.","og_url":"https:\/\/polscy-kierowcy.pl\/ro\/co-zrobic-z-ubraniami-ktore-nie-mieszcza-sie-w-szafie\/","og_site_name":"polscy-kierowcy.pl","article_published_time":"2025-01-26T00:00:00+00:00","og_image":[{"width":1024,"height":768,"url":"https:\/\/polscy-kierowcy.pl\/wp-content\/uploads\/imagef61a8e1bdb134829bf9e7a0a44ec7bf0.png","type":"image\/png"}],"author":"Paulina Kruk","twitter_card":"summary_large_image","twitter_misc":{"Scris de":"Paulina Kruk","Timp estimat pentru citire":"5 minute"},"schema":{"@context":"https:\/\/schema.org","@graph":[{"@type":"WebPage","@id":"https:\/\/polscy-kierowcy.pl\/co-zrobic-z-ubraniami-ktore-nie-mieszcza-sie-w-szafie\/","url":"https:\/\/polscy-kierowcy.pl\/co-zrobic-z-ubraniami-ktore-nie-mieszcza-sie-w-szafie\/","name":"Co zrobi\u0107 z ubraniami, kt\u00f3re nie mieszcz\u0105 si\u0119 w szafie? Praktyczne porady i rozwi\u0105zania","isPartOf":{"@id":"https:\/\/polscy-kierowcy.pl\/#website"},"primaryImageOfPage":{"@id":"https:\/\/polscy-kierowcy.pl\/co-zrobic-z-ubraniami-ktore-nie-mieszcza-sie-w-szafie\/#primaryimage"},"image":{"@id":"https:\/\/polscy-kierowcy.pl\/co-zrobic-z-ubraniami-ktore-nie-mieszcza-sie-w-szafie\/#primaryimage"},"thumbnailUrl":"https:\/\/polscy-kierowcy.pl\/wp-content\/uploads\/imagef61a8e1bdb134829bf9e7a0a44ec7bf0.png","datePublished":"2025-01-26T00:00:00+00:00","dateModified":"2025-01-26T00:00:00+00:00","author":{"@id":"https:\/\/polscy-kierowcy.pl\/#\/schema\/person\/66f7250202134445459bce344c706e46"},"description":"Dowiedz si\u0119, jak skutecznie uporz\u0105dkowa\u0107 garderob\u0119, odda\u0107, sprzeda\u0107 lub przerobi\u0107 niechciane ubrania z zyskiem dla siebie i innych.","breadcrumb":{"@id":"https:\/\/polscy-kierowcy.pl\/co-zrobic-z-ubraniami-ktore-nie-mieszcza-sie-w-szafie\/#breadcrumb"},"inLanguage":"ro-RO","potentialAction":[{"@type":"ReadAction","target":["https:\/\/polscy-kierowcy.pl\/co-zrobic-z-ubraniami-ktore-nie-mieszcza-sie-w-szafie\/"]}]},{"@type":"ImageObject","inLanguage":"ro-RO","@id":"https:\/\/polscy-kierowcy.pl\/co-zrobic-z-ubraniami-ktore-nie-mieszcza-sie-w-szafie\/#primaryimage","url":"https:\/\/polscy-kierowcy.pl\/wp-content\/uploads\/imagef61a8e1bdb134829bf9e7a0a44ec7bf0.png","contentUrl":"https:\/\/polscy-kierowcy.pl\/wp-content\/uploads\/imagef61a8e1bdb134829bf9e7a0a44ec7bf0.png","width":1024,"height":768},{"@type":"BreadcrumbList","@id":"https:\/\/polscy-kierowcy.pl\/co-zrobic-z-ubraniami-ktore-nie-mieszcza-sie-w-szafie\/#breadcrumb","itemListElement":[{"@type":"ListItem","position":1,"name":"Home","item":"https:\/\/polscy-kierowcy.pl\/"},{"@type":"ListItem","position":2,"name":"Co zrobi\u0107 z ubraniami, kt\u00f3re nie mieszcz\u0105 si\u0119 w szafie?"}]},{"@type":"WebSite","@id":"https:\/\/polscy-kierowcy.pl\/#website","url":"https:\/\/polscy-kierowcy.pl\/","name":"polscy-kierowcy.pl","description":"Tureckie sukienki: pi\u0119kno w tradycji.","potentialAction":[{"@type":"SearchAction","target":{"@type":"EntryPoint","urlTemplate":"https:\/\/polscy-kierowcy.pl\/?s={search_term_string}"},"query-input":"required name=search_term_string"}],"inLanguage":"ro-RO"},{"@type":"Person","@id":"https:\/\/polscy-kierowcy.pl\/#\/schema\/person\/66f7250202134445459bce344c706e46","name":"Paulina Kruk","image":{"@type":"ImageObject","inLanguage":"ro-RO","@id":"https:\/\/polscy-kierowcy.pl\/#\/schema\/person\/image\/","url":"https:\/\/polscy-kierowcy.pl\/wp-content\/uploads\/ivyzxaomvy6_ad_avatar-96x96.jpg","contentUrl":"https:\/\/polscy-kierowcy.pl\/wp-content\/uploads\/ivyzxaomvy6_ad_avatar-96x96.jpg","caption":"Paulina Kruk"},"description":"Paulina Kruk to do\u015bwiadczona specjalistka w dziedzinie mody, prowadz\u0105ca w\u0142asny sklep odzie\u017cowy w Pilaszkowie. Jej pasja do mody i zaanga\u017cowanie w bran\u017cy odzie\u017cowej pozwalaj\u0105 jej na tworzenie unikatowych stylizacji, kt\u00f3re \u0142\u0105cz\u0105 elegancj\u0119 z codziennym komfortem.","url":"https:\/\/polscy-kierowcy.pl\/ro\/author\/paulina-kruk\/"}]}},"yoast_meta":{"yoast_wpseo_title":"","yoast_wpseo_metadesc":"","yoast_wpseo_canonical":"https:\/\/polscy-kierowcy.pl\/ro\/wp-json\/wp\/v2\/posts\/371"},"_links":{"self":[{"href":"https:\/\/polscy-kierowcy.pl\/ro\/wp-json\/wp\/v2\/posts\/371"}],"collection":[{"href":"https:\/\/polscy-kierowcy.pl\/ro\/wp-json\/wp\/v2\/posts"}],"about":[{"href":"https:\/\/polscy-kierowcy.pl\/ro\/wp-json\/wp\/v2\/types\/post"}],"author":[{"embeddable":true,"href":"https:\/\/polscy-kierowcy.pl\/ro\/wp-json\/wp\/v2\/users\/1"}],"replies":[{"embeddable":true,"href":"https:\/\/polscy-kierowcy.pl\/ro\/wp-json\/wp\/v2\/comments?post=371"}],"version-history":[{"count":1,"href":"https:\/\/polscy-kierowcy.pl\/ro\/wp-json\/wp\/v2\/posts\/371\/revisions"}],"predecessor-version":[{"id":386,"href":"https:\/\/polscy-kierowcy.pl\/ro\/wp-json\/wp\/v2\/posts\/371\/revisions\/386"}],"wp:featuredmedia":[{"embeddable":true,"href":"https:\/\/polscy-kierowcy.pl\/ro\/wp-json\/wp\/v2\/media\/351"}],"wp:attachment":[{"href":"https:\/\/polscy-kierowcy.pl\/ro\/wp-json\/wp\/v2\/media?parent=371"}],"wp:term":[{"taxonomy":"category","embeddable":true,"href":"https:\/\/polscy-kierowcy.pl\/ro\/wp-json\/wp\/v2\/categories?post=371"},{"taxonomy":"post_tag","embeddable":true,"href":"https:\/\/polscy-kierowcy.pl\/ro\/wp-json\/wp\/v2\/tags?post=371"}],"curies":[{"name":"wp","href":"https:\/\/api.w.org\/{rel}","templated":true}]}}