{"id":36,"date":"2024-09-09T13:55:48","date_gmt":"2024-09-09T12:55:48","guid":{"rendered":"https:\/\/polscy-kierowcy.pl\/2024\/09\/09\/jakie-sukienki-sa-odpowiednie-na-kolacje-swiateczna\/"},"modified":"2024-09-23T02:18:55","modified_gmt":"2024-09-23T01:18:55","slug":"jakie-sukienki-sa-odpowiednie-na-kolacje-swiateczna","status":"publish","type":"post","link":"https:\/\/polscy-kierowcy.pl\/ro\/jakie-sukienki-sa-odpowiednie-na-kolacje-swiateczna\/","title":{"rendered":"Ce rochii sunt potrivite pentru o cin\u0103 de Cr\u0103ciun?"},"content":{"rendered":"<div class=\"kk-star-ratings kksr-auto kksr-align-left kksr-valign-top\"\n    data-payload='{&quot;align&quot;:&quot;left&quot;,&quot;id&quot;:&quot;36&quot;,&quot;slug&quot;:&quot;default&quot;,&quot;valign&quot;:&quot;top&quot;,&quot;ignore&quot;:&quot;&quot;,&quot;reference&quot;:&quot;auto&quot;,&quot;class&quot;:&quot;&quot;,&quot;count&quot;:&quot;0&quot;,&quot;legendonly&quot;:&quot;&quot;,&quot;readonly&quot;:&quot;&quot;,&quot;score&quot;:&quot;0&quot;,&quot;starsonly&quot;:&quot;&quot;,&quot;best&quot;:&quot;5&quot;,&quot;gap&quot;:&quot;5&quot;,&quot;greet&quot;:&quot;&quot;,&quot;legend&quot;:&quot;0\\\/5 - (0 votes)&quot;,&quot;size&quot;:&quot;24&quot;,&quot;title&quot;:&quot;Jakie sukienki s\u0105 odpowiednie na kolacj\u0119 \u015bwi\u0105teczn\u0105?&quot;,&quot;width&quot;:&quot;0&quot;,&quot;_legend&quot;:&quot;{score}\\\/{best} - ({count} {votes})&quot;,&quot;font_factor&quot;:&quot;1.25&quot;}'>\n            \n<div class=\"kksr-stars\">\n    \n<div class=\"kksr-stars-inactive\">\n            <div class=\"kksr-star\" data-star=\"1\" style=\"padding-right: 5px\">\n            \n\n<div class=\"kksr-icon\" style=\"width: 24px; height: 24px;\"><\/div>\n        <\/div>\n            <div class=\"kksr-star\" data-star=\"2\" style=\"padding-right: 5px\">\n            \n\n<div class=\"kksr-icon\" style=\"width: 24px; height: 24px;\"><\/div>\n        <\/div>\n            <div class=\"kksr-star\" data-star=\"3\" style=\"padding-right: 5px\">\n            \n\n<div class=\"kksr-icon\" style=\"width: 24px; height: 24px;\"><\/div>\n        <\/div>\n            <div class=\"kksr-star\" data-star=\"4\" style=\"padding-right: 5px\">\n            \n\n<div class=\"kksr-icon\" style=\"width: 24px; height: 24px;\"><\/div>\n        <\/div>\n            <div class=\"kksr-star\" data-star=\"5\" style=\"padding-right: 5px\">\n            \n\n<div class=\"kksr-icon\" style=\"width: 24px; height: 24px;\"><\/div>\n        <\/div>\n    <\/div>\n    \n<div class=\"kksr-stars-active\" style=\"width: 0px;\">\n            <div class=\"kksr-star\" style=\"padding-right: 5px\">\n            \n\n<div class=\"kksr-icon\" style=\"width: 24px; height: 24px;\"><\/div>\n        <\/div>\n            <div class=\"kksr-star\" style=\"padding-right: 5px\">\n            \n\n<div class=\"kksr-icon\" style=\"width: 24px; height: 24px;\"><\/div>\n        <\/div>\n            <div class=\"kksr-star\" style=\"padding-right: 5px\">\n            \n\n<div class=\"kksr-icon\" style=\"width: 24px; height: 24px;\"><\/div>\n        <\/div>\n            <div class=\"kksr-star\" style=\"padding-right: 5px\">\n            \n\n<div class=\"kksr-icon\" style=\"width: 24px; height: 24px;\"><\/div>\n        <\/div>\n            <div class=\"kksr-star\" style=\"padding-right: 5px\">\n            \n\n<div class=\"kksr-icon\" style=\"width: 24px; height: 24px;\"><\/div>\n        <\/div>\n    <\/div>\n<\/div>\n                \n\n<div class=\"kksr-legend\" style=\"font-size: 19.2px;\">\n            <span class=\"kksr-muted\"><\/span>\n    <\/div>\n    <\/div>\n<p>Alegerea unei rochii pentru o cin\u0103 de Cr\u0103ciun poate fi o adev\u0103rat\u0103 provocare, mai ales av\u00e2nd \u00een vedere bog\u0103\u021bia de stiluri \u0219i croieli disponibile. Pentru reuniunile de Cr\u0103ciun, merit\u0103 s\u0103 ne concentr\u0103m pe elegan\u021b\u0103, care este mereu la mod\u0103. \u00cen acest articol, vom analiza diferite tipuri de rochii care vor fi alegerea perfect\u0103 pentru aceast\u0103 sear\u0103 special\u0103. De asemenea, vom afla despre cele mai recente tendin\u021be \u0219i cum s\u0103 alegem accesoriile potrivite pentru a crea un stil de neuitat. Nu uita\u021bi c\u0103 o rochie bine aleas\u0103 nu numai c\u0103 arat\u0103 frumos, dar v\u0103 face s\u0103 v\u0103 sim\u021bi\u021bi \u00eencrez\u0103toare \u0219i confortabil\u0103. S\u0103 \u00eencepem c\u0103l\u0103toria noastr\u0103 \u00een lumea modei prin lumea rochiilor pentru cina de Cr\u0103ciun!<\/p>\n<h2>Tipuri de rochii perfecte pentru o cin\u0103 de Cr\u0103ciun<\/h2>\n<p>Atunci c\u00e2nd alegem o rochie pentru o cin\u0103 festiv\u0103, merit\u0103 s\u0103 acord\u0103m aten\u021bie tipului de rochie care ne va scoate \u00een eviden\u021b\u0103 cel mai bine personalitatea \u0219i silueta. Exist\u0103 trei categorii principale de rochii care se vor potrivi bine unui astfel de eveniment: de sear\u0103, de cocktail \u0219i maxi. Fiecare dintre aceste tipuri are propriile caracteristici unice \u0219i poate fi adaptat la diferite ocazii. Mai jos este o scurt\u0103 descriere a celor mai populare tipuri de rochii care pot fi grozave pentru cin\u0103. V\u0103 \u00eencuraj\u0103m s\u0103 acorda\u021bi aten\u021bie rochiilor turce\u0219ti elegante care se remarc\u0103 prin calitatea \u0219i stilul lor unic.<\/p>\n<h3>Rochii de sear\u0103<\/h3>\n<p>Rochiile de sear\u0103 sunt chintesen\u021ba elegan\u021bei \u0219i a clasei. Sunt adesea caracterizate printr-o croial\u0103 lung\u0103 \u0219i detalii sofisticate care atrag aten\u021bia. Materialele din care sunt cusute sunt de obicei luxoase, cum ar fi m\u0103tasea, catifeaua sau dantela. Acest tip de rochie face ca fiecare femeie s\u0103 se simt\u0103 ca o adev\u0103rat\u0103 vedet\u0103 a serii. De asemenea, merit\u0103 s\u0103 acorda\u021bi aten\u021bie rochiilor turce\u0219ti elegante, care au adesea decora\u021biuni unice \u0219i sunt o reflectare a m\u0103iestriei tradi\u021bionale. Atunci c\u00e2nd alege\u021bi o rochie de sear\u0103, este bine s\u0103 v\u0103 concentra\u021bi pe culori discrete, cum ar fi negru, bleumarin sau bordo.<\/p>\n<h3>Rochii de cocktail<\/h3>\n<p>Rochiile de cocktail sunt o alegere excelent\u0103 pentru cele care prefer\u0103 un stil mai relaxat. Adesea ajung p\u00e2n\u0103 la genunchi \u0219i pot fi disponibile \u00eentr-o varietate de stiluri, ceea ce le face foarte versatile. Aceste rochii v\u0103 permit s\u0103 v\u0103 distra\u021bi pu\u021bin cu moda, de la culori str\u0103lucitoare \u0219i vibrante la nuan\u021be mai clasice. \u00cen plus, pot fi u\u0219or asortate cu o varietate de accesorii, ceea ce le face o alegere excelent\u0103 pentru o cin\u0103 de Cr\u0103ciun. Atunci c\u00e2nd alege\u021bi o rochie de cocktail, este o idee bun\u0103 s\u0103 acorda\u021bi aten\u021bie formei corpului dvs. \u0219i s\u0103 alege\u021bi accesorii care se potrivesc. De asemenea, pute\u021bi lua \u00een considerare dou\u0103 dintre cele mai populare combina\u021bii:<\/p>\n<ol>\n<li>Rochie de cocktail cu dantel\u0103 delicat\u0103<\/li>\n<li>Rochie f\u0103r\u0103 bretele cu accent curcubeu<\/li>\n<\/ol>\n<h2>Accesorii pentru rochii<\/h2>\n<p>Accesoriile bine alese sunt cheia unui stil reu\u0219it. Bijuteriile pe care le folose\u0219ti ar trebui s\u0103 pun\u0103 \u00een valoare rochia, nu s\u0103 o cople\u0219easc\u0103. La r\u00e2ndul lor, \u00eenc\u0103l\u021b\u0103mintea potrivit\u0103 poate schimba \u00eentregul aspect - tocurile \u00eenalte se potrivesc perfect cu rochii elegante, \u00een timp ce pantofii cu talp\u0103 joas\u0103 pot ad\u0103uga stil \u0219i confort. De asemenea, este important s\u0103 alegi o geant\u0103 practic\u0103 \u0219i elegant\u0103. Atunci c\u00e2nd te g\u00e2nde\u0219ti la accesorii, merit\u0103 s\u0103-\u021bi aminte\u0219ti s\u0103 men\u021bii armonia \u0219i s\u0103 nu exagerezi cu num\u0103rul de decora\u021biuni. \u00cenainte de a cump\u0103ra accesorii, g\u00e2nde\u0219te-te la ce se va potrivi stilului t\u0103u \u0219i, \u00een acela\u0219i timp, verific\u0103 diferite stiluri care vor fi la mod\u0103.<\/p>\n<table border=\"1\">\n<tr>\n<th>Tipul de rochie<\/th>\n<th>Cele mai bune materiale<\/th>\n<th>Accesorii perfecte<\/th>\n<\/tr>\n<tr>\n<td>Rochii de sear\u0103<\/td>\n<td>M\u0103tase, catifea, dantel\u0103<\/td>\n<p><img decoding=\"async\" src=\"https:\/\/media.istockphoto.com\/id\/1433432814\/ru\/%D1%84%D0%BE%D1%82%D0%BE\/%D1%82%D0%B0%D0%BD%D1%86%D1%83%D1%8E%D1%89%D0%B0%D1%8F-%D0%B6%D0%B5%D0%BD%D1%89%D0%B8%D0%BD%D0%B0-%D0%B2-%D0%BA%D1%80%D0%B0%D1%81%D0%BD%D0%BE%D0%BC-%D0%B2%D0%B5%D1%87%D0%B5%D1%80%D0%BD%D0%B5%D0%BC-%D0%BF%D0%BB%D0%B0%D1%82%D1%8C%D0%B5-%D1%81-%D0%B1%D1%83%D1%82%D1%8B%D0%BB%D0%BA%D0%BE%D0%B9-%D0%B8-%D0%B1%D0%BE%D0%BA%D0%B0%D0%BB%D0%BE%D0%BC-%D1%88%D0%B0%D0%BC%D0%BF%D0%B0%D0%BD%D1%81%D0%BA%D0%BE%D0%B3%D0%BE-%D0%BD%D0%B0-%D1%84%D0%BE%D0%BD%D0%B5-%D0%BC%D0%B8%D1%88%D1%83%D1%80%D1%8B.jpg?s=612x612&#038;w=0&#038;k=20&#038;c=cCwcTN0KNjvV4V9omDT-r32XrhSQ9I0oKFd7zj4R_xg=\" alt=\"Kobieta w b\u0142yszcz\u0105cej czerwonej sukience trzymaj\u0105ca drinka, idealna na \u015bwi\u0105teczn\u0105 kolacj\u0119.\"\/><\/p>\n<td>Bijuterii elegante, tocuri \u00eenalte<\/td>\n<\/tr>\n<tr>\n<td>Rochii de cocktail<\/td>\n<td>Bumbac, tricotaje<\/td>\n<td>Accente aurii, geant\u0103 cu lan\u021b<\/td>\n<\/tr>\n<tr>\n<td>Rochii maxi<\/td>\n<td>Crep, \u0219ifon<\/td>\n<td>Cercei delica\u021bi, sandale cu platform\u0103<\/td>\n<\/tr>\n<\/table>\n<h2>Rezumat<\/h2>\n<p>Alegerea unei rochii pentru o cin\u0103 de Cr\u0103ciun nu este o sarcin\u0103 u\u0219oar\u0103, dar av\u00e2nd \u00een vedere diferite stiluri \u0219i accesorii, putem crea un look de neuitat. De la rochii de sear\u0103, la rochii de cocktail, p\u00e2n\u0103 la rochii maxi mai lejere - fiecare dintre ele are propriile caracteristici unice. Nu uita\u021bi s\u0103 alege\u021bi stiluri care s\u0103 ne pun\u0103 \u00een valoare atuurile \u0219i s\u0103 se potriveasc\u0103 ocaziei. \u00cen cele din urm\u0103, este vorba despre a ne sim\u021bi bine \u00een ceea ce purt\u0103m. Dac\u0103 acord\u0103m o aten\u021bie deosebit\u0103 detaliilor \u0219i accesoriilor, cu siguran\u021b\u0103 ne vom \u00eenc\u00e2nta oaspe\u021bii. A\u0219adar, este timpul s\u0103 \u00eencepem cump\u0103r\u0103turile \u0219i s\u0103 alegem o rochie care s\u0103 fac\u0103 aceast\u0103 sear\u0103 cu adev\u0103rat special\u0103!<\/p>\n<h2>FAQ<\/h2>\n<ol>\n<li><strong>Ce materiale vestimentare sunt cele mai bune pentru o cin\u0103 de Cr\u0103ciun?<\/strong><br \/>Cele mai bune materiale sunt m\u0103tasea, catifeaua \u0219i \u0219ifonul, care adaug\u0103 elegan\u021b\u0103 \u0219i confort.<\/li>\n<li><strong>Sunt rochiile imprimate potrivite pentru cina de Cr\u0103ciun?<\/strong><br \/>Da, rochiile imprimate pot fi o alegere excelent\u0103, mai ales dac\u0103 modelul este discret \u0219i elegant.<\/li>\n<li><strong>Ce adaosuri ar trebui evitate la masa de Cr\u0103ciun?<\/strong><br \/>Evita\u021bi bijuteriile exagerate \u0219i modelele \u00eendr\u0103zne\u021be care ar putea eclipsa rochia.<\/li>\n<li><strong>Pot purta o rochie f\u0103r\u0103 bretele la cina de Cr\u0103ciun?<\/strong><br \/>Da, dar merit\u0103 s\u0103 asiguri o sus\u021binere \u0219i un confort adecvate pentru s\u00e2ni pentru a evita disconfortul.<\/li>\n<li><strong>Cum s\u0103 alegi rochia potrivit\u0103 siluetei tale?<\/strong><br \/>Merit\u0103 \u00eentotdeauna s\u0103 alege\u021bi stiluri care s\u0103 sublinieze avantajele figurii \u0219i s\u0103 ascund\u0103 orice neajunsuri.<\/li>\n<\/ol>","protected":false},"excerpt":{"rendered":"<p>Wyb\u00f3r sukienki na kolacj\u0119 \u015bwi\u0105teczn\u0105 mo\u017ce by\u0107 nie lada wyzwaniem, zw\u0142aszcza w\u015br\u00f3d bogactwa dost\u0119pnych styl\u00f3w i fason\u00f3w. Na \u015bwi\u0105teczne spotkania warto postawi\u0107 na elegancj\u0119, kt\u00f3ra jest zawsze w modzie. W tym artykule przyjrzymy si\u0119 r\u00f3\u017cnym rodzajom sukienek, kt\u00f3re b\u0119d\u0105 idealnym wyborem na ten wyj\u0105tkowy wiecz\u00f3r. Dowiemy si\u0119 r\u00f3wnie\u017c o najnowszych trendach oraz o tym, jak [&hellip;]<\/p>","protected":false},"author":1,"featured_media":0,"comment_status":"open","ping_status":"open","sticky":false,"template":"","format":"standard","meta":{"_acf_changed":false,"footnotes":""},"categories":[1,2],"tags":[],"class_list":["post-36","post","type-post","status-publish","format-standard","hentry","category-blog","category-sukienki"],"acf":[],"yoast_head":"<!-- This site is optimized with the Yoast SEO plugin v23.2 - https:\/\/yoast.com\/wordpress\/plugins\/seo\/ -->\n<title>Jakie sukienki s\u0105 odpowiednie na kolacj\u0119 \u015bwi\u0105teczn\u0105? - polscy-kierowcy.pl<\/title>\n<meta name=\"description\" content=\"Odkryj idealne sukienki na kolacj\u0119 \u015bwi\u0105teczn\u0105! W naszym poradniku znajdziesz stylowe propozycje, kt\u00f3re podkre\u015bl\u0105 Tw\u00f3j wyj\u0105tkowy wygl\u0105d podczas \u015bwi\u0105tecznych celebracji.\" \/>\n<meta name=\"robots\" content=\"index, follow, max-snippet:-1, max-image-preview:large, max-video-preview:-1\" \/>\n<link rel=\"canonical\" href=\"https:\/\/polscy-kierowcy.pl\/ro\/jakie-sukienki-sa-odpowiednie-na-kolacje-swiateczna\/\" \/>\n<meta property=\"og:locale\" content=\"ro_RO\" \/>\n<meta property=\"og:type\" content=\"article\" \/>\n<meta property=\"og:title\" content=\"Jakie sukienki s\u0105 odpowiednie na kolacj\u0119 \u015bwi\u0105teczn\u0105? - polscy-kierowcy.pl\" \/>\n<meta property=\"og:description\" content=\"Odkryj idealne sukienki na kolacj\u0119 \u015bwi\u0105teczn\u0105! W naszym poradniku znajdziesz stylowe propozycje, kt\u00f3re podkre\u015bl\u0105 Tw\u00f3j wyj\u0105tkowy wygl\u0105d podczas \u015bwi\u0105tecznych celebracji.\" \/>\n<meta property=\"og:url\" content=\"https:\/\/polscy-kierowcy.pl\/ro\/jakie-sukienki-sa-odpowiednie-na-kolacje-swiateczna\/\" \/>\n<meta property=\"og:site_name\" content=\"polscy-kierowcy.pl\" \/>\n<meta property=\"article:published_time\" content=\"2024-09-09T12:55:48+00:00\" \/>\n<meta property=\"article:modified_time\" content=\"2024-09-23T01:18:55+00:00\" \/>\n<meta property=\"og:image\" content=\"https:\/\/media.istockphoto.com\/id\/1433432814\/ru\/%D1%84%D0%BE%D1%82%D0%BE\/%D1%82%D0%B0%D0%BD%D1%86%D1%83%D1%8E%D1%89%D0%B0%D1%8F-%D0%B6%D0%B5%D0%BD%D1%89%D0%B8%D0%BD%D0%B0-%D0%B2-%D0%BA%D1%80%D0%B0%D1%81%D0%BD%D0%BE%D0%BC-%D0%B2%D0%B5%D1%87%D0%B5%D1%80%D0%BD%D0%B5%D0%BC-%D0%BF%D0%BB%D0%B0%D1%82%D1%8C%D0%B5-%D1%81-%D0%B1%D1%83%D1%82%D1%8B%D0%BB%D0%BA%D0%BE%D0%B9-%D0%B8-%D0%B1%D0%BE%D0%BA%D0%B0%D0%BB%D0%BE%D0%BC-%D1%88%D0%B0%D0%BC%D0%BF%D0%B0%D0%BD%D1%81%D0%BA%D0%BE%D0%B3%D0%BE-%D0%BD%D0%B0-%D1%84%D0%BE%D0%BD%D0%B5-%D0%BC%D0%B8%D1%88%D1%83%D1%80%D1%8B.jpg?s=612x612&w=0&k=20&c=cCwcTN0KNjvV4V9omDT-r32XrhSQ9I0oKFd7zj4R_xg=\" \/>\n<meta name=\"author\" content=\"Paulina Kruk\" \/>\n<meta name=\"twitter:card\" content=\"summary_large_image\" \/>\n<meta name=\"twitter:label1\" content=\"Scris de\" \/>\n\t<meta name=\"twitter:data1\" content=\"Paulina Kruk\" \/>\n\t<meta name=\"twitter:label2\" content=\"Timp estimat pentru citire\" \/>\n\t<meta name=\"twitter:data2\" content=\"4 minute\" \/>\n<script type=\"application\/ld+json\" class=\"yoast-schema-graph\">{\"@context\":\"https:\/\/schema.org\",\"@graph\":[{\"@type\":\"WebPage\",\"@id\":\"https:\/\/polscy-kierowcy.pl\/jakie-sukienki-sa-odpowiednie-na-kolacje-swiateczna\/\",\"url\":\"https:\/\/polscy-kierowcy.pl\/jakie-sukienki-sa-odpowiednie-na-kolacje-swiateczna\/\",\"name\":\"Jakie sukienki s\u0105 odpowiednie na kolacj\u0119 \u015bwi\u0105teczn\u0105? - polscy-kierowcy.pl\",\"isPartOf\":{\"@id\":\"https:\/\/polscy-kierowcy.pl\/#website\"},\"primaryImageOfPage\":{\"@id\":\"https:\/\/polscy-kierowcy.pl\/jakie-sukienki-sa-odpowiednie-na-kolacje-swiateczna\/#primaryimage\"},\"image\":{\"@id\":\"https:\/\/polscy-kierowcy.pl\/jakie-sukienki-sa-odpowiednie-na-kolacje-swiateczna\/#primaryimage\"},\"thumbnailUrl\":\"https:\/\/media.istockphoto.com\/id\/1433432814\/ru\/%D1%84%D0%BE%D1%82%D0%BE\/%D1%82%D0%B0%D0%BD%D1%86%D1%83%D1%8E%D1%89%D0%B0%D1%8F-%D0%B6%D0%B5%D0%BD%D1%89%D0%B8%D0%BD%D0%B0-%D0%B2-%D0%BA%D1%80%D0%B0%D1%81%D0%BD%D0%BE%D0%BC-%D0%B2%D0%B5%D1%87%D0%B5%D1%80%D0%BD%D0%B5%D0%BC-%D0%BF%D0%BB%D0%B0%D1%82%D1%8C%D0%B5-%D1%81-%D0%B1%D1%83%D1%82%D1%8B%D0%BB%D0%BA%D0%BE%D0%B9-%D0%B8-%D0%B1%D0%BE%D0%BA%D0%B0%D0%BB%D0%BE%D0%BC-%D1%88%D0%B0%D0%BC%D0%BF%D0%B0%D0%BD%D1%81%D0%BA%D0%BE%D0%B3%D0%BE-%D0%BD%D0%B0-%D1%84%D0%BE%D0%BD%D0%B5-%D0%BC%D0%B8%D1%88%D1%83%D1%80%D1%8B.jpg?s=612x612&w=0&k=20&c=cCwcTN0KNjvV4V9omDT-r32XrhSQ9I0oKFd7zj4R_xg=\",\"datePublished\":\"2024-09-09T12:55:48+00:00\",\"dateModified\":\"2024-09-23T01:18:55+00:00\",\"author\":{\"@id\":\"https:\/\/polscy-kierowcy.pl\/#\/schema\/person\/66f7250202134445459bce344c706e46\"},\"description\":\"Odkryj idealne sukienki na kolacj\u0119 \u015bwi\u0105teczn\u0105! W naszym poradniku znajdziesz stylowe propozycje, kt\u00f3re podkre\u015bl\u0105 Tw\u00f3j wyj\u0105tkowy wygl\u0105d podczas \u015bwi\u0105tecznych celebracji.\",\"breadcrumb\":{\"@id\":\"https:\/\/polscy-kierowcy.pl\/jakie-sukienki-sa-odpowiednie-na-kolacje-swiateczna\/#breadcrumb\"},\"inLanguage\":\"ro-RO\",\"potentialAction\":[{\"@type\":\"ReadAction\",\"target\":[\"https:\/\/polscy-kierowcy.pl\/jakie-sukienki-sa-odpowiednie-na-kolacje-swiateczna\/\"]}]},{\"@type\":\"ImageObject\",\"inLanguage\":\"ro-RO\",\"@id\":\"https:\/\/polscy-kierowcy.pl\/jakie-sukienki-sa-odpowiednie-na-kolacje-swiateczna\/#primaryimage\",\"url\":\"https:\/\/media.istockphoto.com\/id\/1433432814\/ru\/%D1%84%D0%BE%D1%82%D0%BE\/%D1%82%D0%B0%D0%BD%D1%86%D1%83%D1%8E%D1%89%D0%B0%D1%8F-%D0%B6%D0%B5%D0%BD%D1%89%D0%B8%D0%BD%D0%B0-%D0%B2-%D0%BA%D1%80%D0%B0%D1%81%D0%BD%D0%BE%D0%BC-%D0%B2%D0%B5%D1%87%D0%B5%D1%80%D0%BD%D0%B5%D0%BC-%D0%BF%D0%BB%D0%B0%D1%82%D1%8C%D0%B5-%D1%81-%D0%B1%D1%83%D1%82%D1%8B%D0%BB%D0%BA%D0%BE%D0%B9-%D0%B8-%D0%B1%D0%BE%D0%BA%D0%B0%D0%BB%D0%BE%D0%BC-%D1%88%D0%B0%D0%BC%D0%BF%D0%B0%D0%BD%D1%81%D0%BA%D0%BE%D0%B3%D0%BE-%D0%BD%D0%B0-%D1%84%D0%BE%D0%BD%D0%B5-%D0%BC%D0%B8%D1%88%D1%83%D1%80%D1%8B.jpg?s=612x612&w=0&k=20&c=cCwcTN0KNjvV4V9omDT-r32XrhSQ9I0oKFd7zj4R_xg=\",\"contentUrl\":\"https:\/\/media.istockphoto.com\/id\/1433432814\/ru\/%D1%84%D0%BE%D1%82%D0%BE\/%D1%82%D0%B0%D0%BD%D1%86%D1%83%D1%8E%D1%89%D0%B0%D1%8F-%D0%B6%D0%B5%D0%BD%D1%89%D0%B8%D0%BD%D0%B0-%D0%B2-%D0%BA%D1%80%D0%B0%D1%81%D0%BD%D0%BE%D0%BC-%D0%B2%D0%B5%D1%87%D0%B5%D1%80%D0%BD%D0%B5%D0%BC-%D0%BF%D0%BB%D0%B0%D1%82%D1%8C%D0%B5-%D1%81-%D0%B1%D1%83%D1%82%D1%8B%D0%BB%D0%BA%D0%BE%D0%B9-%D0%B8-%D0%B1%D0%BE%D0%BA%D0%B0%D0%BB%D0%BE%D0%BC-%D1%88%D0%B0%D0%BC%D0%BF%D0%B0%D0%BD%D1%81%D0%BA%D0%BE%D0%B3%D0%BE-%D0%BD%D0%B0-%D1%84%D0%BE%D0%BD%D0%B5-%D0%BC%D0%B8%D1%88%D1%83%D1%80%D1%8B.jpg?s=612x612&w=0&k=20&c=cCwcTN0KNjvV4V9omDT-r32XrhSQ9I0oKFd7zj4R_xg=\"},{\"@type\":\"BreadcrumbList\",\"@id\":\"https:\/\/polscy-kierowcy.pl\/jakie-sukienki-sa-odpowiednie-na-kolacje-swiateczna\/#breadcrumb\",\"itemListElement\":[{\"@type\":\"ListItem\",\"position\":1,\"name\":\"Home\",\"item\":\"https:\/\/polscy-kierowcy.pl\/\"},{\"@type\":\"ListItem\",\"position\":2,\"name\":\"Jakie sukienki s\u0105 odpowiednie na kolacj\u0119 \u015bwi\u0105teczn\u0105?\"}]},{\"@type\":\"WebSite\",\"@id\":\"https:\/\/polscy-kierowcy.pl\/#website\",\"url\":\"https:\/\/polscy-kierowcy.pl\/\",\"name\":\"polscy-kierowcy.pl\",\"description\":\"Tureckie sukienki: pi\u0119kno w tradycji.\",\"potentialAction\":[{\"@type\":\"SearchAction\",\"target\":{\"@type\":\"EntryPoint\",\"urlTemplate\":\"https:\/\/polscy-kierowcy.pl\/?s={search_term_string}\"},\"query-input\":\"required name=search_term_string\"}],\"inLanguage\":\"ro-RO\"},{\"@type\":\"Person\",\"@id\":\"https:\/\/polscy-kierowcy.pl\/#\/schema\/person\/66f7250202134445459bce344c706e46\",\"name\":\"Paulina Kruk\",\"image\":{\"@type\":\"ImageObject\",\"inLanguage\":\"ro-RO\",\"@id\":\"https:\/\/polscy-kierowcy.pl\/#\/schema\/person\/image\/\",\"url\":\"https:\/\/polscy-kierowcy.pl\/wp-content\/uploads\/ivyzxaomvy6_ad_avatar-96x96.jpg\",\"contentUrl\":\"https:\/\/polscy-kierowcy.pl\/wp-content\/uploads\/ivyzxaomvy6_ad_avatar-96x96.jpg\",\"caption\":\"Paulina Kruk\"},\"description\":\"Paulina Kruk to do\u015bwiadczona specjalistka w dziedzinie mody, prowadz\u0105ca w\u0142asny sklep odzie\u017cowy w Pilaszkowie. Jej pasja do mody i zaanga\u017cowanie w bran\u017cy odzie\u017cowej pozwalaj\u0105 jej na tworzenie unikatowych stylizacji, kt\u00f3re \u0142\u0105cz\u0105 elegancj\u0119 z codziennym komfortem.\",\"url\":\"https:\/\/polscy-kierowcy.pl\/ro\/author\/paulina-kruk\/\"}]}<\/script>\n<!-- \/ Yoast SEO plugin. -->","yoast_head_json":{"title":"Jakie sukienki s\u0105 odpowiednie na kolacj\u0119 \u015bwi\u0105teczn\u0105? - polscy-kierowcy.pl","description":"Odkryj idealne sukienki na kolacj\u0119 \u015bwi\u0105teczn\u0105! W naszym poradniku znajdziesz stylowe propozycje, kt\u00f3re podkre\u015bl\u0105 Tw\u00f3j wyj\u0105tkowy wygl\u0105d podczas \u015bwi\u0105tecznych celebracji.","robots":{"index":"index","follow":"follow","max-snippet":"max-snippet:-1","max-image-preview":"max-image-preview:large","max-video-preview":"max-video-preview:-1"},"canonical":"https:\/\/polscy-kierowcy.pl\/ro\/jakie-sukienki-sa-odpowiednie-na-kolacje-swiateczna\/","og_locale":"ro_RO","og_type":"article","og_title":"Jakie sukienki s\u0105 odpowiednie na kolacj\u0119 \u015bwi\u0105teczn\u0105? - polscy-kierowcy.pl","og_description":"Odkryj idealne sukienki na kolacj\u0119 \u015bwi\u0105teczn\u0105! W naszym poradniku znajdziesz stylowe propozycje, kt\u00f3re podkre\u015bl\u0105 Tw\u00f3j wyj\u0105tkowy wygl\u0105d podczas \u015bwi\u0105tecznych celebracji.","og_url":"https:\/\/polscy-kierowcy.pl\/ro\/jakie-sukienki-sa-odpowiednie-na-kolacje-swiateczna\/","og_site_name":"polscy-kierowcy.pl","article_published_time":"2024-09-09T12:55:48+00:00","article_modified_time":"2024-09-23T01:18:55+00:00","og_image":[{"url":"https:\/\/media.istockphoto.com\/id\/1433432814\/ru\/%D1%84%D0%BE%D1%82%D0%BE\/%D1%82%D0%B0%D0%BD%D1%86%D1%83%D1%8E%D1%89%D0%B0%D1%8F-%D0%B6%D0%B5%D0%BD%D1%89%D0%B8%D0%BD%D0%B0-%D0%B2-%D0%BA%D1%80%D0%B0%D1%81%D0%BD%D0%BE%D0%BC-%D0%B2%D0%B5%D1%87%D0%B5%D1%80%D0%BD%D0%B5%D0%BC-%D0%BF%D0%BB%D0%B0%D1%82%D1%8C%D0%B5-%D1%81-%D0%B1%D1%83%D1%82%D1%8B%D0%BB%D0%BA%D0%BE%D0%B9-%D0%B8-%D0%B1%D0%BE%D0%BA%D0%B0%D0%BB%D0%BE%D0%BC-%D1%88%D0%B0%D0%BC%D0%BF%D0%B0%D0%BD%D1%81%D0%BA%D0%BE%D0%B3%D0%BE-%D0%BD%D0%B0-%D1%84%D0%BE%D0%BD%D0%B5-%D0%BC%D0%B8%D1%88%D1%83%D1%80%D1%8B.jpg?s=612x612&w=0&k=20&c=cCwcTN0KNjvV4V9omDT-r32XrhSQ9I0oKFd7zj4R_xg="}],"author":"Paulina Kruk","twitter_card":"summary_large_image","twitter_misc":{"Scris de":"Paulina Kruk","Timp estimat pentru citire":"4 minute"},"schema":{"@context":"https:\/\/schema.org","@graph":[{"@type":"WebPage","@id":"https:\/\/polscy-kierowcy.pl\/jakie-sukienki-sa-odpowiednie-na-kolacje-swiateczna\/","url":"https:\/\/polscy-kierowcy.pl\/jakie-sukienki-sa-odpowiednie-na-kolacje-swiateczna\/","name":"Jakie sukienki s\u0105 odpowiednie na kolacj\u0119 \u015bwi\u0105teczn\u0105? - polscy-kierowcy.pl","isPartOf":{"@id":"https:\/\/polscy-kierowcy.pl\/#website"},"primaryImageOfPage":{"@id":"https:\/\/polscy-kierowcy.pl\/jakie-sukienki-sa-odpowiednie-na-kolacje-swiateczna\/#primaryimage"},"image":{"@id":"https:\/\/polscy-kierowcy.pl\/jakie-sukienki-sa-odpowiednie-na-kolacje-swiateczna\/#primaryimage"},"thumbnailUrl":"https:\/\/media.istockphoto.com\/id\/1433432814\/ru\/%D1%84%D0%BE%D1%82%D0%BE\/%D1%82%D0%B0%D0%BD%D1%86%D1%83%D1%8E%D1%89%D0%B0%D1%8F-%D0%B6%D0%B5%D0%BD%D1%89%D0%B8%D0%BD%D0%B0-%D0%B2-%D0%BA%D1%80%D0%B0%D1%81%D0%BD%D0%BE%D0%BC-%D0%B2%D0%B5%D1%87%D0%B5%D1%80%D0%BD%D0%B5%D0%BC-%D0%BF%D0%BB%D0%B0%D1%82%D1%8C%D0%B5-%D1%81-%D0%B1%D1%83%D1%82%D1%8B%D0%BB%D0%BA%D0%BE%D0%B9-%D0%B8-%D0%B1%D0%BE%D0%BA%D0%B0%D0%BB%D0%BE%D0%BC-%D1%88%D0%B0%D0%BC%D0%BF%D0%B0%D0%BD%D1%81%D0%BA%D0%BE%D0%B3%D0%BE-%D0%BD%D0%B0-%D1%84%D0%BE%D0%BD%D0%B5-%D0%BC%D0%B8%D1%88%D1%83%D1%80%D1%8B.jpg?s=612x612&w=0&k=20&c=cCwcTN0KNjvV4V9omDT-r32XrhSQ9I0oKFd7zj4R_xg=","datePublished":"2024-09-09T12:55:48+00:00","dateModified":"2024-09-23T01:18:55+00:00","author":{"@id":"https:\/\/polscy-kierowcy.pl\/#\/schema\/person\/66f7250202134445459bce344c706e46"},"description":"Odkryj idealne sukienki na kolacj\u0119 \u015bwi\u0105teczn\u0105! W naszym poradniku znajdziesz stylowe propozycje, kt\u00f3re podkre\u015bl\u0105 Tw\u00f3j wyj\u0105tkowy wygl\u0105d podczas \u015bwi\u0105tecznych celebracji.","breadcrumb":{"@id":"https:\/\/polscy-kierowcy.pl\/jakie-sukienki-sa-odpowiednie-na-kolacje-swiateczna\/#breadcrumb"},"inLanguage":"ro-RO","potentialAction":[{"@type":"ReadAction","target":["https:\/\/polscy-kierowcy.pl\/jakie-sukienki-sa-odpowiednie-na-kolacje-swiateczna\/"]}]},{"@type":"ImageObject","inLanguage":"ro-RO","@id":"https:\/\/polscy-kierowcy.pl\/jakie-sukienki-sa-odpowiednie-na-kolacje-swiateczna\/#primaryimage","url":"https:\/\/media.istockphoto.com\/id\/1433432814\/ru\/%D1%84%D0%BE%D1%82%D0%BE\/%D1%82%D0%B0%D0%BD%D1%86%D1%83%D1%8E%D1%89%D0%B0%D1%8F-%D0%B6%D0%B5%D0%BD%D1%89%D0%B8%D0%BD%D0%B0-%D0%B2-%D0%BA%D1%80%D0%B0%D1%81%D0%BD%D0%BE%D0%BC-%D0%B2%D0%B5%D1%87%D0%B5%D1%80%D0%BD%D0%B5%D0%BC-%D0%BF%D0%BB%D0%B0%D1%82%D1%8C%D0%B5-%D1%81-%D0%B1%D1%83%D1%82%D1%8B%D0%BB%D0%BA%D0%BE%D0%B9-%D0%B8-%D0%B1%D0%BE%D0%BA%D0%B0%D0%BB%D0%BE%D0%BC-%D1%88%D0%B0%D0%BC%D0%BF%D0%B0%D0%BD%D1%81%D0%BA%D0%BE%D0%B3%D0%BE-%D0%BD%D0%B0-%D1%84%D0%BE%D0%BD%D0%B5-%D0%BC%D0%B8%D1%88%D1%83%D1%80%D1%8B.jpg?s=612x612&w=0&k=20&c=cCwcTN0KNjvV4V9omDT-r32XrhSQ9I0oKFd7zj4R_xg=","contentUrl":"https:\/\/media.istockphoto.com\/id\/1433432814\/ru\/%D1%84%D0%BE%D1%82%D0%BE\/%D1%82%D0%B0%D0%BD%D1%86%D1%83%D1%8E%D1%89%D0%B0%D1%8F-%D0%B6%D0%B5%D0%BD%D1%89%D0%B8%D0%BD%D0%B0-%D0%B2-%D0%BA%D1%80%D0%B0%D1%81%D0%BD%D0%BE%D0%BC-%D0%B2%D0%B5%D1%87%D0%B5%D1%80%D0%BD%D0%B5%D0%BC-%D0%BF%D0%BB%D0%B0%D1%82%D1%8C%D0%B5-%D1%81-%D0%B1%D1%83%D1%82%D1%8B%D0%BB%D0%BA%D0%BE%D0%B9-%D0%B8-%D0%B1%D0%BE%D0%BA%D0%B0%D0%BB%D0%BE%D0%BC-%D1%88%D0%B0%D0%BC%D0%BF%D0%B0%D0%BD%D1%81%D0%BA%D0%BE%D0%B3%D0%BE-%D0%BD%D0%B0-%D1%84%D0%BE%D0%BD%D0%B5-%D0%BC%D0%B8%D1%88%D1%83%D1%80%D1%8B.jpg?s=612x612&w=0&k=20&c=cCwcTN0KNjvV4V9omDT-r32XrhSQ9I0oKFd7zj4R_xg="},{"@type":"BreadcrumbList","@id":"https:\/\/polscy-kierowcy.pl\/jakie-sukienki-sa-odpowiednie-na-kolacje-swiateczna\/#breadcrumb","itemListElement":[{"@type":"ListItem","position":1,"name":"Home","item":"https:\/\/polscy-kierowcy.pl\/"},{"@type":"ListItem","position":2,"name":"Jakie sukienki s\u0105 odpowiednie na kolacj\u0119 \u015bwi\u0105teczn\u0105?"}]},{"@type":"WebSite","@id":"https:\/\/polscy-kierowcy.pl\/#website","url":"https:\/\/polscy-kierowcy.pl\/","name":"polscy-kierowcy.pl","description":"Tureckie sukienki: pi\u0119kno w tradycji.","potentialAction":[{"@type":"SearchAction","target":{"@type":"EntryPoint","urlTemplate":"https:\/\/polscy-kierowcy.pl\/?s={search_term_string}"},"query-input":"required name=search_term_string"}],"inLanguage":"ro-RO"},{"@type":"Person","@id":"https:\/\/polscy-kierowcy.pl\/#\/schema\/person\/66f7250202134445459bce344c706e46","name":"Paulina Kruk","image":{"@type":"ImageObject","inLanguage":"ro-RO","@id":"https:\/\/polscy-kierowcy.pl\/#\/schema\/person\/image\/","url":"https:\/\/polscy-kierowcy.pl\/wp-content\/uploads\/ivyzxaomvy6_ad_avatar-96x96.jpg","contentUrl":"https:\/\/polscy-kierowcy.pl\/wp-content\/uploads\/ivyzxaomvy6_ad_avatar-96x96.jpg","caption":"Paulina Kruk"},"description":"Paulina Kruk to do\u015bwiadczona specjalistka w dziedzinie mody, prowadz\u0105ca w\u0142asny sklep odzie\u017cowy w Pilaszkowie. Jej pasja do mody i zaanga\u017cowanie w bran\u017cy odzie\u017cowej pozwalaj\u0105 jej na tworzenie unikatowych stylizacji, kt\u00f3re \u0142\u0105cz\u0105 elegancj\u0119 z codziennym komfortem.","url":"https:\/\/polscy-kierowcy.pl\/ro\/author\/paulina-kruk\/"}]}},"yoast_meta":{"yoast_wpseo_title":"","yoast_wpseo_metadesc":"","yoast_wpseo_canonical":"https:\/\/polscy-kierowcy.pl\/ro\/wp-json\/wp\/v2\/posts\/36"},"_links":{"self":[{"href":"https:\/\/polscy-kierowcy.pl\/ro\/wp-json\/wp\/v2\/posts\/36"}],"collection":[{"href":"https:\/\/polscy-kierowcy.pl\/ro\/wp-json\/wp\/v2\/posts"}],"about":[{"href":"https:\/\/polscy-kierowcy.pl\/ro\/wp-json\/wp\/v2\/types\/post"}],"author":[{"embeddable":true,"href":"https:\/\/polscy-kierowcy.pl\/ro\/wp-json\/wp\/v2\/users\/1"}],"replies":[{"embeddable":true,"href":"https:\/\/polscy-kierowcy.pl\/ro\/wp-json\/wp\/v2\/comments?post=36"}],"version-history":[{"count":1,"href":"https:\/\/polscy-kierowcy.pl\/ro\/wp-json\/wp\/v2\/posts\/36\/revisions"}],"predecessor-version":[{"id":37,"href":"https:\/\/polscy-kierowcy.pl\/ro\/wp-json\/wp\/v2\/posts\/36\/revisions\/37"}],"wp:attachment":[{"href":"https:\/\/polscy-kierowcy.pl\/ro\/wp-json\/wp\/v2\/media?parent=36"}],"wp:term":[{"taxonomy":"category","embeddable":true,"href":"https:\/\/polscy-kierowcy.pl\/ro\/wp-json\/wp\/v2\/categories?post=36"},{"taxonomy":"post_tag","embeddable":true,"href":"https:\/\/polscy-kierowcy.pl\/ro\/wp-json\/wp\/v2\/tags?post=36"}],"curies":[{"name":"wp","href":"https:\/\/api.w.org\/{rel}","templated":true}]}}