{"id":308,"date":"2024-12-13T00:00:00","date_gmt":"2024-12-13T00:00:00","guid":{"rendered":"https:\/\/polscy-kierowcy.pl\/bluzki-z-dlugim-rekawem-ktore-nigdy-nie-wyjda-z-mody-te-modele-warto-miec-w-swojej-szafie\/"},"modified":"2024-12-13T00:00:00","modified_gmt":"2024-12-13T00:00:00","slug":"bluzki-z-dlugim-rekawem-ktore-nigdy-nie-wyjda-z-mody-te-modele-warto-miec-w-swojej-szafie","status":"publish","type":"post","link":"https:\/\/polscy-kierowcy.pl\/ro\/bluzki-z-dlugim-rekawem-ktore-nigdy-nie-wyjda-z-mody-te-modele-warto-miec-w-swojej-szafie\/","title":{"rendered":"Bluze cu m\u00e2nec\u0103 lung\u0103 care nu se demodeaz\u0103 niciodat\u0103. Acestea sunt modelele pe care ar trebui s\u0103 le ai \u00een garderob\u0103"},"content":{"rendered":"<div class=\"kk-star-ratings kksr-auto kksr-align-left kksr-valign-top\"\n    data-payload='{&quot;align&quot;:&quot;left&quot;,&quot;id&quot;:&quot;308&quot;,&quot;slug&quot;:&quot;default&quot;,&quot;valign&quot;:&quot;top&quot;,&quot;ignore&quot;:&quot;&quot;,&quot;reference&quot;:&quot;auto&quot;,&quot;class&quot;:&quot;&quot;,&quot;count&quot;:&quot;0&quot;,&quot;legendonly&quot;:&quot;&quot;,&quot;readonly&quot;:&quot;&quot;,&quot;score&quot;:&quot;0&quot;,&quot;starsonly&quot;:&quot;&quot;,&quot;best&quot;:&quot;5&quot;,&quot;gap&quot;:&quot;5&quot;,&quot;greet&quot;:&quot;&quot;,&quot;legend&quot;:&quot;0\\\/5 - (0 votes)&quot;,&quot;size&quot;:&quot;24&quot;,&quot;title&quot;:&quot;Bluzki z d\u0142ugim r\u0119kawem, kt\u00f3re nigdy nie wyjd\u0105 z mody. Te modele warto mie\u0107 w swojej szafie&quot;,&quot;width&quot;:&quot;0&quot;,&quot;_legend&quot;:&quot;{score}\\\/{best} - ({count} {votes})&quot;,&quot;font_factor&quot;:&quot;1.25&quot;}'>\n            \n<div class=\"kksr-stars\">\n    \n<div class=\"kksr-stars-inactive\">\n            <div class=\"kksr-star\" data-star=\"1\" style=\"padding-right: 5px\">\n            \n\n<div class=\"kksr-icon\" style=\"width: 24px; height: 24px;\"><\/div>\n        <\/div>\n            <div class=\"kksr-star\" data-star=\"2\" style=\"padding-right: 5px\">\n            \n\n<div class=\"kksr-icon\" style=\"width: 24px; height: 24px;\"><\/div>\n        <\/div>\n            <div class=\"kksr-star\" data-star=\"3\" style=\"padding-right: 5px\">\n            \n\n<div class=\"kksr-icon\" style=\"width: 24px; height: 24px;\"><\/div>\n        <\/div>\n            <div class=\"kksr-star\" data-star=\"4\" style=\"padding-right: 5px\">\n            \n\n<div class=\"kksr-icon\" style=\"width: 24px; height: 24px;\"><\/div>\n        <\/div>\n            <div class=\"kksr-star\" data-star=\"5\" style=\"padding-right: 5px\">\n            \n\n<div class=\"kksr-icon\" style=\"width: 24px; height: 24px;\"><\/div>\n        <\/div>\n    <\/div>\n    \n<div class=\"kksr-stars-active\" style=\"width: 0px;\">\n            <div class=\"kksr-star\" style=\"padding-right: 5px\">\n            \n\n<div class=\"kksr-icon\" style=\"width: 24px; height: 24px;\"><\/div>\n        <\/div>\n            <div class=\"kksr-star\" style=\"padding-right: 5px\">\n            \n\n<div class=\"kksr-icon\" style=\"width: 24px; height: 24px;\"><\/div>\n        <\/div>\n            <div class=\"kksr-star\" style=\"padding-right: 5px\">\n            \n\n<div class=\"kksr-icon\" style=\"width: 24px; height: 24px;\"><\/div>\n        <\/div>\n            <div class=\"kksr-star\" style=\"padding-right: 5px\">\n            \n\n<div class=\"kksr-icon\" style=\"width: 24px; height: 24px;\"><\/div>\n        <\/div>\n            <div class=\"kksr-star\" style=\"padding-right: 5px\">\n            \n\n<div class=\"kksr-icon\" style=\"width: 24px; height: 24px;\"><\/div>\n        <\/div>\n    <\/div>\n<\/div>\n                \n\n<div class=\"kksr-legend\" style=\"font-size: 19.2px;\">\n            <span class=\"kksr-muted\"><\/span>\n    <\/div>\n    <\/div>\n<p>Fiecare garderob\u0103 ar trebui s\u0103 aib\u0103 haine care s\u0103 fie o baz\u0103 solid\u0103 pentru stil. Bluzele cu m\u00e2nec\u0103 lung\u0103 sunt cu siguran\u021b\u0103 una dintre ele. Farmecul lor atemporal le face un element cheie \u00een garderoba noastr\u0103, indiferent de anotimp. De ce merit\u0103 s\u0103 alegem aceste modele anume? Cheia const\u0103 \u00een versatilitatea lor \u0219i capacitatea de a se adapta la diverse stiluri de via\u021b\u0103 \u0219i ocazii. \u00cen plus, acestea c\u00e2\u0219tig\u0103 \u00een atractivitate datorit\u0103 variet\u0103\u021bii de croieli, culori \u0219i modele. Odat\u0103 ce ajungi s\u0103 cuno\u0219ti c\u00e2teva modele clasice, nu vei mai avea niciodat\u0103 \u00eendoieli cu privire la ce s\u0103 alegi atunci c\u00e2nd stai \u00een fa\u021ba u\u0219ii dulapului.<\/p>\n<h2>De ce sunt bluzele cu m\u00e2nec\u0103 lung\u0103 atemporale?<\/h2>\n<p><img decoding=\"async\" alt=\"Eleganckie koszule na wieszakach w sklepie odzie\u017cowym, r\u00f3\u017cne pastelowe kolory.\" src=\"https:\/\/polscy-kierowcy.pl\/wp-content\/uploads\/image7414ee7925d14f5b959d815b216a7feb.png\"\/><\/p>\n<p>Bluzele cu m\u00e2nec\u0103 lung\u0103 sunt un element clasic al garderobei unei femei, care are numeroase avantaje. Sunt perfecte pentru fiecare sezon, ceea ce le face excep\u021bional de practice. Pot fi u\u0219or de purtat at\u00e2t pentru ie\u0219iri de zi cu zi, c\u00e2t \u0219i pentru \u00eent\u00e2lniri elegante. Mai mult, se potrivesc perfect cu alte elemente vestimentare, ceea ce v\u0103 ofer\u0103 o gam\u0103 larg\u0103 de posibilit\u0103\u021bi de creare a diferitelor stiluri. Natura clasic\u0103 a acestor bluze este eviden\u021biat\u0103 \u0219i de disponibilitatea lor \u00een nenum\u0103rate variante. Aleg\u00e2nd modelul potrivit, pute\u021bi fi sigur\u0103 c\u0103 ve\u021bi ar\u0103ta \u00eentotdeauna la mod\u0103 \u0219i elegant\u0103.<\/p>\n<h2>Modele cheie de bluze cu m\u00e2nec\u0103 lung\u0103<\/h2>\n<p><img decoding=\"async\" alt=\"R\u00f3\u017cowa sukienka na manekinie z falbankami przy r\u0119kawach, obok suchy trawowy bukiet.\" src=\"https:\/\/polscy-kierowcy.pl\/wp-content\/uploads\/image295cbeda9eaf445a9c93ea6690497602.png\"\/><\/p>\n<p>Exist\u0103 multe modele de bluze cu m\u00e2nec\u0103 lung\u0103 care merit\u0103 s\u0103 le ai \u00een garderob\u0103. Iat\u0103 c\u00e2teva dintre cele mai importante:<\/p>\n<ul>\n<li><strong>De baz\u0103 \u2013 un clasic \u00een orice garderob\u0103:<\/strong> Aceste bluze sunt versatile \u0219i u\u0219or de combinat cu alte articole din garderob\u0103.<\/li>\n<li><strong>Bluze cu decolteu \u00een V:<\/strong> Acestea adaug\u0103 elegan\u021b\u0103 \u0219i lejeritate oric\u0103rui stil.<\/li>\n<li><strong>Bluze cu volane:<\/strong> Acestea adaug\u0103 originalitate \u0219i feminitate, perfecte pentru ocazii speciale.<\/li>\n<\/ul>\n<p>Atunci c\u00e2nd te decizi s\u0103 cumperi o bluz\u0103 cu m\u00e2nec\u0103 lung\u0103, merit\u0103 s\u0103 acorzi aten\u021bie croielii acesteia. Iat\u0103 o list\u0103 de stiluri populare:<\/p>\n<table border=\"1\">\n<tr>\n<th>T\u0103iere<\/th>\n<th>Descriere<\/th>\n<\/tr>\n<tr>\n<td>Simplu<\/td>\n<td>Minimalist, perfect pentru stilul de zi cu zi.<\/td>\n<\/tr>\n<tr>\n<td>Sunt t\u00e2r\u00e2t afar\u0103<\/td>\n<td>Se croie\u0219te bine, pune \u00een valoare silueta, este ideal\u0103 pentru birou.<\/td>\n<\/tr>\n<tr>\n<td>Supradimensionat<\/td>\n<td>Mai lejer, perfect pentru \u021binute casual, perfect cu colan\u021bi.<\/td>\n<\/tr>\n<\/table>\n<h2>Culori \u0219i modele care nu se demodeaz\u0103 niciodat\u0103<\/h2>\n<p>Alegerea culorilor \u0219i modelelor potrivite pentru bluzele cu m\u00e2nec\u0103 lung\u0103 este esen\u021bial\u0103. Nuan\u021bele clasice precum negru, alb \u0219i bleumarin sunt culori de baz\u0103 care vor fi mereu la mod\u0103. De asemenea, merit\u0103 s\u0103 opta\u021bi pentru modele subtile care adaug\u0103 caracter f\u0103r\u0103 a fi prea cople\u0219itoare. Atunci c\u00e2nd v\u0103 planifica\u021bi achizi\u021biile de bluze, este o idee bun\u0103 s\u0103 \u021bine\u021bi cont de:<\/p>\n<ul>\n<li>Modele elegante \u00een culori discrete<\/li>\n<li>Modele universale care pot fi u\u0219or combinate cu diferite articole vestimentare<\/li>\n<li>Culori de sezon pentru a-\u021bi men\u021bine garderoba proasp\u0103t\u0103 \u0219i interesant\u0103<\/li>\n<\/ul>\n<h2>Cum s\u0103 aranjezi bluzele cu m\u00e2nec\u0103 lung\u0103?<\/h2>\n<p>Stilul bluzelor cu m\u00e2nec\u0103 lung\u0103 depinde \u00een mare m\u0103sur\u0103 de ocazie. Versatilitatea lor \u00eenseamn\u0103 c\u0103 pot fi purtate \u00een multe moduri diferite. Iat\u0103 c\u00e2teva sfaturi despre cum s\u0103 le stilizezi:<\/p>\n<ul>\n<li><strong>\u00cen fiecare zi:<\/strong> Asorteaz\u0103 bluze cu blugi sau pantaloni chino. Adaug\u0103 adida\u0219i sau balerini comozi.<\/li>\n<li><strong>La birou:<\/strong> Alege o bluz\u0103 mai elegant\u0103 \u0219i asorteaz-o cu o fust\u0103 creion sau pantaloni cu talie \u00eenalt\u0103.<\/li>\n<li><strong>Pentru sear\u0103:<\/strong> Asorteaz\u0103 bluze cu volane sau decolteu \u00een V cu pantaloni mula\u021bi sau o fust\u0103 elegant\u0103.<\/li>\n<\/ul>\n<h2>Rezumat<\/h2>\n<p>Bluzele cu m\u00e2nec\u0103 lung\u0103 nu sunt doar o pies\u0103 vestimentar\u0103 elegant\u0103, ci \u0219i practic\u0103, pe care cu siguran\u021b\u0103 o ve\u021bi aprecia. Investind \u00een c\u00e2teva modele atemporale, ve\u021bi crea o baz\u0103 pentru garderoba dvs., care v\u0103 va permite s\u0103 compune\u021bi cu u\u0219urin\u021b\u0103 diferite stiluri. Indiferent de tendin\u021bele predominante, o bluz\u0103 aleas\u0103 cu grij\u0103 v\u0103 va oferi \u00eentotdeauna \u00eencredere. Nu uita\u021bi c\u0103 cheia stiliz\u0103rii const\u0103 \u00een combinarea cu pricepere a diferitelor elemente \u0219i potrivirea lor la stilul dvs. individual. Datorit\u0103 acestui fapt, fiecare bluz\u0103 cu m\u00e2nec\u0103 lung\u0103 va fi nu doar practic\u0103, ci \u0219i frumoas\u0103. Cu o \u00eengrijire adecvat\u0103, v\u0103 vor servi mult timp, aduc\u00e2nd mult\u0103 satisfac\u021bie purt\u00e2ndu-le.<\/p>\n<h2>\u00centreb\u0103ri frecvente<\/h2>\n<ul>\n<li><strong>Ce materiale sunt cele mai bune pentru bluze cu m\u00e2nec\u0103 lung\u0103?<\/strong> Cele mai bune materiale sunt bumbacul, viscoza \u0219i amestecurile cu un adaos de elastan, care asigur\u0103 confort la purtare.<\/li>\n<li><strong>Sunt bluzele cu m\u00e2nec\u0103 lung\u0103 potrivite pentru var\u0103?<\/strong> Da, bluzele din materiale u\u0219oare sunt perfecte pentru zilele de var\u0103, mai ales \u00een serile mai r\u0103coroase.<\/li>\n<li><strong>Cum s\u0103 \u00eengrije\u0219ti c\u0103m\u0103\u0219ile cu m\u00e2nec\u0103 lung\u0103 pentru a le face s\u0103 reziste mult timp?<\/strong> Acestea trebuie sp\u0103late conform instruc\u021biunilor de pe etichet\u0103, evitate temperaturile ridicate \u0219i c\u0103lcate la temperaturi sc\u0103zute.<\/li>\n<li><strong>Ar trebui s\u0103 investe\u0219ti \u00een bluze cu m\u00e2nec\u0103 lung\u0103 mai scumpe?<\/strong> Da, bluzele de calitate superioar\u0103 sunt adesea mai rezistente \u0219i se potrivesc mai bine, ceea ce le face s\u0103 arate mai elegante.<\/li>\n<\/ul>","protected":false},"excerpt":{"rendered":"<p>W ka\u017cdej szafie powinny znajdowa\u0107 si\u0119 ubrania, kt\u00f3re stanowi\u0105 niezawodn\u0105 podstaw\u0119 stylizacji. Bluzki z d\u0142ugim r\u0119kawem z pewno\u015bci\u0105 do nich nale\u017c\u0105. Ich nieprzemijaj\u0105cy urok sprawia, \u017ce staj\u0105 si\u0119 kluczowym elementem w naszej garderobie, niezale\u017cnie od sezonu. Dlaczego warto postawi\u0107 na te konkretne modele? Kluczem jest ich uniwersalno\u015b\u0107 oraz zdolno\u015b\u0107 do dopasowania si\u0119 do r\u00f3\u017cnorodnych styl\u00f3w [&hellip;]<\/p>","protected":false},"author":1,"featured_media":290,"comment_status":"closed","ping_status":"closed","sticky":false,"template":"","format":"standard","meta":{"_acf_changed":false,"footnotes":""},"categories":[1],"tags":[],"class_list":["post-308","post","type-post","status-publish","format-standard","has-post-thumbnail","hentry","category-blog"],"acf":[],"yoast_head":"<!-- This site is optimized with the Yoast SEO plugin v23.2 - https:\/\/yoast.com\/wordpress\/plugins\/seo\/ -->\n<title>Bluzki z d\u0142ugim r\u0119kawem, kt\u00f3re nigdy nie wyjd\u0105 z mody \u2013 ponadczasowe modele w Twojej szafie<\/title>\n<meta name=\"description\" content=\"Odkryj bluzki z d\u0142ugim r\u0119kawem, kt\u00f3re s\u0105 zawsze na czasie. Sprawd\u017a, jakie modele warto mie\u0107 w swojej szafie!\" \/>\n<meta name=\"robots\" content=\"index, follow, max-snippet:-1, max-image-preview:large, max-video-preview:-1\" \/>\n<link rel=\"canonical\" href=\"https:\/\/polscy-kierowcy.pl\/ro\/bluzki-z-dlugim-rekawem-ktore-nigdy-nie-wyjda-z-mody-te-modele-warto-miec-w-swojej-szafie\/\" \/>\n<meta property=\"og:locale\" content=\"ro_RO\" \/>\n<meta property=\"og:type\" content=\"article\" \/>\n<meta property=\"og:title\" content=\"Bluzki z d\u0142ugim r\u0119kawem, kt\u00f3re nigdy nie wyjd\u0105 z mody \u2013 ponadczasowe modele w Twojej szafie\" \/>\n<meta property=\"og:description\" content=\"Odkryj bluzki z d\u0142ugim r\u0119kawem, kt\u00f3re s\u0105 zawsze na czasie. Sprawd\u017a, jakie modele warto mie\u0107 w swojej szafie!\" \/>\n<meta property=\"og:url\" content=\"https:\/\/polscy-kierowcy.pl\/ro\/bluzki-z-dlugim-rekawem-ktore-nigdy-nie-wyjda-z-mody-te-modele-warto-miec-w-swojej-szafie\/\" \/>\n<meta property=\"og:site_name\" content=\"polscy-kierowcy.pl\" \/>\n<meta property=\"article:published_time\" content=\"2024-12-13T00:00:00+00:00\" \/>\n<meta property=\"og:image\" content=\"https:\/\/polscy-kierowcy.pl\/wp-content\/uploads\/imagee65b93865db4489b8865a7c50dab1c48.png\" \/>\n\t<meta property=\"og:image:width\" content=\"1024\" \/>\n\t<meta property=\"og:image:height\" content=\"768\" \/>\n\t<meta property=\"og:image:type\" content=\"image\/png\" \/>\n<meta name=\"author\" content=\"Paulina Kruk\" \/>\n<meta name=\"twitter:card\" content=\"summary_large_image\" \/>\n<meta name=\"twitter:label1\" content=\"Scris de\" \/>\n\t<meta name=\"twitter:data1\" content=\"Paulina Kruk\" \/>\n\t<meta name=\"twitter:label2\" content=\"Timp estimat pentru citire\" \/>\n\t<meta name=\"twitter:data2\" content=\"4 minute\" \/>\n<script type=\"application\/ld+json\" class=\"yoast-schema-graph\">{\"@context\":\"https:\/\/schema.org\",\"@graph\":[{\"@type\":\"WebPage\",\"@id\":\"https:\/\/polscy-kierowcy.pl\/bluzki-z-dlugim-rekawem-ktore-nigdy-nie-wyjda-z-mody-te-modele-warto-miec-w-swojej-szafie\/\",\"url\":\"https:\/\/polscy-kierowcy.pl\/bluzki-z-dlugim-rekawem-ktore-nigdy-nie-wyjda-z-mody-te-modele-warto-miec-w-swojej-szafie\/\",\"name\":\"Bluzki z d\u0142ugim r\u0119kawem, kt\u00f3re nigdy nie wyjd\u0105 z mody \u2013 ponadczasowe modele w Twojej szafie\",\"isPartOf\":{\"@id\":\"https:\/\/polscy-kierowcy.pl\/#website\"},\"primaryImageOfPage\":{\"@id\":\"https:\/\/polscy-kierowcy.pl\/bluzki-z-dlugim-rekawem-ktore-nigdy-nie-wyjda-z-mody-te-modele-warto-miec-w-swojej-szafie\/#primaryimage\"},\"image\":{\"@id\":\"https:\/\/polscy-kierowcy.pl\/bluzki-z-dlugim-rekawem-ktore-nigdy-nie-wyjda-z-mody-te-modele-warto-miec-w-swojej-szafie\/#primaryimage\"},\"thumbnailUrl\":\"https:\/\/polscy-kierowcy.pl\/wp-content\/uploads\/imagee65b93865db4489b8865a7c50dab1c48.png\",\"datePublished\":\"2024-12-13T00:00:00+00:00\",\"dateModified\":\"2024-12-13T00:00:00+00:00\",\"author\":{\"@id\":\"https:\/\/polscy-kierowcy.pl\/#\/schema\/person\/66f7250202134445459bce344c706e46\"},\"description\":\"Odkryj bluzki z d\u0142ugim r\u0119kawem, kt\u00f3re s\u0105 zawsze na czasie. Sprawd\u017a, jakie modele warto mie\u0107 w swojej szafie!\",\"breadcrumb\":{\"@id\":\"https:\/\/polscy-kierowcy.pl\/bluzki-z-dlugim-rekawem-ktore-nigdy-nie-wyjda-z-mody-te-modele-warto-miec-w-swojej-szafie\/#breadcrumb\"},\"inLanguage\":\"ro-RO\",\"potentialAction\":[{\"@type\":\"ReadAction\",\"target\":[\"https:\/\/polscy-kierowcy.pl\/bluzki-z-dlugim-rekawem-ktore-nigdy-nie-wyjda-z-mody-te-modele-warto-miec-w-swojej-szafie\/\"]}]},{\"@type\":\"ImageObject\",\"inLanguage\":\"ro-RO\",\"@id\":\"https:\/\/polscy-kierowcy.pl\/bluzki-z-dlugim-rekawem-ktore-nigdy-nie-wyjda-z-mody-te-modele-warto-miec-w-swojej-szafie\/#primaryimage\",\"url\":\"https:\/\/polscy-kierowcy.pl\/wp-content\/uploads\/imagee65b93865db4489b8865a7c50dab1c48.png\",\"contentUrl\":\"https:\/\/polscy-kierowcy.pl\/wp-content\/uploads\/imagee65b93865db4489b8865a7c50dab1c48.png\",\"width\":1024,\"height\":768},{\"@type\":\"BreadcrumbList\",\"@id\":\"https:\/\/polscy-kierowcy.pl\/bluzki-z-dlugim-rekawem-ktore-nigdy-nie-wyjda-z-mody-te-modele-warto-miec-w-swojej-szafie\/#breadcrumb\",\"itemListElement\":[{\"@type\":\"ListItem\",\"position\":1,\"name\":\"Home\",\"item\":\"https:\/\/polscy-kierowcy.pl\/\"},{\"@type\":\"ListItem\",\"position\":2,\"name\":\"Bluzki z d\u0142ugim r\u0119kawem, kt\u00f3re nigdy nie wyjd\u0105 z mody. Te modele warto mie\u0107 w swojej szafie\"}]},{\"@type\":\"WebSite\",\"@id\":\"https:\/\/polscy-kierowcy.pl\/#website\",\"url\":\"https:\/\/polscy-kierowcy.pl\/\",\"name\":\"polscy-kierowcy.pl\",\"description\":\"Tureckie sukienki: pi\u0119kno w tradycji.\",\"potentialAction\":[{\"@type\":\"SearchAction\",\"target\":{\"@type\":\"EntryPoint\",\"urlTemplate\":\"https:\/\/polscy-kierowcy.pl\/?s={search_term_string}\"},\"query-input\":\"required name=search_term_string\"}],\"inLanguage\":\"ro-RO\"},{\"@type\":\"Person\",\"@id\":\"https:\/\/polscy-kierowcy.pl\/#\/schema\/person\/66f7250202134445459bce344c706e46\",\"name\":\"Paulina Kruk\",\"image\":{\"@type\":\"ImageObject\",\"inLanguage\":\"ro-RO\",\"@id\":\"https:\/\/polscy-kierowcy.pl\/#\/schema\/person\/image\/\",\"url\":\"https:\/\/polscy-kierowcy.pl\/wp-content\/uploads\/ivyzxaomvy6_ad_avatar-96x96.jpg\",\"contentUrl\":\"https:\/\/polscy-kierowcy.pl\/wp-content\/uploads\/ivyzxaomvy6_ad_avatar-96x96.jpg\",\"caption\":\"Paulina Kruk\"},\"description\":\"Paulina Kruk to do\u015bwiadczona specjalistka w dziedzinie mody, prowadz\u0105ca w\u0142asny sklep odzie\u017cowy w Pilaszkowie. Jej pasja do mody i zaanga\u017cowanie w bran\u017cy odzie\u017cowej pozwalaj\u0105 jej na tworzenie unikatowych stylizacji, kt\u00f3re \u0142\u0105cz\u0105 elegancj\u0119 z codziennym komfortem.\",\"url\":\"https:\/\/polscy-kierowcy.pl\/ro\/author\/paulina-kruk\/\"}]}<\/script>\n<!-- \/ Yoast SEO plugin. -->","yoast_head_json":{"title":"Bluzki z d\u0142ugim r\u0119kawem, kt\u00f3re nigdy nie wyjd\u0105 z mody \u2013 ponadczasowe modele w Twojej szafie","description":"Odkryj bluzki z d\u0142ugim r\u0119kawem, kt\u00f3re s\u0105 zawsze na czasie. Sprawd\u017a, jakie modele warto mie\u0107 w swojej szafie!","robots":{"index":"index","follow":"follow","max-snippet":"max-snippet:-1","max-image-preview":"max-image-preview:large","max-video-preview":"max-video-preview:-1"},"canonical":"https:\/\/polscy-kierowcy.pl\/ro\/bluzki-z-dlugim-rekawem-ktore-nigdy-nie-wyjda-z-mody-te-modele-warto-miec-w-swojej-szafie\/","og_locale":"ro_RO","og_type":"article","og_title":"Bluzki z d\u0142ugim r\u0119kawem, kt\u00f3re nigdy nie wyjd\u0105 z mody \u2013 ponadczasowe modele w Twojej szafie","og_description":"Odkryj bluzki z d\u0142ugim r\u0119kawem, kt\u00f3re s\u0105 zawsze na czasie. Sprawd\u017a, jakie modele warto mie\u0107 w swojej szafie!","og_url":"https:\/\/polscy-kierowcy.pl\/ro\/bluzki-z-dlugim-rekawem-ktore-nigdy-nie-wyjda-z-mody-te-modele-warto-miec-w-swojej-szafie\/","og_site_name":"polscy-kierowcy.pl","article_published_time":"2024-12-13T00:00:00+00:00","og_image":[{"width":1024,"height":768,"url":"https:\/\/polscy-kierowcy.pl\/wp-content\/uploads\/imagee65b93865db4489b8865a7c50dab1c48.png","type":"image\/png"}],"author":"Paulina Kruk","twitter_card":"summary_large_image","twitter_misc":{"Scris de":"Paulina Kruk","Timp estimat pentru citire":"4 minute"},"schema":{"@context":"https:\/\/schema.org","@graph":[{"@type":"WebPage","@id":"https:\/\/polscy-kierowcy.pl\/bluzki-z-dlugim-rekawem-ktore-nigdy-nie-wyjda-z-mody-te-modele-warto-miec-w-swojej-szafie\/","url":"https:\/\/polscy-kierowcy.pl\/bluzki-z-dlugim-rekawem-ktore-nigdy-nie-wyjda-z-mody-te-modele-warto-miec-w-swojej-szafie\/","name":"Bluzki z d\u0142ugim r\u0119kawem, kt\u00f3re nigdy nie wyjd\u0105 z mody \u2013 ponadczasowe modele w Twojej szafie","isPartOf":{"@id":"https:\/\/polscy-kierowcy.pl\/#website"},"primaryImageOfPage":{"@id":"https:\/\/polscy-kierowcy.pl\/bluzki-z-dlugim-rekawem-ktore-nigdy-nie-wyjda-z-mody-te-modele-warto-miec-w-swojej-szafie\/#primaryimage"},"image":{"@id":"https:\/\/polscy-kierowcy.pl\/bluzki-z-dlugim-rekawem-ktore-nigdy-nie-wyjda-z-mody-te-modele-warto-miec-w-swojej-szafie\/#primaryimage"},"thumbnailUrl":"https:\/\/polscy-kierowcy.pl\/wp-content\/uploads\/imagee65b93865db4489b8865a7c50dab1c48.png","datePublished":"2024-12-13T00:00:00+00:00","dateModified":"2024-12-13T00:00:00+00:00","author":{"@id":"https:\/\/polscy-kierowcy.pl\/#\/schema\/person\/66f7250202134445459bce344c706e46"},"description":"Odkryj bluzki z d\u0142ugim r\u0119kawem, kt\u00f3re s\u0105 zawsze na czasie. Sprawd\u017a, jakie modele warto mie\u0107 w swojej szafie!","breadcrumb":{"@id":"https:\/\/polscy-kierowcy.pl\/bluzki-z-dlugim-rekawem-ktore-nigdy-nie-wyjda-z-mody-te-modele-warto-miec-w-swojej-szafie\/#breadcrumb"},"inLanguage":"ro-RO","potentialAction":[{"@type":"ReadAction","target":["https:\/\/polscy-kierowcy.pl\/bluzki-z-dlugim-rekawem-ktore-nigdy-nie-wyjda-z-mody-te-modele-warto-miec-w-swojej-szafie\/"]}]},{"@type":"ImageObject","inLanguage":"ro-RO","@id":"https:\/\/polscy-kierowcy.pl\/bluzki-z-dlugim-rekawem-ktore-nigdy-nie-wyjda-z-mody-te-modele-warto-miec-w-swojej-szafie\/#primaryimage","url":"https:\/\/polscy-kierowcy.pl\/wp-content\/uploads\/imagee65b93865db4489b8865a7c50dab1c48.png","contentUrl":"https:\/\/polscy-kierowcy.pl\/wp-content\/uploads\/imagee65b93865db4489b8865a7c50dab1c48.png","width":1024,"height":768},{"@type":"BreadcrumbList","@id":"https:\/\/polscy-kierowcy.pl\/bluzki-z-dlugim-rekawem-ktore-nigdy-nie-wyjda-z-mody-te-modele-warto-miec-w-swojej-szafie\/#breadcrumb","itemListElement":[{"@type":"ListItem","position":1,"name":"Home","item":"https:\/\/polscy-kierowcy.pl\/"},{"@type":"ListItem","position":2,"name":"Bluzki z d\u0142ugim r\u0119kawem, kt\u00f3re nigdy nie wyjd\u0105 z mody. Te modele warto mie\u0107 w swojej szafie"}]},{"@type":"WebSite","@id":"https:\/\/polscy-kierowcy.pl\/#website","url":"https:\/\/polscy-kierowcy.pl\/","name":"polscy-kierowcy.pl","description":"Tureckie sukienki: pi\u0119kno w tradycji.","potentialAction":[{"@type":"SearchAction","target":{"@type":"EntryPoint","urlTemplate":"https:\/\/polscy-kierowcy.pl\/?s={search_term_string}"},"query-input":"required name=search_term_string"}],"inLanguage":"ro-RO"},{"@type":"Person","@id":"https:\/\/polscy-kierowcy.pl\/#\/schema\/person\/66f7250202134445459bce344c706e46","name":"Paulina Kruk","image":{"@type":"ImageObject","inLanguage":"ro-RO","@id":"https:\/\/polscy-kierowcy.pl\/#\/schema\/person\/image\/","url":"https:\/\/polscy-kierowcy.pl\/wp-content\/uploads\/ivyzxaomvy6_ad_avatar-96x96.jpg","contentUrl":"https:\/\/polscy-kierowcy.pl\/wp-content\/uploads\/ivyzxaomvy6_ad_avatar-96x96.jpg","caption":"Paulina Kruk"},"description":"Paulina Kruk to do\u015bwiadczona specjalistka w dziedzinie mody, prowadz\u0105ca w\u0142asny sklep odzie\u017cowy w Pilaszkowie. Jej pasja do mody i zaanga\u017cowanie w bran\u017cy odzie\u017cowej pozwalaj\u0105 jej na tworzenie unikatowych stylizacji, kt\u00f3re \u0142\u0105cz\u0105 elegancj\u0119 z codziennym komfortem.","url":"https:\/\/polscy-kierowcy.pl\/ro\/author\/paulina-kruk\/"}]}},"yoast_meta":{"yoast_wpseo_title":"","yoast_wpseo_metadesc":"","yoast_wpseo_canonical":"https:\/\/polscy-kierowcy.pl\/ro\/wp-json\/wp\/v2\/posts\/308"},"_links":{"self":[{"href":"https:\/\/polscy-kierowcy.pl\/ro\/wp-json\/wp\/v2\/posts\/308"}],"collection":[{"href":"https:\/\/polscy-kierowcy.pl\/ro\/wp-json\/wp\/v2\/posts"}],"about":[{"href":"https:\/\/polscy-kierowcy.pl\/ro\/wp-json\/wp\/v2\/types\/post"}],"author":[{"embeddable":true,"href":"https:\/\/polscy-kierowcy.pl\/ro\/wp-json\/wp\/v2\/users\/1"}],"replies":[{"embeddable":true,"href":"https:\/\/polscy-kierowcy.pl\/ro\/wp-json\/wp\/v2\/comments?post=308"}],"version-history":[{"count":0,"href":"https:\/\/polscy-kierowcy.pl\/ro\/wp-json\/wp\/v2\/posts\/308\/revisions"}],"wp:featuredmedia":[{"embeddable":true,"href":"https:\/\/polscy-kierowcy.pl\/ro\/wp-json\/wp\/v2\/media\/290"}],"wp:attachment":[{"href":"https:\/\/polscy-kierowcy.pl\/ro\/wp-json\/wp\/v2\/media?parent=308"}],"wp:term":[{"taxonomy":"category","embeddable":true,"href":"https:\/\/polscy-kierowcy.pl\/ro\/wp-json\/wp\/v2\/categories?post=308"},{"taxonomy":"post_tag","embeddable":true,"href":"https:\/\/polscy-kierowcy.pl\/ro\/wp-json\/wp\/v2\/tags?post=308"}],"curies":[{"name":"wp","href":"https:\/\/api.w.org\/{rel}","templated":true}]}}