{"id":303,"date":"2024-12-16T00:00:00","date_gmt":"2024-12-16T00:00:00","guid":{"rendered":"https:\/\/polscy-kierowcy.pl\/?p=303"},"modified":"2024-12-16T00:00:00","modified_gmt":"2024-12-16T00:00:00","slug":"5-niezbednych-elementow-garderoby-kazdego-mezczyzny","status":"publish","type":"post","link":"https:\/\/polscy-kierowcy.pl\/ro\/5-niezbednych-elementow-garderoby-kazdego-mezczyzny\/","title":{"rendered":"5 elemente esen\u021biale pentru garderoba oric\u0103rui b\u0103rbat"},"content":{"rendered":"<div class=\"kk-star-ratings kksr-auto kksr-align-left kksr-valign-top\"\n    data-payload='{&quot;align&quot;:&quot;left&quot;,&quot;id&quot;:&quot;303&quot;,&quot;slug&quot;:&quot;default&quot;,&quot;valign&quot;:&quot;top&quot;,&quot;ignore&quot;:&quot;&quot;,&quot;reference&quot;:&quot;auto&quot;,&quot;class&quot;:&quot;&quot;,&quot;count&quot;:&quot;0&quot;,&quot;legendonly&quot;:&quot;&quot;,&quot;readonly&quot;:&quot;&quot;,&quot;score&quot;:&quot;0&quot;,&quot;starsonly&quot;:&quot;&quot;,&quot;best&quot;:&quot;5&quot;,&quot;gap&quot;:&quot;5&quot;,&quot;greet&quot;:&quot;&quot;,&quot;legend&quot;:&quot;0\\\/5 - (0 votes)&quot;,&quot;size&quot;:&quot;24&quot;,&quot;title&quot;:&quot;5 niezb\u0119dnych element\u00f3w garderoby ka\u017cdego m\u0119\u017cczyzny&quot;,&quot;width&quot;:&quot;0&quot;,&quot;_legend&quot;:&quot;{score}\\\/{best} - ({count} {votes})&quot;,&quot;font_factor&quot;:&quot;1.25&quot;}'>\n            \n<div class=\"kksr-stars\">\n    \n<div class=\"kksr-stars-inactive\">\n            <div class=\"kksr-star\" data-star=\"1\" style=\"padding-right: 5px\">\n            \n\n<div class=\"kksr-icon\" style=\"width: 24px; height: 24px;\"><\/div>\n        <\/div>\n            <div class=\"kksr-star\" data-star=\"2\" style=\"padding-right: 5px\">\n            \n\n<div class=\"kksr-icon\" style=\"width: 24px; height: 24px;\"><\/div>\n        <\/div>\n            <div class=\"kksr-star\" data-star=\"3\" style=\"padding-right: 5px\">\n            \n\n<div class=\"kksr-icon\" style=\"width: 24px; height: 24px;\"><\/div>\n        <\/div>\n            <div class=\"kksr-star\" data-star=\"4\" style=\"padding-right: 5px\">\n            \n\n<div class=\"kksr-icon\" style=\"width: 24px; height: 24px;\"><\/div>\n        <\/div>\n            <div class=\"kksr-star\" data-star=\"5\" style=\"padding-right: 5px\">\n            \n\n<div class=\"kksr-icon\" style=\"width: 24px; height: 24px;\"><\/div>\n        <\/div>\n    <\/div>\n    \n<div class=\"kksr-stars-active\" style=\"width: 0px;\">\n            <div class=\"kksr-star\" style=\"padding-right: 5px\">\n            \n\n<div class=\"kksr-icon\" style=\"width: 24px; height: 24px;\"><\/div>\n        <\/div>\n            <div class=\"kksr-star\" style=\"padding-right: 5px\">\n            \n\n<div class=\"kksr-icon\" style=\"width: 24px; height: 24px;\"><\/div>\n        <\/div>\n            <div class=\"kksr-star\" style=\"padding-right: 5px\">\n            \n\n<div class=\"kksr-icon\" style=\"width: 24px; height: 24px;\"><\/div>\n        <\/div>\n            <div class=\"kksr-star\" style=\"padding-right: 5px\">\n            \n\n<div class=\"kksr-icon\" style=\"width: 24px; height: 24px;\"><\/div>\n        <\/div>\n            <div class=\"kksr-star\" style=\"padding-right: 5px\">\n            \n\n<div class=\"kksr-icon\" style=\"width: 24px; height: 24px;\"><\/div>\n        <\/div>\n    <\/div>\n<\/div>\n                \n\n<div class=\"kksr-legend\" style=\"font-size: 19.2px;\">\n            <span class=\"kksr-muted\"><\/span>\n    <\/div>\n    <\/div>\n<p>\u00cen lumea modei masculine, elementele de baz\u0103 sunt esen\u021biale pentru a crea un look elegant. Un b\u0103rbat care \u00ee\u0219i cunoa\u0219te nevoile vestimentare are \u00eentotdeauna un avantaj fa\u021b\u0103 de cei care urmeaz\u0103 tendin\u021bele trec\u0103toare. Fie c\u0103 te preg\u0103te\u0219ti pentru o \u00eent\u00e2lnire de afaceri, o sear\u0103 casual cu prietenii sau un eveniment important, o garderob\u0103 bine aleas\u0103 este cel mai bun aliat al t\u0103u. Ast\u0103zi, \u00ee\u021bi vom prezenta cinci piese cheie pe care orice b\u0103rbat modern ar trebui s\u0103 le aib\u0103 pentru a ar\u0103ta \u0219i a se sim\u021bi mereu \u00eencrez\u0103tor. De la c\u0103m\u0103\u0219i clasice la accesorii, fiecare dintre aceste piese aduce ceva unic look-ului t\u0103u. Preg\u0103te\u0219te-te s\u0103 descoperi cum aceste piese de baz\u0103 \u00ee\u021bi pot schimba abordarea fa\u021b\u0103 de mod\u0103.<\/p>\n<h2>C\u0103ma\u0219\u0103 clasic\u0103<\/h2>\n<p><img decoding=\"async\" alt=\"Br\u0105zowy pasek, elegancki zegarek na r\u0119ku i czarne okulary przeciws\u0142oneczne na drewnianym stole.\" src=\"https:\/\/polscy-kierowcy.pl\/wp-content\/uploads\/imaged9d670b2fee24c21be9df2cee0bbc90f.png\"\/><\/p>\n<p>Rolul unei c\u0103m\u0103\u0219i clasice \u00een garderoba unui b\u0103rbat nu poate fi supraestimat. Este o pies\u0103 versatil\u0103 care se potrive\u0219te bine \u00eentr-o varietate de situa\u021bii. Fie c\u0103 mergi la o cin\u0103 formal\u0103 sau la o \u00eent\u00e2lnire cu prietenii, o c\u0103ma\u0219\u0103 bine croit\u0103 va ad\u0103uga \u00eentotdeauna elegan\u021b\u0103 \u021binutei tale. Modelele cu croial\u0103 dreapt\u0103 pot fi u\u0219or asortate at\u00e2t cu pantaloni elegan\u021bi, c\u00e2t \u0219i cu blugi. \u00cen plus, c\u0103m\u0103\u0219ile sunt disponibile \u00eentr-o varietate de modele \u0219i culori, permi\u021b\u00e2ndu-\u021bi s\u0103-\u021bi exprimi propriul stil. Iat\u0103 c\u00e2teva tipuri de c\u0103m\u0103\u0219i pe care ar trebui s\u0103 le iei \u00een considerare pentru a le ad\u0103uga \u00een garderoba ta:<\/p>\n<ul>\n<li>C\u0103m\u0103\u0219i cu m\u00e2nec\u0103 lung\u0103 \u2013 perfecte pentru ocazii formale.<\/li>\n<li>C\u0103m\u0103\u0219i cu m\u00e2nec\u0103 scurt\u0103 \u2013 ideale at\u00e2t pentru var\u0103, c\u00e2t \u0219i pentru \u021binute casual.<\/li>\n<li>C\u0103m\u0103\u0219i \u00een carouri \u2013 adaug\u0103 o not\u0103 casual \u0219i caracter \u021binutei tale.<\/li>\n<li>C\u0103m\u0103\u0219i de costum \u2013 esen\u021biale dac\u0103 vrei s\u0103 ar\u0103\u021bi elegant\u0103.<\/li>\n<\/ul>\n<h2>Pantaloni perfect croi\u021bi<\/h2>\n<p><img decoding=\"async\" alt=\"U\u015bmiechni\u0119ty m\u0119\u017cczyzna w br\u0105zowej marynarce i jeansach stoi w stylowej kawiarni.\" src=\"https:\/\/polscy-kierowcy.pl\/wp-content\/uploads\/imagec01d343d10cf4f65ad6c7b5e50a2555c.png\"\/><\/p>\n<p>Pantalonii sunt fundamentul stilului fiec\u0103rui b\u0103rbat. Alegerea lor nu trebuie subestimat\u0103, deoarece pantalonii bine croi\u021bi pot schimba complet efectul final. Este important s\u0103 acorda\u021bi aten\u021bie nu doar stilului, ci \u0219i confortului. Modelul, materialul \u0219i culoarea ar trebui s\u0103 se armonizeze cu restul garderobei. De aceea, merit\u0103 s\u0103 ave\u021bi cel pu\u021bin c\u00e2teva perechi de pantaloni \u00een stiluri diferite. Mai jos v\u0103 prezent\u0103m caracteristicile la care merit\u0103 s\u0103 fi\u021bi aten\u021bi atunci c\u00e2nd alege\u021bi pantaloni:<\/p>\n<table border=\"1\">\n<tr>\n<th>Tipul pantalonilor<\/th>\n<th>Oportunitate<\/th>\n<\/tr>\n<tr>\n<td>Blugi<\/td>\n<td>Ie\u0219iri ocazionale<\/td>\n<\/tr>\n<tr>\n<td>Pantaloni chino<\/td>\n<td>\u00cent\u00e2lniri ocazionale<\/td>\n<\/tr>\n<tr>\n<td>Pantaloni elegan\u021bi<\/td>\n<td>Ocazii formale<\/td>\n<\/tr>\n<\/table>\n<h2>Jachet\u0103 universal\u0103<\/h2>\n<p>Un blazer este un alt element cheie pe care fiecare b\u0103rbat ar trebui s\u0103 \u00eel aib\u0103 \u00een garderob\u0103. Nu este doar o pies\u0103 vestimentar\u0103, ci \u0219i o form\u0103 de exprimare a stilului care adaug\u0103 demnitate oric\u0103rui stil. Posibilit\u0103\u021bile de a combina un blazer cu alte haine sunt practic nelimitate. Merit\u0103 s\u0103 acorda\u021bi aten\u021bie culorii \u0219i croielii, astfel \u00eenc\u00e2t blazerul s\u0103 se poat\u0103 potrivi cu diferite seturi. Culorile clasice, precum bleumarinul sau griul, vor fi \u00eentotdeauna la mod\u0103. Un blazer bine ales poate \u00eenlocui chiar \u0219i o \u021binut\u0103 mai formal\u0103. Mai jos este o list\u0103 cu caracteristicile cheie ale blazerului perfect:<\/p>\n<ul>\n<li>Materialul \u2013 trebuie s\u0103 fie respirabil \u0219i confortabil.<\/li>\n<li>Croiala \u2013 \u00een func\u021bie de siluet\u0103, ar trebui s\u0103 accentueze atuurile b\u0103rbatului.<\/li>\n<li>Culoare \u2013 culorile universale sunt cheia multor stiluri.<\/li>\n<\/ul>\n<h2>\u00cenc\u0103l\u021b\u0103minte confortabil\u0103<\/h2>\n<p>\u00cen cele din urm\u0103, nu putem uita de \u00eenc\u0103l\u021b\u0103minte, care \u00eendepline\u0219te nu doar o func\u021bie estetic\u0103, ci \u0219i una practic\u0103. Pantofii bine ale\u0219i pot defini \u00eentregul stil. Merit\u0103 s\u0103 ave\u021bi \u00een colec\u021bia dvs. o varietate de perechi care s\u0103 se potriveasc\u0103 diferitelor ocazii. Indiferent dac\u0103 prefera\u021bi pantofii Oxford elegan\u021bi, adida\u0219ii confortabili sau bocancii de drume\u021bie solizi, aminti\u021bi-v\u0103 c\u0103 confortul este esen\u021bial. La urma urmei, pantofii prost ale\u0219i pot strica chiar \u0219i cel mai atent g\u00e2ndit stil. Iat\u0103 o list\u0103 de tipuri de \u00eenc\u0103l\u021b\u0103minte b\u0103rb\u0103teasc\u0103 pe care merit\u0103 s\u0103 le ave\u021bi:<\/p>\n<ul>\n<li>Oxford \u2013 clasici pentru ocazii formale.<\/li>\n<li>Teni\u0219i \u2013 perfec\u021bi pentru uzul zilnic.<\/li>\n<li>Ghete p\u00e2n\u0103 la glezn\u0103 \u2013 perfecte pentru zilele mai reci \u0219i ie\u0219irile casual.<\/li>\n<\/ul>\n<h2>Rezumat<\/h2>\n<p>Pe scurt, fiecare b\u0103rbat ar trebui s\u0103 investeasc\u0103 \u00een cinci articole de baz\u0103 \u00een garderob\u0103: o c\u0103ma\u0219\u0103 clasic\u0103, pantaloni perfect croi\u021bi, o jachet\u0103 universal\u0103, \u00eenc\u0103l\u021b\u0103minte confortabil\u0103 \u0219i accesorii elegante. Aceste articole nu numai c\u0103 \u00eei vor \u00eembun\u0103t\u0103\u021bi stilul, dar vor \u0219i u\u0219ura orice situa\u021bie. Nu uita\u021bi c\u0103 moda nu este doar o chestiune de tendin\u021be, ci \u0219i de combinarea cu m\u0103iestrie a elementelor de baz\u0103 \u00een seturi atractive. Investind \u00een calitate, ave\u021bi grij\u0103 nu doar de aspectul dumneavoastr\u0103, ci \u0219i de confortul vie\u021bii dumneavoastr\u0103.<\/p>\n<h2>\u00centreb\u0103ri frecvente<\/h2>\n<ul>\n<li><strong>Ce culori ar trebui s\u0103 domine garderoba unui b\u0103rbat?<\/strong> Cel mai bine este s\u0103 alegi culori clasice: alb, negru, bleumarin, gri \u0219i bej, care sunt u\u0219or de combinat.<\/li>\n<li><strong>Ce materiale sunt cele mai potrivite pentru \u00eembr\u0103c\u0103mintea b\u0103rb\u0103teasc\u0103?<\/strong> Merit\u0103 s\u0103 alege\u021bi materiale naturale precum bumbacul, inul sau l\u00e2na, care sunt aerisite \u0219i confortabile.<\/li>\n<li><strong>Cum s\u0103 ai grij\u0103 de garderoba b\u0103rba\u021bilor?<\/strong> Sp\u0103larea regulat\u0103, c\u0103lcarea \u0219i depozitarea corespunz\u0103toare a hainelor sunt aspecte cheie ale \u00eengrijirii lor.<\/li>\n<li><strong>Merit\u0103 s\u0103 investe\u0219ti \u00een m\u0103rci de haine mai scumpe?<\/strong> Da, investi\u021biile \u00een m\u0103rci mai scumpe se traduc adesea \u00een materiale de calitate superioar\u0103 \u0219i o durabilitate mai mare a hainelor.<\/li>\n<li><strong>Ce accesorii sunt esen\u021biale \u00een garderoba unui b\u0103rbat?<\/strong> Pe l\u00e2ng\u0103 ceasul \u0219i cureaua men\u021bionate anterior, merit\u0103 s\u0103 ave\u021bi \u0219i o e\u0219arf\u0103 \u0219i o c\u0103ciul\u0103 pentru zilele mai reci.<\/li>\n<\/ul>","protected":false},"excerpt":{"rendered":"<p>W \u015bwiecie mody m\u0119skiej, podstawowe ubrania s\u0105 kluczem do stworzenia stylowego wygl\u0105du. M\u0119\u017cczyzna, kt\u00f3ry zna swoje potrzeby odzie\u017cowe, zawsze ma przewag\u0119 nad tymi, kt\u00f3rzy pod\u0105\u017caj\u0105 za chwilowymi trendami. Niezale\u017cnie od tego, czy przygotowujesz si\u0119 na spotkanie biznesowe, casualowy wiecz\u00f3r z przyjaci\u00f3\u0142mi, czy wa\u017cn\u0105 uroczysto\u015b\u0107, odpowiednio dobrana garderoba jest Twoim najlepszym sojusznikiem. Dzi\u015b przedstawimy pi\u0119\u0107 kluczowych [&hellip;]<\/p>","protected":false},"author":1,"featured_media":251,"comment_status":"closed","ping_status":"closed","sticky":false,"template":"","format":"standard","meta":{"_acf_changed":false,"footnotes":""},"categories":[1],"tags":[],"class_list":["post-303","post","type-post","status-publish","format-standard","has-post-thumbnail","hentry","category-blog"],"acf":[],"yoast_head":"<!-- This site is optimized with the Yoast SEO plugin v23.2 - https:\/\/yoast.com\/wordpress\/plugins\/seo\/ -->\n<title>5 Niezb\u0119dnych Element\u00f3w Garderoby Ka\u017cdego M\u0119\u017cczyzny \u2013 Klucz do Stylu<\/title>\n<meta name=\"description\" content=\"Odkryj pi\u0119\u0107 podstawowych element\u00f3w garderoby, kt\u00f3re ka\u017cdy m\u0119\u017cczyzna powinien mie\u0107, aby zawsze wygl\u0105da\u0107 stylowo i elegancko.\" \/>\n<meta name=\"robots\" content=\"index, follow, max-snippet:-1, max-image-preview:large, max-video-preview:-1\" \/>\n<link rel=\"canonical\" href=\"https:\/\/polscy-kierowcy.pl\/ro\/5-niezbednych-elementow-garderoby-kazdego-mezczyzny\/\" \/>\n<meta property=\"og:locale\" content=\"ro_RO\" \/>\n<meta property=\"og:type\" content=\"article\" \/>\n<meta property=\"og:title\" content=\"5 Niezb\u0119dnych Element\u00f3w Garderoby Ka\u017cdego M\u0119\u017cczyzny \u2013 Klucz do Stylu\" \/>\n<meta property=\"og:description\" content=\"Odkryj pi\u0119\u0107 podstawowych element\u00f3w garderoby, kt\u00f3re ka\u017cdy m\u0119\u017cczyzna powinien mie\u0107, aby zawsze wygl\u0105da\u0107 stylowo i elegancko.\" \/>\n<meta property=\"og:url\" content=\"https:\/\/polscy-kierowcy.pl\/ro\/5-niezbednych-elementow-garderoby-kazdego-mezczyzny\/\" \/>\n<meta property=\"og:site_name\" content=\"polscy-kierowcy.pl\" \/>\n<meta property=\"article:published_time\" content=\"2024-12-16T00:00:00+00:00\" \/>\n<meta property=\"og:image\" content=\"https:\/\/polscy-kierowcy.pl\/wp-content\/uploads\/image9b87de5fe5344438a46b5bc188ed0779.png\" \/>\n\t<meta property=\"og:image:width\" content=\"1024\" \/>\n\t<meta property=\"og:image:height\" content=\"768\" \/>\n\t<meta property=\"og:image:type\" content=\"image\/png\" \/>\n<meta name=\"author\" content=\"Paulina Kruk\" \/>\n<meta name=\"twitter:card\" content=\"summary_large_image\" \/>\n<meta name=\"twitter:label1\" content=\"Scris de\" \/>\n\t<meta name=\"twitter:data1\" content=\"Paulina Kruk\" \/>\n\t<meta name=\"twitter:label2\" content=\"Timp estimat pentru citire\" \/>\n\t<meta name=\"twitter:data2\" content=\"4 minute\" \/>\n<script type=\"application\/ld+json\" class=\"yoast-schema-graph\">{\"@context\":\"https:\/\/schema.org\",\"@graph\":[{\"@type\":\"WebPage\",\"@id\":\"https:\/\/polscy-kierowcy.pl\/5-niezbednych-elementow-garderoby-kazdego-mezczyzny\/\",\"url\":\"https:\/\/polscy-kierowcy.pl\/5-niezbednych-elementow-garderoby-kazdego-mezczyzny\/\",\"name\":\"5 Niezb\u0119dnych Element\u00f3w Garderoby Ka\u017cdego M\u0119\u017cczyzny \u2013 Klucz do Stylu\",\"isPartOf\":{\"@id\":\"https:\/\/polscy-kierowcy.pl\/#website\"},\"primaryImageOfPage\":{\"@id\":\"https:\/\/polscy-kierowcy.pl\/5-niezbednych-elementow-garderoby-kazdego-mezczyzny\/#primaryimage\"},\"image\":{\"@id\":\"https:\/\/polscy-kierowcy.pl\/5-niezbednych-elementow-garderoby-kazdego-mezczyzny\/#primaryimage\"},\"thumbnailUrl\":\"https:\/\/polscy-kierowcy.pl\/wp-content\/uploads\/image9b87de5fe5344438a46b5bc188ed0779.png\",\"datePublished\":\"2024-12-16T00:00:00+00:00\",\"dateModified\":\"2024-12-16T00:00:00+00:00\",\"author\":{\"@id\":\"https:\/\/polscy-kierowcy.pl\/#\/schema\/person\/66f7250202134445459bce344c706e46\"},\"description\":\"Odkryj pi\u0119\u0107 podstawowych element\u00f3w garderoby, kt\u00f3re ka\u017cdy m\u0119\u017cczyzna powinien mie\u0107, aby zawsze wygl\u0105da\u0107 stylowo i elegancko.\",\"breadcrumb\":{\"@id\":\"https:\/\/polscy-kierowcy.pl\/5-niezbednych-elementow-garderoby-kazdego-mezczyzny\/#breadcrumb\"},\"inLanguage\":\"ro-RO\",\"potentialAction\":[{\"@type\":\"ReadAction\",\"target\":[\"https:\/\/polscy-kierowcy.pl\/5-niezbednych-elementow-garderoby-kazdego-mezczyzny\/\"]}]},{\"@type\":\"ImageObject\",\"inLanguage\":\"ro-RO\",\"@id\":\"https:\/\/polscy-kierowcy.pl\/5-niezbednych-elementow-garderoby-kazdego-mezczyzny\/#primaryimage\",\"url\":\"https:\/\/polscy-kierowcy.pl\/wp-content\/uploads\/image9b87de5fe5344438a46b5bc188ed0779.png\",\"contentUrl\":\"https:\/\/polscy-kierowcy.pl\/wp-content\/uploads\/image9b87de5fe5344438a46b5bc188ed0779.png\",\"width\":1024,\"height\":768},{\"@type\":\"BreadcrumbList\",\"@id\":\"https:\/\/polscy-kierowcy.pl\/5-niezbednych-elementow-garderoby-kazdego-mezczyzny\/#breadcrumb\",\"itemListElement\":[{\"@type\":\"ListItem\",\"position\":1,\"name\":\"Home\",\"item\":\"https:\/\/polscy-kierowcy.pl\/\"},{\"@type\":\"ListItem\",\"position\":2,\"name\":\"5 niezb\u0119dnych element\u00f3w garderoby ka\u017cdego m\u0119\u017cczyzny\"}]},{\"@type\":\"WebSite\",\"@id\":\"https:\/\/polscy-kierowcy.pl\/#website\",\"url\":\"https:\/\/polscy-kierowcy.pl\/\",\"name\":\"polscy-kierowcy.pl\",\"description\":\"Tureckie sukienki: pi\u0119kno w tradycji.\",\"potentialAction\":[{\"@type\":\"SearchAction\",\"target\":{\"@type\":\"EntryPoint\",\"urlTemplate\":\"https:\/\/polscy-kierowcy.pl\/?s={search_term_string}\"},\"query-input\":\"required name=search_term_string\"}],\"inLanguage\":\"ro-RO\"},{\"@type\":\"Person\",\"@id\":\"https:\/\/polscy-kierowcy.pl\/#\/schema\/person\/66f7250202134445459bce344c706e46\",\"name\":\"Paulina Kruk\",\"image\":{\"@type\":\"ImageObject\",\"inLanguage\":\"ro-RO\",\"@id\":\"https:\/\/polscy-kierowcy.pl\/#\/schema\/person\/image\/\",\"url\":\"https:\/\/polscy-kierowcy.pl\/wp-content\/uploads\/ivyzxaomvy6_ad_avatar-96x96.jpg\",\"contentUrl\":\"https:\/\/polscy-kierowcy.pl\/wp-content\/uploads\/ivyzxaomvy6_ad_avatar-96x96.jpg\",\"caption\":\"Paulina Kruk\"},\"description\":\"Paulina Kruk to do\u015bwiadczona specjalistka w dziedzinie mody, prowadz\u0105ca w\u0142asny sklep odzie\u017cowy w Pilaszkowie. Jej pasja do mody i zaanga\u017cowanie w bran\u017cy odzie\u017cowej pozwalaj\u0105 jej na tworzenie unikatowych stylizacji, kt\u00f3re \u0142\u0105cz\u0105 elegancj\u0119 z codziennym komfortem.\",\"url\":\"https:\/\/polscy-kierowcy.pl\/ro\/author\/paulina-kruk\/\"}]}<\/script>\n<!-- \/ Yoast SEO plugin. -->","yoast_head_json":{"title":"5 Niezb\u0119dnych Element\u00f3w Garderoby Ka\u017cdego M\u0119\u017cczyzny \u2013 Klucz do Stylu","description":"Odkryj pi\u0119\u0107 podstawowych element\u00f3w garderoby, kt\u00f3re ka\u017cdy m\u0119\u017cczyzna powinien mie\u0107, aby zawsze wygl\u0105da\u0107 stylowo i elegancko.","robots":{"index":"index","follow":"follow","max-snippet":"max-snippet:-1","max-image-preview":"max-image-preview:large","max-video-preview":"max-video-preview:-1"},"canonical":"https:\/\/polscy-kierowcy.pl\/ro\/5-niezbednych-elementow-garderoby-kazdego-mezczyzny\/","og_locale":"ro_RO","og_type":"article","og_title":"5 Niezb\u0119dnych Element\u00f3w Garderoby Ka\u017cdego M\u0119\u017cczyzny \u2013 Klucz do Stylu","og_description":"Odkryj pi\u0119\u0107 podstawowych element\u00f3w garderoby, kt\u00f3re ka\u017cdy m\u0119\u017cczyzna powinien mie\u0107, aby zawsze wygl\u0105da\u0107 stylowo i elegancko.","og_url":"https:\/\/polscy-kierowcy.pl\/ro\/5-niezbednych-elementow-garderoby-kazdego-mezczyzny\/","og_site_name":"polscy-kierowcy.pl","article_published_time":"2024-12-16T00:00:00+00:00","og_image":[{"width":1024,"height":768,"url":"https:\/\/polscy-kierowcy.pl\/wp-content\/uploads\/image9b87de5fe5344438a46b5bc188ed0779.png","type":"image\/png"}],"author":"Paulina Kruk","twitter_card":"summary_large_image","twitter_misc":{"Scris de":"Paulina Kruk","Timp estimat pentru citire":"4 minute"},"schema":{"@context":"https:\/\/schema.org","@graph":[{"@type":"WebPage","@id":"https:\/\/polscy-kierowcy.pl\/5-niezbednych-elementow-garderoby-kazdego-mezczyzny\/","url":"https:\/\/polscy-kierowcy.pl\/5-niezbednych-elementow-garderoby-kazdego-mezczyzny\/","name":"5 Niezb\u0119dnych Element\u00f3w Garderoby Ka\u017cdego M\u0119\u017cczyzny \u2013 Klucz do Stylu","isPartOf":{"@id":"https:\/\/polscy-kierowcy.pl\/#website"},"primaryImageOfPage":{"@id":"https:\/\/polscy-kierowcy.pl\/5-niezbednych-elementow-garderoby-kazdego-mezczyzny\/#primaryimage"},"image":{"@id":"https:\/\/polscy-kierowcy.pl\/5-niezbednych-elementow-garderoby-kazdego-mezczyzny\/#primaryimage"},"thumbnailUrl":"https:\/\/polscy-kierowcy.pl\/wp-content\/uploads\/image9b87de5fe5344438a46b5bc188ed0779.png","datePublished":"2024-12-16T00:00:00+00:00","dateModified":"2024-12-16T00:00:00+00:00","author":{"@id":"https:\/\/polscy-kierowcy.pl\/#\/schema\/person\/66f7250202134445459bce344c706e46"},"description":"Odkryj pi\u0119\u0107 podstawowych element\u00f3w garderoby, kt\u00f3re ka\u017cdy m\u0119\u017cczyzna powinien mie\u0107, aby zawsze wygl\u0105da\u0107 stylowo i elegancko.","breadcrumb":{"@id":"https:\/\/polscy-kierowcy.pl\/5-niezbednych-elementow-garderoby-kazdego-mezczyzny\/#breadcrumb"},"inLanguage":"ro-RO","potentialAction":[{"@type":"ReadAction","target":["https:\/\/polscy-kierowcy.pl\/5-niezbednych-elementow-garderoby-kazdego-mezczyzny\/"]}]},{"@type":"ImageObject","inLanguage":"ro-RO","@id":"https:\/\/polscy-kierowcy.pl\/5-niezbednych-elementow-garderoby-kazdego-mezczyzny\/#primaryimage","url":"https:\/\/polscy-kierowcy.pl\/wp-content\/uploads\/image9b87de5fe5344438a46b5bc188ed0779.png","contentUrl":"https:\/\/polscy-kierowcy.pl\/wp-content\/uploads\/image9b87de5fe5344438a46b5bc188ed0779.png","width":1024,"height":768},{"@type":"BreadcrumbList","@id":"https:\/\/polscy-kierowcy.pl\/5-niezbednych-elementow-garderoby-kazdego-mezczyzny\/#breadcrumb","itemListElement":[{"@type":"ListItem","position":1,"name":"Home","item":"https:\/\/polscy-kierowcy.pl\/"},{"@type":"ListItem","position":2,"name":"5 niezb\u0119dnych element\u00f3w garderoby ka\u017cdego m\u0119\u017cczyzny"}]},{"@type":"WebSite","@id":"https:\/\/polscy-kierowcy.pl\/#website","url":"https:\/\/polscy-kierowcy.pl\/","name":"polscy-kierowcy.pl","description":"Tureckie sukienki: pi\u0119kno w tradycji.","potentialAction":[{"@type":"SearchAction","target":{"@type":"EntryPoint","urlTemplate":"https:\/\/polscy-kierowcy.pl\/?s={search_term_string}"},"query-input":"required name=search_term_string"}],"inLanguage":"ro-RO"},{"@type":"Person","@id":"https:\/\/polscy-kierowcy.pl\/#\/schema\/person\/66f7250202134445459bce344c706e46","name":"Paulina Kruk","image":{"@type":"ImageObject","inLanguage":"ro-RO","@id":"https:\/\/polscy-kierowcy.pl\/#\/schema\/person\/image\/","url":"https:\/\/polscy-kierowcy.pl\/wp-content\/uploads\/ivyzxaomvy6_ad_avatar-96x96.jpg","contentUrl":"https:\/\/polscy-kierowcy.pl\/wp-content\/uploads\/ivyzxaomvy6_ad_avatar-96x96.jpg","caption":"Paulina Kruk"},"description":"Paulina Kruk to do\u015bwiadczona specjalistka w dziedzinie mody, prowadz\u0105ca w\u0142asny sklep odzie\u017cowy w Pilaszkowie. Jej pasja do mody i zaanga\u017cowanie w bran\u017cy odzie\u017cowej pozwalaj\u0105 jej na tworzenie unikatowych stylizacji, kt\u00f3re \u0142\u0105cz\u0105 elegancj\u0119 z codziennym komfortem.","url":"https:\/\/polscy-kierowcy.pl\/ro\/author\/paulina-kruk\/"}]}},"yoast_meta":{"yoast_wpseo_title":"","yoast_wpseo_metadesc":"","yoast_wpseo_canonical":"https:\/\/polscy-kierowcy.pl\/ro\/wp-json\/wp\/v2\/posts\/303"},"_links":{"self":[{"href":"https:\/\/polscy-kierowcy.pl\/ro\/wp-json\/wp\/v2\/posts\/303"}],"collection":[{"href":"https:\/\/polscy-kierowcy.pl\/ro\/wp-json\/wp\/v2\/posts"}],"about":[{"href":"https:\/\/polscy-kierowcy.pl\/ro\/wp-json\/wp\/v2\/types\/post"}],"author":[{"embeddable":true,"href":"https:\/\/polscy-kierowcy.pl\/ro\/wp-json\/wp\/v2\/users\/1"}],"replies":[{"embeddable":true,"href":"https:\/\/polscy-kierowcy.pl\/ro\/wp-json\/wp\/v2\/comments?post=303"}],"version-history":[{"count":1,"href":"https:\/\/polscy-kierowcy.pl\/ro\/wp-json\/wp\/v2\/posts\/303\/revisions"}],"predecessor-version":[{"id":324,"href":"https:\/\/polscy-kierowcy.pl\/ro\/wp-json\/wp\/v2\/posts\/303\/revisions\/324"}],"wp:featuredmedia":[{"embeddable":true,"href":"https:\/\/polscy-kierowcy.pl\/ro\/wp-json\/wp\/v2\/media\/251"}],"wp:attachment":[{"href":"https:\/\/polscy-kierowcy.pl\/ro\/wp-json\/wp\/v2\/media?parent=303"}],"wp:term":[{"taxonomy":"category","embeddable":true,"href":"https:\/\/polscy-kierowcy.pl\/ro\/wp-json\/wp\/v2\/categories?post=303"},{"taxonomy":"post_tag","embeddable":true,"href":"https:\/\/polscy-kierowcy.pl\/ro\/wp-json\/wp\/v2\/tags?post=303"}],"curies":[{"name":"wp","href":"https:\/\/api.w.org\/{rel}","templated":true}]}}