{"id":298,"date":"2024-12-14T00:00:00","date_gmt":"2024-12-14T00:00:00","guid":{"rendered":"https:\/\/polscy-kierowcy.pl\/?p=298"},"modified":"2024-12-14T00:00:00","modified_gmt":"2024-12-14T00:00:00","slug":"mlynarskiej-to-pomysl-na-wygodna-zimowa-stylizacje","status":"publish","type":"post","link":"https:\/\/polscy-kierowcy.pl\/ro\/mlynarskiej-to-pomysl-na-wygodna-zimowa-stylizacje\/","title":{"rendered":"M\u0142ynarska este o idee pentru un stil confortabil de iarn\u0103"},"content":{"rendered":"<div class=\"kk-star-ratings kksr-auto kksr-align-left kksr-valign-top\"\n    data-payload='{&quot;align&quot;:&quot;left&quot;,&quot;id&quot;:&quot;298&quot;,&quot;slug&quot;:&quot;default&quot;,&quot;valign&quot;:&quot;top&quot;,&quot;ignore&quot;:&quot;&quot;,&quot;reference&quot;:&quot;auto&quot;,&quot;class&quot;:&quot;&quot;,&quot;count&quot;:&quot;0&quot;,&quot;legendonly&quot;:&quot;&quot;,&quot;readonly&quot;:&quot;&quot;,&quot;score&quot;:&quot;0&quot;,&quot;starsonly&quot;:&quot;&quot;,&quot;best&quot;:&quot;5&quot;,&quot;gap&quot;:&quot;5&quot;,&quot;greet&quot;:&quot;&quot;,&quot;legend&quot;:&quot;0\\\/5 - (0 votes)&quot;,&quot;size&quot;:&quot;24&quot;,&quot;title&quot;:&quot;M\u0142ynarskiej to pomys\u0142 na wygodn\u0105 zimow\u0105 stylizacj\u0119&quot;,&quot;width&quot;:&quot;0&quot;,&quot;_legend&quot;:&quot;{score}\\\/{best} - ({count} {votes})&quot;,&quot;font_factor&quot;:&quot;1.25&quot;}'>\n            \n<div class=\"kksr-stars\">\n    \n<div class=\"kksr-stars-inactive\">\n            <div class=\"kksr-star\" data-star=\"1\" style=\"padding-right: 5px\">\n            \n\n<div class=\"kksr-icon\" style=\"width: 24px; height: 24px;\"><\/div>\n        <\/div>\n            <div class=\"kksr-star\" data-star=\"2\" style=\"padding-right: 5px\">\n            \n\n<div class=\"kksr-icon\" style=\"width: 24px; height: 24px;\"><\/div>\n        <\/div>\n            <div class=\"kksr-star\" data-star=\"3\" style=\"padding-right: 5px\">\n            \n\n<div class=\"kksr-icon\" style=\"width: 24px; height: 24px;\"><\/div>\n        <\/div>\n            <div class=\"kksr-star\" data-star=\"4\" style=\"padding-right: 5px\">\n            \n\n<div class=\"kksr-icon\" style=\"width: 24px; height: 24px;\"><\/div>\n        <\/div>\n            <div class=\"kksr-star\" data-star=\"5\" style=\"padding-right: 5px\">\n            \n\n<div class=\"kksr-icon\" style=\"width: 24px; height: 24px;\"><\/div>\n        <\/div>\n    <\/div>\n    \n<div class=\"kksr-stars-active\" style=\"width: 0px;\">\n            <div class=\"kksr-star\" style=\"padding-right: 5px\">\n            \n\n<div class=\"kksr-icon\" style=\"width: 24px; height: 24px;\"><\/div>\n        <\/div>\n            <div class=\"kksr-star\" style=\"padding-right: 5px\">\n            \n\n<div class=\"kksr-icon\" style=\"width: 24px; height: 24px;\"><\/div>\n        <\/div>\n            <div class=\"kksr-star\" style=\"padding-right: 5px\">\n            \n\n<div class=\"kksr-icon\" style=\"width: 24px; height: 24px;\"><\/div>\n        <\/div>\n            <div class=\"kksr-star\" style=\"padding-right: 5px\">\n            \n\n<div class=\"kksr-icon\" style=\"width: 24px; height: 24px;\"><\/div>\n        <\/div>\n            <div class=\"kksr-star\" style=\"padding-right: 5px\">\n            \n\n<div class=\"kksr-icon\" style=\"width: 24px; height: 24px;\"><\/div>\n        <\/div>\n    <\/div>\n<\/div>\n                \n\n<div class=\"kksr-legend\" style=\"font-size: 19.2px;\">\n            <span class=\"kksr-muted\"><\/span>\n    <\/div>\n    <\/div>\n<p>Iarna se apropie cu repeziciune, iar odat\u0103 cu ea vine momentul s\u0103 ne re\u00eemprosp\u0103t\u0103m garderoba \u0219i s\u0103 ne g\u00e2ndim cum s\u0103 combin\u0103m cel mai bine confortul cu moda. \u00cen zilele noastre, hainele de iarn\u0103 nu trebuie s\u0103 fie plictisitoare sau monotone. Dimpotriv\u0103! M\u0142ynarska ofer\u0103 o gam\u0103 de sugestii inspirate care nu numai c\u0103 ne vor \u021bine de cald, dar ne vor ajuta \u0219i s\u0103 ne exprim\u0103m stilul individual. \u00cen acest articol, vom analiza elementele cheie ale stilului de iarn\u0103, precum \u0219i sfaturi practice care vor face garderoba noastr\u0103 de iarn\u0103 at\u00e2t frumoas\u0103, c\u00e2t \u0219i func\u021bional\u0103.<\/p>\n<p>Confortul este un aspect fundamental al oric\u0103rui stil de iarn\u0103, a\u0219a c\u0103 merit\u0103 s\u0103 ne oprim o clip\u0103 s\u0103 ne g\u00e2ndim ce elemente ar trebui s\u0103 se afle \u00een garderoba noastr\u0103. Fiecare dintre noi are preferin\u021be \u0219i nevoi diferite, dar anumite piese clasice nu se demodeaz\u0103 niciodat\u0103. De aceea este bine s\u0103 avem c\u00e2teva piese de baz\u0103 care pot fi combinate la nesf\u00e2r\u0219it. Combina\u021biile elegante pot fi nu doar confortabile, ci \u0219i eficiente. Cu ajutorul elementelor disponibile la M\u0142ynarska, pute\u021bi crea look-uri unice pentru fiecare ocazie!<\/p>\n<h2>Elemente cheie ale stilului de iarn\u0103<\/h2>\n<p><img decoding=\"async\" alt=\"Czapka z pomponem i r\u0119kawiczki na drewnianej \u0142awce w \u015bnie\u017cnej scenerii.\" src=\"https:\/\/polscy-kierowcy.pl\/wp-content\/uploads\/image54e79fbf121d478393bfe3fb99b3bce1.png\"\/><\/p>\n<p>\u00cen aceast\u0103 sec\u021biune, ne vom concentra asupra ingredientelor esen\u021biale ale unei garderobe de iarn\u0103 reu\u0219ite. Iat\u0103 elementele cheie pe care fiecare femeie ar trebui s\u0103 le includ\u0103 \u00een \u021binutele sale: <\/p>\n<ul>\n<li><strong>\u00cembr\u0103c\u0103minte exterioar\u0103 c\u0103lduroas\u0103<\/strong> \u2013 Paltoane \u0219i jachete care re\u021bin c\u0103ldura \u0219i protejeaz\u0103 \u00eempotriva v\u00e2ntului.<\/li>\n<li><strong>Straturi de \u00eembr\u0103c\u0103minte<\/strong> \u2013 Acestea ofer\u0103 confort, permi\u021b\u00e2ndu-v\u0103 s\u0103 v\u0103 adapta\u021bi stilul la condi\u021biile meteorologice predominante.<\/li>\n<li><strong>Accesorii elegante<\/strong> \u2013 Cum ar fi e\u0219arfe, p\u0103l\u0103rii \u0219i m\u0103nu\u0219i care adaug\u0103 caracter.<\/li>\n<li><strong>\u00cenc\u0103l\u021b\u0103minte confortabil\u0103<\/strong> \u2013 Esen\u021bial pentru plimb\u0103ri lungi \u00een peisaje de iarn\u0103.<\/li>\n<\/ul>\n<h2>Inspira\u021bii de stil de la M\u0142ynarska<\/h2>\n<p><img decoding=\"async\" alt=\"Dwie u\u015bmiechni\u0119te kobiety w zimowych ubraniach i czapkach z pomponami na \u015bniegu.\" src=\"https:\/\/polscy-kierowcy.pl\/wp-content\/uploads\/imagedbe1bde2ced74b1bbd2a5271b92575bc.png\"\/><\/p>\n<p>M\u0142ynarska este un adev\u0103rat paradis pentru iubitorii de mod\u0103. Caut\u0103 doar o clip\u0103 \u0219i vei g\u0103si multe inspira\u021bii pe care le po\u021bi adapta propriului stil. Iat\u0103 c\u00e2teva sugestii de stil care merit\u0103 luate \u00een considerare:<\/p>\n<table border=\"1\">\n<tr>\n<th>Stilizare<\/th>\n<th>Elemente<\/th>\n<\/tr>\n<tr>\n<td>Aspect casual<\/td>\n<td>Un pulover c\u0103lduros, blugi, o jachet\u0103 cu puf, ghete confortabile p\u00e2n\u0103 la glezn\u0103, o e\u0219arf\u0103 clasic\u0103.<\/td>\n<\/tr>\n<tr>\n<td>O versiune elegant\u0103 pentru ie\u0219iri \u00een ora\u0219<\/td>\n<td>Hain\u0103 de l\u00e2n\u0103, pantaloni negri, cizme la mod\u0103, geant\u0103 mare, e\u0219arf\u0103 elegant\u0103<\/td>\n<\/tr>\n<\/table>\n<h2>Cum s\u0103 \u00eengrije\u0219ti hainele de iarn\u0103?<\/h2>\n<p>Un aspect foarte important al men\u021binerii hainelor \u00een stare perfect\u0103 este \u00eengrijirea corespunz\u0103toare. Indiferent c\u00e2t de frumoase sunt hainele tale de iarn\u0103, nu vor ar\u0103ta bine dac\u0103 nu le \u00eengrije\u0219ti. Iat\u0103 c\u00e2teva sfaturi practice pentru \u00eengrijirea hainelor tale de iarn\u0103:<\/p>\n<ul>\n<li>Sp\u0103lare \u2013 verifica\u021bi \u00eentotdeauna etichetele de pe haine pentru a ajusta programul de sp\u0103lare \u0219i a evita deteriorarea.<\/li>\n<li>Uscare \u2013 evita\u021bi uscarea \u00een lumina direct\u0103 a soarelui pentru a preveni decolorarea culorilor.<\/li>\n<li>Depozitare \u2013 Depozita\u021bi hainele \u00een locuri uscate \u0219i aerisite, folosind huse pentru a reduce la minimum riscul de deteriorare.<\/li>\n<\/ul>\n<h2>Rezumat<\/h2>\n<p>Pe scurt, preg\u0103tirea stilului perfect de iarn\u0103 nu este doar o chestiune de alegere a hainelor potrivite, ci \u0219i de exprimare personal\u0103 prin mod\u0103. M\u0142ynarska ofer\u0103 multe posibilit\u0103\u021bi care ne permit s\u0103 cre\u0103m un look interesant pentru zilele reci. S\u0103 ne amintim de elementele cheie, cum ar fi paltoanele groase, straturile potrivite \u0219i accesoriile elegante. Cu o \u00eengrijire adecvat\u0103, hainele noastre ne vor servi multe sezoane.<\/p>\n<h2>\u00centreb\u0103ri frecvente<\/h2>\n<ul>\n<li><strong>Ce materiale sunt cele mai bune pentru iarn\u0103?<\/strong> Cele mai bune materiale pentru iarn\u0103 sunt l\u00e2na, ca\u0219mirul, puful \u0219i fleece-ul, care ofer\u0103 o c\u0103ldur\u0103 excelent\u0103.<\/li>\n<li><strong>Pot purta culori deschise iarna?<\/strong> Culorile str\u0103lucitoare pot ad\u0103uga prospe\u021bime unei \u021binute de iarn\u0103, dar este important s\u0103 alegi materialele potrivite pentru a te \u021bine de cald.<\/li>\n<li><strong>Ce pantofi sunt cei mai buni pentru iarn\u0103?<\/strong> Recomand\u0103m purtarea de \u00eenc\u0103l\u021b\u0103minte rezistent\u0103, izolat\u0103 termic, cum ar fi cizme sau ghete, care ofer\u0103 confort \u00een timpul plimb\u0103rilor de iarn\u0103.<\/li>\n<li><strong>Trebuie s\u0103 combin stiluri diferite?<\/strong> Nu, po\u021bi alege un stil \u0219i s\u0103-l implementezi \u00een mod consecvent, important este s\u0103 te sim\u021bi bine.<\/li>\n<li><strong>Ce accesorii s\u0103 alegi pentru iarn\u0103?<\/strong> E\u0219arfele, c\u0103ciulile \u0219i m\u0103nu\u0219ile c\u0103lduroase sunt o necesitate pentru orice stil de iarn\u0103. Accesoriile la mod\u0103 \u00een culori interesante sunt, de asemenea, o alegere bun\u0103.<\/li>\n<\/ul>","protected":false},"excerpt":{"rendered":"<p>Zima zbli\u017ca si\u0119 wielkimi krokami, a co za tym idzie, czas na od\u015bwie\u017cenie naszej garderoby i zastanowienie si\u0119, jak najlepiej po\u0142\u0105czy\u0107 wygod\u0119 z mod\u0105. W dzisiejszych czasach, ubranie na zim\u0119 nie musi by\u0107 nudne ani szare. Wr\u0119cz przeciwnie! M\u0142ynarska oferuje szereg inspiruj\u0105cych propozycji, kt\u00f3re nie tylko zapewni\u0105 nam ciep\u0142o, ale tak\u017ce pomog\u0105 wyrazi\u0107 nasz indywidualny [&hellip;]<\/p>","protected":false},"author":1,"featured_media":281,"comment_status":"closed","ping_status":"closed","sticky":false,"template":"","format":"standard","meta":{"_acf_changed":false,"footnotes":""},"categories":[1],"tags":[],"class_list":["post-298","post","type-post","status-publish","format-standard","has-post-thumbnail","hentry","category-blog"],"acf":[],"yoast_head":"<!-- This site is optimized with the Yoast SEO plugin v23.2 - https:\/\/yoast.com\/wordpress\/plugins\/seo\/ -->\n<title>M\u0142ynarskiej - Wygodna Zimowa Stylizacja: Inspiracje i Porady<\/title>\n<meta name=\"description\" content=\"Odkryj, jak stworzy\u0107 wygodne zimowe stylizacje z M\u0142ynarsk\u0105. Poznaj kluczowe elementy i modne akcesoria, kt\u00f3re dodadz\u0105 charakteru!\" \/>\n<meta name=\"robots\" content=\"index, follow, max-snippet:-1, max-image-preview:large, max-video-preview:-1\" \/>\n<link rel=\"canonical\" href=\"https:\/\/polscy-kierowcy.pl\/ro\/mlynarskiej-to-pomysl-na-wygodna-zimowa-stylizacje\/\" \/>\n<meta property=\"og:locale\" content=\"ro_RO\" \/>\n<meta property=\"og:type\" content=\"article\" \/>\n<meta property=\"og:title\" content=\"M\u0142ynarskiej - Wygodna Zimowa Stylizacja: Inspiracje i Porady\" \/>\n<meta property=\"og:description\" content=\"Odkryj, jak stworzy\u0107 wygodne zimowe stylizacje z M\u0142ynarsk\u0105. Poznaj kluczowe elementy i modne akcesoria, kt\u00f3re dodadz\u0105 charakteru!\" \/>\n<meta property=\"og:url\" content=\"https:\/\/polscy-kierowcy.pl\/ro\/mlynarskiej-to-pomysl-na-wygodna-zimowa-stylizacje\/\" \/>\n<meta property=\"og:site_name\" content=\"polscy-kierowcy.pl\" \/>\n<meta property=\"article:published_time\" content=\"2024-12-14T00:00:00+00:00\" \/>\n<meta property=\"og:image\" content=\"https:\/\/polscy-kierowcy.pl\/wp-content\/uploads\/image340339ec21364272b92d39afc5fbc10d.png\" \/>\n\t<meta property=\"og:image:width\" content=\"1024\" \/>\n\t<meta property=\"og:image:height\" content=\"768\" \/>\n\t<meta property=\"og:image:type\" content=\"image\/png\" \/>\n<meta name=\"author\" content=\"Paulina Kruk\" \/>\n<meta name=\"twitter:card\" content=\"summary_large_image\" \/>\n<meta name=\"twitter:label1\" content=\"Scris de\" \/>\n\t<meta name=\"twitter:data1\" content=\"Paulina Kruk\" \/>\n\t<meta name=\"twitter:label2\" content=\"Timp estimat pentru citire\" \/>\n\t<meta name=\"twitter:data2\" content=\"3 minute\" \/>\n<script type=\"application\/ld+json\" class=\"yoast-schema-graph\">{\"@context\":\"https:\/\/schema.org\",\"@graph\":[{\"@type\":\"WebPage\",\"@id\":\"https:\/\/polscy-kierowcy.pl\/mlynarskiej-to-pomysl-na-wygodna-zimowa-stylizacje\/\",\"url\":\"https:\/\/polscy-kierowcy.pl\/mlynarskiej-to-pomysl-na-wygodna-zimowa-stylizacje\/\",\"name\":\"M\u0142ynarskiej - Wygodna Zimowa Stylizacja: Inspiracje i Porady\",\"isPartOf\":{\"@id\":\"https:\/\/polscy-kierowcy.pl\/#website\"},\"primaryImageOfPage\":{\"@id\":\"https:\/\/polscy-kierowcy.pl\/mlynarskiej-to-pomysl-na-wygodna-zimowa-stylizacje\/#primaryimage\"},\"image\":{\"@id\":\"https:\/\/polscy-kierowcy.pl\/mlynarskiej-to-pomysl-na-wygodna-zimowa-stylizacje\/#primaryimage\"},\"thumbnailUrl\":\"https:\/\/polscy-kierowcy.pl\/wp-content\/uploads\/image340339ec21364272b92d39afc5fbc10d.png\",\"datePublished\":\"2024-12-14T00:00:00+00:00\",\"dateModified\":\"2024-12-14T00:00:00+00:00\",\"author\":{\"@id\":\"https:\/\/polscy-kierowcy.pl\/#\/schema\/person\/66f7250202134445459bce344c706e46\"},\"description\":\"Odkryj, jak stworzy\u0107 wygodne zimowe stylizacje z M\u0142ynarsk\u0105. Poznaj kluczowe elementy i modne akcesoria, kt\u00f3re dodadz\u0105 charakteru!\",\"breadcrumb\":{\"@id\":\"https:\/\/polscy-kierowcy.pl\/mlynarskiej-to-pomysl-na-wygodna-zimowa-stylizacje\/#breadcrumb\"},\"inLanguage\":\"ro-RO\",\"potentialAction\":[{\"@type\":\"ReadAction\",\"target\":[\"https:\/\/polscy-kierowcy.pl\/mlynarskiej-to-pomysl-na-wygodna-zimowa-stylizacje\/\"]}]},{\"@type\":\"ImageObject\",\"inLanguage\":\"ro-RO\",\"@id\":\"https:\/\/polscy-kierowcy.pl\/mlynarskiej-to-pomysl-na-wygodna-zimowa-stylizacje\/#primaryimage\",\"url\":\"https:\/\/polscy-kierowcy.pl\/wp-content\/uploads\/image340339ec21364272b92d39afc5fbc10d.png\",\"contentUrl\":\"https:\/\/polscy-kierowcy.pl\/wp-content\/uploads\/image340339ec21364272b92d39afc5fbc10d.png\",\"width\":1024,\"height\":768},{\"@type\":\"BreadcrumbList\",\"@id\":\"https:\/\/polscy-kierowcy.pl\/mlynarskiej-to-pomysl-na-wygodna-zimowa-stylizacje\/#breadcrumb\",\"itemListElement\":[{\"@type\":\"ListItem\",\"position\":1,\"name\":\"Home\",\"item\":\"https:\/\/polscy-kierowcy.pl\/\"},{\"@type\":\"ListItem\",\"position\":2,\"name\":\"M\u0142ynarskiej to pomys\u0142 na wygodn\u0105 zimow\u0105 stylizacj\u0119\"}]},{\"@type\":\"WebSite\",\"@id\":\"https:\/\/polscy-kierowcy.pl\/#website\",\"url\":\"https:\/\/polscy-kierowcy.pl\/\",\"name\":\"polscy-kierowcy.pl\",\"description\":\"Tureckie sukienki: pi\u0119kno w tradycji.\",\"potentialAction\":[{\"@type\":\"SearchAction\",\"target\":{\"@type\":\"EntryPoint\",\"urlTemplate\":\"https:\/\/polscy-kierowcy.pl\/?s={search_term_string}\"},\"query-input\":\"required name=search_term_string\"}],\"inLanguage\":\"ro-RO\"},{\"@type\":\"Person\",\"@id\":\"https:\/\/polscy-kierowcy.pl\/#\/schema\/person\/66f7250202134445459bce344c706e46\",\"name\":\"Paulina Kruk\",\"image\":{\"@type\":\"ImageObject\",\"inLanguage\":\"ro-RO\",\"@id\":\"https:\/\/polscy-kierowcy.pl\/#\/schema\/person\/image\/\",\"url\":\"https:\/\/polscy-kierowcy.pl\/wp-content\/uploads\/ivyzxaomvy6_ad_avatar-96x96.jpg\",\"contentUrl\":\"https:\/\/polscy-kierowcy.pl\/wp-content\/uploads\/ivyzxaomvy6_ad_avatar-96x96.jpg\",\"caption\":\"Paulina Kruk\"},\"description\":\"Paulina Kruk to do\u015bwiadczona specjalistka w dziedzinie mody, prowadz\u0105ca w\u0142asny sklep odzie\u017cowy w Pilaszkowie. Jej pasja do mody i zaanga\u017cowanie w bran\u017cy odzie\u017cowej pozwalaj\u0105 jej na tworzenie unikatowych stylizacji, kt\u00f3re \u0142\u0105cz\u0105 elegancj\u0119 z codziennym komfortem.\",\"url\":\"https:\/\/polscy-kierowcy.pl\/ro\/author\/paulina-kruk\/\"}]}<\/script>\n<!-- \/ Yoast SEO plugin. -->","yoast_head_json":{"title":"M\u0142ynarskiej - Wygodna Zimowa Stylizacja: Inspiracje i Porady","description":"Odkryj, jak stworzy\u0107 wygodne zimowe stylizacje z M\u0142ynarsk\u0105. Poznaj kluczowe elementy i modne akcesoria, kt\u00f3re dodadz\u0105 charakteru!","robots":{"index":"index","follow":"follow","max-snippet":"max-snippet:-1","max-image-preview":"max-image-preview:large","max-video-preview":"max-video-preview:-1"},"canonical":"https:\/\/polscy-kierowcy.pl\/ro\/mlynarskiej-to-pomysl-na-wygodna-zimowa-stylizacje\/","og_locale":"ro_RO","og_type":"article","og_title":"M\u0142ynarskiej - Wygodna Zimowa Stylizacja: Inspiracje i Porady","og_description":"Odkryj, jak stworzy\u0107 wygodne zimowe stylizacje z M\u0142ynarsk\u0105. Poznaj kluczowe elementy i modne akcesoria, kt\u00f3re dodadz\u0105 charakteru!","og_url":"https:\/\/polscy-kierowcy.pl\/ro\/mlynarskiej-to-pomysl-na-wygodna-zimowa-stylizacje\/","og_site_name":"polscy-kierowcy.pl","article_published_time":"2024-12-14T00:00:00+00:00","og_image":[{"width":1024,"height":768,"url":"https:\/\/polscy-kierowcy.pl\/wp-content\/uploads\/image340339ec21364272b92d39afc5fbc10d.png","type":"image\/png"}],"author":"Paulina Kruk","twitter_card":"summary_large_image","twitter_misc":{"Scris de":"Paulina Kruk","Timp estimat pentru citire":"3 minute"},"schema":{"@context":"https:\/\/schema.org","@graph":[{"@type":"WebPage","@id":"https:\/\/polscy-kierowcy.pl\/mlynarskiej-to-pomysl-na-wygodna-zimowa-stylizacje\/","url":"https:\/\/polscy-kierowcy.pl\/mlynarskiej-to-pomysl-na-wygodna-zimowa-stylizacje\/","name":"M\u0142ynarskiej - Wygodna Zimowa Stylizacja: Inspiracje i Porady","isPartOf":{"@id":"https:\/\/polscy-kierowcy.pl\/#website"},"primaryImageOfPage":{"@id":"https:\/\/polscy-kierowcy.pl\/mlynarskiej-to-pomysl-na-wygodna-zimowa-stylizacje\/#primaryimage"},"image":{"@id":"https:\/\/polscy-kierowcy.pl\/mlynarskiej-to-pomysl-na-wygodna-zimowa-stylizacje\/#primaryimage"},"thumbnailUrl":"https:\/\/polscy-kierowcy.pl\/wp-content\/uploads\/image340339ec21364272b92d39afc5fbc10d.png","datePublished":"2024-12-14T00:00:00+00:00","dateModified":"2024-12-14T00:00:00+00:00","author":{"@id":"https:\/\/polscy-kierowcy.pl\/#\/schema\/person\/66f7250202134445459bce344c706e46"},"description":"Odkryj, jak stworzy\u0107 wygodne zimowe stylizacje z M\u0142ynarsk\u0105. Poznaj kluczowe elementy i modne akcesoria, kt\u00f3re dodadz\u0105 charakteru!","breadcrumb":{"@id":"https:\/\/polscy-kierowcy.pl\/mlynarskiej-to-pomysl-na-wygodna-zimowa-stylizacje\/#breadcrumb"},"inLanguage":"ro-RO","potentialAction":[{"@type":"ReadAction","target":["https:\/\/polscy-kierowcy.pl\/mlynarskiej-to-pomysl-na-wygodna-zimowa-stylizacje\/"]}]},{"@type":"ImageObject","inLanguage":"ro-RO","@id":"https:\/\/polscy-kierowcy.pl\/mlynarskiej-to-pomysl-na-wygodna-zimowa-stylizacje\/#primaryimage","url":"https:\/\/polscy-kierowcy.pl\/wp-content\/uploads\/image340339ec21364272b92d39afc5fbc10d.png","contentUrl":"https:\/\/polscy-kierowcy.pl\/wp-content\/uploads\/image340339ec21364272b92d39afc5fbc10d.png","width":1024,"height":768},{"@type":"BreadcrumbList","@id":"https:\/\/polscy-kierowcy.pl\/mlynarskiej-to-pomysl-na-wygodna-zimowa-stylizacje\/#breadcrumb","itemListElement":[{"@type":"ListItem","position":1,"name":"Home","item":"https:\/\/polscy-kierowcy.pl\/"},{"@type":"ListItem","position":2,"name":"M\u0142ynarskiej to pomys\u0142 na wygodn\u0105 zimow\u0105 stylizacj\u0119"}]},{"@type":"WebSite","@id":"https:\/\/polscy-kierowcy.pl\/#website","url":"https:\/\/polscy-kierowcy.pl\/","name":"polscy-kierowcy.pl","description":"Tureckie sukienki: pi\u0119kno w tradycji.","potentialAction":[{"@type":"SearchAction","target":{"@type":"EntryPoint","urlTemplate":"https:\/\/polscy-kierowcy.pl\/?s={search_term_string}"},"query-input":"required name=search_term_string"}],"inLanguage":"ro-RO"},{"@type":"Person","@id":"https:\/\/polscy-kierowcy.pl\/#\/schema\/person\/66f7250202134445459bce344c706e46","name":"Paulina Kruk","image":{"@type":"ImageObject","inLanguage":"ro-RO","@id":"https:\/\/polscy-kierowcy.pl\/#\/schema\/person\/image\/","url":"https:\/\/polscy-kierowcy.pl\/wp-content\/uploads\/ivyzxaomvy6_ad_avatar-96x96.jpg","contentUrl":"https:\/\/polscy-kierowcy.pl\/wp-content\/uploads\/ivyzxaomvy6_ad_avatar-96x96.jpg","caption":"Paulina Kruk"},"description":"Paulina Kruk to do\u015bwiadczona specjalistka w dziedzinie mody, prowadz\u0105ca w\u0142asny sklep odzie\u017cowy w Pilaszkowie. Jej pasja do mody i zaanga\u017cowanie w bran\u017cy odzie\u017cowej pozwalaj\u0105 jej na tworzenie unikatowych stylizacji, kt\u00f3re \u0142\u0105cz\u0105 elegancj\u0119 z codziennym komfortem.","url":"https:\/\/polscy-kierowcy.pl\/ro\/author\/paulina-kruk\/"}]}},"yoast_meta":{"yoast_wpseo_title":"","yoast_wpseo_metadesc":"","yoast_wpseo_canonical":"https:\/\/polscy-kierowcy.pl\/ro\/wp-json\/wp\/v2\/posts\/298"},"_links":{"self":[{"href":"https:\/\/polscy-kierowcy.pl\/ro\/wp-json\/wp\/v2\/posts\/298"}],"collection":[{"href":"https:\/\/polscy-kierowcy.pl\/ro\/wp-json\/wp\/v2\/posts"}],"about":[{"href":"https:\/\/polscy-kierowcy.pl\/ro\/wp-json\/wp\/v2\/types\/post"}],"author":[{"embeddable":true,"href":"https:\/\/polscy-kierowcy.pl\/ro\/wp-json\/wp\/v2\/users\/1"}],"replies":[{"embeddable":true,"href":"https:\/\/polscy-kierowcy.pl\/ro\/wp-json\/wp\/v2\/comments?post=298"}],"version-history":[{"count":1,"href":"https:\/\/polscy-kierowcy.pl\/ro\/wp-json\/wp\/v2\/posts\/298\/revisions"}],"predecessor-version":[{"id":312,"href":"https:\/\/polscy-kierowcy.pl\/ro\/wp-json\/wp\/v2\/posts\/298\/revisions\/312"}],"wp:featuredmedia":[{"embeddable":true,"href":"https:\/\/polscy-kierowcy.pl\/ro\/wp-json\/wp\/v2\/media\/281"}],"wp:attachment":[{"href":"https:\/\/polscy-kierowcy.pl\/ro\/wp-json\/wp\/v2\/media?parent=298"}],"wp:term":[{"taxonomy":"category","embeddable":true,"href":"https:\/\/polscy-kierowcy.pl\/ro\/wp-json\/wp\/v2\/categories?post=298"},{"taxonomy":"post_tag","embeddable":true,"href":"https:\/\/polscy-kierowcy.pl\/ro\/wp-json\/wp\/v2\/tags?post=298"}],"curies":[{"name":"wp","href":"https:\/\/api.w.org\/{rel}","templated":true}]}}