{"id":26,"date":"2024-09-09T13:55:39","date_gmt":"2024-09-09T12:55:39","guid":{"rendered":"https:\/\/polscy-kierowcy.pl\/2024\/09\/09\/jakie-sukienki-nosic-na-letnie-wieczory\/"},"modified":"2024-09-23T02:19:08","modified_gmt":"2024-09-23T01:19:08","slug":"jakie-sukienki-nosic-na-letnie-wieczory","status":"publish","type":"post","link":"https:\/\/polscy-kierowcy.pl\/ro\/jakie-sukienki-nosic-na-letnie-wieczory\/","title":{"rendered":"Ce rochii s\u0103 por\u021bi \u00een serile de var\u0103?"},"content":{"rendered":"<div class=\"kk-star-ratings kksr-auto kksr-align-left kksr-valign-top\"\n    data-payload='{&quot;align&quot;:&quot;left&quot;,&quot;id&quot;:&quot;26&quot;,&quot;slug&quot;:&quot;default&quot;,&quot;valign&quot;:&quot;top&quot;,&quot;ignore&quot;:&quot;&quot;,&quot;reference&quot;:&quot;auto&quot;,&quot;class&quot;:&quot;&quot;,&quot;count&quot;:&quot;0&quot;,&quot;legendonly&quot;:&quot;&quot;,&quot;readonly&quot;:&quot;&quot;,&quot;score&quot;:&quot;0&quot;,&quot;starsonly&quot;:&quot;&quot;,&quot;best&quot;:&quot;5&quot;,&quot;gap&quot;:&quot;5&quot;,&quot;greet&quot;:&quot;&quot;,&quot;legend&quot;:&quot;0\\\/5 - (0 votes)&quot;,&quot;size&quot;:&quot;24&quot;,&quot;title&quot;:&quot;Jakie sukienki nosi\u0107 na letnie wieczory?&quot;,&quot;width&quot;:&quot;0&quot;,&quot;_legend&quot;:&quot;{score}\\\/{best} - ({count} {votes})&quot;,&quot;font_factor&quot;:&quot;1.25&quot;}'>\n            \n<div class=\"kksr-stars\">\n    \n<div class=\"kksr-stars-inactive\">\n            <div class=\"kksr-star\" data-star=\"1\" style=\"padding-right: 5px\">\n            \n\n<div class=\"kksr-icon\" style=\"width: 24px; height: 24px;\"><\/div>\n        <\/div>\n            <div class=\"kksr-star\" data-star=\"2\" style=\"padding-right: 5px\">\n            \n\n<div class=\"kksr-icon\" style=\"width: 24px; height: 24px;\"><\/div>\n        <\/div>\n            <div class=\"kksr-star\" data-star=\"3\" style=\"padding-right: 5px\">\n            \n\n<div class=\"kksr-icon\" style=\"width: 24px; height: 24px;\"><\/div>\n        <\/div>\n            <div class=\"kksr-star\" data-star=\"4\" style=\"padding-right: 5px\">\n            \n\n<div class=\"kksr-icon\" style=\"width: 24px; height: 24px;\"><\/div>\n        <\/div>\n            <div class=\"kksr-star\" data-star=\"5\" style=\"padding-right: 5px\">\n            \n\n<div class=\"kksr-icon\" style=\"width: 24px; height: 24px;\"><\/div>\n        <\/div>\n    <\/div>\n    \n<div class=\"kksr-stars-active\" style=\"width: 0px;\">\n            <div class=\"kksr-star\" style=\"padding-right: 5px\">\n            \n\n<div class=\"kksr-icon\" style=\"width: 24px; height: 24px;\"><\/div>\n        <\/div>\n            <div class=\"kksr-star\" style=\"padding-right: 5px\">\n            \n\n<div class=\"kksr-icon\" style=\"width: 24px; height: 24px;\"><\/div>\n        <\/div>\n            <div class=\"kksr-star\" style=\"padding-right: 5px\">\n            \n\n<div class=\"kksr-icon\" style=\"width: 24px; height: 24px;\"><\/div>\n        <\/div>\n            <div class=\"kksr-star\" style=\"padding-right: 5px\">\n            \n\n<div class=\"kksr-icon\" style=\"width: 24px; height: 24px;\"><\/div>\n        <\/div>\n            <div class=\"kksr-star\" style=\"padding-right: 5px\">\n            \n\n<div class=\"kksr-icon\" style=\"width: 24px; height: 24px;\"><\/div>\n        <\/div>\n    <\/div>\n<\/div>\n                \n\n<div class=\"kksr-legend\" style=\"font-size: 19.2px;\">\n            <span class=\"kksr-muted\"><\/span>\n    <\/div>\n    <\/div>\n<p>&#8222;`<\/p>\n<p>Vara, fiecare dintre noi \u00ee\u0219i dore\u0219te s\u0103 arate \u0219i s\u0103 se simt\u0103 special\u0103. Rochia potrivit\u0103 nu numai c\u0103 ne va scoate \u00een eviden\u021b\u0103 atuurile, dar ne va face s\u0103 ne sim\u021bim \u0219i confortabil \u00een serile c\u0103lduroase. Alegerea unei rochii pentru serile de var\u0103 poate fi dificil\u0103, dar dup\u0103 ce ve\u021bi citi c\u00e2teva sfaturi, ve\u021bi g\u0103si ceva perfect pentru dumneavoastr\u0103. \u00cen acest articol, vom analiza diferite tipuri de rochii, cum s\u0103 le alege\u021bi pentru silueta dumneavoastr\u0103 \u0219i ce culori \u0219i modele vor fi la mod\u0103 \u00een acest sezon. De asemenea, ve\u021bi \u00eenv\u0103\u021ba unde s\u0103 c\u0103uta\u021bi rochii turce\u0219ti elegante care cu siguran\u021b\u0103 v\u0103 vor face s\u0103 ie\u0219i\u021bi \u00een eviden\u021b\u0103 la orice petrecere de var\u0103.<\/p>\n<h2>Tipuri de rochii pentru serile de var\u0103<\/h2>\n<p>Rochiile maxi sunt una dintre cele mai la mod\u0103 alegeri pentru serile de var\u0103. Lungimea lor p\u00e2n\u0103 la glezn\u0103 le face elegante \u0219i confortabile. Sunt perfecte at\u00e2t pentru \u00eent\u00e2lniri casual \u00een aer liber, c\u00e2t \u0219i pentru evenimente mai formale. Aceste rochii sunt adesea confec\u021bionate din materiale u\u0219oare, ceea ce v\u0103 permite s\u0103 v\u0103 mi\u0219ca\u021bi liber chiar \u0219i \u00een zilele c\u0103lduroase. Sunt disponibile \u00een diverse modele \u0219i culori, ceea ce v\u0103 permite s\u0103 le asorta\u021bi preferin\u021belor individuale. \u00cen plus, rochiile maxi se potrivesc bine cu diverse accesorii, ceea ce accentueaz\u0103 stilul personal al fiec\u0103rei femei.<\/p>\n<h3>Rochii de cocktail<\/h3>\n<p>Rochiile de cocktail sunt solu\u021bia perfect\u0103 pentru ie\u0219irile de sear\u0103 \u0219i petreceri. Se caracterizeaz\u0103 printr-o lungime moderat\u0103, de obicei p\u00e2n\u0103 la genunchi, care expune picioarele, dar este totodat\u0103 subtil\u0103 \u0219i elegant\u0103. Pot fi u\u0219or aranjate prin ad\u0103ugarea diverselor accesorii, cum ar fi gen\u021bi elegante sau bijuterii. Rochiile de cocktail sunt disponibile \u00een diverse stiluri: de la croieli clasice la cele moderne, ceea ce \u00eenseamn\u0103 c\u0103 fiecare femeie va g\u0103si ceva pentru ea \u00eens\u0103\u0219i. Merit\u0103 s\u0103 pariezi pe culori intense sau modele interesante care vor atrage aten\u021bia celorlal\u021bi. Aceste rochii sunt un must-have \u00een orice garderob\u0103 de var\u0103.<\/p>\n<h2>Cum s\u0103 alegi o rochie potrivit\u0103 siluetei tale?<\/h2>\n<p>Asortarea unei rochii cu silueta ta este esen\u021bial\u0103 pentru un stil de succes. Este important s\u0103-\u021bi cuno\u0219ti mai \u00eent\u00e2i silueta pentru a \u0219ti ce stiluri o vor accentua cel mai bine. Mai jos este o list\u0103 de tipuri de corp \u0219i rochii perfecte pentru ele:<\/p>\n<ol>\n<li><strong>Siluet\u0103 de clepsidr\u0103:<\/strong> Rochii care se muleaz\u0103 \u00een talie \u0219i accentueaz\u0103 formele.<\/li>\n<li><strong>Siluet\u0103 de m\u0103r:<\/strong> Rochii cu o croial\u0103 mai lejer\u0103, care nu scot \u00een eviden\u021b\u0103 burtica.<\/li>\n<li><strong>Siluet\u0103 de par\u0103:<\/strong> Rochii care pun \u00een valoare partea superioar\u0103 a corpului.<\/li>\n<li><strong>Siluet\u0103 dreptunghiular\u0103:<\/strong> Rochii cu curea sau drapare \u00een talie pentru a ad\u0103uga form\u0103.<\/li>\n<\/ol>\n<h3>Accesorii care vor scoate \u00een eviden\u021b\u0103 rochia<\/h3>\n<p>Pentru a completa stilul, merit\u0103 s\u0103 ai grij\u0103 la accesoriile potrivite. Bijuteriile, geanta \u0219i \u00eenc\u0103l\u021b\u0103mintea bine alese pot schimba \u00eentregul aspect. Mai jos este o list\u0103 de accesorii care merit\u0103 luate \u00een considerare:<\/p>\n<ol>\n<li>Bijuterii delicate \u2013 cum ar fi un colier sau br\u0103\u021b\u0103ri care vor ad\u0103uga str\u0103lucire.<\/li>\n<li>O geant\u0103 \u00eentr-o culoare contrastant\u0103 sau cu un model la mod\u0103.<\/li>\n<li>\u00cenc\u0103l\u021b\u0103minte \u2013 sandale cu toc sau balerini, \u00een func\u021bie de ocazie.<\/li>\n<\/ol>\n<h2>Culori \u0219i modele la mod\u0103 pentru var\u0103<\/h2>\n<p>Vara, culorile \u0219i modelele devin \u0219i mai importante. \u00cen acest sezon, nuan\u021bele deschise, pastelate \u0219i intense domnesc, care se potrivesc de minune cu un bronz. Merit\u0103 s\u0103 te concentrezi pe varietate \u0219i s\u0103 experimentezi cu modele. Tabelul de mai jos prezint\u0103 cele mai populare culori \u0219i modele care vor fi la mod\u0103 \u00een aceast\u0103 var\u0103:<\/p>\n<table border=\"1\">\n<tr>\n<th>Culori<\/th>\n<th>Stiluri\/Modele<\/th>\n<\/tr>\n<tr>\n<td>Roz deschis<\/td>\n<td>Imprimeuri florale<\/td>\n<p><img decoding=\"async\" src=\"https:\/\/media.istockphoto.com\/id\/622420208\/ru\/%D1%84%D0%BE%D1%82%D0%BE\/%D0%B6%D0%B5%D0%BD%D1%89%D0%B8%D0%BD%D0%B0-%D1%82%D1%83%D1%80%D0%B8%D1%81%D1%82%D0%BA%D0%B0-%D0%BD%D0%B0-%D1%83%D0%BB%D0%B8%D1%86%D0%B5-%D0%BF%D1%83%D1%82%D0%B5%D1%88%D0%B5%D1%81%D1%82%D0%B2%D1%83%D1%8E%D1%89%D0%B0%D1%8F-%D0%BF%D0%BE-%D0%B5%D0%B2%D1%80%D0%BE%D0%BF%D0%B5.jpg?s=612x612&#038;w=0&#038;k=20&#038;c=1SY9Ztmy1YDYPhhIjhG8G_kr_KDL2BLYfV_R208Nyk0=\" alt=\"Kobieta w letniej sukience i kapeluszu zwiedza urocz\u0105 ulic\u0119, zastanawiaj\u0105c si\u0119 nad idealnymi sukniami wieczorowymi na lato.\"\/><br \/>\n<\/tr>\n<tr>\n<td>Turcoaz<\/td>\n<td>Dungi<\/td>\n<\/tr>\n<tr>\n<td>Galben<\/td>\n<td>Forme geometrice<\/td>\n<\/tr>\n<tr>\n<td>Ment\u0103<\/td>\n<td>Modele orientale<\/td>\n<\/tr>\n<\/table>\n<h2>Unde s\u0103 cumperi rochia perfect\u0103 pentru serile de var\u0103?<\/h2>\n<p>Cump\u0103r\u0103turile de rochii pot fi at\u00e2t o pl\u0103cere, c\u00e2t \u0219i o provocare. Ast\u0103zi, avem de ales \u00eentre magazinele fizice \u0219i cump\u0103r\u0103turile online, iar fiecare dintre aceste solu\u021bii are avantajele \u0219i dezavantajele sale. Merit\u0103 s\u0103 ne g\u00e2ndim pu\u021bin la ce este mai convenabil pentru noi. \u00cen magazinele fizice, putem atinge materialul \u0219i proba rochia, \u00een timp ce cump\u0103r\u0103turile online v\u0103 permit s\u0103 r\u0103sfoi\u021bi confortabil ofertele din confortul casei dumneavoastr\u0103. Exist\u0103 multe locuri unde pute\u021bi g\u0103si rochii turce\u0219ti elegante, care sunt at\u00e2t la mod\u0103, c\u00e2t \u0219i accesibile ca pre\u021b. Merit\u0103 s\u0103 fi\u021bi deschi\u0219i la diferite op\u021biuni, care v\u0103 vor permite s\u0103 g\u0103si\u021bi rochia perfect\u0103 pentru serile de var\u0103.<\/p>\n<h2>Rezumat<\/h2>\n<p>Pe scurt, alegerea unei rochii pentru serile de var\u0103 necesit\u0103 luarea \u00een considerare a mai multor aspecte, cum ar fi tipul de corp, preferin\u021bele de culoare \u0219i ocaziile planificate. Nu uita\u021bi c\u0103 rochiile turce\u0219ti elegante pot fi o atrac\u021bie pentru oricare dintre aceste ocazii. Alegerea accesoriilor potrivite \u0219i a stilului cu culori \u0219i modele la mod\u0103 v\u0103 va permite s\u0103 crea\u021bi un look unic. V\u0103 \u00eencuraj\u0103m s\u0103 experimenta\u021bi \u0219i s\u0103 descoperi\u021bi stiluri noi, care vor face vara plin\u0103 de momente de neuitat.<\/p>\n<h2>FAQ<\/h2>\n<p>Cele mai bune materiale pentru var\u0103 sunt inul, bumbacul \u0219i \u021bes\u0103turile sintetice u\u0219oare, care ofer\u0103 respirabilitate \u0219i confort.<\/p>\n<h3>Ce accesorii se potrivesc cu rochiile de var\u0103?<\/h3>\n<p>Accesoriile bine alese includ bijuterii delicate, o geant\u0103 cu lan\u021b \u0219i sandale cu toc \u00eenalt sau balerini.<\/p>\n<h3>Cum s\u0103-\u021bi identifici tipul de corp?<\/h3>\n<p>\u00ce\u021bi po\u021bi identifica tipul de corp analiz\u00e2nd propor\u021biile corpului \u0219i forma umerilor, taliei \u0219i \u0219oldurilor. Exist\u0103 multe ghiduri online pe aceast\u0103 tem\u0103.<\/p>\n<h3>Sunt rochiile maxi potrivite pentru ocazii formale?<\/h3>\n<p>Da, rochiile maxi pot fi o alegere perfect\u0103 pentru ocaziile formale, mai ales atunci c\u00e2nd sunt confec\u021bionate din materiale elegante \u0219i au accesoriile potrivite.<\/p>\n<h3>Cum s\u0103 \u00eengrije\u0219ti rochiile astfel \u00eenc\u00e2t s\u0103 reziste mul\u021bi ani?<\/h3>\n<p>Rochiile trebuie sp\u0103late conform instruc\u021biunilor de pe etichet\u0103, evitate uscarea la soare \u0219i depozitate \u00een condi\u021bii adecvate, astfel \u00eenc\u00e2t s\u0103 nu-\u0219i piard\u0103 forma sau culoarea.<\/p>\n<p>&#8222;`<\/p>","protected":false},"excerpt":{"rendered":"<p>&#8222;` Latem ka\u017cda z nas pragnie wygl\u0105da\u0107 i czu\u0107 si\u0119 wyj\u0105tkowo. Odpowiednia sukienka nie tylko podkre\u015bli nasze atuty, ale tak\u017ce sprawi, \u017ce poczujemy si\u0119 komfortowo podczas ciep\u0142ych wieczor\u00f3w. Wyb\u00f3r sukienki na letnie wieczory mo\u017ce by\u0107 trudny, ale po zapoznaniu si\u0119 z kilkoma wskaz\u00f3wkami, znajdziesz co\u015b idealnego dla siebie. W tym artykule przyjrzymy si\u0119 r\u00f3\u017cnym rodzajom [&hellip;]<\/p>","protected":false},"author":1,"featured_media":12,"comment_status":"open","ping_status":"open","sticky":false,"template":"","format":"standard","meta":{"_acf_changed":false,"footnotes":""},"categories":[1,3],"tags":[],"class_list":["post-26","post","type-post","status-publish","format-standard","has-post-thumbnail","hentry","category-blog","category-moda"],"acf":[],"yoast_head":"<!-- This site is optimized with the Yoast SEO plugin v23.2 - https:\/\/yoast.com\/wordpress\/plugins\/seo\/ -->\n<title>Jakie sukienki nosi\u0107 na letnie wieczory? - polscy-kierowcy.pl<\/title>\n<meta name=\"description\" content=\"Odkryj najmodniejsze sukienki idealne na letnie wieczory! Poznaj trendy, fasony i kolory, kt\u00f3re sprawi\u0105, \u017ce b\u0119dziesz wygl\u0105da\u0107 ol\u015bniewaj\u0105co. Zainspiruj si\u0119 naszymi propozycjami na wyj\u0105tkowe letnie wyj\u015bcia.\" \/>\n<meta name=\"robots\" content=\"index, follow, max-snippet:-1, max-image-preview:large, max-video-preview:-1\" \/>\n<link rel=\"canonical\" href=\"https:\/\/polscy-kierowcy.pl\/ro\/jakie-sukienki-nosic-na-letnie-wieczory\/\" \/>\n<meta property=\"og:locale\" content=\"ro_RO\" \/>\n<meta property=\"og:type\" content=\"article\" \/>\n<meta property=\"og:title\" content=\"Jakie sukienki nosi\u0107 na letnie wieczory? - polscy-kierowcy.pl\" \/>\n<meta property=\"og:description\" content=\"Odkryj najmodniejsze sukienki idealne na letnie wieczory! Poznaj trendy, fasony i kolory, kt\u00f3re sprawi\u0105, \u017ce b\u0119dziesz wygl\u0105da\u0107 ol\u015bniewaj\u0105co. Zainspiruj si\u0119 naszymi propozycjami na wyj\u0105tkowe letnie wyj\u015bcia.\" \/>\n<meta property=\"og:url\" content=\"https:\/\/polscy-kierowcy.pl\/ro\/jakie-sukienki-nosic-na-letnie-wieczory\/\" \/>\n<meta property=\"og:site_name\" content=\"polscy-kierowcy.pl\" \/>\n<meta property=\"article:published_time\" content=\"2024-09-09T12:55:39+00:00\" \/>\n<meta property=\"article:modified_time\" content=\"2024-09-23T01:19:08+00:00\" \/>\n<meta property=\"og:image\" content=\"https:\/\/polscy-kierowcy.pl\/wp-content\/uploads\/2024\/09\/image-4.jpeg\" \/>\n\t<meta property=\"og:image:width\" content=\"612\" \/>\n\t<meta property=\"og:image:height\" content=\"380\" \/>\n\t<meta property=\"og:image:type\" content=\"image\/jpeg\" \/>\n<meta name=\"author\" content=\"Paulina Kruk\" \/>\n<meta name=\"twitter:card\" content=\"summary_large_image\" \/>\n<meta name=\"twitter:label1\" content=\"Scris de\" \/>\n\t<meta name=\"twitter:data1\" content=\"Paulina Kruk\" \/>\n\t<meta name=\"twitter:label2\" content=\"Timp estimat pentru citire\" \/>\n\t<meta name=\"twitter:data2\" content=\"4 minute\" \/>\n<script type=\"application\/ld+json\" class=\"yoast-schema-graph\">{\"@context\":\"https:\/\/schema.org\",\"@graph\":[{\"@type\":\"WebPage\",\"@id\":\"https:\/\/polscy-kierowcy.pl\/jakie-sukienki-nosic-na-letnie-wieczory\/\",\"url\":\"https:\/\/polscy-kierowcy.pl\/jakie-sukienki-nosic-na-letnie-wieczory\/\",\"name\":\"Jakie sukienki nosi\u0107 na letnie wieczory? - polscy-kierowcy.pl\",\"isPartOf\":{\"@id\":\"https:\/\/polscy-kierowcy.pl\/#website\"},\"primaryImageOfPage\":{\"@id\":\"https:\/\/polscy-kierowcy.pl\/jakie-sukienki-nosic-na-letnie-wieczory\/#primaryimage\"},\"image\":{\"@id\":\"https:\/\/polscy-kierowcy.pl\/jakie-sukienki-nosic-na-letnie-wieczory\/#primaryimage\"},\"thumbnailUrl\":\"https:\/\/polscy-kierowcy.pl\/wp-content\/uploads\/2024\/09\/image-4.jpeg\",\"datePublished\":\"2024-09-09T12:55:39+00:00\",\"dateModified\":\"2024-09-23T01:19:08+00:00\",\"author\":{\"@id\":\"https:\/\/polscy-kierowcy.pl\/#\/schema\/person\/66f7250202134445459bce344c706e46\"},\"description\":\"Odkryj najmodniejsze sukienki idealne na letnie wieczory! Poznaj trendy, fasony i kolory, kt\u00f3re sprawi\u0105, \u017ce b\u0119dziesz wygl\u0105da\u0107 ol\u015bniewaj\u0105co. Zainspiruj si\u0119 naszymi propozycjami na wyj\u0105tkowe letnie wyj\u015bcia.\",\"breadcrumb\":{\"@id\":\"https:\/\/polscy-kierowcy.pl\/jakie-sukienki-nosic-na-letnie-wieczory\/#breadcrumb\"},\"inLanguage\":\"ro-RO\",\"potentialAction\":[{\"@type\":\"ReadAction\",\"target\":[\"https:\/\/polscy-kierowcy.pl\/jakie-sukienki-nosic-na-letnie-wieczory\/\"]}]},{\"@type\":\"ImageObject\",\"inLanguage\":\"ro-RO\",\"@id\":\"https:\/\/polscy-kierowcy.pl\/jakie-sukienki-nosic-na-letnie-wieczory\/#primaryimage\",\"url\":\"https:\/\/polscy-kierowcy.pl\/wp-content\/uploads\/2024\/09\/image-4.jpeg\",\"contentUrl\":\"https:\/\/polscy-kierowcy.pl\/wp-content\/uploads\/2024\/09\/image-4.jpeg\",\"width\":612,\"height\":380,\"caption\":\"Happy woman standing with her back on the sunset in nature in summer\"},{\"@type\":\"BreadcrumbList\",\"@id\":\"https:\/\/polscy-kierowcy.pl\/jakie-sukienki-nosic-na-letnie-wieczory\/#breadcrumb\",\"itemListElement\":[{\"@type\":\"ListItem\",\"position\":1,\"name\":\"Home\",\"item\":\"https:\/\/polscy-kierowcy.pl\/\"},{\"@type\":\"ListItem\",\"position\":2,\"name\":\"Jakie sukienki nosi\u0107 na letnie wieczory?\"}]},{\"@type\":\"WebSite\",\"@id\":\"https:\/\/polscy-kierowcy.pl\/#website\",\"url\":\"https:\/\/polscy-kierowcy.pl\/\",\"name\":\"polscy-kierowcy.pl\",\"description\":\"Tureckie sukienki: pi\u0119kno w tradycji.\",\"potentialAction\":[{\"@type\":\"SearchAction\",\"target\":{\"@type\":\"EntryPoint\",\"urlTemplate\":\"https:\/\/polscy-kierowcy.pl\/?s={search_term_string}\"},\"query-input\":\"required name=search_term_string\"}],\"inLanguage\":\"ro-RO\"},{\"@type\":\"Person\",\"@id\":\"https:\/\/polscy-kierowcy.pl\/#\/schema\/person\/66f7250202134445459bce344c706e46\",\"name\":\"Paulina Kruk\",\"image\":{\"@type\":\"ImageObject\",\"inLanguage\":\"ro-RO\",\"@id\":\"https:\/\/polscy-kierowcy.pl\/#\/schema\/person\/image\/\",\"url\":\"https:\/\/polscy-kierowcy.pl\/wp-content\/uploads\/ivyzxaomvy6_ad_avatar-96x96.jpg\",\"contentUrl\":\"https:\/\/polscy-kierowcy.pl\/wp-content\/uploads\/ivyzxaomvy6_ad_avatar-96x96.jpg\",\"caption\":\"Paulina Kruk\"},\"description\":\"Paulina Kruk to do\u015bwiadczona specjalistka w dziedzinie mody, prowadz\u0105ca w\u0142asny sklep odzie\u017cowy w Pilaszkowie. Jej pasja do mody i zaanga\u017cowanie w bran\u017cy odzie\u017cowej pozwalaj\u0105 jej na tworzenie unikatowych stylizacji, kt\u00f3re \u0142\u0105cz\u0105 elegancj\u0119 z codziennym komfortem.\",\"url\":\"https:\/\/polscy-kierowcy.pl\/ro\/author\/paulina-kruk\/\"}]}<\/script>\n<!-- \/ Yoast SEO plugin. -->","yoast_head_json":{"title":"Jakie sukienki nosi\u0107 na letnie wieczory? - polscy-kierowcy.pl","description":"Odkryj najmodniejsze sukienki idealne na letnie wieczory! Poznaj trendy, fasony i kolory, kt\u00f3re sprawi\u0105, \u017ce b\u0119dziesz wygl\u0105da\u0107 ol\u015bniewaj\u0105co. Zainspiruj si\u0119 naszymi propozycjami na wyj\u0105tkowe letnie wyj\u015bcia.","robots":{"index":"index","follow":"follow","max-snippet":"max-snippet:-1","max-image-preview":"max-image-preview:large","max-video-preview":"max-video-preview:-1"},"canonical":"https:\/\/polscy-kierowcy.pl\/ro\/jakie-sukienki-nosic-na-letnie-wieczory\/","og_locale":"ro_RO","og_type":"article","og_title":"Jakie sukienki nosi\u0107 na letnie wieczory? - polscy-kierowcy.pl","og_description":"Odkryj najmodniejsze sukienki idealne na letnie wieczory! Poznaj trendy, fasony i kolory, kt\u00f3re sprawi\u0105, \u017ce b\u0119dziesz wygl\u0105da\u0107 ol\u015bniewaj\u0105co. Zainspiruj si\u0119 naszymi propozycjami na wyj\u0105tkowe letnie wyj\u015bcia.","og_url":"https:\/\/polscy-kierowcy.pl\/ro\/jakie-sukienki-nosic-na-letnie-wieczory\/","og_site_name":"polscy-kierowcy.pl","article_published_time":"2024-09-09T12:55:39+00:00","article_modified_time":"2024-09-23T01:19:08+00:00","og_image":[{"width":612,"height":380,"url":"https:\/\/polscy-kierowcy.pl\/wp-content\/uploads\/2024\/09\/image-4.jpeg","type":"image\/jpeg"}],"author":"Paulina Kruk","twitter_card":"summary_large_image","twitter_misc":{"Scris de":"Paulina Kruk","Timp estimat pentru citire":"4 minute"},"schema":{"@context":"https:\/\/schema.org","@graph":[{"@type":"WebPage","@id":"https:\/\/polscy-kierowcy.pl\/jakie-sukienki-nosic-na-letnie-wieczory\/","url":"https:\/\/polscy-kierowcy.pl\/jakie-sukienki-nosic-na-letnie-wieczory\/","name":"Jakie sukienki nosi\u0107 na letnie wieczory? - polscy-kierowcy.pl","isPartOf":{"@id":"https:\/\/polscy-kierowcy.pl\/#website"},"primaryImageOfPage":{"@id":"https:\/\/polscy-kierowcy.pl\/jakie-sukienki-nosic-na-letnie-wieczory\/#primaryimage"},"image":{"@id":"https:\/\/polscy-kierowcy.pl\/jakie-sukienki-nosic-na-letnie-wieczory\/#primaryimage"},"thumbnailUrl":"https:\/\/polscy-kierowcy.pl\/wp-content\/uploads\/2024\/09\/image-4.jpeg","datePublished":"2024-09-09T12:55:39+00:00","dateModified":"2024-09-23T01:19:08+00:00","author":{"@id":"https:\/\/polscy-kierowcy.pl\/#\/schema\/person\/66f7250202134445459bce344c706e46"},"description":"Odkryj najmodniejsze sukienki idealne na letnie wieczory! Poznaj trendy, fasony i kolory, kt\u00f3re sprawi\u0105, \u017ce b\u0119dziesz wygl\u0105da\u0107 ol\u015bniewaj\u0105co. Zainspiruj si\u0119 naszymi propozycjami na wyj\u0105tkowe letnie wyj\u015bcia.","breadcrumb":{"@id":"https:\/\/polscy-kierowcy.pl\/jakie-sukienki-nosic-na-letnie-wieczory\/#breadcrumb"},"inLanguage":"ro-RO","potentialAction":[{"@type":"ReadAction","target":["https:\/\/polscy-kierowcy.pl\/jakie-sukienki-nosic-na-letnie-wieczory\/"]}]},{"@type":"ImageObject","inLanguage":"ro-RO","@id":"https:\/\/polscy-kierowcy.pl\/jakie-sukienki-nosic-na-letnie-wieczory\/#primaryimage","url":"https:\/\/polscy-kierowcy.pl\/wp-content\/uploads\/2024\/09\/image-4.jpeg","contentUrl":"https:\/\/polscy-kierowcy.pl\/wp-content\/uploads\/2024\/09\/image-4.jpeg","width":612,"height":380,"caption":"Happy woman standing with her back on the sunset in nature in summer"},{"@type":"BreadcrumbList","@id":"https:\/\/polscy-kierowcy.pl\/jakie-sukienki-nosic-na-letnie-wieczory\/#breadcrumb","itemListElement":[{"@type":"ListItem","position":1,"name":"Home","item":"https:\/\/polscy-kierowcy.pl\/"},{"@type":"ListItem","position":2,"name":"Jakie sukienki nosi\u0107 na letnie wieczory?"}]},{"@type":"WebSite","@id":"https:\/\/polscy-kierowcy.pl\/#website","url":"https:\/\/polscy-kierowcy.pl\/","name":"polscy-kierowcy.pl","description":"Tureckie sukienki: pi\u0119kno w tradycji.","potentialAction":[{"@type":"SearchAction","target":{"@type":"EntryPoint","urlTemplate":"https:\/\/polscy-kierowcy.pl\/?s={search_term_string}"},"query-input":"required name=search_term_string"}],"inLanguage":"ro-RO"},{"@type":"Person","@id":"https:\/\/polscy-kierowcy.pl\/#\/schema\/person\/66f7250202134445459bce344c706e46","name":"Paulina Kruk","image":{"@type":"ImageObject","inLanguage":"ro-RO","@id":"https:\/\/polscy-kierowcy.pl\/#\/schema\/person\/image\/","url":"https:\/\/polscy-kierowcy.pl\/wp-content\/uploads\/ivyzxaomvy6_ad_avatar-96x96.jpg","contentUrl":"https:\/\/polscy-kierowcy.pl\/wp-content\/uploads\/ivyzxaomvy6_ad_avatar-96x96.jpg","caption":"Paulina Kruk"},"description":"Paulina Kruk to do\u015bwiadczona specjalistka w dziedzinie mody, prowadz\u0105ca w\u0142asny sklep odzie\u017cowy w Pilaszkowie. Jej pasja do mody i zaanga\u017cowanie w bran\u017cy odzie\u017cowej pozwalaj\u0105 jej na tworzenie unikatowych stylizacji, kt\u00f3re \u0142\u0105cz\u0105 elegancj\u0119 z codziennym komfortem.","url":"https:\/\/polscy-kierowcy.pl\/ro\/author\/paulina-kruk\/"}]}},"yoast_meta":{"yoast_wpseo_title":"","yoast_wpseo_metadesc":"","yoast_wpseo_canonical":"https:\/\/polscy-kierowcy.pl\/ro\/wp-json\/wp\/v2\/posts\/26"},"_links":{"self":[{"href":"https:\/\/polscy-kierowcy.pl\/ro\/wp-json\/wp\/v2\/posts\/26"}],"collection":[{"href":"https:\/\/polscy-kierowcy.pl\/ro\/wp-json\/wp\/v2\/posts"}],"about":[{"href":"https:\/\/polscy-kierowcy.pl\/ro\/wp-json\/wp\/v2\/types\/post"}],"author":[{"embeddable":true,"href":"https:\/\/polscy-kierowcy.pl\/ro\/wp-json\/wp\/v2\/users\/1"}],"replies":[{"embeddable":true,"href":"https:\/\/polscy-kierowcy.pl\/ro\/wp-json\/wp\/v2\/comments?post=26"}],"version-history":[{"count":1,"href":"https:\/\/polscy-kierowcy.pl\/ro\/wp-json\/wp\/v2\/posts\/26\/revisions"}],"predecessor-version":[{"id":27,"href":"https:\/\/polscy-kierowcy.pl\/ro\/wp-json\/wp\/v2\/posts\/26\/revisions\/27"}],"wp:featuredmedia":[{"embeddable":true,"href":"https:\/\/polscy-kierowcy.pl\/ro\/wp-json\/wp\/v2\/media\/12"}],"wp:attachment":[{"href":"https:\/\/polscy-kierowcy.pl\/ro\/wp-json\/wp\/v2\/media?parent=26"}],"wp:term":[{"taxonomy":"category","embeddable":true,"href":"https:\/\/polscy-kierowcy.pl\/ro\/wp-json\/wp\/v2\/categories?post=26"},{"taxonomy":"post_tag","embeddable":true,"href":"https:\/\/polscy-kierowcy.pl\/ro\/wp-json\/wp\/v2\/tags?post=26"}],"curies":[{"name":"wp","href":"https:\/\/api.w.org\/{rel}","templated":true}]}}