{"id":24,"date":"2024-09-09T13:55:37","date_gmt":"2024-09-09T12:55:37","guid":{"rendered":"https:\/\/polscy-kierowcy.pl\/2024\/09\/09\/sukienki-na-letnie-festiwale-jakie-wybrac\/"},"modified":"2024-09-23T02:18:55","modified_gmt":"2024-09-23T01:18:55","slug":"sukienki-na-letnie-festiwale-jakie-wybrac","status":"publish","type":"post","link":"https:\/\/polscy-kierowcy.pl\/ro\/sukienki-na-letnie-festiwale-jakie-wybrac\/","title":{"rendered":"Rochii pentru festivalurile de var\u0103: pe care s\u0103 le alegi?"},"content":{"rendered":"<div class=\"kk-star-ratings kksr-auto kksr-align-left kksr-valign-top\"\n    data-payload='{&quot;align&quot;:&quot;left&quot;,&quot;id&quot;:&quot;24&quot;,&quot;slug&quot;:&quot;default&quot;,&quot;valign&quot;:&quot;top&quot;,&quot;ignore&quot;:&quot;&quot;,&quot;reference&quot;:&quot;auto&quot;,&quot;class&quot;:&quot;&quot;,&quot;count&quot;:&quot;0&quot;,&quot;legendonly&quot;:&quot;&quot;,&quot;readonly&quot;:&quot;&quot;,&quot;score&quot;:&quot;0&quot;,&quot;starsonly&quot;:&quot;&quot;,&quot;best&quot;:&quot;5&quot;,&quot;gap&quot;:&quot;5&quot;,&quot;greet&quot;:&quot;&quot;,&quot;legend&quot;:&quot;0\\\/5 - (0 votes)&quot;,&quot;size&quot;:&quot;24&quot;,&quot;title&quot;:&quot;Sukienki na letnie festiwale: Jakie wybra\u0107?&quot;,&quot;width&quot;:&quot;0&quot;,&quot;_legend&quot;:&quot;{score}\\\/{best} - ({count} {votes})&quot;,&quot;font_factor&quot;:&quot;1.25&quot;}'>\n            \n<div class=\"kksr-stars\">\n    \n<div class=\"kksr-stars-inactive\">\n            <div class=\"kksr-star\" data-star=\"1\" style=\"padding-right: 5px\">\n            \n\n<div class=\"kksr-icon\" style=\"width: 24px; height: 24px;\"><\/div>\n        <\/div>\n            <div class=\"kksr-star\" data-star=\"2\" style=\"padding-right: 5px\">\n            \n\n<div class=\"kksr-icon\" style=\"width: 24px; height: 24px;\"><\/div>\n        <\/div>\n            <div class=\"kksr-star\" data-star=\"3\" style=\"padding-right: 5px\">\n            \n\n<div class=\"kksr-icon\" style=\"width: 24px; height: 24px;\"><\/div>\n        <\/div>\n            <div class=\"kksr-star\" data-star=\"4\" style=\"padding-right: 5px\">\n            \n\n<div class=\"kksr-icon\" style=\"width: 24px; height: 24px;\"><\/div>\n        <\/div>\n            <div class=\"kksr-star\" data-star=\"5\" style=\"padding-right: 5px\">\n            \n\n<div class=\"kksr-icon\" style=\"width: 24px; height: 24px;\"><\/div>\n        <\/div>\n    <\/div>\n    \n<div class=\"kksr-stars-active\" style=\"width: 0px;\">\n            <div class=\"kksr-star\" style=\"padding-right: 5px\">\n            \n\n<div class=\"kksr-icon\" style=\"width: 24px; height: 24px;\"><\/div>\n        <\/div>\n            <div class=\"kksr-star\" style=\"padding-right: 5px\">\n            \n\n<div class=\"kksr-icon\" style=\"width: 24px; height: 24px;\"><\/div>\n        <\/div>\n            <div class=\"kksr-star\" style=\"padding-right: 5px\">\n            \n\n<div class=\"kksr-icon\" style=\"width: 24px; height: 24px;\"><\/div>\n        <\/div>\n            <div class=\"kksr-star\" style=\"padding-right: 5px\">\n            \n\n<div class=\"kksr-icon\" style=\"width: 24px; height: 24px;\"><\/div>\n        <\/div>\n            <div class=\"kksr-star\" style=\"padding-right: 5px\">\n            \n\n<div class=\"kksr-icon\" style=\"width: 24px; height: 24px;\"><\/div>\n        <\/div>\n    <\/div>\n<\/div>\n                \n\n<div class=\"kksr-legend\" style=\"font-size: 19.2px;\">\n            <span class=\"kksr-muted\"><\/span>\n    <\/div>\n    <\/div>\n<p>&#8222;`<\/p>\n<p>Alegerea unei rochii pentru festivalurile de var\u0103 nu este doar o chestiune de stil, ci \u0219i de confort \u0219i caracter practic. \u00cen Polonia, festivalurile de var\u0103 atrag mul\u021bimi de oameni, iar rochia potrivit\u0103 ne poate cre\u0219te cu siguran\u021b\u0103 bun\u0103starea \u0219i \u00eencrederea \u00een sine. Experimentarea cu moda la astfel de evenimente ne ofer\u0103 oportunitatea de a ne exprima personalitatea. La festivaluri, este important \u0219i ca rochia s\u0103 fie confortabil\u0103, deoarece petrecem adesea multe ore \u00een mi\u0219care, dans\u00e2nd \u0219i distr\u00e2ndu-ne. De aceea, merit\u0103 s\u0103 cunoa\u0219tem cele mai recente tendin\u021be \u0219i cele mai bune materiale care vor func\u021biona \u00een aceast\u0103 perioad\u0103 special\u0103. S\u0103 arunc\u0103m o privire mai atent\u0103 la ce rochii s\u0103 alegem pentru a fi la mod\u0103 \u0219i a ne sim\u021bi confortabil \u00een timpul festivalurilor de var\u0103.<\/p>\n<h2>Tendin\u021be \u00een rochiile de festival de var\u0103<\/h2>\n<p>\u00cen 2023, culorile pastelate, nuan\u021bele intense \u0219i diversele modele vor domni supreme la festivalurile de var\u0103. Rochiile florale, formele geometrice \u0219i motivele exotice vor atrage cu siguran\u021b\u0103 mai mult de o privire. Pe m\u0103sur\u0103 ce se apropie perioada festivalurilor, merit\u0103 s\u0103 ne g\u00e2ndim ce stil ne reprezint\u0103. Se recomand\u0103 adesea s\u0103 alegem modele care s\u0103 ne fac\u0103 s\u0103 ie\u0219im \u00een eviden\u021b\u0103, dar care s\u0103 se potriveasc\u0103 \u0219i cu personalitatea \u0219i silueta noastr\u0103. Selec\u021bia potrivit\u0103 a culorilor pentru tenul \u0219i caracterul nostru poate afecta semnificativ modul \u00een care ne percepem pe noi \u00een\u0219ine. Ceea ce purt\u0103m spune multe despre noi, a\u0219a c\u0103 putem alege cu \u00eendr\u0103zneal\u0103 unele \u00eendr\u0103zne\u021be!<\/p>\n<h3>Materiale perfecte pentru festivaluri<\/h3>\n<p>Alegerea materialelor potrivite pentru rochiile de festival este esen\u021bial\u0103, mai ales c\u00e2nd vine vorba de confort \u00een zilele c\u0103lduroase. Materialele u\u0219oare, precum bumbacul, inul sau poliesterul, sunt alegerea perfect\u0103 pentru a evita oboseala din cauza c\u0103ldurii. \u00cen plus, absorb\u021bia bun\u0103 a umezelii oferit\u0103 de in \u0219i bumbac ofer\u0103 o senza\u021bie pl\u0103cut\u0103 de prospe\u021bime. De asemenea, merit\u0103 s\u0103 acord\u0103m aten\u021bie elasticit\u0103\u021bii materialului, astfel \u00eenc\u00e2t rochia s\u0103 se muleze bine pe siluet\u0103 \u00een timpul dansului. S\u0103 evit\u0103m materialele grele \u0219i rigide care pot restric\u021biona libertatea de mi\u0219care. Materialul potrivit poate face ca orice rochie, chiar \u0219i rochiile turce\u0219ti elegante, s\u0103 fie confortabil\u0103 pentru o lung\u0103 perioad\u0103 de timp.<\/p>\n<h2>Stiluri vestimentare pentru festivaluri<\/h2>\n<p>Atunci c\u00e2nd ne decidem asupra lungimii unei rochii, merit\u0103 s\u0103 ne g\u00e2ndim care se potrive\u0219te cel mai bine stilului \u0219i siluetei noastre. Rochiile maxi sunt o alegere excelent\u0103 pentru persoanele care prefer\u0103 un stil elegant, boho, dar pot fi \u0219i mai dificil de aranjat. Pe de alt\u0103 parte, rochiile mini sunt o op\u021biune excelent\u0103 pentru festivalurile de var\u0103, unde lejeritatea \u0219i confortul conteaz\u0103; sunt adesea mai lejere \u0219i confortabile. De asemenea, merit\u0103 s\u0103 ne amintim de accesoriile care pot face fiecare lungime mai flexibil\u0103. S\u0103 ne g\u00e2ndim la atuurile noastre - dac\u0103 ne place s\u0103 ne etal\u0103m picioarele, o rochie mini va fi perfect\u0103. \u00cen caz contrar, o rochie maxi ne va scoate \u00een eviden\u021b\u0103 perfect atuurile, acoperind \u00een acela\u0219i timp ceea ce nu vrem s\u0103 ar\u0103t\u0103m.<\/p>\n<h3>Rochii \u00een stil boho<\/h3>\n<p>Stilul boho nu se demodeaz\u0103 niciodat\u0103, mai ales la festivaluri. Se caracterizeaz\u0103 prin croieli lejere, materiale naturale \u0219i modele etnice. Rochiile boho au de obicei volane \u0219i franjuri, care le adaug\u0103 caracterul unic. Pentru a crea un stil boho complet, merit\u0103 s\u0103 pariezi pe accesorii, cum ar fi o p\u0103l\u0103rie castaniu \u0219i sandale colorate. Stilul boho este, de asemenea, o op\u021biune ideal\u0103 pentru combinarea diferitelor modele \u0219i culori, ceea ce ne ofer\u0103 o mare libertate de creativitate. Cu accesoriile potrivite, putem crea un look unic care \u00eei va \u00eenc\u00e2nta pe to\u021bi cei din jurul nostru.<\/p>\n<h2>Accesorii pentru rochii de festival<\/h2>\n<p>Alegerea accesoriilor este crucial\u0103 pentru \u00eentregul stil. Cu o \u021binut\u0103 potrivit\u0103, chiar \u0219i cele mai simple accesorii ne pot schimba complet aspectul \u0219i ne pot sublinia individualitatea. \u00cenc\u0103l\u021b\u0103mintea joac\u0103 un rol cheie \u0219i ar trebui s\u0103 fie confortabil\u0103 mai presus de toate. Sandalele, espadrilele sau pantofii sport la mod\u0103 sunt ideali pentru festivaluri, oferind confort pe tot parcursul zilei. De asemenea, merit\u0103 s\u0103 nu uita\u021bi s\u0103 alege\u021bi o geant\u0103 de m\u00e2n\u0103 - mic\u0103, confortabil\u0103, dar \u0219i atractiv\u0103 vizual. Bijuteriile \u0219i alte accesorii bine alese, cum ar fi ochelarii de soare sau acoper\u0103mintele pentru cap, sunt, de asemenea, foarte importante. Mai jos este un tabel cu cele mai importante accesorii care merit\u0103 avute la un festival de var\u0103.<\/p>\n<table>\n<tr>\n<th>Extrasuri<\/th>\n<th>Exemple<\/th>\n<\/tr>\n<tr>\n<td>\u00cenc\u0103l\u0163\u0103minte<\/td>\n<td>Sandale, espadrile, pantofi sport<\/td>\n<\/tr>\n<tr>\n<td>Gen\u021bi<\/td>\n<td>Rucsacuri mici, borsete, gen\u021bi de um\u0103r<\/td>\n<\/tr>\n<tr>\n<td>Bijuterii<\/td>\n<td>Cercei, br\u0103\u021b\u0103ri, coliere<\/td>\n<p><img decoding=\"async\" src=\"https:\/\/media.istockphoto.com\/id\/599140066\/ru\/%D1%84%D0%BE%D1%82%D0%BE\/%D0%B2%D0%B5%D1%81%D0%B5%D0%BB%D0%B8%D1%82%D1%8C%D1%81%D1%8F-%D1%81-%D0%BC%D0%BE%D0%B8%D0%BC%D0%B8-%D0%BF%D0%BE%D0%B4%D1%80%D1%83%D0%B3%D0%B0%D0%BC%D0%B8.jpg?s=612x612&#038;w=0&#038;k=20&#038;c=01oi9HTnbhwrdD8dkmoWZyI-IqpU80tD2IXC3-iCL3w=\" alt=\"Dwie u\u015bmiechni\u0119te kobiety w letnich sukienkach ciesz\u0105ce si\u0119 s\u0142o\u0144cem na festiwalu.\"\/><br \/>\n<\/tr>\n<tr>\n<td>Ochelari de soare<\/td>\n<td>Mari, colorate sau \u00een form\u0103 de ochi de pisic\u0103<\/td>\n<\/tr>\n<tr>\n<td>Accesorii pentru cap<\/td>\n<td>P\u0103l\u0103rii, bandane, \u0219epci<\/td>\n<\/tr>\n<\/table>\n<h2>Cum s\u0103 alegi o rochie potrivit\u0103 siluetei tale?<\/h2>\n<p>Merit\u0103 s\u0103 \u00een\u021belegem c\u0103 fiecare tip de siluet\u0103 necesit\u0103 o abordare diferit\u0103 atunci c\u00e2nd alegem o rochie. Este crucial ca rochiile s\u0103 ne pun\u0103 \u00een valoare atuurile \u0219i, \u00een acela\u0219i timp, s\u0103 mascheze orice defecte. De exemplu, pentru siluetele cu m\u0103r, rochiile cu talie \u00eenalt\u0103 \u0219i cele decupate sub bust vor fi cele mai potrivite. Femeile cu o siluet\u0103 de clepsidr\u0103 vor ar\u0103ta grozav \u00een rochii str\u00e2mte care accentueaz\u0103 talia. Pe de alt\u0103 parte, femeile cu siluet\u0103 de par\u0103 ar trebui s\u0103 opteze pentru rochii cu talie lejer\u0103, care echilibreaz\u0103 propor\u021biile. Nu uita\u021bi c\u0103 fiecare dintre noi este diferit\u0103, a\u0219a c\u0103 alegerea rochiei ar trebui s\u0103 fie individual\u0103!<\/p>\n<h3>Cum se abordeaz\u0103 clasificarea prin m\u0103rime<\/h3>\n<p>C\u00e2nd cumperi online, este mai bine s\u0103 ai m\u0103sur\u0103tori verificate, ceea ce va u\u0219ura alegerea corect\u0103. Trei dimensiuni sunt esen\u021biale \u00een acest proces: bustul, talia \u0219i \u0219oldurile. Dup\u0103 ce le m\u0103sur\u0103m pe fiecare dintre ele, acoperim tabelele de m\u0103rimi corespunz\u0103toare din magazinul online, ceea ce ne va permite s\u0103 g\u0103sim rochia perfect\u0103. De asemenea, merit\u0103 s\u0103 fim aten\u021bi la stil \u0219i croial\u0103, care pot varia \u00een func\u021bie de marc\u0103. Cump\u0103r\u0103turile online ne ofer\u0103 libertate, dar \u0219i risc, a\u0219a c\u0103 s\u0103 nu uit\u0103m de retururi dac\u0103 rochia nu ni se potrive\u0219te. Cunoa\u0219terea m\u0103sur\u0103torilor \u0219i a tuturor specifica\u021biilor m\u0103rcii va fi cel mai bun aliat al nostru \u00een drumul c\u0103tre achizi\u021bia perfect\u0103.<\/p>\n<h2>Sf\u00e2r\u015fit<\/h2>\n<p>Alegerea rochiilor pentru festivalurile de var\u0103 poate fi o aventur\u0103 extraordinar\u0103, plin\u0103 de emo\u021bii \u0219i descoperiri. Este crucial s\u0103 alegem articole de garderob\u0103 care s\u0103 reflecte personalitatea noastr\u0103 \u0219i s\u0103 ne fac\u0103 s\u0103 ne sim\u021bim confortabil. Datorit\u0103 cuno\u0219tin\u021belor despre materiale, modele \u0219i stiluri, fiecare dintre noi poate g\u0103si rochia perfect\u0103. V\u0103 \u00eencuraj\u0103m s\u0103 v\u0103 juca\u021bi cu moda \u0219i s\u0103 crea\u021bi combina\u021bii unice care s\u0103 ne fac\u0103 s\u0103 ie\u0219im \u00een eviden\u021b\u0103 prin stilul nostru. Nu uita\u021bi c\u0103 moda este expresie \u0219i bucurie - fie ca fiecare festival s\u0103 fie o oportunitate de a v\u0103 ar\u0103ta \u00een cea mai frumoas\u0103 lumin\u0103!<\/p>\n<h2>FAQ<\/h2>\n<p><strong>1. Ce culori de rochii vor fi la mod\u0103 la festivaluri \u00een 2023?<\/strong><\/p>\n<p>Nuan\u021bele pastelate, culorile intense \u0219i modelele florale vor fi la mod\u0103.<\/p>\n<p><strong>2. Ce materiale sunt cele mai bune pentru festivalurile de var\u0103?<\/strong><\/p>\n<p>Cele mai bune materiale sunt u\u0219oare, cum ar fi bumbacul, inul sau poliesterul respirabil.<\/p>\n<p><strong>3. Rochiile boho se potrivesc oric\u0103rui tip de corp?<\/strong><\/p>\n<p>Da, rochiile boho sunt versatile \u0219i pot fi adaptate pentru a se potrivi diferitelor tipuri de corp.<\/p>\n<p><strong>4. Ce pantofi s\u0103 alegi pentru o rochie de festival?<\/strong><\/p>\n<p>Alegerea ideal\u0103 vor fi sandalele confortabile, espadrilele sau pantofii sport la mod\u0103.<\/p>\n<p><strong>5. Ce accesorii merit\u0103 s\u0103 ai la un festival?<\/strong><\/p>\n<p>Merit\u0103 s\u0103 optezi pentru ochelari de soare mari, p\u0103l\u0103rii \u0219ic \u0219i bijuterii colorate pentru a completa stilul.<\/p>\n<p>&#8222;`<\/p>","protected":false},"excerpt":{"rendered":"<p>&#8222;` Wyb\u00f3r sukienki na letnie festiwale to nie tylko kwestia stylu, ale tak\u017ce komfortu i praktyczno\u015bci. W Polsce, festiwale letnie przyci\u0105gaj\u0105 t\u0142umy, a odpowiednia sukienka mo\u017ce zdecydowanie podnie\u015b\u0107 nasze samopoczucie i poziom pewno\u015bci siebie. Eksperymentowanie z mod\u0105 na takich wydarzeniach daje przede wszystkim okazj\u0119 do wyra\u017cenia swojej osobowo\u015bci. Na festiwalach wa\u017cne jest r\u00f3wnie\u017c, aby sukienka [&hellip;]<\/p>","protected":false},"author":1,"featured_media":10,"comment_status":"open","ping_status":"open","sticky":false,"template":"","format":"standard","meta":{"_acf_changed":false,"footnotes":""},"categories":[1,2],"tags":[],"class_list":["post-24","post","type-post","status-publish","format-standard","has-post-thumbnail","hentry","category-blog","category-sukienki"],"acf":[],"yoast_head":"<!-- This site is optimized with the Yoast SEO plugin v23.2 - https:\/\/yoast.com\/wordpress\/plugins\/seo\/ -->\n<title>Sukienki na letnie festiwale: Jakie wybra\u0107? - polscy-kierowcy.pl<\/title>\n<meta name=\"description\" content=\"Odkryj idealne sukienki na letnie festiwale! Sprawd\u017a nasze porady, jak wybra\u0107 najlepsze modele, kt\u00f3re zapewni\u0105 komfort i styl w ka\u017cdej sytuacji.\" \/>\n<meta name=\"robots\" content=\"index, follow, max-snippet:-1, max-image-preview:large, max-video-preview:-1\" \/>\n<link rel=\"canonical\" href=\"https:\/\/polscy-kierowcy.pl\/ro\/sukienki-na-letnie-festiwale-jakie-wybrac\/\" \/>\n<meta property=\"og:locale\" content=\"ro_RO\" \/>\n<meta property=\"og:type\" content=\"article\" \/>\n<meta property=\"og:title\" content=\"Sukienki na letnie festiwale: Jakie wybra\u0107? - polscy-kierowcy.pl\" \/>\n<meta property=\"og:description\" content=\"Odkryj idealne sukienki na letnie festiwale! Sprawd\u017a nasze porady, jak wybra\u0107 najlepsze modele, kt\u00f3re zapewni\u0105 komfort i styl w ka\u017cdej sytuacji.\" \/>\n<meta property=\"og:url\" content=\"https:\/\/polscy-kierowcy.pl\/ro\/sukienki-na-letnie-festiwale-jakie-wybrac\/\" \/>\n<meta property=\"og:site_name\" content=\"polscy-kierowcy.pl\" \/>\n<meta property=\"article:published_time\" content=\"2024-09-09T12:55:37+00:00\" \/>\n<meta property=\"article:modified_time\" content=\"2024-09-23T01:18:55+00:00\" \/>\n<meta property=\"og:image\" content=\"https:\/\/polscy-kierowcy.pl\/wp-content\/uploads\/2024\/09\/image-2.jpeg\" \/>\n\t<meta property=\"og:image:width\" content=\"612\" \/>\n\t<meta property=\"og:image:height\" content=\"408\" \/>\n\t<meta property=\"og:image:type\" content=\"image\/jpeg\" \/>\n<meta name=\"author\" content=\"Paulina Kruk\" \/>\n<meta name=\"twitter:card\" content=\"summary_large_image\" \/>\n<meta name=\"twitter:label1\" content=\"Scris de\" \/>\n\t<meta name=\"twitter:data1\" content=\"Paulina Kruk\" \/>\n\t<meta name=\"twitter:label2\" content=\"Timp estimat pentru citire\" \/>\n\t<meta name=\"twitter:data2\" content=\"6 minute\" \/>\n<script type=\"application\/ld+json\" class=\"yoast-schema-graph\">{\"@context\":\"https:\/\/schema.org\",\"@graph\":[{\"@type\":\"WebPage\",\"@id\":\"https:\/\/polscy-kierowcy.pl\/sukienki-na-letnie-festiwale-jakie-wybrac\/\",\"url\":\"https:\/\/polscy-kierowcy.pl\/sukienki-na-letnie-festiwale-jakie-wybrac\/\",\"name\":\"Sukienki na letnie festiwale: Jakie wybra\u0107? - polscy-kierowcy.pl\",\"isPartOf\":{\"@id\":\"https:\/\/polscy-kierowcy.pl\/#website\"},\"primaryImageOfPage\":{\"@id\":\"https:\/\/polscy-kierowcy.pl\/sukienki-na-letnie-festiwale-jakie-wybrac\/#primaryimage\"},\"image\":{\"@id\":\"https:\/\/polscy-kierowcy.pl\/sukienki-na-letnie-festiwale-jakie-wybrac\/#primaryimage\"},\"thumbnailUrl\":\"https:\/\/polscy-kierowcy.pl\/wp-content\/uploads\/2024\/09\/image-2.jpeg\",\"datePublished\":\"2024-09-09T12:55:37+00:00\",\"dateModified\":\"2024-09-23T01:18:55+00:00\",\"author\":{\"@id\":\"https:\/\/polscy-kierowcy.pl\/#\/schema\/person\/66f7250202134445459bce344c706e46\"},\"description\":\"Odkryj idealne sukienki na letnie festiwale! Sprawd\u017a nasze porady, jak wybra\u0107 najlepsze modele, kt\u00f3re zapewni\u0105 komfort i styl w ka\u017cdej sytuacji.\",\"breadcrumb\":{\"@id\":\"https:\/\/polscy-kierowcy.pl\/sukienki-na-letnie-festiwale-jakie-wybrac\/#breadcrumb\"},\"inLanguage\":\"ro-RO\",\"potentialAction\":[{\"@type\":\"ReadAction\",\"target\":[\"https:\/\/polscy-kierowcy.pl\/sukienki-na-letnie-festiwale-jakie-wybrac\/\"]}]},{\"@type\":\"ImageObject\",\"inLanguage\":\"ro-RO\",\"@id\":\"https:\/\/polscy-kierowcy.pl\/sukienki-na-letnie-festiwale-jakie-wybrac\/#primaryimage\",\"url\":\"https:\/\/polscy-kierowcy.pl\/wp-content\/uploads\/2024\/09\/image-2.jpeg\",\"contentUrl\":\"https:\/\/polscy-kierowcy.pl\/wp-content\/uploads\/2024\/09\/image-2.jpeg\",\"width\":612,\"height\":408,\"caption\":\"Young woman in a pink skirt and sneakers crossing the road in the summer\"},{\"@type\":\"BreadcrumbList\",\"@id\":\"https:\/\/polscy-kierowcy.pl\/sukienki-na-letnie-festiwale-jakie-wybrac\/#breadcrumb\",\"itemListElement\":[{\"@type\":\"ListItem\",\"position\":1,\"name\":\"Home\",\"item\":\"https:\/\/polscy-kierowcy.pl\/\"},{\"@type\":\"ListItem\",\"position\":2,\"name\":\"Sukienki na letnie festiwale: Jakie wybra\u0107?\"}]},{\"@type\":\"WebSite\",\"@id\":\"https:\/\/polscy-kierowcy.pl\/#website\",\"url\":\"https:\/\/polscy-kierowcy.pl\/\",\"name\":\"polscy-kierowcy.pl\",\"description\":\"Tureckie sukienki: pi\u0119kno w tradycji.\",\"potentialAction\":[{\"@type\":\"SearchAction\",\"target\":{\"@type\":\"EntryPoint\",\"urlTemplate\":\"https:\/\/polscy-kierowcy.pl\/?s={search_term_string}\"},\"query-input\":\"required name=search_term_string\"}],\"inLanguage\":\"ro-RO\"},{\"@type\":\"Person\",\"@id\":\"https:\/\/polscy-kierowcy.pl\/#\/schema\/person\/66f7250202134445459bce344c706e46\",\"name\":\"Paulina Kruk\",\"image\":{\"@type\":\"ImageObject\",\"inLanguage\":\"ro-RO\",\"@id\":\"https:\/\/polscy-kierowcy.pl\/#\/schema\/person\/image\/\",\"url\":\"https:\/\/polscy-kierowcy.pl\/wp-content\/uploads\/ivyzxaomvy6_ad_avatar-96x96.jpg\",\"contentUrl\":\"https:\/\/polscy-kierowcy.pl\/wp-content\/uploads\/ivyzxaomvy6_ad_avatar-96x96.jpg\",\"caption\":\"Paulina Kruk\"},\"description\":\"Paulina Kruk to do\u015bwiadczona specjalistka w dziedzinie mody, prowadz\u0105ca w\u0142asny sklep odzie\u017cowy w Pilaszkowie. Jej pasja do mody i zaanga\u017cowanie w bran\u017cy odzie\u017cowej pozwalaj\u0105 jej na tworzenie unikatowych stylizacji, kt\u00f3re \u0142\u0105cz\u0105 elegancj\u0119 z codziennym komfortem.\",\"url\":\"https:\/\/polscy-kierowcy.pl\/ro\/author\/paulina-kruk\/\"}]}<\/script>\n<!-- \/ Yoast SEO plugin. -->","yoast_head_json":{"title":"Sukienki na letnie festiwale: Jakie wybra\u0107? - polscy-kierowcy.pl","description":"Odkryj idealne sukienki na letnie festiwale! Sprawd\u017a nasze porady, jak wybra\u0107 najlepsze modele, kt\u00f3re zapewni\u0105 komfort i styl w ka\u017cdej sytuacji.","robots":{"index":"index","follow":"follow","max-snippet":"max-snippet:-1","max-image-preview":"max-image-preview:large","max-video-preview":"max-video-preview:-1"},"canonical":"https:\/\/polscy-kierowcy.pl\/ro\/sukienki-na-letnie-festiwale-jakie-wybrac\/","og_locale":"ro_RO","og_type":"article","og_title":"Sukienki na letnie festiwale: Jakie wybra\u0107? - polscy-kierowcy.pl","og_description":"Odkryj idealne sukienki na letnie festiwale! Sprawd\u017a nasze porady, jak wybra\u0107 najlepsze modele, kt\u00f3re zapewni\u0105 komfort i styl w ka\u017cdej sytuacji.","og_url":"https:\/\/polscy-kierowcy.pl\/ro\/sukienki-na-letnie-festiwale-jakie-wybrac\/","og_site_name":"polscy-kierowcy.pl","article_published_time":"2024-09-09T12:55:37+00:00","article_modified_time":"2024-09-23T01:18:55+00:00","og_image":[{"width":612,"height":408,"url":"https:\/\/polscy-kierowcy.pl\/wp-content\/uploads\/2024\/09\/image-2.jpeg","type":"image\/jpeg"}],"author":"Paulina Kruk","twitter_card":"summary_large_image","twitter_misc":{"Scris de":"Paulina Kruk","Timp estimat pentru citire":"6 minute"},"schema":{"@context":"https:\/\/schema.org","@graph":[{"@type":"WebPage","@id":"https:\/\/polscy-kierowcy.pl\/sukienki-na-letnie-festiwale-jakie-wybrac\/","url":"https:\/\/polscy-kierowcy.pl\/sukienki-na-letnie-festiwale-jakie-wybrac\/","name":"Sukienki na letnie festiwale: Jakie wybra\u0107? - polscy-kierowcy.pl","isPartOf":{"@id":"https:\/\/polscy-kierowcy.pl\/#website"},"primaryImageOfPage":{"@id":"https:\/\/polscy-kierowcy.pl\/sukienki-na-letnie-festiwale-jakie-wybrac\/#primaryimage"},"image":{"@id":"https:\/\/polscy-kierowcy.pl\/sukienki-na-letnie-festiwale-jakie-wybrac\/#primaryimage"},"thumbnailUrl":"https:\/\/polscy-kierowcy.pl\/wp-content\/uploads\/2024\/09\/image-2.jpeg","datePublished":"2024-09-09T12:55:37+00:00","dateModified":"2024-09-23T01:18:55+00:00","author":{"@id":"https:\/\/polscy-kierowcy.pl\/#\/schema\/person\/66f7250202134445459bce344c706e46"},"description":"Odkryj idealne sukienki na letnie festiwale! Sprawd\u017a nasze porady, jak wybra\u0107 najlepsze modele, kt\u00f3re zapewni\u0105 komfort i styl w ka\u017cdej sytuacji.","breadcrumb":{"@id":"https:\/\/polscy-kierowcy.pl\/sukienki-na-letnie-festiwale-jakie-wybrac\/#breadcrumb"},"inLanguage":"ro-RO","potentialAction":[{"@type":"ReadAction","target":["https:\/\/polscy-kierowcy.pl\/sukienki-na-letnie-festiwale-jakie-wybrac\/"]}]},{"@type":"ImageObject","inLanguage":"ro-RO","@id":"https:\/\/polscy-kierowcy.pl\/sukienki-na-letnie-festiwale-jakie-wybrac\/#primaryimage","url":"https:\/\/polscy-kierowcy.pl\/wp-content\/uploads\/2024\/09\/image-2.jpeg","contentUrl":"https:\/\/polscy-kierowcy.pl\/wp-content\/uploads\/2024\/09\/image-2.jpeg","width":612,"height":408,"caption":"Young woman in a pink skirt and sneakers crossing the road in the summer"},{"@type":"BreadcrumbList","@id":"https:\/\/polscy-kierowcy.pl\/sukienki-na-letnie-festiwale-jakie-wybrac\/#breadcrumb","itemListElement":[{"@type":"ListItem","position":1,"name":"Home","item":"https:\/\/polscy-kierowcy.pl\/"},{"@type":"ListItem","position":2,"name":"Sukienki na letnie festiwale: Jakie wybra\u0107?"}]},{"@type":"WebSite","@id":"https:\/\/polscy-kierowcy.pl\/#website","url":"https:\/\/polscy-kierowcy.pl\/","name":"polscy-kierowcy.pl","description":"Tureckie sukienki: pi\u0119kno w tradycji.","potentialAction":[{"@type":"SearchAction","target":{"@type":"EntryPoint","urlTemplate":"https:\/\/polscy-kierowcy.pl\/?s={search_term_string}"},"query-input":"required name=search_term_string"}],"inLanguage":"ro-RO"},{"@type":"Person","@id":"https:\/\/polscy-kierowcy.pl\/#\/schema\/person\/66f7250202134445459bce344c706e46","name":"Paulina Kruk","image":{"@type":"ImageObject","inLanguage":"ro-RO","@id":"https:\/\/polscy-kierowcy.pl\/#\/schema\/person\/image\/","url":"https:\/\/polscy-kierowcy.pl\/wp-content\/uploads\/ivyzxaomvy6_ad_avatar-96x96.jpg","contentUrl":"https:\/\/polscy-kierowcy.pl\/wp-content\/uploads\/ivyzxaomvy6_ad_avatar-96x96.jpg","caption":"Paulina Kruk"},"description":"Paulina Kruk to do\u015bwiadczona specjalistka w dziedzinie mody, prowadz\u0105ca w\u0142asny sklep odzie\u017cowy w Pilaszkowie. Jej pasja do mody i zaanga\u017cowanie w bran\u017cy odzie\u017cowej pozwalaj\u0105 jej na tworzenie unikatowych stylizacji, kt\u00f3re \u0142\u0105cz\u0105 elegancj\u0119 z codziennym komfortem.","url":"https:\/\/polscy-kierowcy.pl\/ro\/author\/paulina-kruk\/"}]}},"yoast_meta":{"yoast_wpseo_title":"","yoast_wpseo_metadesc":"","yoast_wpseo_canonical":"https:\/\/polscy-kierowcy.pl\/ro\/wp-json\/wp\/v2\/posts\/24"},"_links":{"self":[{"href":"https:\/\/polscy-kierowcy.pl\/ro\/wp-json\/wp\/v2\/posts\/24"}],"collection":[{"href":"https:\/\/polscy-kierowcy.pl\/ro\/wp-json\/wp\/v2\/posts"}],"about":[{"href":"https:\/\/polscy-kierowcy.pl\/ro\/wp-json\/wp\/v2\/types\/post"}],"author":[{"embeddable":true,"href":"https:\/\/polscy-kierowcy.pl\/ro\/wp-json\/wp\/v2\/users\/1"}],"replies":[{"embeddable":true,"href":"https:\/\/polscy-kierowcy.pl\/ro\/wp-json\/wp\/v2\/comments?post=24"}],"version-history":[{"count":1,"href":"https:\/\/polscy-kierowcy.pl\/ro\/wp-json\/wp\/v2\/posts\/24\/revisions"}],"predecessor-version":[{"id":25,"href":"https:\/\/polscy-kierowcy.pl\/ro\/wp-json\/wp\/v2\/posts\/24\/revisions\/25"}],"wp:featuredmedia":[{"embeddable":true,"href":"https:\/\/polscy-kierowcy.pl\/ro\/wp-json\/wp\/v2\/media\/10"}],"wp:attachment":[{"href":"https:\/\/polscy-kierowcy.pl\/ro\/wp-json\/wp\/v2\/media?parent=24"}],"wp:term":[{"taxonomy":"category","embeddable":true,"href":"https:\/\/polscy-kierowcy.pl\/ro\/wp-json\/wp\/v2\/categories?post=24"},{"taxonomy":"post_tag","embeddable":true,"href":"https:\/\/polscy-kierowcy.pl\/ro\/wp-json\/wp\/v2\/tags?post=24"}],"curies":[{"name":"wp","href":"https:\/\/api.w.org\/{rel}","templated":true}]}}