{"id":235,"date":"2024-11-15T00:00:00","date_gmt":"2024-11-15T00:00:00","guid":{"rendered":"https:\/\/polscy-kierowcy.pl\/?p=235"},"modified":"2024-11-15T00:00:00","modified_gmt":"2024-11-15T00:00:00","slug":"stylizacje-dla-komunijnych-gosci-jak-sie-ubrac","status":"publish","type":"post","link":"https:\/\/polscy-kierowcy.pl\/ro\/stylizacje-dla-komunijnych-gosci-jak-sie-ubrac\/","title":{"rendered":"Stil vestimentar pentru invita\u021bii la comuniune. Cum s\u0103 te \u00eembraci?"},"content":{"rendered":"<div class=\"kk-star-ratings kksr-auto kksr-align-left kksr-valign-top\"\n    data-payload='{&quot;align&quot;:&quot;left&quot;,&quot;id&quot;:&quot;235&quot;,&quot;slug&quot;:&quot;default&quot;,&quot;valign&quot;:&quot;top&quot;,&quot;ignore&quot;:&quot;&quot;,&quot;reference&quot;:&quot;auto&quot;,&quot;class&quot;:&quot;&quot;,&quot;count&quot;:&quot;0&quot;,&quot;legendonly&quot;:&quot;&quot;,&quot;readonly&quot;:&quot;&quot;,&quot;score&quot;:&quot;0&quot;,&quot;starsonly&quot;:&quot;&quot;,&quot;best&quot;:&quot;5&quot;,&quot;gap&quot;:&quot;5&quot;,&quot;greet&quot;:&quot;&quot;,&quot;legend&quot;:&quot;0\\\/5 - (0 votes)&quot;,&quot;size&quot;:&quot;24&quot;,&quot;title&quot;:&quot;Stylizacje dla komunijnych go\u015bci. Jak si\u0119 ubra\u0107?&quot;,&quot;width&quot;:&quot;0&quot;,&quot;_legend&quot;:&quot;{score}\\\/{best} - ({count} {votes})&quot;,&quot;font_factor&quot;:&quot;1.25&quot;}'>\n            \n<div class=\"kksr-stars\">\n    \n<div class=\"kksr-stars-inactive\">\n            <div class=\"kksr-star\" data-star=\"1\" style=\"padding-right: 5px\">\n            \n\n<div class=\"kksr-icon\" style=\"width: 24px; height: 24px;\"><\/div>\n        <\/div>\n            <div class=\"kksr-star\" data-star=\"2\" style=\"padding-right: 5px\">\n            \n\n<div class=\"kksr-icon\" style=\"width: 24px; height: 24px;\"><\/div>\n        <\/div>\n            <div class=\"kksr-star\" data-star=\"3\" style=\"padding-right: 5px\">\n            \n\n<div class=\"kksr-icon\" style=\"width: 24px; height: 24px;\"><\/div>\n        <\/div>\n            <div class=\"kksr-star\" data-star=\"4\" style=\"padding-right: 5px\">\n            \n\n<div class=\"kksr-icon\" style=\"width: 24px; height: 24px;\"><\/div>\n        <\/div>\n            <div class=\"kksr-star\" data-star=\"5\" style=\"padding-right: 5px\">\n            \n\n<div class=\"kksr-icon\" style=\"width: 24px; height: 24px;\"><\/div>\n        <\/div>\n    <\/div>\n    \n<div class=\"kksr-stars-active\" style=\"width: 0px;\">\n            <div class=\"kksr-star\" style=\"padding-right: 5px\">\n            \n\n<div class=\"kksr-icon\" style=\"width: 24px; height: 24px;\"><\/div>\n        <\/div>\n            <div class=\"kksr-star\" style=\"padding-right: 5px\">\n            \n\n<div class=\"kksr-icon\" style=\"width: 24px; height: 24px;\"><\/div>\n        <\/div>\n            <div class=\"kksr-star\" style=\"padding-right: 5px\">\n            \n\n<div class=\"kksr-icon\" style=\"width: 24px; height: 24px;\"><\/div>\n        <\/div>\n            <div class=\"kksr-star\" style=\"padding-right: 5px\">\n            \n\n<div class=\"kksr-icon\" style=\"width: 24px; height: 24px;\"><\/div>\n        <\/div>\n            <div class=\"kksr-star\" style=\"padding-right: 5px\">\n            \n\n<div class=\"kksr-icon\" style=\"width: 24px; height: 24px;\"><\/div>\n        <\/div>\n    <\/div>\n<\/div>\n                \n\n<div class=\"kksr-legend\" style=\"font-size: 19.2px;\">\n            <span class=\"kksr-muted\"><\/span>\n    <\/div>\n    <\/div>\n<p>Ceremonia Primei \u00cemp\u0103rt\u0103\u0219anii este unul dintre cele mai importante momente din via\u021ba unui copil \u0219i a familiei sale. Prin urmare, merit\u0103 ca invita\u021bii care vor lua parte la aceast\u0103 ceremonie s\u0103 aib\u0103 grij\u0103 de stilul vestimentar adecvat. \u021ainuta potrivit\u0103 nu numai c\u0103 subliniaz\u0103 respectul nostru fa\u021b\u0103 de eveniment, dar ne afecteaz\u0103 \u0219i \u00eencrederea \u00een sine. Alegerea hainelor poate fi dificil\u0103 din cauza variet\u0103\u021bii de stiluri \u0219i a reglement\u0103rilor privind elegan\u021ba. Mai jos vom prezenta sfaturi care v\u0103 vor ajuta s\u0103 crea\u021bi stilul vestimentar perfect. Ne vom concentra pe tendin\u021bele \u00een r\u00e2ndul b\u0103rba\u021bilor, femeilor \u0219i copiilor \u0219i vom analiza, de asemenea, accesoriile \u0219i adaptarea la condi\u021biile meteorologice.<\/p>\n<h2>Tendin\u021be \u00een stilul vestimentar pentru comuniune la b\u0103rba\u021bi<\/h2>\n<p><img decoding=\"async\" alt=\"Dziewczynka na czele rodziny spaceruje przez kwietny ogr\u00f3d.\" src=\"https:\/\/polscy-kierowcy.pl\/wp-content\/uploads\/imagea68eb7274aa244eead7508200a027342.png\"\/><\/p>\n<p>B\u0103rba\u021bii au adesea mai pu\u021bine op\u021biuni c\u00e2nd vine vorba de haine elegante pentru o comuniune. Cu toate acestea, un costum sau o \u021binut\u0103 formal\u0103 aleas\u0103 cu grij\u0103 poate ad\u0103uga mult\u0103 clas\u0103 \u0219i elegan\u021b\u0103 unei persoane. Este crucial ca \u021binuta s\u0103 fie atent selectat\u0103 pentru a se potrivi naturii ocaziei \u0219i preferin\u021belor personale. \u00cen aceast\u0103 sec\u021biune, vom prezenta c\u00e2teva propuneri la mod\u0103 care vor atrage cu siguran\u021b\u0103 aten\u021bia. De asemenea, ne vom ocupa de accesoriile care vor completa \u021binuta masculin\u0103 \u0219i vor face ca \u00eentregul ansamblu s\u0103 arate excep\u021bional. Stilurile masculine pot fi diverse, iar selec\u021bia lor corect\u0103 poate accentua stilul individual.<\/p>\n<ul>\n<li>Costum sau jachet\u0103 \u0219i pantaloni \u2013 ce s\u0103 alegi?<\/li>\n<li>Culori: bleumarin, gri sau bej \u2013 care va fi la mod\u0103?<\/li>\n<li>Accesorii: cravat\u0103, papion, curea \u2013 cum s\u0103 le alegi?<\/li>\n<\/ul>\n<h2>\u021ainute de Prima \u00cemp\u0103rt\u0103\u0219anie pentru femei<\/h2>\n<p><img decoding=\"async\" alt=\"M\u0119\u017cczyzna w niebieskim garniturze na przyj\u0119ciu na \u015bwie\u017cym powietrzu, w tle rozmawiaj\u0105cy go\u015bcie.\" src=\"https:\/\/polscy-kierowcy.pl\/wp-content\/uploads\/image50d3035992c543d6ba99975544e49bfd.png\"\/><\/p>\n<p>Femeile au mult mai mult\u0103 libertate \u00een alegerea stilului lor. Rochiile \u00een diferite croieli, nuan\u021be \u0219i lungimi pot accentua cu siguran\u021b\u0103 stilul participantei. \u00cen contextul comuniunii, merit\u0103 s\u0103 se acorde aten\u021bie elegan\u021bei \u0219i modera\u021biei \u00een alegerea accesoriilor. Cheia unui stil atr\u0103g\u0103tor este subtilitatea \u0219i aten\u021bia la detalii. Este important ca \u00eembr\u0103c\u0103mintea aleas\u0103 s\u0103 se armonizeze cu natura ceremoniei \u0219i cu stilul personal. \u00cen aceast\u0103 parte a articolului, vom analiza cele mai la mod\u0103 rochii \u0219i alte op\u021biuni pentru femei.<\/p>\n<ul>\n<li>Rochie de cocktail \u2013 pentru femeile care prefer\u0103 stilurile scurte.<\/li>\n<li>Rochie lung\u0103 de sear\u0103 \u2013 perfect\u0103 pentru ocazii formale.<\/li>\n<li>Rochie \u00een stil boho \u2013 materiale u\u0219oare, vaporoase \u0219i modele florale.<\/li>\n<\/ul>\n<table border=\"1\">\n<tr>\n<th>Tip de stilizare<\/th>\n<th>Descriere<\/th>\n<th>Pentru ce ocazie<\/th>\n<\/tr>\n<tr>\n<td>Rochie de cocktail<\/td>\n<td>O croial\u0103 scurt\u0103 care scoate perfect \u00een eviden\u021b\u0103 picioarele.<\/td>\n<td>\u00cemp\u0103rt\u0103\u0219anie, botez, nunt\u0103.<\/td>\n<\/tr>\n<tr>\n<td>Rochie lung\u0103 de sear\u0103<\/td>\n<td>Elegant, lung p\u00e2n\u0103 la podea, adesea cu accesorii.<\/td>\n<td>Ceremonii formale.<\/td>\n<\/tr>\n<tr>\n<td>Rochie boho<\/td>\n<td>Confortabil, u\u0219or, adesea fabricat din materiale naturale.<\/td>\n<td>Ocazii informale.<\/td>\n<\/tr>\n<\/table>\n<h2>Accesorii care pun \u00een valoare stilul<\/h2>\n<p>Accesoriile sunt un element extrem de important al stilului, care poate schimba mult aspectul general. \u00cen cazul femeilor, o geant\u0103, bijuteriile \u0219i \u00eenc\u0103l\u021b\u0103mintea ar trebui s\u0103 \u00eencerce s\u0103 completeze \u00eentreaga \u021binut\u0103 a rochiei alese. B\u0103rba\u021bii ar trebui s\u0103 acorde aten\u021bie ceasurilor, cravatelor \u0219i pantofilor eleganti. Accesoriile selectate cu grij\u0103 pot da un caracter individual fiec\u0103rui stil. Prea multe accesorii pot face ca \u021binuta s\u0103 par\u0103 kitsch, a\u0219a c\u0103 cel mai important lucru este echilibrul. Investi\u021bia \u00een piese clasice care nu se demodeaz\u0103 niciodat\u0103 va fi \u00eentotdeauna cea mai bun\u0103 decizie.<\/p>\n<ul>\n<li>Pentru femei \u2013 tocuri \u00eenalte elegante sau balerini pentru rochii.<\/li>\n<li>Pentru b\u0103rba\u021bi \u2013 pantofi clasici Oxford sau mocasini.<\/li>\n<li>Gen\u021bi \u2013 asorteaz\u0103 culorile cu rochia ta.<\/li>\n<\/ul>\n<h2>Styling pentru copii<\/h2>\n<p>\u0218i copiii particip\u0103 la ceremoniile de comuniune, a\u0219a c\u0103 stilul lor merit\u0103 \u0219i el aten\u021bie. Cel mai important lucru este ca ace\u0219tia s\u0103 fie confortabili, dar \u00een acela\u0219i timp elegan\u021bi. P\u0103rin\u021bii pot alege dintre numeroasele op\u021biuni disponibile, iar \u021binutele pentru b\u0103ie\u021bi pot include c\u0103m\u0103\u0219i sau pantaloni eleganti, iar pentru fete - rochii frumoase. Alegerea potrivit\u0103 a hainelor \u00eei face pe copii s\u0103 se simt\u0103 confortabil, iar aspectul lor se potrive\u0219te cu ceremonia de ansamblu. S\u0103 arunc\u0103m o privire la cele mai la mod\u0103 propuneri pentru cei mai mici invita\u021bi, care vor fi perfecte pentru comuniune.<\/p>\n<ul>\n<li>\u021ainute pentru b\u0103ie\u021bi \u2013 c\u0103m\u0103\u0219i elegante cu pantaloni scur\u021bi sau costume.<\/li>\n<li>Rochii pentru fete \u2013 de la stil clasic la boho, \u00een func\u021bie de preferin\u021bele personale.<\/li>\n<\/ul>\n<h2>Sfaturi pentru alegerea hainelor \u00een func\u021bie de vreme<\/h2>\n<p>Vremea este un element important care influen\u021beaz\u0103 alegerea stilului vestimentar. \u00cen func\u021bie de sezon \u0219i de condi\u021biile meteorologice, \u021binuta poate necesita adapt\u0103ri. \u00cen zilele mai reci, merit\u0103 s\u0103 lua\u021bi \u00een considerare o jachet\u0103 sau o pelerin\u0103 elegant\u0103, care nu numai c\u0103 v\u0103 vor \u00eenc\u0103lzi, dar vor ad\u0103uga \u0219i clas\u0103. Vara, \u00een schimb, materialele u\u0219oare ar trebui s\u0103 domine, oferind confort. Un stilism bine organizat, care \u021bine cont de prognoza meteo, poate face minuni. Nu uita\u021bi c\u0103 elegan\u021ba \u00eenseamn\u0103 at\u00e2t aspect, c\u00e2t \u0219i bun\u0103stare.<\/p>\n<h2>Rezumat<\/h2>\n<p>Pe scurt, stilul vestimentar potrivit pentru comuniune este un element cheie al fiec\u0103rei s\u0103rb\u0103tori. Merit\u0103 s\u0103 acorda\u021bi aten\u021bie celor mai recente tendin\u021be, s\u0103 alege\u021bi accesoriile potrivite \u0219i s\u0103 adapta\u021bi \u021binuta la condi\u021biile meteorologice. Datorit\u0103 acestor sfaturi, fiecare invitat se va putea sim\u021bi elegant \u0219i confortabil. Acum, c\u0103 avem reguli clare, putem aborda alegerea \u021binutei noastre cu \u00eencredere deplin\u0103 \u0219i cu z\u00e2mbetul pe buze. Nu uita\u021bi c\u0103 elegan\u021ba nu \u00eenseamn\u0103 doar stil, ci \u0219i felul \u00een care ne mi\u0219c\u0103m \u0219i cum ne sim\u021bim.<\/p>\n<h2>\u00centreb\u0103ri frecvente<\/h2>\n<ul>\n<li><strong>Ce culori sunt potrivite pentru comuniune?<\/strong> Cea mai bun\u0103 alegere vor fi culorile subtile, cum ar fi bleumarin, bej, gri sau nuan\u021bele pastelate.<\/li>\n<li><strong>Po\u021bi purta fuste scurte la \u00eemp\u0103rt\u0103\u0219anie?<\/strong> Fustele scurte sunt acceptabile, dar este important s\u0103 te asiguri c\u0103 sunt elegante \u0219i nu prea scurte.<\/li>\n<li><strong>Ce accesorii sunt recomandate pentru b\u0103rba\u021bi?<\/strong> Sunt recomandabile o cravat\u0103 sau un papion, o curea elegant\u0103 \u0219i pantofi clasici.<\/li>\n<li><strong>Cum s\u0103-\u021bi adaptezi \u021binuta la vreme?<\/strong> \u00cen zilele mai reci, merit\u0103 s\u0103 adaugi o jachet\u0103 sau o pelerin\u0103 elegant\u0103, \u00een timp ce vara, materialele u\u0219oare vor merge bine.<\/li>\n<li><strong>Ar trebui ca \u021binuta s\u0103 fie formal\u0103?<\/strong> Da, aranjamentul pentru comuniune ar trebui s\u0103 fie elegant \u0219i adecvat importan\u021bei ceremoniei.<\/li>\n<\/ul>","protected":false},"excerpt":{"rendered":"<p>Uroczysto\u015b\u0107 komunijna to jeden z najwa\u017cniejszych moment\u00f3w w \u017cyciu dziecka i jego rodziny. Warto zatem, aby go\u015bcie, kt\u00f3rzy wezm\u0105 udzia\u0142 w tej ceremonii, zadbali o odpowiedni\u0105 stylizacj\u0119. Odpowiedni str\u00f3j nie tylko podkre\u015bla nasz szacunek do wydarzenia, ale tak\u017ce wp\u0142ywa na nasz\u0105 pewno\u015b\u0107 siebie. Wyb\u00f3r ubrania bywa nie\u0142atwy z uwagi na r\u00f3\u017cnorodno\u015b\u0107 styl\u00f3w i regulacje dotycz\u0105ce [&hellip;]<\/p>","protected":false},"author":1,"featured_media":218,"comment_status":"closed","ping_status":"closed","sticky":false,"template":"","format":"standard","meta":{"_acf_changed":false,"footnotes":""},"categories":[1],"tags":[],"class_list":["post-235","post","type-post","status-publish","format-standard","has-post-thumbnail","hentry","category-blog"],"acf":[],"yoast_head":"<!-- This site is optimized with the Yoast SEO plugin v23.2 - https:\/\/yoast.com\/wordpress\/plugins\/seo\/ -->\n<title>Stylizacje dla komunijnych go\u015bci: Jak si\u0119 ubra\u0107 elegancko i modnie?<\/title>\n<meta name=\"description\" content=\"Dowiedz si\u0119, jak dobra\u0107 odpowiedni\u0105 stylizacj\u0119 na komuni\u0119, aby wygl\u0105da\u0107 elegancko i z klas\u0105. Odkryj najnowsze trendy i porady!\" \/>\n<meta name=\"robots\" content=\"index, follow, max-snippet:-1, max-image-preview:large, max-video-preview:-1\" \/>\n<link rel=\"canonical\" href=\"https:\/\/polscy-kierowcy.pl\/ro\/stylizacje-dla-komunijnych-gosci-jak-sie-ubrac\/\" \/>\n<meta property=\"og:locale\" content=\"ro_RO\" \/>\n<meta property=\"og:type\" content=\"article\" \/>\n<meta property=\"og:title\" content=\"Stylizacje dla komunijnych go\u015bci: Jak si\u0119 ubra\u0107 elegancko i modnie?\" \/>\n<meta property=\"og:description\" content=\"Dowiedz si\u0119, jak dobra\u0107 odpowiedni\u0105 stylizacj\u0119 na komuni\u0119, aby wygl\u0105da\u0107 elegancko i z klas\u0105. Odkryj najnowsze trendy i porady!\" \/>\n<meta property=\"og:url\" content=\"https:\/\/polscy-kierowcy.pl\/ro\/stylizacje-dla-komunijnych-gosci-jak-sie-ubrac\/\" \/>\n<meta property=\"og:site_name\" content=\"polscy-kierowcy.pl\" \/>\n<meta property=\"article:published_time\" content=\"2024-11-15T00:00:00+00:00\" \/>\n<meta property=\"og:image\" content=\"https:\/\/polscy-kierowcy.pl\/wp-content\/uploads\/image8c34c987f63f4a49835ebb8f4d5d95db.png\" \/>\n\t<meta property=\"og:image:width\" content=\"1024\" \/>\n\t<meta property=\"og:image:height\" content=\"768\" \/>\n\t<meta property=\"og:image:type\" content=\"image\/png\" \/>\n<meta name=\"author\" content=\"Paulina Kruk\" \/>\n<meta name=\"twitter:card\" content=\"summary_large_image\" \/>\n<meta name=\"twitter:label1\" content=\"Scris de\" \/>\n\t<meta name=\"twitter:data1\" content=\"Paulina Kruk\" \/>\n\t<meta name=\"twitter:label2\" content=\"Timp estimat pentru citire\" \/>\n\t<meta name=\"twitter:data2\" content=\"5 minute\" \/>\n<script type=\"application\/ld+json\" class=\"yoast-schema-graph\">{\"@context\":\"https:\/\/schema.org\",\"@graph\":[{\"@type\":\"WebPage\",\"@id\":\"https:\/\/polscy-kierowcy.pl\/stylizacje-dla-komunijnych-gosci-jak-sie-ubrac\/\",\"url\":\"https:\/\/polscy-kierowcy.pl\/stylizacje-dla-komunijnych-gosci-jak-sie-ubrac\/\",\"name\":\"Stylizacje dla komunijnych go\u015bci: Jak si\u0119 ubra\u0107 elegancko i modnie?\",\"isPartOf\":{\"@id\":\"https:\/\/polscy-kierowcy.pl\/#website\"},\"primaryImageOfPage\":{\"@id\":\"https:\/\/polscy-kierowcy.pl\/stylizacje-dla-komunijnych-gosci-jak-sie-ubrac\/#primaryimage\"},\"image\":{\"@id\":\"https:\/\/polscy-kierowcy.pl\/stylizacje-dla-komunijnych-gosci-jak-sie-ubrac\/#primaryimage\"},\"thumbnailUrl\":\"https:\/\/polscy-kierowcy.pl\/wp-content\/uploads\/image8c34c987f63f4a49835ebb8f4d5d95db.png\",\"datePublished\":\"2024-11-15T00:00:00+00:00\",\"dateModified\":\"2024-11-15T00:00:00+00:00\",\"author\":{\"@id\":\"https:\/\/polscy-kierowcy.pl\/#\/schema\/person\/66f7250202134445459bce344c706e46\"},\"description\":\"Dowiedz si\u0119, jak dobra\u0107 odpowiedni\u0105 stylizacj\u0119 na komuni\u0119, aby wygl\u0105da\u0107 elegancko i z klas\u0105. Odkryj najnowsze trendy i porady!\",\"breadcrumb\":{\"@id\":\"https:\/\/polscy-kierowcy.pl\/stylizacje-dla-komunijnych-gosci-jak-sie-ubrac\/#breadcrumb\"},\"inLanguage\":\"ro-RO\",\"potentialAction\":[{\"@type\":\"ReadAction\",\"target\":[\"https:\/\/polscy-kierowcy.pl\/stylizacje-dla-komunijnych-gosci-jak-sie-ubrac\/\"]}]},{\"@type\":\"ImageObject\",\"inLanguage\":\"ro-RO\",\"@id\":\"https:\/\/polscy-kierowcy.pl\/stylizacje-dla-komunijnych-gosci-jak-sie-ubrac\/#primaryimage\",\"url\":\"https:\/\/polscy-kierowcy.pl\/wp-content\/uploads\/image8c34c987f63f4a49835ebb8f4d5d95db.png\",\"contentUrl\":\"https:\/\/polscy-kierowcy.pl\/wp-content\/uploads\/image8c34c987f63f4a49835ebb8f4d5d95db.png\",\"width\":1024,\"height\":768},{\"@type\":\"BreadcrumbList\",\"@id\":\"https:\/\/polscy-kierowcy.pl\/stylizacje-dla-komunijnych-gosci-jak-sie-ubrac\/#breadcrumb\",\"itemListElement\":[{\"@type\":\"ListItem\",\"position\":1,\"name\":\"Home\",\"item\":\"https:\/\/polscy-kierowcy.pl\/\"},{\"@type\":\"ListItem\",\"position\":2,\"name\":\"Stylizacje dla komunijnych go\u015bci. Jak si\u0119 ubra\u0107?\"}]},{\"@type\":\"WebSite\",\"@id\":\"https:\/\/polscy-kierowcy.pl\/#website\",\"url\":\"https:\/\/polscy-kierowcy.pl\/\",\"name\":\"polscy-kierowcy.pl\",\"description\":\"Tureckie sukienki: pi\u0119kno w tradycji.\",\"potentialAction\":[{\"@type\":\"SearchAction\",\"target\":{\"@type\":\"EntryPoint\",\"urlTemplate\":\"https:\/\/polscy-kierowcy.pl\/?s={search_term_string}\"},\"query-input\":\"required name=search_term_string\"}],\"inLanguage\":\"ro-RO\"},{\"@type\":\"Person\",\"@id\":\"https:\/\/polscy-kierowcy.pl\/#\/schema\/person\/66f7250202134445459bce344c706e46\",\"name\":\"Paulina Kruk\",\"image\":{\"@type\":\"ImageObject\",\"inLanguage\":\"ro-RO\",\"@id\":\"https:\/\/polscy-kierowcy.pl\/#\/schema\/person\/image\/\",\"url\":\"https:\/\/polscy-kierowcy.pl\/wp-content\/uploads\/ivyzxaomvy6_ad_avatar-96x96.jpg\",\"contentUrl\":\"https:\/\/polscy-kierowcy.pl\/wp-content\/uploads\/ivyzxaomvy6_ad_avatar-96x96.jpg\",\"caption\":\"Paulina Kruk\"},\"description\":\"Paulina Kruk to do\u015bwiadczona specjalistka w dziedzinie mody, prowadz\u0105ca w\u0142asny sklep odzie\u017cowy w Pilaszkowie. Jej pasja do mody i zaanga\u017cowanie w bran\u017cy odzie\u017cowej pozwalaj\u0105 jej na tworzenie unikatowych stylizacji, kt\u00f3re \u0142\u0105cz\u0105 elegancj\u0119 z codziennym komfortem.\",\"url\":\"https:\/\/polscy-kierowcy.pl\/ro\/author\/paulina-kruk\/\"}]}<\/script>\n<!-- \/ Yoast SEO plugin. -->","yoast_head_json":{"title":"Stylizacje dla komunijnych go\u015bci: Jak si\u0119 ubra\u0107 elegancko i modnie?","description":"Dowiedz si\u0119, jak dobra\u0107 odpowiedni\u0105 stylizacj\u0119 na komuni\u0119, aby wygl\u0105da\u0107 elegancko i z klas\u0105. Odkryj najnowsze trendy i porady!","robots":{"index":"index","follow":"follow","max-snippet":"max-snippet:-1","max-image-preview":"max-image-preview:large","max-video-preview":"max-video-preview:-1"},"canonical":"https:\/\/polscy-kierowcy.pl\/ro\/stylizacje-dla-komunijnych-gosci-jak-sie-ubrac\/","og_locale":"ro_RO","og_type":"article","og_title":"Stylizacje dla komunijnych go\u015bci: Jak si\u0119 ubra\u0107 elegancko i modnie?","og_description":"Dowiedz si\u0119, jak dobra\u0107 odpowiedni\u0105 stylizacj\u0119 na komuni\u0119, aby wygl\u0105da\u0107 elegancko i z klas\u0105. Odkryj najnowsze trendy i porady!","og_url":"https:\/\/polscy-kierowcy.pl\/ro\/stylizacje-dla-komunijnych-gosci-jak-sie-ubrac\/","og_site_name":"polscy-kierowcy.pl","article_published_time":"2024-11-15T00:00:00+00:00","og_image":[{"width":1024,"height":768,"url":"https:\/\/polscy-kierowcy.pl\/wp-content\/uploads\/image8c34c987f63f4a49835ebb8f4d5d95db.png","type":"image\/png"}],"author":"Paulina Kruk","twitter_card":"summary_large_image","twitter_misc":{"Scris de":"Paulina Kruk","Timp estimat pentru citire":"5 minute"},"schema":{"@context":"https:\/\/schema.org","@graph":[{"@type":"WebPage","@id":"https:\/\/polscy-kierowcy.pl\/stylizacje-dla-komunijnych-gosci-jak-sie-ubrac\/","url":"https:\/\/polscy-kierowcy.pl\/stylizacje-dla-komunijnych-gosci-jak-sie-ubrac\/","name":"Stylizacje dla komunijnych go\u015bci: Jak si\u0119 ubra\u0107 elegancko i modnie?","isPartOf":{"@id":"https:\/\/polscy-kierowcy.pl\/#website"},"primaryImageOfPage":{"@id":"https:\/\/polscy-kierowcy.pl\/stylizacje-dla-komunijnych-gosci-jak-sie-ubrac\/#primaryimage"},"image":{"@id":"https:\/\/polscy-kierowcy.pl\/stylizacje-dla-komunijnych-gosci-jak-sie-ubrac\/#primaryimage"},"thumbnailUrl":"https:\/\/polscy-kierowcy.pl\/wp-content\/uploads\/image8c34c987f63f4a49835ebb8f4d5d95db.png","datePublished":"2024-11-15T00:00:00+00:00","dateModified":"2024-11-15T00:00:00+00:00","author":{"@id":"https:\/\/polscy-kierowcy.pl\/#\/schema\/person\/66f7250202134445459bce344c706e46"},"description":"Dowiedz si\u0119, jak dobra\u0107 odpowiedni\u0105 stylizacj\u0119 na komuni\u0119, aby wygl\u0105da\u0107 elegancko i z klas\u0105. Odkryj najnowsze trendy i porady!","breadcrumb":{"@id":"https:\/\/polscy-kierowcy.pl\/stylizacje-dla-komunijnych-gosci-jak-sie-ubrac\/#breadcrumb"},"inLanguage":"ro-RO","potentialAction":[{"@type":"ReadAction","target":["https:\/\/polscy-kierowcy.pl\/stylizacje-dla-komunijnych-gosci-jak-sie-ubrac\/"]}]},{"@type":"ImageObject","inLanguage":"ro-RO","@id":"https:\/\/polscy-kierowcy.pl\/stylizacje-dla-komunijnych-gosci-jak-sie-ubrac\/#primaryimage","url":"https:\/\/polscy-kierowcy.pl\/wp-content\/uploads\/image8c34c987f63f4a49835ebb8f4d5d95db.png","contentUrl":"https:\/\/polscy-kierowcy.pl\/wp-content\/uploads\/image8c34c987f63f4a49835ebb8f4d5d95db.png","width":1024,"height":768},{"@type":"BreadcrumbList","@id":"https:\/\/polscy-kierowcy.pl\/stylizacje-dla-komunijnych-gosci-jak-sie-ubrac\/#breadcrumb","itemListElement":[{"@type":"ListItem","position":1,"name":"Home","item":"https:\/\/polscy-kierowcy.pl\/"},{"@type":"ListItem","position":2,"name":"Stylizacje dla komunijnych go\u015bci. Jak si\u0119 ubra\u0107?"}]},{"@type":"WebSite","@id":"https:\/\/polscy-kierowcy.pl\/#website","url":"https:\/\/polscy-kierowcy.pl\/","name":"polscy-kierowcy.pl","description":"Tureckie sukienki: pi\u0119kno w tradycji.","potentialAction":[{"@type":"SearchAction","target":{"@type":"EntryPoint","urlTemplate":"https:\/\/polscy-kierowcy.pl\/?s={search_term_string}"},"query-input":"required name=search_term_string"}],"inLanguage":"ro-RO"},{"@type":"Person","@id":"https:\/\/polscy-kierowcy.pl\/#\/schema\/person\/66f7250202134445459bce344c706e46","name":"Paulina Kruk","image":{"@type":"ImageObject","inLanguage":"ro-RO","@id":"https:\/\/polscy-kierowcy.pl\/#\/schema\/person\/image\/","url":"https:\/\/polscy-kierowcy.pl\/wp-content\/uploads\/ivyzxaomvy6_ad_avatar-96x96.jpg","contentUrl":"https:\/\/polscy-kierowcy.pl\/wp-content\/uploads\/ivyzxaomvy6_ad_avatar-96x96.jpg","caption":"Paulina Kruk"},"description":"Paulina Kruk to do\u015bwiadczona specjalistka w dziedzinie mody, prowadz\u0105ca w\u0142asny sklep odzie\u017cowy w Pilaszkowie. Jej pasja do mody i zaanga\u017cowanie w bran\u017cy odzie\u017cowej pozwalaj\u0105 jej na tworzenie unikatowych stylizacji, kt\u00f3re \u0142\u0105cz\u0105 elegancj\u0119 z codziennym komfortem.","url":"https:\/\/polscy-kierowcy.pl\/ro\/author\/paulina-kruk\/"}]}},"yoast_meta":{"yoast_wpseo_title":"","yoast_wpseo_metadesc":"","yoast_wpseo_canonical":"https:\/\/polscy-kierowcy.pl\/ro\/wp-json\/wp\/v2\/posts\/235"},"_links":{"self":[{"href":"https:\/\/polscy-kierowcy.pl\/ro\/wp-json\/wp\/v2\/posts\/235"}],"collection":[{"href":"https:\/\/polscy-kierowcy.pl\/ro\/wp-json\/wp\/v2\/posts"}],"about":[{"href":"https:\/\/polscy-kierowcy.pl\/ro\/wp-json\/wp\/v2\/types\/post"}],"author":[{"embeddable":true,"href":"https:\/\/polscy-kierowcy.pl\/ro\/wp-json\/wp\/v2\/users\/1"}],"replies":[{"embeddable":true,"href":"https:\/\/polscy-kierowcy.pl\/ro\/wp-json\/wp\/v2\/comments?post=235"}],"version-history":[{"count":1,"href":"https:\/\/polscy-kierowcy.pl\/ro\/wp-json\/wp\/v2\/posts\/235\/revisions"}],"predecessor-version":[{"id":236,"href":"https:\/\/polscy-kierowcy.pl\/ro\/wp-json\/wp\/v2\/posts\/235\/revisions\/236"}],"wp:featuredmedia":[{"embeddable":true,"href":"https:\/\/polscy-kierowcy.pl\/ro\/wp-json\/wp\/v2\/media\/218"}],"wp:attachment":[{"href":"https:\/\/polscy-kierowcy.pl\/ro\/wp-json\/wp\/v2\/media?parent=235"}],"wp:term":[{"taxonomy":"category","embeddable":true,"href":"https:\/\/polscy-kierowcy.pl\/ro\/wp-json\/wp\/v2\/categories?post=235"},{"taxonomy":"post_tag","embeddable":true,"href":"https:\/\/polscy-kierowcy.pl\/ro\/wp-json\/wp\/v2\/tags?post=235"}],"curies":[{"name":"wp","href":"https:\/\/api.w.org\/{rel}","templated":true}]}}