{"id":232,"date":"2024-11-24T00:00:00","date_gmt":"2024-11-24T00:00:00","guid":{"rendered":"https:\/\/polscy-kierowcy.pl\/?p=232"},"modified":"2024-11-24T00:00:00","modified_gmt":"2024-11-24T00:00:00","slug":"biala-bluzka-na-wiele-okazji-z-czym-ja-laczyc","status":"publish","type":"post","link":"https:\/\/polscy-kierowcy.pl\/ro\/biala-bluzka-na-wiele-okazji-z-czym-ja-laczyc\/","title":{"rendered":"O bluz\u0103 alb\u0103 pentru multe ocazii. Cu ce s\u0103 o asortezi?"},"content":{"rendered":"<div class=\"kk-star-ratings kksr-auto kksr-align-left kksr-valign-top\"\n    data-payload='{&quot;align&quot;:&quot;left&quot;,&quot;id&quot;:&quot;232&quot;,&quot;slug&quot;:&quot;default&quot;,&quot;valign&quot;:&quot;top&quot;,&quot;ignore&quot;:&quot;&quot;,&quot;reference&quot;:&quot;auto&quot;,&quot;class&quot;:&quot;&quot;,&quot;count&quot;:&quot;0&quot;,&quot;legendonly&quot;:&quot;&quot;,&quot;readonly&quot;:&quot;&quot;,&quot;score&quot;:&quot;0&quot;,&quot;starsonly&quot;:&quot;&quot;,&quot;best&quot;:&quot;5&quot;,&quot;gap&quot;:&quot;5&quot;,&quot;greet&quot;:&quot;&quot;,&quot;legend&quot;:&quot;0\\\/5 - (0 votes)&quot;,&quot;size&quot;:&quot;24&quot;,&quot;title&quot;:&quot;Bia\u0142a bluzka na wiele okazji. Z czym j\u0105 \u0142\u0105czy\u0107?&quot;,&quot;width&quot;:&quot;0&quot;,&quot;_legend&quot;:&quot;{score}\\\/{best} - ({count} {votes})&quot;,&quot;font_factor&quot;:&quot;1.25&quot;}'>\n            \n<div class=\"kksr-stars\">\n    \n<div class=\"kksr-stars-inactive\">\n            <div class=\"kksr-star\" data-star=\"1\" style=\"padding-right: 5px\">\n            \n\n<div class=\"kksr-icon\" style=\"width: 24px; height: 24px;\"><\/div>\n        <\/div>\n            <div class=\"kksr-star\" data-star=\"2\" style=\"padding-right: 5px\">\n            \n\n<div class=\"kksr-icon\" style=\"width: 24px; height: 24px;\"><\/div>\n        <\/div>\n            <div class=\"kksr-star\" data-star=\"3\" style=\"padding-right: 5px\">\n            \n\n<div class=\"kksr-icon\" style=\"width: 24px; height: 24px;\"><\/div>\n        <\/div>\n            <div class=\"kksr-star\" data-star=\"4\" style=\"padding-right: 5px\">\n            \n\n<div class=\"kksr-icon\" style=\"width: 24px; height: 24px;\"><\/div>\n        <\/div>\n            <div class=\"kksr-star\" data-star=\"5\" style=\"padding-right: 5px\">\n            \n\n<div class=\"kksr-icon\" style=\"width: 24px; height: 24px;\"><\/div>\n        <\/div>\n    <\/div>\n    \n<div class=\"kksr-stars-active\" style=\"width: 0px;\">\n            <div class=\"kksr-star\" style=\"padding-right: 5px\">\n            \n\n<div class=\"kksr-icon\" style=\"width: 24px; height: 24px;\"><\/div>\n        <\/div>\n            <div class=\"kksr-star\" style=\"padding-right: 5px\">\n            \n\n<div class=\"kksr-icon\" style=\"width: 24px; height: 24px;\"><\/div>\n        <\/div>\n            <div class=\"kksr-star\" style=\"padding-right: 5px\">\n            \n\n<div class=\"kksr-icon\" style=\"width: 24px; height: 24px;\"><\/div>\n        <\/div>\n            <div class=\"kksr-star\" style=\"padding-right: 5px\">\n            \n\n<div class=\"kksr-icon\" style=\"width: 24px; height: 24px;\"><\/div>\n        <\/div>\n            <div class=\"kksr-star\" style=\"padding-right: 5px\">\n            \n\n<div class=\"kksr-icon\" style=\"width: 24px; height: 24px;\"><\/div>\n        <\/div>\n    <\/div>\n<\/div>\n                \n\n<div class=\"kksr-legend\" style=\"font-size: 19.2px;\">\n            <span class=\"kksr-muted\"><\/span>\n    <\/div>\n    <\/div>\n<p>O bluz\u0103 alb\u0103 nu este doar o pies\u0103 vestimentar\u0103, ci \u0219i un simbol al elegan\u021bei \u0219i stilului care func\u021bioneaz\u0103 \u00een aproape orice situa\u021bie. Simplitatea sa ascunde un poten\u021bial imens pentru crearea de combina\u021bii la mod\u0103 \u0219i eficiente. Merit\u0103 s\u0103 investim \u00een acest element de baz\u0103 al garderobei \u0219i s\u0103 descoperim diversele posibilit\u0103\u021bi pe care ni le deschide. Indiferent de ocazie, o bluz\u0103 alb\u0103 poate deveni un element cheie al stilului nostru, iar cu accesoriile potrivite \u0219i combina\u021biile cu alte haine, va deveni cea mai bun\u0103 prieten\u0103 a noastr\u0103 \u00een materie de mod\u0103. \u00cen acest articol, ve\u021bi \u00eenv\u0103\u021ba cum s\u0103 combina\u021bi o bluz\u0103 alb\u0103 pentru a v\u0103 putea bucura de versatilitatea \u0219i elegan\u021ba ei \u00een orice situa\u021bie.<\/p>\n<p>Aranjarea unei bluze albe \u00eencepe cu creativitate. O po\u021bi personaliza dup\u0103 propriile nevoi, juc\u00e2ndu-te cu \u021bes\u0103turi, modele \u0219i culori. Alegerea diferitelor materiale, cum ar fi bumbacul, m\u0103tasea sau inul, influen\u021beaz\u0103 aspectul final \u0219i confortul. Prin urmare, cheia succesului este s\u0103 \u00een\u021belegi cum s\u0103 schimbi o bluz\u0103 alb\u0103 \u00een func\u021bie de sezon, ocazie sau dispozi\u021bie. S\u0103 arunc\u0103m o privire asupra celor mai populare stiluri \u0219i combina\u021bii care vor face ca bluza noastr\u0103 alb\u0103 s\u0103 fie de ne\u00eenlocuit \u00een orice garderob\u0103.<\/p>\n<h2>Bluz\u0103 alb\u0103 \u00een stilul de zi cu zi<\/h2>\n<p><img decoding=\"async\" alt=\"Kobieta o br\u0105zowych w\u0142osach, ubrana w bia\u0142\u0105 koszul\u0119 i czarn\u0105 sp\u00f3dnic\u0119, stoi w biurze.\" src=\"https:\/\/polscy-kierowcy.pl\/wp-content\/uploads\/imagee5b20d63bebd40868fcc5260e09e3234.png\"\/><\/p>\n<p>Pentru zi de zi, o bluz\u0103 alb\u0103 se va potrivi bine \u00een multe stiluri casual. Simplitatea sa \u00ee\u021bi permite s\u0103 o combini cu u\u0219urin\u021b\u0103 cu diferite elemente din garderoba ta. Iat\u0103 c\u00e2teva idei despre cum s\u0103 por\u021bi o bluz\u0103 alb\u0103 \u00een combina\u021bii de zi cu zi:<\/p>\n<ul>\n<li>Blugii \u2013 un clasic care nu se demodeaz\u0103 niciodat\u0103.<\/li>\n<li>Pantaloni scur\u021bi \u2013 perfec\u021bi pentru zilele de var\u0103 \u0219i vacan\u021bele.<\/li>\n<li>Teni\u0219i \u2013 \u00eenc\u0103l\u021b\u0103minte confortabil\u0103 care va completa un look casual.<\/li>\n<\/ul>\n<p>Pentru mul\u021bi oameni, o bluz\u0103 alb\u0103 este sinonim\u0103 cu un stil lejer \u0219i proasp\u0103t. Atunci c\u00e2nd este combinat\u0103 cu blugi, vom ob\u021bine un look la mod\u0103 \u0219i confortabil. Folosind diferite nuan\u021be de blugi, putem introduce mai mult\u0103 varietate \u00een stil. De asemenea, merit\u0103 s\u0103 ne amintim de accesoriile care vor completa \u021binuta noastr\u0103, cum ar fi gen\u021bile de m\u00e2n\u0103, bijuteriile sau ochelarii de soare. Atunci c\u00e2nd cre\u0103m un stil cu o bluz\u0103 alb\u0103, s\u0103 nu uit\u0103m c\u0103 detaliile conteaz\u0103.<\/p>\n<h2>Stil elegant cu o bluz\u0103 alb\u0103<\/h2>\n<p><img decoding=\"async\" alt=\"Kobieta w kapeluszu i okularach przeciws\u0142onecznych spaceruje po pla\u017cy.\" src=\"https:\/\/polscy-kierowcy.pl\/wp-content\/uploads\/image28d9fdf0f7ac4d95b035afa6f908bf9a.png\"\/><\/p>\n<p>C\u00e2nd se apropie ocaziile formale, o bluz\u0103 alb\u0103 este o alegere excelent\u0103. Asortarea ei cu pantaloni sau fuste elegante poate crea combina\u021bii unice, care sunt at\u00e2t elegante, c\u00e2t \u0219i confortabile. Mai jos sunt c\u00e2teva combina\u021bii elegante pentru ocazii speciale:<\/p>\n<ul>\n<li>Fust\u0103 creion \u2013 o pereche clasic\u0103 care va face \u00eentotdeauna impresie.<\/li>\n<li>O jachet\u0103 elegant\u0103 \u2013 adaug\u0103 demnitate \u0219i caracter oric\u0103rui stil.<\/li>\n<li>Rochia \u00eenf\u0103\u0219urat\u0103 \u2013 o combina\u021bie care va accentua silueta feminin\u0103.<\/li>\n<\/ul>\n<p>De asemenea, merit\u0103 s\u0103 lu\u0103m \u00een considerare utilizarea fustelor cu diferite modele pentru a ne \u00eenviora stilul. De asemenea, este crucial s\u0103 asort\u0103m accesoriile potrivite care vor introduce un stil personal. Putem ad\u0103uga, de asemenea, tocuri \u00eenalte sau balerini elegan\u021bi pentru a ne accentua postura. Atunci c\u00e2nd cre\u0103m un stil elegant, haide\u021bi s\u0103 fim deschi\u0219i la experimentarea cu culori \u0219i texturi.<\/p>\n<table border=\"1\">\n<tr>\n<th>Stilizare<\/th>\n<th>Oportunitate<\/th>\n<\/tr>\n<tr>\n<td>Bluz\u0103 alb\u0103 + blugi<\/td>\n<td>\u00cen fiecare zi<\/td>\n<\/tr>\n<tr>\n<td>Bluz\u0103 alb\u0103 + fust\u0103 creion<\/td>\n<td>Afaceri<\/td>\n<\/tr>\n<tr>\n<td>Bluz\u0103 alb\u0103 + pantaloni scur\u021bi<\/td>\n<td>Var\u0103<\/td>\n<\/tr>\n<tr>\n<td>Bluz\u0103 alb\u0103 + pulover<\/td>\n<td>Toamn\u0103<\/td>\n<\/tr>\n<\/table>\n<h2>Stiluri de prim\u0103var\u0103 \u0219i var\u0103<\/h2>\n<p>C\u00e2nd vin prim\u0103vara \u0219i vara, o bluz\u0103 alb\u0103 poate fi un stil casual. Pentru zilele c\u0103lduroase, v\u0103 recomand\u0103m s\u0103 o combina\u021bi cu materiale u\u0219oare \u0219i vaporoase. Iat\u0103 c\u00e2teva sugestii pentru combina\u021bii de var\u0103:<\/p>\n<ul>\n<li>Bluz\u0103 alb\u0103 cu pantaloni scur\u021bi \u2013 perfect\u0103 pentru plaj\u0103 sau o plimbare \u00een parc.<\/li>\n<li>Stil boho cu o rochie lung\u0103 \u2013 perfect\u0103 pentru festivaluri \u0219i picnicuri.<\/li>\n<li>Combinat\u0103 cu o p\u0103l\u0103rie \u0219i sandale \u2013 un stil care \u00eenc\u00e2nt\u0103 prin farmecul s\u0103u.<\/li>\n<\/ul>\n<p>Vara aceasta, o bluz\u0103 alb\u0103 va deveni fundamentul celor mai la mod\u0103 stiluri ale noastre. O putem folosi pentru a crea seturi la mod\u0103 \u0219i confortabile. Farmecul s\u0103u inegalabil va atrage cu u\u0219urin\u021b\u0103 aten\u021bia, iar accesoriile potrivite ne vor permite s\u0103 ne exprim\u0103m stilul individual. Haide\u021bi s\u0103 ne \u00eembog\u0103\u021bim \u021binutele de var\u0103 cu diverse accesorii pentru a face fiecare stil unic.<\/p>\n<h2>Bluz\u0103 alb\u0103 \u00een sezonul rece<\/h2>\n<p>De\u0219i \u021binutele de var\u0103 cu o bluz\u0103 alb\u0103 sunt incontestabil superbe, s\u0103 nu uit\u0103m de posibilitatea de a o purta \u0219i \u00een anotimpurile reci. Cu straturile potrivite, ne putem bucura de elegan\u021ba ei \u0219i iarna. Mai jos sunt c\u00e2teva modalit\u0103\u021bi de a o aranja \u00een zilele reci:<\/p>\n<ul>\n<li>O bluz\u0103 alb\u0103 sub un pulover \u2013 perfect\u0103 pentru toamn\u0103.<\/li>\n<li>Asorteaz\u0103-o cu o jachet\u0103 de piele pentru o ie\u0219ire perfect\u0103 \u00een ora\u0219.<\/li>\n<li>Combinat\u0103 cu o hain\u0103 lung\u0103 \u2013 o \u021binut\u0103 elegant\u0103 pentru plimb\u0103rile de iarn\u0103.<\/li>\n<\/ul>\n<p>\u00cen sezonul de iarn\u0103, merit\u0103 s\u0103 investe\u0219ti \u00een materiale mai c\u0103lduroase, care vor crea confort \u0219i stil. Putem experimenta cu mare libertate textura \u0219i culoarea elementelor r\u0103mase ale \u021binutei. O e\u0219arf\u0103 sau o c\u0103ciul\u0103 bine aleas\u0103 poate diversifica ansamblul \u0219i ne poate sublinia stilul. S\u0103rb\u0103torirea unei bluze albe pe tot parcursul anului este o modalitate de a-i redescoperi frumuse\u021bea!<\/p>\n<h2>Rezumat<\/h2>\n<p>O bluz\u0103 alb\u0103 nu este doar o pies\u0103 vestimentar\u0103, ci \u0219i cheia multor stiluri pentru diferite ocazii. Datorit\u0103 multifunc\u021bionalit\u0103\u021bii sale, poate fi adaptat\u0103 oric\u0103rui sezon \u0219i pentru diferite evenimente. Exist\u0103 nenum\u0103rate moduri de a o combina cu alte articole vestimentare, f\u0103c\u00e2nd-o o pies\u0103 indispensabil\u0103 a fiec\u0103rei garderobe. Descoper\u0103 stilul nostru folosind o bluz\u0103 alb\u0103, concentr\u00e2ndu-ne pe creativitate \u0219i lejeritate. Stilul nu cunoa\u0219te limite, iar o bluz\u0103 alb\u0103 este p\u00e2nza perfect\u0103 pe care s\u0103 pictezi imagini la mod\u0103.<\/p>\n<h2>\u00centreb\u0103ri frecvente<\/h2>\n<ul>\n<li><strong>Ce culori se potrivesc cel mai bine cu o bluz\u0103 alb\u0103?<\/strong> O bluz\u0103 alb\u0103 se potrive\u0219te bine cu aproape orice culoare, dar arat\u0103 deosebit de bine cu negru, bleumarin \u0219i nuan\u021be pastelate. <\/li>\n<li><strong>Este o bluz\u0103 alb\u0103 potrivit\u0103 pentru ocazii formale?<\/strong> Da, o bluz\u0103 alb\u0103 este o alegere perfect\u0103 pentru \u00eent\u00e2lnirile formale, mai ales atunci c\u00e2nd este asortat\u0103 cu pantaloni elegan\u021bi sau o fust\u0103. <\/li>\n<li><strong>Cum s\u0103 \u00eengrije\u0219ti o bluz\u0103 alb\u0103 pentru a-i p\u0103stra aspectul de nou\u0103 mult timp?<\/strong> Pentru a men\u021bine albul bluzei, sp\u0103la\u021bi-o la temperaturi sc\u0103zute \u0219i evita\u021bi detergen\u021bii puternici. De asemenea, merit\u0103 evitat\u0103 uscarea la soare, care previne \u00eeng\u0103lbenirea materialului. <\/li>\n<li><strong>Po\u021bi purta o bluz\u0103 alb\u0103 iarna?<\/strong> Desigur! O bluz\u0103 alb\u0103 poate fi purtat\u0103 iarna, asortat\u0103 cu pulovere c\u0103lduroase sau ca strat sub o hain\u0103. <\/li>\n<\/ul>","protected":false},"excerpt":{"rendered":"<p>Bia\u0142a bluzka to nie tylko odzie\u017c, ale tak\u017ce symbol elegancji i stylu, kt\u00f3ry sprawdza si\u0119 w niemal ka\u017cdej sytuacji. W jej prostocie kryje si\u0119 ogromny potencja\u0142 do tworzenia modnych i efektownych zestawie\u0144. Warto zainwestowa\u0107 w ten podstawowy element garderoby i odkrywa\u0107 r\u00f3\u017cnorodne mo\u017cliwo\u015bci, jakie przed nami otwiera. Niezale\u017cnie od okazji, bia\u0142a bluzka mo\u017ce sta\u0107 si\u0119 [&hellip;]<\/p>","protected":false},"author":1,"featured_media":198,"comment_status":"closed","ping_status":"closed","sticky":false,"template":"","format":"standard","meta":{"_acf_changed":false,"footnotes":""},"categories":[1],"tags":[],"class_list":["post-232","post","type-post","status-publish","format-standard","has-post-thumbnail","hentry","category-blog"],"acf":[],"yoast_head":"<!-- This site is optimized with the Yoast SEO plugin v23.2 - https:\/\/yoast.com\/wordpress\/plugins\/seo\/ -->\n<title>Bia\u0142a bluzka na wiele okazji - Jak j\u0105 stylizowa\u0107?<\/title>\n<meta name=\"description\" content=\"Odkryj, jak stylizowa\u0107 bia\u0142\u0105 bluzk\u0119 na r\u00f3\u017cne okazje. Praktyczne porady, zestawienia i trendy, kt\u00f3re zaskocz\u0105 Ci\u0119 kreatywno\u015bci\u0105!\" \/>\n<meta name=\"robots\" content=\"index, follow, max-snippet:-1, max-image-preview:large, max-video-preview:-1\" \/>\n<link rel=\"canonical\" href=\"https:\/\/polscy-kierowcy.pl\/ro\/biala-bluzka-na-wiele-okazji-z-czym-ja-laczyc\/\" \/>\n<meta property=\"og:locale\" content=\"ro_RO\" \/>\n<meta property=\"og:type\" content=\"article\" \/>\n<meta property=\"og:title\" content=\"Bia\u0142a bluzka na wiele okazji - Jak j\u0105 stylizowa\u0107?\" \/>\n<meta property=\"og:description\" content=\"Odkryj, jak stylizowa\u0107 bia\u0142\u0105 bluzk\u0119 na r\u00f3\u017cne okazje. Praktyczne porady, zestawienia i trendy, kt\u00f3re zaskocz\u0105 Ci\u0119 kreatywno\u015bci\u0105!\" \/>\n<meta property=\"og:url\" content=\"https:\/\/polscy-kierowcy.pl\/ro\/biala-bluzka-na-wiele-okazji-z-czym-ja-laczyc\/\" \/>\n<meta property=\"og:site_name\" content=\"polscy-kierowcy.pl\" \/>\n<meta property=\"article:published_time\" content=\"2024-11-24T00:00:00+00:00\" \/>\n<meta property=\"og:image\" content=\"https:\/\/polscy-kierowcy.pl\/wp-content\/uploads\/image2e7cdaabdfdf4d399666fe007c0ff4fa.png\" \/>\n\t<meta property=\"og:image:width\" content=\"1024\" \/>\n\t<meta property=\"og:image:height\" content=\"768\" \/>\n\t<meta property=\"og:image:type\" content=\"image\/png\" \/>\n<meta name=\"author\" content=\"Paulina Kruk\" \/>\n<meta name=\"twitter:card\" content=\"summary_large_image\" \/>\n<meta name=\"twitter:label1\" content=\"Scris de\" \/>\n\t<meta name=\"twitter:data1\" content=\"Paulina Kruk\" \/>\n\t<meta name=\"twitter:label2\" content=\"Timp estimat pentru citire\" \/>\n\t<meta name=\"twitter:data2\" content=\"5 minute\" \/>\n<script type=\"application\/ld+json\" class=\"yoast-schema-graph\">{\"@context\":\"https:\/\/schema.org\",\"@graph\":[{\"@type\":\"WebPage\",\"@id\":\"https:\/\/polscy-kierowcy.pl\/biala-bluzka-na-wiele-okazji-z-czym-ja-laczyc\/\",\"url\":\"https:\/\/polscy-kierowcy.pl\/biala-bluzka-na-wiele-okazji-z-czym-ja-laczyc\/\",\"name\":\"Bia\u0142a bluzka na wiele okazji - Jak j\u0105 stylizowa\u0107?\",\"isPartOf\":{\"@id\":\"https:\/\/polscy-kierowcy.pl\/#website\"},\"primaryImageOfPage\":{\"@id\":\"https:\/\/polscy-kierowcy.pl\/biala-bluzka-na-wiele-okazji-z-czym-ja-laczyc\/#primaryimage\"},\"image\":{\"@id\":\"https:\/\/polscy-kierowcy.pl\/biala-bluzka-na-wiele-okazji-z-czym-ja-laczyc\/#primaryimage\"},\"thumbnailUrl\":\"https:\/\/polscy-kierowcy.pl\/wp-content\/uploads\/image2e7cdaabdfdf4d399666fe007c0ff4fa.png\",\"datePublished\":\"2024-11-24T00:00:00+00:00\",\"dateModified\":\"2024-11-24T00:00:00+00:00\",\"author\":{\"@id\":\"https:\/\/polscy-kierowcy.pl\/#\/schema\/person\/66f7250202134445459bce344c706e46\"},\"description\":\"Odkryj, jak stylizowa\u0107 bia\u0142\u0105 bluzk\u0119 na r\u00f3\u017cne okazje. Praktyczne porady, zestawienia i trendy, kt\u00f3re zaskocz\u0105 Ci\u0119 kreatywno\u015bci\u0105!\",\"breadcrumb\":{\"@id\":\"https:\/\/polscy-kierowcy.pl\/biala-bluzka-na-wiele-okazji-z-czym-ja-laczyc\/#breadcrumb\"},\"inLanguage\":\"ro-RO\",\"potentialAction\":[{\"@type\":\"ReadAction\",\"target\":[\"https:\/\/polscy-kierowcy.pl\/biala-bluzka-na-wiele-okazji-z-czym-ja-laczyc\/\"]}]},{\"@type\":\"ImageObject\",\"inLanguage\":\"ro-RO\",\"@id\":\"https:\/\/polscy-kierowcy.pl\/biala-bluzka-na-wiele-okazji-z-czym-ja-laczyc\/#primaryimage\",\"url\":\"https:\/\/polscy-kierowcy.pl\/wp-content\/uploads\/image2e7cdaabdfdf4d399666fe007c0ff4fa.png\",\"contentUrl\":\"https:\/\/polscy-kierowcy.pl\/wp-content\/uploads\/image2e7cdaabdfdf4d399666fe007c0ff4fa.png\",\"width\":1024,\"height\":768},{\"@type\":\"BreadcrumbList\",\"@id\":\"https:\/\/polscy-kierowcy.pl\/biala-bluzka-na-wiele-okazji-z-czym-ja-laczyc\/#breadcrumb\",\"itemListElement\":[{\"@type\":\"ListItem\",\"position\":1,\"name\":\"Home\",\"item\":\"https:\/\/polscy-kierowcy.pl\/\"},{\"@type\":\"ListItem\",\"position\":2,\"name\":\"Bia\u0142a bluzka na wiele okazji. Z czym j\u0105 \u0142\u0105czy\u0107?\"}]},{\"@type\":\"WebSite\",\"@id\":\"https:\/\/polscy-kierowcy.pl\/#website\",\"url\":\"https:\/\/polscy-kierowcy.pl\/\",\"name\":\"polscy-kierowcy.pl\",\"description\":\"Tureckie sukienki: pi\u0119kno w tradycji.\",\"potentialAction\":[{\"@type\":\"SearchAction\",\"target\":{\"@type\":\"EntryPoint\",\"urlTemplate\":\"https:\/\/polscy-kierowcy.pl\/?s={search_term_string}\"},\"query-input\":\"required name=search_term_string\"}],\"inLanguage\":\"ro-RO\"},{\"@type\":\"Person\",\"@id\":\"https:\/\/polscy-kierowcy.pl\/#\/schema\/person\/66f7250202134445459bce344c706e46\",\"name\":\"Paulina Kruk\",\"image\":{\"@type\":\"ImageObject\",\"inLanguage\":\"ro-RO\",\"@id\":\"https:\/\/polscy-kierowcy.pl\/#\/schema\/person\/image\/\",\"url\":\"https:\/\/polscy-kierowcy.pl\/wp-content\/uploads\/ivyzxaomvy6_ad_avatar-96x96.jpg\",\"contentUrl\":\"https:\/\/polscy-kierowcy.pl\/wp-content\/uploads\/ivyzxaomvy6_ad_avatar-96x96.jpg\",\"caption\":\"Paulina Kruk\"},\"description\":\"Paulina Kruk to do\u015bwiadczona specjalistka w dziedzinie mody, prowadz\u0105ca w\u0142asny sklep odzie\u017cowy w Pilaszkowie. Jej pasja do mody i zaanga\u017cowanie w bran\u017cy odzie\u017cowej pozwalaj\u0105 jej na tworzenie unikatowych stylizacji, kt\u00f3re \u0142\u0105cz\u0105 elegancj\u0119 z codziennym komfortem.\",\"url\":\"https:\/\/polscy-kierowcy.pl\/ro\/author\/paulina-kruk\/\"}]}<\/script>\n<!-- \/ Yoast SEO plugin. -->","yoast_head_json":{"title":"Bia\u0142a bluzka na wiele okazji - Jak j\u0105 stylizowa\u0107?","description":"Odkryj, jak stylizowa\u0107 bia\u0142\u0105 bluzk\u0119 na r\u00f3\u017cne okazje. Praktyczne porady, zestawienia i trendy, kt\u00f3re zaskocz\u0105 Ci\u0119 kreatywno\u015bci\u0105!","robots":{"index":"index","follow":"follow","max-snippet":"max-snippet:-1","max-image-preview":"max-image-preview:large","max-video-preview":"max-video-preview:-1"},"canonical":"https:\/\/polscy-kierowcy.pl\/ro\/biala-bluzka-na-wiele-okazji-z-czym-ja-laczyc\/","og_locale":"ro_RO","og_type":"article","og_title":"Bia\u0142a bluzka na wiele okazji - Jak j\u0105 stylizowa\u0107?","og_description":"Odkryj, jak stylizowa\u0107 bia\u0142\u0105 bluzk\u0119 na r\u00f3\u017cne okazje. Praktyczne porady, zestawienia i trendy, kt\u00f3re zaskocz\u0105 Ci\u0119 kreatywno\u015bci\u0105!","og_url":"https:\/\/polscy-kierowcy.pl\/ro\/biala-bluzka-na-wiele-okazji-z-czym-ja-laczyc\/","og_site_name":"polscy-kierowcy.pl","article_published_time":"2024-11-24T00:00:00+00:00","og_image":[{"width":1024,"height":768,"url":"https:\/\/polscy-kierowcy.pl\/wp-content\/uploads\/image2e7cdaabdfdf4d399666fe007c0ff4fa.png","type":"image\/png"}],"author":"Paulina Kruk","twitter_card":"summary_large_image","twitter_misc":{"Scris de":"Paulina Kruk","Timp estimat pentru citire":"5 minute"},"schema":{"@context":"https:\/\/schema.org","@graph":[{"@type":"WebPage","@id":"https:\/\/polscy-kierowcy.pl\/biala-bluzka-na-wiele-okazji-z-czym-ja-laczyc\/","url":"https:\/\/polscy-kierowcy.pl\/biala-bluzka-na-wiele-okazji-z-czym-ja-laczyc\/","name":"Bia\u0142a bluzka na wiele okazji - Jak j\u0105 stylizowa\u0107?","isPartOf":{"@id":"https:\/\/polscy-kierowcy.pl\/#website"},"primaryImageOfPage":{"@id":"https:\/\/polscy-kierowcy.pl\/biala-bluzka-na-wiele-okazji-z-czym-ja-laczyc\/#primaryimage"},"image":{"@id":"https:\/\/polscy-kierowcy.pl\/biala-bluzka-na-wiele-okazji-z-czym-ja-laczyc\/#primaryimage"},"thumbnailUrl":"https:\/\/polscy-kierowcy.pl\/wp-content\/uploads\/image2e7cdaabdfdf4d399666fe007c0ff4fa.png","datePublished":"2024-11-24T00:00:00+00:00","dateModified":"2024-11-24T00:00:00+00:00","author":{"@id":"https:\/\/polscy-kierowcy.pl\/#\/schema\/person\/66f7250202134445459bce344c706e46"},"description":"Odkryj, jak stylizowa\u0107 bia\u0142\u0105 bluzk\u0119 na r\u00f3\u017cne okazje. Praktyczne porady, zestawienia i trendy, kt\u00f3re zaskocz\u0105 Ci\u0119 kreatywno\u015bci\u0105!","breadcrumb":{"@id":"https:\/\/polscy-kierowcy.pl\/biala-bluzka-na-wiele-okazji-z-czym-ja-laczyc\/#breadcrumb"},"inLanguage":"ro-RO","potentialAction":[{"@type":"ReadAction","target":["https:\/\/polscy-kierowcy.pl\/biala-bluzka-na-wiele-okazji-z-czym-ja-laczyc\/"]}]},{"@type":"ImageObject","inLanguage":"ro-RO","@id":"https:\/\/polscy-kierowcy.pl\/biala-bluzka-na-wiele-okazji-z-czym-ja-laczyc\/#primaryimage","url":"https:\/\/polscy-kierowcy.pl\/wp-content\/uploads\/image2e7cdaabdfdf4d399666fe007c0ff4fa.png","contentUrl":"https:\/\/polscy-kierowcy.pl\/wp-content\/uploads\/image2e7cdaabdfdf4d399666fe007c0ff4fa.png","width":1024,"height":768},{"@type":"BreadcrumbList","@id":"https:\/\/polscy-kierowcy.pl\/biala-bluzka-na-wiele-okazji-z-czym-ja-laczyc\/#breadcrumb","itemListElement":[{"@type":"ListItem","position":1,"name":"Home","item":"https:\/\/polscy-kierowcy.pl\/"},{"@type":"ListItem","position":2,"name":"Bia\u0142a bluzka na wiele okazji. Z czym j\u0105 \u0142\u0105czy\u0107?"}]},{"@type":"WebSite","@id":"https:\/\/polscy-kierowcy.pl\/#website","url":"https:\/\/polscy-kierowcy.pl\/","name":"polscy-kierowcy.pl","description":"Tureckie sukienki: pi\u0119kno w tradycji.","potentialAction":[{"@type":"SearchAction","target":{"@type":"EntryPoint","urlTemplate":"https:\/\/polscy-kierowcy.pl\/?s={search_term_string}"},"query-input":"required name=search_term_string"}],"inLanguage":"ro-RO"},{"@type":"Person","@id":"https:\/\/polscy-kierowcy.pl\/#\/schema\/person\/66f7250202134445459bce344c706e46","name":"Paulina Kruk","image":{"@type":"ImageObject","inLanguage":"ro-RO","@id":"https:\/\/polscy-kierowcy.pl\/#\/schema\/person\/image\/","url":"https:\/\/polscy-kierowcy.pl\/wp-content\/uploads\/ivyzxaomvy6_ad_avatar-96x96.jpg","contentUrl":"https:\/\/polscy-kierowcy.pl\/wp-content\/uploads\/ivyzxaomvy6_ad_avatar-96x96.jpg","caption":"Paulina Kruk"},"description":"Paulina Kruk to do\u015bwiadczona specjalistka w dziedzinie mody, prowadz\u0105ca w\u0142asny sklep odzie\u017cowy w Pilaszkowie. Jej pasja do mody i zaanga\u017cowanie w bran\u017cy odzie\u017cowej pozwalaj\u0105 jej na tworzenie unikatowych stylizacji, kt\u00f3re \u0142\u0105cz\u0105 elegancj\u0119 z codziennym komfortem.","url":"https:\/\/polscy-kierowcy.pl\/ro\/author\/paulina-kruk\/"}]}},"yoast_meta":{"yoast_wpseo_title":"","yoast_wpseo_metadesc":"","yoast_wpseo_canonical":"https:\/\/polscy-kierowcy.pl\/ro\/wp-json\/wp\/v2\/posts\/232"},"_links":{"self":[{"href":"https:\/\/polscy-kierowcy.pl\/ro\/wp-json\/wp\/v2\/posts\/232"}],"collection":[{"href":"https:\/\/polscy-kierowcy.pl\/ro\/wp-json\/wp\/v2\/posts"}],"about":[{"href":"https:\/\/polscy-kierowcy.pl\/ro\/wp-json\/wp\/v2\/types\/post"}],"author":[{"embeddable":true,"href":"https:\/\/polscy-kierowcy.pl\/ro\/wp-json\/wp\/v2\/users\/1"}],"replies":[{"embeddable":true,"href":"https:\/\/polscy-kierowcy.pl\/ro\/wp-json\/wp\/v2\/comments?post=232"}],"version-history":[{"count":1,"href":"https:\/\/polscy-kierowcy.pl\/ro\/wp-json\/wp\/v2\/posts\/232\/revisions"}],"predecessor-version":[{"id":243,"href":"https:\/\/polscy-kierowcy.pl\/ro\/wp-json\/wp\/v2\/posts\/232\/revisions\/243"}],"wp:featuredmedia":[{"embeddable":true,"href":"https:\/\/polscy-kierowcy.pl\/ro\/wp-json\/wp\/v2\/media\/198"}],"wp:attachment":[{"href":"https:\/\/polscy-kierowcy.pl\/ro\/wp-json\/wp\/v2\/media?parent=232"}],"wp:term":[{"taxonomy":"category","embeddable":true,"href":"https:\/\/polscy-kierowcy.pl\/ro\/wp-json\/wp\/v2\/categories?post=232"},{"taxonomy":"post_tag","embeddable":true,"href":"https:\/\/polscy-kierowcy.pl\/ro\/wp-json\/wp\/v2\/tags?post=232"}],"curies":[{"name":"wp","href":"https:\/\/api.w.org\/{rel}","templated":true}]}}