{"id":229,"date":"2024-11-24T00:00:00","date_gmt":"2024-11-24T00:00:00","guid":{"rendered":"https:\/\/polscy-kierowcy.pl\/?p=229"},"modified":"2024-11-24T00:00:00","modified_gmt":"2024-11-24T00:00:00","slug":"jesienne-stylizacje-sprawdz-w-co-sie-ubrac-jesienia","status":"publish","type":"post","link":"https:\/\/polscy-kierowcy.pl\/ro\/jesienne-stylizacje-sprawdz-w-co-sie-ubrac-jesienia\/","title":{"rendered":"Stiluri de toamn\u0103 \u2013 Vezi ce s\u0103 por\u021bi toamna"},"content":{"rendered":"<div class=\"kk-star-ratings kksr-auto kksr-align-left kksr-valign-top\"\n    data-payload='{&quot;align&quot;:&quot;left&quot;,&quot;id&quot;:&quot;229&quot;,&quot;slug&quot;:&quot;default&quot;,&quot;valign&quot;:&quot;top&quot;,&quot;ignore&quot;:&quot;&quot;,&quot;reference&quot;:&quot;auto&quot;,&quot;class&quot;:&quot;&quot;,&quot;count&quot;:&quot;0&quot;,&quot;legendonly&quot;:&quot;&quot;,&quot;readonly&quot;:&quot;&quot;,&quot;score&quot;:&quot;0&quot;,&quot;starsonly&quot;:&quot;&quot;,&quot;best&quot;:&quot;5&quot;,&quot;gap&quot;:&quot;5&quot;,&quot;greet&quot;:&quot;&quot;,&quot;legend&quot;:&quot;0\\\/5 - (0 votes)&quot;,&quot;size&quot;:&quot;24&quot;,&quot;title&quot;:&quot;Jesienne stylizacje \u2013 sprawd\u017a, w co si\u0119 ubra\u0107 jesieni\u0105&quot;,&quot;width&quot;:&quot;0&quot;,&quot;_legend&quot;:&quot;{score}\\\/{best} - ({count} {votes})&quot;,&quot;font_factor&quot;:&quot;1.25&quot;}'>\n            \n<div class=\"kksr-stars\">\n    \n<div class=\"kksr-stars-inactive\">\n            <div class=\"kksr-star\" data-star=\"1\" style=\"padding-right: 5px\">\n            \n\n<div class=\"kksr-icon\" style=\"width: 24px; height: 24px;\"><\/div>\n        <\/div>\n            <div class=\"kksr-star\" data-star=\"2\" style=\"padding-right: 5px\">\n            \n\n<div class=\"kksr-icon\" style=\"width: 24px; height: 24px;\"><\/div>\n        <\/div>\n            <div class=\"kksr-star\" data-star=\"3\" style=\"padding-right: 5px\">\n            \n\n<div class=\"kksr-icon\" style=\"width: 24px; height: 24px;\"><\/div>\n        <\/div>\n            <div class=\"kksr-star\" data-star=\"4\" style=\"padding-right: 5px\">\n            \n\n<div class=\"kksr-icon\" style=\"width: 24px; height: 24px;\"><\/div>\n        <\/div>\n            <div class=\"kksr-star\" data-star=\"5\" style=\"padding-right: 5px\">\n            \n\n<div class=\"kksr-icon\" style=\"width: 24px; height: 24px;\"><\/div>\n        <\/div>\n    <\/div>\n    \n<div class=\"kksr-stars-active\" style=\"width: 0px;\">\n            <div class=\"kksr-star\" style=\"padding-right: 5px\">\n            \n\n<div class=\"kksr-icon\" style=\"width: 24px; height: 24px;\"><\/div>\n        <\/div>\n            <div class=\"kksr-star\" style=\"padding-right: 5px\">\n            \n\n<div class=\"kksr-icon\" style=\"width: 24px; height: 24px;\"><\/div>\n        <\/div>\n            <div class=\"kksr-star\" style=\"padding-right: 5px\">\n            \n\n<div class=\"kksr-icon\" style=\"width: 24px; height: 24px;\"><\/div>\n        <\/div>\n            <div class=\"kksr-star\" style=\"padding-right: 5px\">\n            \n\n<div class=\"kksr-icon\" style=\"width: 24px; height: 24px;\"><\/div>\n        <\/div>\n            <div class=\"kksr-star\" style=\"padding-right: 5px\">\n            \n\n<div class=\"kksr-icon\" style=\"width: 24px; height: 24px;\"><\/div>\n        <\/div>\n    <\/div>\n<\/div>\n                \n\n<div class=\"kksr-legend\" style=\"font-size: 19.2px;\">\n            <span class=\"kksr-muted\"><\/span>\n    <\/div>\n    <\/div>\n<p>Pe m\u0103sur\u0103 ce zilele de var\u0103 las\u0103 loc dimine\u021bilor mai r\u0103coroase \u0219i fo\u0219netului frunzelor, toamna este momentul perfect pentru a v\u0103 re\u00eemprosp\u0103ta garderoba. Schimbarea anotimpurilor nu este doar un test al abilit\u0103\u021bilor noastre de styling, ci \u0219i o \u0219ans\u0103 de a descoperi combina\u021bii noi \u0219i interesante de haine. Toamna aduce cu ea culori calde, texturi bogate \u0219i multe posibilit\u0103\u021bi care pot fi folosite pentru a crea un stil unic. Alegerea articolelor vestimentare potrivite pentru acest sezon poate fi o provocare. De aceea, am preg\u0103tit un ghid practic care v\u0103 va ajuta s\u0103 crea\u021bi stiluri unice pentru toamn\u0103 \u0219i va include informa\u021bii esen\u021biale despre cele mai recente tendin\u021be. Inspira\u021bi-v\u0103 \u0219i crea\u021bi-v\u0103 propriul look eficient, care v\u0103 va pune \u00een valoare personalitatea!<\/p>\n<h2>De ce merit\u0103 s\u0103 ai grij\u0103 de stilul de toamn\u0103?<\/h2>\n<p><img decoding=\"async\" alt=\"Cztery u\u015bmiechni\u0119te kobiety w kolorowych p\u0142aszczach i czapkach spaceruj\u0105 ulic\u0105 jesieni\u0105.\" src=\"https:\/\/polscy-kierowcy.pl\/wp-content\/uploads\/image36afefd60c224c6ea6bca1f5a8f193af.png\"\/><\/p>\n<p>Toamna este o perioad\u0103 a anului care are propriul farmec unic. \u00cen fiecare an, moda evolueaz\u0103 \u00een aceast\u0103 perioad\u0103, aduc\u00e2nd noi inspira\u021bii \u00een garderoba noastr\u0103. Dob\u00e2ndirea de cuno\u0219tin\u021be despre strategiile de stilizare care func\u021bioneaz\u0103 cel mai bine \u00een aceast\u0103 perioad\u0103 v\u0103 poate cre\u0219te semnificativ \u00eencrederea \u00een sine \u0219i v\u0103 poate face s\u0103 v\u0103 sim\u021bi\u021bi minunat \u00een propria piele. Este important s\u0103 cunoa\u0219te\u021bi elementele cheie care se armonizeaz\u0103 \u00eentre ele, precum \u0219i s\u0103 le combina\u021bi cu abilitate cu accesorii. Aleg\u00e2nd hainele potrivite, nu numai c\u0103 v\u0103 ve\u021bi pune \u00een valoare atuurile, dar v\u0103 ve\u021bi adapta \u0219i la atmosfera exterioar\u0103. \u021ain\u00e2nd cont de confort \u0219i stil, pute\u021bi crea cu u\u0219urin\u021b\u0103 stiluri diverse, dar complementare.<\/p>\n<h2>Elemente esen\u021biale din garderob\u0103 pentru toamn\u0103<\/h2>\n<p><img decoding=\"async\" alt=\"D\u0142onie w jasnor\u00f3\u017cowych we\u0142nianych r\u0119kawiczkach trzymaj\u0105ce fili\u017cank\u0119 kawy, w tle dynie i li\u015bcie.\" src=\"https:\/\/polscy-kierowcy.pl\/wp-content\/uploads\/image6ccc53a00f604d0aa3d2a7374c5ea3f5.png\"\/><\/p>\n<p>La \u00eenceputul sezonului, merit\u0103 s\u0103 ne g\u00e2ndim la elementele de baz\u0103 care vor alc\u0103tui garderoba noastr\u0103 de toamn\u0103. Ce haine ar trebui s\u0103 fie \u00een garderoba ta? Iat\u0103 o list\u0103 cu articole esen\u021biale:<\/p>\n<ul>\n<li>Tricouri \u0219i bluze<\/li>\n<li>Pulovere \u0219i cardigane<\/li>\n<li>Jachete \u0219i paltoane<\/li>\n<li>Pantaloni lungi \u0219i colan\u021bi<\/li>\n<li>Fuste \u0219i rochii<\/li>\n<li>\u00cenc\u0103l\u021b\u0103minte de colec\u021bionat pentru fiecare ocazie<\/li>\n<\/ul>\n<p>Pe l\u00e2ng\u0103 elementele de baz\u0103, abilitatea de a combina straturi este foarte important\u0103. O combina\u021bie organizat\u0103 \u0219i atent\u0103 a elementelor vestimentare individuale va face ca stilurile noastre s\u0103 fie at\u00e2t func\u021bionale, c\u00e2t \u0219i elegante. De exemplu, o combina\u021bie \u00eentre un pulover u\u0219or \u0219i o c\u0103ma\u0219\u0103 lung\u0103 ca baz\u0103, plus un palton de l\u00e2n\u0103 deasupra, poate da un efect uimitor. \u00cen plus, toamna este \u0219i o perioad\u0103 \u00een care vremea se poate schimba \u00een timpul zilei, a\u0219a c\u0103 preg\u0103tirea mai multor op\u021biuni de \u021binute diferite este cheia succesului.<\/p>\n<h2>Culorile toamnei \u2013 ce culori s\u0103 aleg?<\/h2>\n<p>Toamna este asociat\u0103 cu culori extrem de calde, p\u0103m\u00e2ntii, care \u00eenc\u00e2nt\u0103 prin bog\u0103\u021bia lor. \u00cen stiliz\u0103rile noastre vom vedea culori emergente precum:<\/p>\n<ul>\n<li>Maro foarte \u00eenchis<\/li>\n<li>Accente de burgund \u0219i ro\u0219u<\/li>\n<li>Tonuri de auriu \u0219i portocaliu<\/li>\n<\/ul>\n<p>Crearea combina\u021biilor potrivite de culori poate fi o adev\u0103rat\u0103 pl\u0103cere. Experiment\u00e2nd cu diferite nuan\u021be, pute\u021bi descoperi combina\u021bii necunoscute anterior. De asemenea, merit\u0103 s\u0103 ne amintim c\u0103 unele culori ne pot afecta starea de spirit \u0219i bun\u0103starea, a\u0219a c\u0103 merit\u0103 s\u0103 le alegem pe cele care sunt confortabile \u0219i pl\u0103cute pentru noi. Tabelul de mai jos ilustreaz\u0103 exemple de nuan\u021be de culori care sunt deosebit de populare \u00een sezonul de toamn\u0103.<\/p>\n<table border=\"1\">\n<tr>\n<th>Culoare<\/th>\n<th>Nuan\u0163\u0103<\/th>\n<th>Exemple de \u00eembr\u0103c\u0103minte<\/th>\n<\/tr>\n<tr>\n<td>Maro<\/td>\n<td>Maro \u00eenchis<\/td>\n<td>Paltoane, pantofi, gen\u021bi de m\u00e2n\u0103<\/td>\n<\/tr>\n<tr>\n<td>Claret<\/td>\n<td>Burgundia<\/td>\n<td>Rochii, e\u0219arfe<\/td>\n<\/tr>\n<tr>\n<td>Portocale<\/td>\n<td>De aur<\/td>\n<td>Hanorace, accesorii<\/td>\n<\/tr>\n<\/table>\n<h2>Accesorii care vor completa orice stil<\/h2>\n<p>Accesoriile asortate pot schimba orice stil. Merit\u0103 s\u0103 investe\u0219ti timp \u00een alegerea celor care vor completa hainele pe care le-am ales. O list\u0103 de accesorii pe care merit\u0103 s\u0103 le ai \u00een colec\u021bia ta de toamn\u0103 poate fi \u00eentocmit\u0103 dup\u0103 cum urmeaz\u0103:<\/p>\n<ul>\n<li>E\u0219arfe: groase \u0219i c\u0103lduroase, perfecte pentru zilele mai reci.<\/li>\n<li>P\u0103l\u0103rii: nu numai c\u0103 protejeaz\u0103 \u00eempotriva frigului, dar adaug\u0103 \u0219i caracter.<\/li>\n<li>\u00cenc\u0103l\u021b\u0103minte: \u00cenc\u0103l\u021b\u0103minte confortabil\u0103, dar elegant\u0103, pentru sezonul ploios.<\/li>\n<\/ul>\n<h2>Tendin\u021be de toamn\u0103 2023<\/h2>\n<p>Merit\u0103 s\u0103 fii la curent cu moda, iar tendin\u021bele toamnei 2023 sunt pline de idei noi. Pe m\u0103sur\u0103 ce observi schimb\u0103rile sezoniere care urmeaz\u0103, iat\u0103 ce trebuie s\u0103 \u0219tii:<\/p>\n<ul>\n<li>Modele supradimensionate: confort \u0219i stil \u00eentr-un singur loc.<\/li>\n<li>O combina\u021bie de stil sportiv \u0219i elegan\u021b\u0103: casual \u00eentr-o edi\u021bie modern\u0103.<\/li>\n<li>Materiale naturale: l\u00e2n\u0103, bumbac, in \u2013 pentru confort \u0219i ecologie.<\/li>\n<\/ul>\n<h2>Rezumat<\/h2>\n<p>Toamna este un moment excelent pentru a experimenta cu moda. Cheia este suprapunerea hainelor, culorile potrivite \u0219i aten\u021bia la detalii prin intermediul accesoriilor asortate. \u021aine cont de cele mai recente tendin\u021be, dar nu uita s\u0103 alegi ceea ce \u00ee\u021bi place cel mai mult. Nu uita de stilul t\u0103u personal, care face ca \u021binutele tale s\u0103 fie unice. Alege haine care \u00ee\u021bi pun \u00een valoare personalitatea \u0219i aduc bucurie \u00een via\u021ba de zi cu zi. \u00cen cele din urm\u0103, tu decizi ce s\u0103 por\u021bi. Inspir\u0103-te, distreaz\u0103-te cu moda \u0219i bucur\u0103-te de fiecare moment al toamnei!<\/p>\n<h2>\u00centreb\u0103ri frecvente<\/h2>\n<ul>\n<li><strong>Care sunt elementele de baz\u0103 ale unei garderobe de toamn\u0103?<\/strong> R: Cele mai importante piese vestimentare sunt straturile \u2013 tricouri, pulovere, jachete \u0219i paltoane.<\/li>\n<li><strong>Ce culori predomin\u0103 \u00een stilul de toamn\u0103?<\/strong> R\u0103spuns: Merit\u0103 s\u0103 alege\u021bi nuan\u021be de maro, visiniu, ro\u0219u \u0219i tonuri calde de auriu \u0219i portocaliu.<\/li>\n<li><strong>Ce accesorii vor completa stilul de toamn\u0103?<\/strong> R: E\u0219arfele, p\u0103l\u0103riile \u0219i \u00eenc\u0103l\u021b\u0103mintea interesant\u0103 sunt accesorii esen\u021biale \u00een acest sezon.<\/li>\n<li><strong>Ce tendin\u021be vor domina toamna anului 2023?<\/strong> R\u0103spuns: Oversize-ul, o combina\u021bie de stil sportiv \u0219i elegant \u0219i materiale naturale sunt principalele tendin\u021be ale acestui sezon.<\/li>\n<\/ul>","protected":false},"excerpt":{"rendered":"<p>W miar\u0119 jak letnie dni ust\u0119puj\u0105 miejsca ch\u0142odniejszym porankom i szeleszcz\u0105cym li\u015bciom, okres jesieni staje si\u0119 idealnym czasem na od\u015bwie\u017cenie swojej garderoby. Zmieniaj\u0105ce si\u0119 pory roku to nie tylko test dla naszych umiej\u0119tno\u015bci stylizacyjnych, ale tak\u017ce szansa na odkrycie nowych, interesuj\u0105cych po\u0142\u0105cze\u0144 ubra\u0144. Jesie\u0144 przynosi ze sob\u0105 ciep\u0142e kolory, bogate tekstury i wiele mo\u017cliwo\u015bci, kt\u00f3re [&hellip;]<\/p>","protected":false},"author":1,"featured_media":212,"comment_status":"closed","ping_status":"closed","sticky":false,"template":"","format":"standard","meta":{"_acf_changed":false,"footnotes":""},"categories":[1],"tags":[],"class_list":["post-229","post","type-post","status-publish","format-standard","has-post-thumbnail","hentry","category-blog"],"acf":[],"yoast_head":"<!-- This site is optimized with the Yoast SEO plugin v23.2 - https:\/\/yoast.com\/wordpress\/plugins\/seo\/ -->\n<title>Jesienne stylizacje \u2013 Inspiracje i porady na idealne outfity na ch\u0142odne dni<\/title>\n<meta name=\"description\" content=\"Odkryj, jak stworzy\u0107 modne jesienne stylizacje. Sprawd\u017a kluczowe elementy garderoby, kolory i trendy na sezon 2023!\" \/>\n<meta name=\"robots\" content=\"index, follow, max-snippet:-1, max-image-preview:large, max-video-preview:-1\" \/>\n<link rel=\"canonical\" href=\"https:\/\/polscy-kierowcy.pl\/ro\/jesienne-stylizacje-sprawdz-w-co-sie-ubrac-jesienia\/\" \/>\n<meta property=\"og:locale\" content=\"ro_RO\" \/>\n<meta property=\"og:type\" content=\"article\" \/>\n<meta property=\"og:title\" content=\"Jesienne stylizacje \u2013 Inspiracje i porady na idealne outfity na ch\u0142odne dni\" \/>\n<meta property=\"og:description\" content=\"Odkryj, jak stworzy\u0107 modne jesienne stylizacje. Sprawd\u017a kluczowe elementy garderoby, kolory i trendy na sezon 2023!\" \/>\n<meta property=\"og:url\" content=\"https:\/\/polscy-kierowcy.pl\/ro\/jesienne-stylizacje-sprawdz-w-co-sie-ubrac-jesienia\/\" \/>\n<meta property=\"og:site_name\" content=\"polscy-kierowcy.pl\" \/>\n<meta property=\"article:published_time\" content=\"2024-11-24T00:00:00+00:00\" \/>\n<meta property=\"og:image\" content=\"https:\/\/polscy-kierowcy.pl\/wp-content\/uploads\/imageeb2096259188478ebcacd430460e5312.png\" \/>\n\t<meta property=\"og:image:width\" content=\"1024\" \/>\n\t<meta property=\"og:image:height\" content=\"768\" \/>\n\t<meta property=\"og:image:type\" content=\"image\/png\" \/>\n<meta name=\"author\" content=\"Paulina Kruk\" \/>\n<meta name=\"twitter:card\" content=\"summary_large_image\" \/>\n<meta name=\"twitter:label1\" content=\"Scris de\" \/>\n\t<meta name=\"twitter:data1\" content=\"Paulina Kruk\" \/>\n\t<meta name=\"twitter:label2\" content=\"Timp estimat pentru citire\" \/>\n\t<meta name=\"twitter:data2\" content=\"4 minute\" \/>\n<script type=\"application\/ld+json\" class=\"yoast-schema-graph\">{\"@context\":\"https:\/\/schema.org\",\"@graph\":[{\"@type\":\"WebPage\",\"@id\":\"https:\/\/polscy-kierowcy.pl\/jesienne-stylizacje-sprawdz-w-co-sie-ubrac-jesienia\/\",\"url\":\"https:\/\/polscy-kierowcy.pl\/jesienne-stylizacje-sprawdz-w-co-sie-ubrac-jesienia\/\",\"name\":\"Jesienne stylizacje \u2013 Inspiracje i porady na idealne outfity na ch\u0142odne dni\",\"isPartOf\":{\"@id\":\"https:\/\/polscy-kierowcy.pl\/#website\"},\"primaryImageOfPage\":{\"@id\":\"https:\/\/polscy-kierowcy.pl\/jesienne-stylizacje-sprawdz-w-co-sie-ubrac-jesienia\/#primaryimage\"},\"image\":{\"@id\":\"https:\/\/polscy-kierowcy.pl\/jesienne-stylizacje-sprawdz-w-co-sie-ubrac-jesienia\/#primaryimage\"},\"thumbnailUrl\":\"https:\/\/polscy-kierowcy.pl\/wp-content\/uploads\/imageeb2096259188478ebcacd430460e5312.png\",\"datePublished\":\"2024-11-24T00:00:00+00:00\",\"dateModified\":\"2024-11-24T00:00:00+00:00\",\"author\":{\"@id\":\"https:\/\/polscy-kierowcy.pl\/#\/schema\/person\/66f7250202134445459bce344c706e46\"},\"description\":\"Odkryj, jak stworzy\u0107 modne jesienne stylizacje. Sprawd\u017a kluczowe elementy garderoby, kolory i trendy na sezon 2023!\",\"breadcrumb\":{\"@id\":\"https:\/\/polscy-kierowcy.pl\/jesienne-stylizacje-sprawdz-w-co-sie-ubrac-jesienia\/#breadcrumb\"},\"inLanguage\":\"ro-RO\",\"potentialAction\":[{\"@type\":\"ReadAction\",\"target\":[\"https:\/\/polscy-kierowcy.pl\/jesienne-stylizacje-sprawdz-w-co-sie-ubrac-jesienia\/\"]}]},{\"@type\":\"ImageObject\",\"inLanguage\":\"ro-RO\",\"@id\":\"https:\/\/polscy-kierowcy.pl\/jesienne-stylizacje-sprawdz-w-co-sie-ubrac-jesienia\/#primaryimage\",\"url\":\"https:\/\/polscy-kierowcy.pl\/wp-content\/uploads\/imageeb2096259188478ebcacd430460e5312.png\",\"contentUrl\":\"https:\/\/polscy-kierowcy.pl\/wp-content\/uploads\/imageeb2096259188478ebcacd430460e5312.png\",\"width\":1024,\"height\":768},{\"@type\":\"BreadcrumbList\",\"@id\":\"https:\/\/polscy-kierowcy.pl\/jesienne-stylizacje-sprawdz-w-co-sie-ubrac-jesienia\/#breadcrumb\",\"itemListElement\":[{\"@type\":\"ListItem\",\"position\":1,\"name\":\"Home\",\"item\":\"https:\/\/polscy-kierowcy.pl\/\"},{\"@type\":\"ListItem\",\"position\":2,\"name\":\"Jesienne stylizacje \u2013 sprawd\u017a, w co si\u0119 ubra\u0107 jesieni\u0105\"}]},{\"@type\":\"WebSite\",\"@id\":\"https:\/\/polscy-kierowcy.pl\/#website\",\"url\":\"https:\/\/polscy-kierowcy.pl\/\",\"name\":\"polscy-kierowcy.pl\",\"description\":\"Tureckie sukienki: pi\u0119kno w tradycji.\",\"potentialAction\":[{\"@type\":\"SearchAction\",\"target\":{\"@type\":\"EntryPoint\",\"urlTemplate\":\"https:\/\/polscy-kierowcy.pl\/?s={search_term_string}\"},\"query-input\":\"required name=search_term_string\"}],\"inLanguage\":\"ro-RO\"},{\"@type\":\"Person\",\"@id\":\"https:\/\/polscy-kierowcy.pl\/#\/schema\/person\/66f7250202134445459bce344c706e46\",\"name\":\"Paulina Kruk\",\"image\":{\"@type\":\"ImageObject\",\"inLanguage\":\"ro-RO\",\"@id\":\"https:\/\/polscy-kierowcy.pl\/#\/schema\/person\/image\/\",\"url\":\"https:\/\/polscy-kierowcy.pl\/wp-content\/uploads\/ivyzxaomvy6_ad_avatar-96x96.jpg\",\"contentUrl\":\"https:\/\/polscy-kierowcy.pl\/wp-content\/uploads\/ivyzxaomvy6_ad_avatar-96x96.jpg\",\"caption\":\"Paulina Kruk\"},\"description\":\"Paulina Kruk to do\u015bwiadczona specjalistka w dziedzinie mody, prowadz\u0105ca w\u0142asny sklep odzie\u017cowy w Pilaszkowie. Jej pasja do mody i zaanga\u017cowanie w bran\u017cy odzie\u017cowej pozwalaj\u0105 jej na tworzenie unikatowych stylizacji, kt\u00f3re \u0142\u0105cz\u0105 elegancj\u0119 z codziennym komfortem.\",\"url\":\"https:\/\/polscy-kierowcy.pl\/ro\/author\/paulina-kruk\/\"}]}<\/script>\n<!-- \/ Yoast SEO plugin. -->","yoast_head_json":{"title":"Jesienne stylizacje \u2013 Inspiracje i porady na idealne outfity na ch\u0142odne dni","description":"Odkryj, jak stworzy\u0107 modne jesienne stylizacje. Sprawd\u017a kluczowe elementy garderoby, kolory i trendy na sezon 2023!","robots":{"index":"index","follow":"follow","max-snippet":"max-snippet:-1","max-image-preview":"max-image-preview:large","max-video-preview":"max-video-preview:-1"},"canonical":"https:\/\/polscy-kierowcy.pl\/ro\/jesienne-stylizacje-sprawdz-w-co-sie-ubrac-jesienia\/","og_locale":"ro_RO","og_type":"article","og_title":"Jesienne stylizacje \u2013 Inspiracje i porady na idealne outfity na ch\u0142odne dni","og_description":"Odkryj, jak stworzy\u0107 modne jesienne stylizacje. Sprawd\u017a kluczowe elementy garderoby, kolory i trendy na sezon 2023!","og_url":"https:\/\/polscy-kierowcy.pl\/ro\/jesienne-stylizacje-sprawdz-w-co-sie-ubrac-jesienia\/","og_site_name":"polscy-kierowcy.pl","article_published_time":"2024-11-24T00:00:00+00:00","og_image":[{"width":1024,"height":768,"url":"https:\/\/polscy-kierowcy.pl\/wp-content\/uploads\/imageeb2096259188478ebcacd430460e5312.png","type":"image\/png"}],"author":"Paulina Kruk","twitter_card":"summary_large_image","twitter_misc":{"Scris de":"Paulina Kruk","Timp estimat pentru citire":"4 minute"},"schema":{"@context":"https:\/\/schema.org","@graph":[{"@type":"WebPage","@id":"https:\/\/polscy-kierowcy.pl\/jesienne-stylizacje-sprawdz-w-co-sie-ubrac-jesienia\/","url":"https:\/\/polscy-kierowcy.pl\/jesienne-stylizacje-sprawdz-w-co-sie-ubrac-jesienia\/","name":"Jesienne stylizacje \u2013 Inspiracje i porady na idealne outfity na ch\u0142odne dni","isPartOf":{"@id":"https:\/\/polscy-kierowcy.pl\/#website"},"primaryImageOfPage":{"@id":"https:\/\/polscy-kierowcy.pl\/jesienne-stylizacje-sprawdz-w-co-sie-ubrac-jesienia\/#primaryimage"},"image":{"@id":"https:\/\/polscy-kierowcy.pl\/jesienne-stylizacje-sprawdz-w-co-sie-ubrac-jesienia\/#primaryimage"},"thumbnailUrl":"https:\/\/polscy-kierowcy.pl\/wp-content\/uploads\/imageeb2096259188478ebcacd430460e5312.png","datePublished":"2024-11-24T00:00:00+00:00","dateModified":"2024-11-24T00:00:00+00:00","author":{"@id":"https:\/\/polscy-kierowcy.pl\/#\/schema\/person\/66f7250202134445459bce344c706e46"},"description":"Odkryj, jak stworzy\u0107 modne jesienne stylizacje. Sprawd\u017a kluczowe elementy garderoby, kolory i trendy na sezon 2023!","breadcrumb":{"@id":"https:\/\/polscy-kierowcy.pl\/jesienne-stylizacje-sprawdz-w-co-sie-ubrac-jesienia\/#breadcrumb"},"inLanguage":"ro-RO","potentialAction":[{"@type":"ReadAction","target":["https:\/\/polscy-kierowcy.pl\/jesienne-stylizacje-sprawdz-w-co-sie-ubrac-jesienia\/"]}]},{"@type":"ImageObject","inLanguage":"ro-RO","@id":"https:\/\/polscy-kierowcy.pl\/jesienne-stylizacje-sprawdz-w-co-sie-ubrac-jesienia\/#primaryimage","url":"https:\/\/polscy-kierowcy.pl\/wp-content\/uploads\/imageeb2096259188478ebcacd430460e5312.png","contentUrl":"https:\/\/polscy-kierowcy.pl\/wp-content\/uploads\/imageeb2096259188478ebcacd430460e5312.png","width":1024,"height":768},{"@type":"BreadcrumbList","@id":"https:\/\/polscy-kierowcy.pl\/jesienne-stylizacje-sprawdz-w-co-sie-ubrac-jesienia\/#breadcrumb","itemListElement":[{"@type":"ListItem","position":1,"name":"Home","item":"https:\/\/polscy-kierowcy.pl\/"},{"@type":"ListItem","position":2,"name":"Jesienne stylizacje \u2013 sprawd\u017a, w co si\u0119 ubra\u0107 jesieni\u0105"}]},{"@type":"WebSite","@id":"https:\/\/polscy-kierowcy.pl\/#website","url":"https:\/\/polscy-kierowcy.pl\/","name":"polscy-kierowcy.pl","description":"Tureckie sukienki: pi\u0119kno w tradycji.","potentialAction":[{"@type":"SearchAction","target":{"@type":"EntryPoint","urlTemplate":"https:\/\/polscy-kierowcy.pl\/?s={search_term_string}"},"query-input":"required name=search_term_string"}],"inLanguage":"ro-RO"},{"@type":"Person","@id":"https:\/\/polscy-kierowcy.pl\/#\/schema\/person\/66f7250202134445459bce344c706e46","name":"Paulina Kruk","image":{"@type":"ImageObject","inLanguage":"ro-RO","@id":"https:\/\/polscy-kierowcy.pl\/#\/schema\/person\/image\/","url":"https:\/\/polscy-kierowcy.pl\/wp-content\/uploads\/ivyzxaomvy6_ad_avatar-96x96.jpg","contentUrl":"https:\/\/polscy-kierowcy.pl\/wp-content\/uploads\/ivyzxaomvy6_ad_avatar-96x96.jpg","caption":"Paulina Kruk"},"description":"Paulina Kruk to do\u015bwiadczona specjalistka w dziedzinie mody, prowadz\u0105ca w\u0142asny sklep odzie\u017cowy w Pilaszkowie. Jej pasja do mody i zaanga\u017cowanie w bran\u017cy odzie\u017cowej pozwalaj\u0105 jej na tworzenie unikatowych stylizacji, kt\u00f3re \u0142\u0105cz\u0105 elegancj\u0119 z codziennym komfortem.","url":"https:\/\/polscy-kierowcy.pl\/ro\/author\/paulina-kruk\/"}]}},"yoast_meta":{"yoast_wpseo_title":"","yoast_wpseo_metadesc":"","yoast_wpseo_canonical":"https:\/\/polscy-kierowcy.pl\/ro\/wp-json\/wp\/v2\/posts\/229"},"_links":{"self":[{"href":"https:\/\/polscy-kierowcy.pl\/ro\/wp-json\/wp\/v2\/posts\/229"}],"collection":[{"href":"https:\/\/polscy-kierowcy.pl\/ro\/wp-json\/wp\/v2\/posts"}],"about":[{"href":"https:\/\/polscy-kierowcy.pl\/ro\/wp-json\/wp\/v2\/types\/post"}],"author":[{"embeddable":true,"href":"https:\/\/polscy-kierowcy.pl\/ro\/wp-json\/wp\/v2\/users\/1"}],"replies":[{"embeddable":true,"href":"https:\/\/polscy-kierowcy.pl\/ro\/wp-json\/wp\/v2\/comments?post=229"}],"version-history":[{"count":1,"href":"https:\/\/polscy-kierowcy.pl\/ro\/wp-json\/wp\/v2\/posts\/229\/revisions"}],"predecessor-version":[{"id":241,"href":"https:\/\/polscy-kierowcy.pl\/ro\/wp-json\/wp\/v2\/posts\/229\/revisions\/241"}],"wp:featuredmedia":[{"embeddable":true,"href":"https:\/\/polscy-kierowcy.pl\/ro\/wp-json\/wp\/v2\/media\/212"}],"wp:attachment":[{"href":"https:\/\/polscy-kierowcy.pl\/ro\/wp-json\/wp\/v2\/media?parent=229"}],"wp:term":[{"taxonomy":"category","embeddable":true,"href":"https:\/\/polscy-kierowcy.pl\/ro\/wp-json\/wp\/v2\/categories?post=229"},{"taxonomy":"post_tag","embeddable":true,"href":"https:\/\/polscy-kierowcy.pl\/ro\/wp-json\/wp\/v2\/tags?post=229"}],"curies":[{"name":"wp","href":"https:\/\/api.w.org\/{rel}","templated":true}]}}