{"id":228,"date":"2024-11-24T00:00:00","date_gmt":"2024-11-24T00:00:00","guid":{"rendered":"https:\/\/polscy-kierowcy.pl\/?p=228"},"modified":"2024-11-24T00:00:00","modified_gmt":"2024-11-24T00:00:00","slug":"z-czym-laczyc-biala-spodnice-poznaj-nasze-stylizacje","status":"publish","type":"post","link":"https:\/\/polscy-kierowcy.pl\/ro\/z-czym-laczyc-biala-spodnice-poznaj-nasze-stylizacje\/","title":{"rendered":"Ce s\u0103 por\u021bi cu o fust\u0103 alb\u0103? Descoper\u0103 stilurile noastre!"},"content":{"rendered":"<div class=\"kk-star-ratings kksr-auto kksr-align-left kksr-valign-top\"\n    data-payload='{&quot;align&quot;:&quot;left&quot;,&quot;id&quot;:&quot;228&quot;,&quot;slug&quot;:&quot;default&quot;,&quot;valign&quot;:&quot;top&quot;,&quot;ignore&quot;:&quot;&quot;,&quot;reference&quot;:&quot;auto&quot;,&quot;class&quot;:&quot;&quot;,&quot;count&quot;:&quot;0&quot;,&quot;legendonly&quot;:&quot;&quot;,&quot;readonly&quot;:&quot;&quot;,&quot;score&quot;:&quot;0&quot;,&quot;starsonly&quot;:&quot;&quot;,&quot;best&quot;:&quot;5&quot;,&quot;gap&quot;:&quot;5&quot;,&quot;greet&quot;:&quot;&quot;,&quot;legend&quot;:&quot;0\\\/5 - (0 votes)&quot;,&quot;size&quot;:&quot;24&quot;,&quot;title&quot;:&quot;Z czym \u0142\u0105czy\u0107 bia\u0142\u0105 sp\u00f3dnic\u0119? Poznaj nasze stylizacje!&quot;,&quot;width&quot;:&quot;0&quot;,&quot;_legend&quot;:&quot;{score}\\\/{best} - ({count} {votes})&quot;,&quot;font_factor&quot;:&quot;1.25&quot;}'>\n            \n<div class=\"kksr-stars\">\n    \n<div class=\"kksr-stars-inactive\">\n            <div class=\"kksr-star\" data-star=\"1\" style=\"padding-right: 5px\">\n            \n\n<div class=\"kksr-icon\" style=\"width: 24px; height: 24px;\"><\/div>\n        <\/div>\n            <div class=\"kksr-star\" data-star=\"2\" style=\"padding-right: 5px\">\n            \n\n<div class=\"kksr-icon\" style=\"width: 24px; height: 24px;\"><\/div>\n        <\/div>\n            <div class=\"kksr-star\" data-star=\"3\" style=\"padding-right: 5px\">\n            \n\n<div class=\"kksr-icon\" style=\"width: 24px; height: 24px;\"><\/div>\n        <\/div>\n            <div class=\"kksr-star\" data-star=\"4\" style=\"padding-right: 5px\">\n            \n\n<div class=\"kksr-icon\" style=\"width: 24px; height: 24px;\"><\/div>\n        <\/div>\n            <div class=\"kksr-star\" data-star=\"5\" style=\"padding-right: 5px\">\n            \n\n<div class=\"kksr-icon\" style=\"width: 24px; height: 24px;\"><\/div>\n        <\/div>\n    <\/div>\n    \n<div class=\"kksr-stars-active\" style=\"width: 0px;\">\n            <div class=\"kksr-star\" style=\"padding-right: 5px\">\n            \n\n<div class=\"kksr-icon\" style=\"width: 24px; height: 24px;\"><\/div>\n        <\/div>\n            <div class=\"kksr-star\" style=\"padding-right: 5px\">\n            \n\n<div class=\"kksr-icon\" style=\"width: 24px; height: 24px;\"><\/div>\n        <\/div>\n            <div class=\"kksr-star\" style=\"padding-right: 5px\">\n            \n\n<div class=\"kksr-icon\" style=\"width: 24px; height: 24px;\"><\/div>\n        <\/div>\n            <div class=\"kksr-star\" style=\"padding-right: 5px\">\n            \n\n<div class=\"kksr-icon\" style=\"width: 24px; height: 24px;\"><\/div>\n        <\/div>\n            <div class=\"kksr-star\" style=\"padding-right: 5px\">\n            \n\n<div class=\"kksr-icon\" style=\"width: 24px; height: 24px;\"><\/div>\n        <\/div>\n    <\/div>\n<\/div>\n                \n\n<div class=\"kksr-legend\" style=\"font-size: 19.2px;\">\n            <span class=\"kksr-muted\"><\/span>\n    <\/div>\n    <\/div>\n<p>O fust\u0103 alb\u0103 este unul dintre acele elemente vestimentare care atrage aten\u021bia prin versatilitatea \u0219i posibilit\u0103\u021bile sale de stil. Fiecare femeie \u0219tie c\u0103 o fust\u0103 alb\u0103 poate fi baza unor \u021binute diverse \u0219i interesante. Poate fi purtat\u0103 at\u00e2t \u00een fiecare zi, c\u00e2t \u0219i pentru ocazii speciale. Selec\u021bia potrivit\u0103 a accesoriilor, precum \u0219i a altor elemente vestimentare, \u00eenseamn\u0103 c\u0103 un model de fust\u0103 poate ar\u0103ta complet diferit \u00een diferite stiluri. Poate fi clasic\u0103, elegant\u0103 sau casual - totul se reduce la stilul t\u0103u \u0219i la ocazie. Din acest motiv, merit\u0103 s\u0103 acorzi aten\u021bie combina\u021biilor care \u00ee\u021bi vor accentua caracterul individual, permi\u021b\u00e2ndu-\u021bi \u00een acela\u0219i timp s\u0103 creezi un look proasp\u0103t \u0219i la mod\u0103.<\/p>\n<h2>De ce merit\u0103 s\u0103 ai o fust\u0103 alb\u0103 \u00een garderob\u0103?<\/h2>\n<p><img decoding=\"async\" alt=\"M\u0142oda kobieta w eleganckim jasnym garniturze stoi w nowoczesnym biurze.\" src=\"https:\/\/polscy-kierowcy.pl\/wp-content\/uploads\/image0b3ef07ff13548e48b90f95a81a86947.png\"\/><\/p>\n<p>O fust\u0103 alb\u0103 este un clasic care nu se demodeaz\u0103 niciodat\u0103. Iat\u0103 c\u00e2teva motive pentru care ar trebui s\u0103 ai una:<\/p>\n<ul>\n<li><strong>Versatilitate:<\/strong> Se potrive\u0219te multor ocazii \u2013 de la \u021binutele de zi cu zi p\u00e2n\u0103 la cele elegante.<\/li>\n<li><strong>U\u0219urin\u021b\u0103 \u00een stilizare:<\/strong> Poate fi combinat cu o varietate de culori \u0219i modele.<\/li>\n<li><strong>Alungirea optic\u0103 a siluetei:<\/strong> O fust\u0103 alb\u0103, \u00een special o fust\u0103 midi, adaug\u0103 lejeritate \u0219i poate face silueta s\u0103 par\u0103 mai supl\u0103.<\/li>\n<\/ul>\n<h2>\u021ainute de zi cu zi cu fuste albe<\/h2>\n<p><img decoding=\"async\" alt=\"Kobieta w eleganckiej sukience w restauracji z widokiem na zach\u00f3d s\u0142o\u0144ca nad miastem.\" src=\"https:\/\/polscy-kierowcy.pl\/wp-content\/uploads\/image237f29139694499cae9de527d3f37442.png\"\/><\/p>\n<p>Iat\u0103 c\u00e2teva sugestii de stilizare cu o fust\u0103 alb\u0103, perfecte pentru purtarea de zi cu zi. Nu uita c\u0103 cheia unui stil reu\u0219it este selec\u021bia iscusit\u0103 a culorilor \u0219i stilurilor. Merit\u0103 s\u0103 optezi pentru combina\u021bii mai lejere, care vor fi confortabile \u0219i elegante \u00een acela\u0219i timp.<\/p>\n<table border=\"1\">\n<tr>\n<th>Stilizare<\/th>\n<th>Elemente<\/th>\n<\/tr>\n<tr>\n<td>Elegan\u021b\u0103 casual\u0103<\/td>\n<td>Tricou negru, jachet\u0103 din denim, adida\u0219i<\/td>\n<\/tr>\n<tr>\n<td>Aranjarea stilului de birou<\/td>\n<td>Bluz\u0103 pastelat\u0103, blazer, tocuri \u00eenalte\/balerini<\/td>\n<\/tr>\n<\/table>\n<p>O fust\u0103 alb\u0103 poate fi, de asemenea, o alegere excelent\u0103 pentru birou. Cum s\u0103 o stilizezi pentru a ar\u0103ta profesional? Iat\u0103 c\u00e2teva sfaturi care te vor ajuta s\u0103 creezi look-ul perfect pentru birou:<\/p>\n<ul>\n<li><strong>Bluz\u0103 \u00een culori pastelate:<\/strong> Nu prea intens, dar elegant.<\/li>\n<li><strong>Sacou:<\/strong> Un element suplimentar care va accentua caracterul formal al stilului.<\/li>\n<li><strong>Tocuri sau balerini clasici:<\/strong> Alege\u021bi \u00een func\u021bie de confort \u0219i stil.<\/li>\n<\/ul>\n<h2>Stiluri pentru ocazii speciale<\/h2>\n<p>Pe l\u00e2ng\u0103 \u021binutele casual \u0219i office, o fust\u0103 alb\u0103 poate fi o component\u0103 perfect\u0103 pentru evenimente mai formale. C\u00e2nd se apropie o sear\u0103 special\u0103, o po\u021bi combina \u00eentr-un mod elegant. Iat\u0103 c\u00e2teva idei:<\/p>\n<p>Stilul de sear\u0103 ar trebui s\u0103 fie extrem de bine g\u00e2ndit \u0219i rafinat \u00een fiecare detaliu. O fust\u0103 alb\u0103 combinat\u0103 cu accesoriile potrivite va crea o impresie puternic\u0103. Mai jos sunt cele mai interesante combina\u021bii:<\/p>\n<ul>\n<li><strong>Bluz\u0103 neagr\u0103 din dantel\u0103:<\/strong> Va crea un look elegant \u0219i senzual.<\/li>\n<li><strong>Accesorii metalice:<\/strong> Bijuteriile \u00een stil glamour vor ad\u0103uga str\u0103lucire.<\/li>\n<li><strong>Tocuri \u00eenalte:<\/strong> \u00ce\u021bi vor lungi perfect picioarele \u0219i vor ad\u0103uga farmec.<\/li>\n<\/ul>\n<h2>Ce culori \u0219i modele se potrivesc cel mai bine cu o fust\u0103 alb\u0103?<\/h2>\n<p>O fust\u0103 alb\u0103 este suficient de versatil\u0103 pentru a fi asortat\u0103 cu o varietate de culori. Merit\u0103 s\u0103 acorda\u021bi aten\u021bie:<\/p>\n<ul>\n<li><strong>Culori contrastante:<\/strong> Negru, bleumarin sau ro\u0219u.<\/li>\n<li><strong>Nuan\u021be pastelate:<\/strong> Diverse pasteluri vor completa perfect aspectul delicat.<\/li>\n<li><strong>Modele:<\/strong> Flori, dungi sau motive geometrice care vor \u00eenviora stilul.<\/li>\n<\/ul>\n<h2>Rezumat<\/h2>\n<p>O fust\u0103 alb\u0103 este o pies\u0103 vestimentar\u0103 care merit\u0103 un loc special \u00een garderoba noastr\u0103. Versatilitatea sa v\u0103 permite s\u0103 crea\u021bi o varietate de stiluri care vor func\u021biona at\u00e2t pentru \u021binutele de zi cu zi, c\u00e2t \u0219i pentru ocazii speciale. Cheia succesului este combinarea iscusit\u0103 de culori \u0219i accesorii care \u00eei vor accentua elegan\u021ba. Nu uita\u021bi s\u0103 nu v\u0103 fie team\u0103 s\u0103 experimenta\u021bi \u0219i s\u0103 crea\u021bi propriile combina\u021bii originale. Posibilit\u0103\u021bile sunt practic nelimitate \u0219i fiecare \u021binut\u0103 poate fi unic\u0103.<\/p>\n<h2>\u00centreb\u0103ri frecvente<\/h2>\n<ul>\n<li><strong>Ce pantofi se potrivesc cel mai bine cu o fust\u0103 alb\u0103?<\/strong>\n<ul>\n<li>Sandale cu toc pentru ie\u0219irile de var\u0103.<\/li>\n<li>Teni\u0219i pentru stil casual.<\/li>\n<li>Balerine clasice pentru birou.<\/li>\n<\/ul>\n<\/li>\n<li><strong>Se potrive\u0219te o fust\u0103 alb\u0103 oric\u0103rui tip de corp?<\/strong>\n<ul>\n<li>Da, o fust\u0103 alb\u0103 poate fi stilizat\u0103 \u00eentr-un mod care eviden\u021biaz\u0103 avantajele diferitelor forme ale corpului.<\/li>\n<\/ul>\n<\/li>\n<li><strong>Ce accesorii pot asorta cu o fust\u0103 alb\u0103?<\/strong>\n<ul>\n<li>Bijuterii din aur sau argint.<\/li>\n<li>Gen\u021bi colorate care vor ad\u0103uga caracter stilului t\u0103u.<\/li>\n<\/ul>\n<\/li>\n<li><strong>Se poate purta o fust\u0103 alb\u0103 iarna?<\/strong>\n<ul>\n<li>Da! Pur \u0219i simplu asorteaz\u0103-l cu colan\u021bii potrivi\u021bi \u0219i \u00eenc\u0103l\u021b\u0103minte c\u0103lduroas\u0103.<\/li>\n<\/ul>\n<\/li>\n<\/ul>","protected":false},"excerpt":{"rendered":"<p>Bia\u0142a sp\u00f3dnica to jeden z tych element\u00f3w ubrania, kt\u00f3ry przyci\u0105ga uwag\u0119 swoj\u0105 uniwersalno\u015bci\u0105 oraz mo\u017cliwo\u015bci\u0105 stylizacji. Ka\u017cda kobieta wie, \u017ce bia\u0142a sp\u00f3dnica mo\u017ce by\u0107 fundamentem r\u00f3\u017cnych, ciekawych outfit\u00f3w. Mo\u017cna j\u0105 nosi\u0107 zar\u00f3wno na co dzie\u0144, jak i na wyj\u0105tkowe okazje. W\u0142a\u015bciwe dobranie dodatk\u00f3w, a tak\u017ce innych element\u00f3w odzie\u017cy sprawia, \u017ce jeden model sp\u00f3dnicy mo\u017ce w [&hellip;]<\/p>","protected":false},"author":1,"featured_media":197,"comment_status":"closed","ping_status":"closed","sticky":false,"template":"","format":"standard","meta":{"_acf_changed":false,"footnotes":""},"categories":[1],"tags":[],"class_list":["post-228","post","type-post","status-publish","format-standard","has-post-thumbnail","hentry","category-blog"],"acf":[],"yoast_head":"<!-- This site is optimized with the Yoast SEO plugin v23.2 - https:\/\/yoast.com\/wordpress\/plugins\/seo\/ -->\n<title>Z czym \u0142\u0105czy\u0107 bia\u0142\u0105 sp\u00f3dnic\u0119? Poznaj modne stylizacje na ka\u017cd\u0105 okazj\u0119!<\/title>\n<meta name=\"description\" content=\"Odkryj, jak stylowo nosi\u0107 bia\u0142\u0105 sp\u00f3dnic\u0119! Przeczytaj nasze inspiracje na co dzie\u0144 oraz na wyj\u0105tkowe okazje.\" \/>\n<meta name=\"robots\" content=\"index, follow, max-snippet:-1, max-image-preview:large, max-video-preview:-1\" \/>\n<link rel=\"canonical\" href=\"https:\/\/polscy-kierowcy.pl\/ro\/z-czym-laczyc-biala-spodnice-poznaj-nasze-stylizacje\/\" \/>\n<meta property=\"og:locale\" content=\"ro_RO\" \/>\n<meta property=\"og:type\" content=\"article\" \/>\n<meta property=\"og:title\" content=\"Z czym \u0142\u0105czy\u0107 bia\u0142\u0105 sp\u00f3dnic\u0119? Poznaj modne stylizacje na ka\u017cd\u0105 okazj\u0119!\" \/>\n<meta property=\"og:description\" content=\"Odkryj, jak stylowo nosi\u0107 bia\u0142\u0105 sp\u00f3dnic\u0119! Przeczytaj nasze inspiracje na co dzie\u0144 oraz na wyj\u0105tkowe okazje.\" \/>\n<meta property=\"og:url\" content=\"https:\/\/polscy-kierowcy.pl\/ro\/z-czym-laczyc-biala-spodnice-poznaj-nasze-stylizacje\/\" \/>\n<meta property=\"og:site_name\" content=\"polscy-kierowcy.pl\" \/>\n<meta property=\"article:published_time\" content=\"2024-11-24T00:00:00+00:00\" \/>\n<meta property=\"og:image\" content=\"https:\/\/polscy-kierowcy.pl\/wp-content\/uploads\/image5cfff5641ae64e5090a3ccef1edbbe01.png\" \/>\n\t<meta property=\"og:image:width\" content=\"1024\" \/>\n\t<meta property=\"og:image:height\" content=\"768\" \/>\n\t<meta property=\"og:image:type\" content=\"image\/png\" \/>\n<meta name=\"author\" content=\"Paulina Kruk\" \/>\n<meta name=\"twitter:card\" content=\"summary_large_image\" \/>\n<meta name=\"twitter:label1\" content=\"Scris de\" \/>\n\t<meta name=\"twitter:data1\" content=\"Paulina Kruk\" \/>\n\t<meta name=\"twitter:label2\" content=\"Timp estimat pentru citire\" \/>\n\t<meta name=\"twitter:data2\" content=\"3 minute\" \/>\n<script type=\"application\/ld+json\" class=\"yoast-schema-graph\">{\"@context\":\"https:\/\/schema.org\",\"@graph\":[{\"@type\":\"WebPage\",\"@id\":\"https:\/\/polscy-kierowcy.pl\/z-czym-laczyc-biala-spodnice-poznaj-nasze-stylizacje\/\",\"url\":\"https:\/\/polscy-kierowcy.pl\/z-czym-laczyc-biala-spodnice-poznaj-nasze-stylizacje\/\",\"name\":\"Z czym \u0142\u0105czy\u0107 bia\u0142\u0105 sp\u00f3dnic\u0119? Poznaj modne stylizacje na ka\u017cd\u0105 okazj\u0119!\",\"isPartOf\":{\"@id\":\"https:\/\/polscy-kierowcy.pl\/#website\"},\"primaryImageOfPage\":{\"@id\":\"https:\/\/polscy-kierowcy.pl\/z-czym-laczyc-biala-spodnice-poznaj-nasze-stylizacje\/#primaryimage\"},\"image\":{\"@id\":\"https:\/\/polscy-kierowcy.pl\/z-czym-laczyc-biala-spodnice-poznaj-nasze-stylizacje\/#primaryimage\"},\"thumbnailUrl\":\"https:\/\/polscy-kierowcy.pl\/wp-content\/uploads\/image5cfff5641ae64e5090a3ccef1edbbe01.png\",\"datePublished\":\"2024-11-24T00:00:00+00:00\",\"dateModified\":\"2024-11-24T00:00:00+00:00\",\"author\":{\"@id\":\"https:\/\/polscy-kierowcy.pl\/#\/schema\/person\/66f7250202134445459bce344c706e46\"},\"description\":\"Odkryj, jak stylowo nosi\u0107 bia\u0142\u0105 sp\u00f3dnic\u0119! Przeczytaj nasze inspiracje na co dzie\u0144 oraz na wyj\u0105tkowe okazje.\",\"breadcrumb\":{\"@id\":\"https:\/\/polscy-kierowcy.pl\/z-czym-laczyc-biala-spodnice-poznaj-nasze-stylizacje\/#breadcrumb\"},\"inLanguage\":\"ro-RO\",\"potentialAction\":[{\"@type\":\"ReadAction\",\"target\":[\"https:\/\/polscy-kierowcy.pl\/z-czym-laczyc-biala-spodnice-poznaj-nasze-stylizacje\/\"]}]},{\"@type\":\"ImageObject\",\"inLanguage\":\"ro-RO\",\"@id\":\"https:\/\/polscy-kierowcy.pl\/z-czym-laczyc-biala-spodnice-poznaj-nasze-stylizacje\/#primaryimage\",\"url\":\"https:\/\/polscy-kierowcy.pl\/wp-content\/uploads\/image5cfff5641ae64e5090a3ccef1edbbe01.png\",\"contentUrl\":\"https:\/\/polscy-kierowcy.pl\/wp-content\/uploads\/image5cfff5641ae64e5090a3ccef1edbbe01.png\",\"width\":1024,\"height\":768},{\"@type\":\"BreadcrumbList\",\"@id\":\"https:\/\/polscy-kierowcy.pl\/z-czym-laczyc-biala-spodnice-poznaj-nasze-stylizacje\/#breadcrumb\",\"itemListElement\":[{\"@type\":\"ListItem\",\"position\":1,\"name\":\"Home\",\"item\":\"https:\/\/polscy-kierowcy.pl\/\"},{\"@type\":\"ListItem\",\"position\":2,\"name\":\"Z czym \u0142\u0105czy\u0107 bia\u0142\u0105 sp\u00f3dnic\u0119? Poznaj nasze stylizacje!\"}]},{\"@type\":\"WebSite\",\"@id\":\"https:\/\/polscy-kierowcy.pl\/#website\",\"url\":\"https:\/\/polscy-kierowcy.pl\/\",\"name\":\"polscy-kierowcy.pl\",\"description\":\"Tureckie sukienki: pi\u0119kno w tradycji.\",\"potentialAction\":[{\"@type\":\"SearchAction\",\"target\":{\"@type\":\"EntryPoint\",\"urlTemplate\":\"https:\/\/polscy-kierowcy.pl\/?s={search_term_string}\"},\"query-input\":\"required name=search_term_string\"}],\"inLanguage\":\"ro-RO\"},{\"@type\":\"Person\",\"@id\":\"https:\/\/polscy-kierowcy.pl\/#\/schema\/person\/66f7250202134445459bce344c706e46\",\"name\":\"Paulina Kruk\",\"image\":{\"@type\":\"ImageObject\",\"inLanguage\":\"ro-RO\",\"@id\":\"https:\/\/polscy-kierowcy.pl\/#\/schema\/person\/image\/\",\"url\":\"https:\/\/polscy-kierowcy.pl\/wp-content\/uploads\/ivyzxaomvy6_ad_avatar-96x96.jpg\",\"contentUrl\":\"https:\/\/polscy-kierowcy.pl\/wp-content\/uploads\/ivyzxaomvy6_ad_avatar-96x96.jpg\",\"caption\":\"Paulina Kruk\"},\"description\":\"Paulina Kruk to do\u015bwiadczona specjalistka w dziedzinie mody, prowadz\u0105ca w\u0142asny sklep odzie\u017cowy w Pilaszkowie. Jej pasja do mody i zaanga\u017cowanie w bran\u017cy odzie\u017cowej pozwalaj\u0105 jej na tworzenie unikatowych stylizacji, kt\u00f3re \u0142\u0105cz\u0105 elegancj\u0119 z codziennym komfortem.\",\"url\":\"https:\/\/polscy-kierowcy.pl\/ro\/author\/paulina-kruk\/\"}]}<\/script>\n<!-- \/ Yoast SEO plugin. -->","yoast_head_json":{"title":"Z czym \u0142\u0105czy\u0107 bia\u0142\u0105 sp\u00f3dnic\u0119? Poznaj modne stylizacje na ka\u017cd\u0105 okazj\u0119!","description":"Odkryj, jak stylowo nosi\u0107 bia\u0142\u0105 sp\u00f3dnic\u0119! Przeczytaj nasze inspiracje na co dzie\u0144 oraz na wyj\u0105tkowe okazje.","robots":{"index":"index","follow":"follow","max-snippet":"max-snippet:-1","max-image-preview":"max-image-preview:large","max-video-preview":"max-video-preview:-1"},"canonical":"https:\/\/polscy-kierowcy.pl\/ro\/z-czym-laczyc-biala-spodnice-poznaj-nasze-stylizacje\/","og_locale":"ro_RO","og_type":"article","og_title":"Z czym \u0142\u0105czy\u0107 bia\u0142\u0105 sp\u00f3dnic\u0119? Poznaj modne stylizacje na ka\u017cd\u0105 okazj\u0119!","og_description":"Odkryj, jak stylowo nosi\u0107 bia\u0142\u0105 sp\u00f3dnic\u0119! Przeczytaj nasze inspiracje na co dzie\u0144 oraz na wyj\u0105tkowe okazje.","og_url":"https:\/\/polscy-kierowcy.pl\/ro\/z-czym-laczyc-biala-spodnice-poznaj-nasze-stylizacje\/","og_site_name":"polscy-kierowcy.pl","article_published_time":"2024-11-24T00:00:00+00:00","og_image":[{"width":1024,"height":768,"url":"https:\/\/polscy-kierowcy.pl\/wp-content\/uploads\/image5cfff5641ae64e5090a3ccef1edbbe01.png","type":"image\/png"}],"author":"Paulina Kruk","twitter_card":"summary_large_image","twitter_misc":{"Scris de":"Paulina Kruk","Timp estimat pentru citire":"3 minute"},"schema":{"@context":"https:\/\/schema.org","@graph":[{"@type":"WebPage","@id":"https:\/\/polscy-kierowcy.pl\/z-czym-laczyc-biala-spodnice-poznaj-nasze-stylizacje\/","url":"https:\/\/polscy-kierowcy.pl\/z-czym-laczyc-biala-spodnice-poznaj-nasze-stylizacje\/","name":"Z czym \u0142\u0105czy\u0107 bia\u0142\u0105 sp\u00f3dnic\u0119? Poznaj modne stylizacje na ka\u017cd\u0105 okazj\u0119!","isPartOf":{"@id":"https:\/\/polscy-kierowcy.pl\/#website"},"primaryImageOfPage":{"@id":"https:\/\/polscy-kierowcy.pl\/z-czym-laczyc-biala-spodnice-poznaj-nasze-stylizacje\/#primaryimage"},"image":{"@id":"https:\/\/polscy-kierowcy.pl\/z-czym-laczyc-biala-spodnice-poznaj-nasze-stylizacje\/#primaryimage"},"thumbnailUrl":"https:\/\/polscy-kierowcy.pl\/wp-content\/uploads\/image5cfff5641ae64e5090a3ccef1edbbe01.png","datePublished":"2024-11-24T00:00:00+00:00","dateModified":"2024-11-24T00:00:00+00:00","author":{"@id":"https:\/\/polscy-kierowcy.pl\/#\/schema\/person\/66f7250202134445459bce344c706e46"},"description":"Odkryj, jak stylowo nosi\u0107 bia\u0142\u0105 sp\u00f3dnic\u0119! Przeczytaj nasze inspiracje na co dzie\u0144 oraz na wyj\u0105tkowe okazje.","breadcrumb":{"@id":"https:\/\/polscy-kierowcy.pl\/z-czym-laczyc-biala-spodnice-poznaj-nasze-stylizacje\/#breadcrumb"},"inLanguage":"ro-RO","potentialAction":[{"@type":"ReadAction","target":["https:\/\/polscy-kierowcy.pl\/z-czym-laczyc-biala-spodnice-poznaj-nasze-stylizacje\/"]}]},{"@type":"ImageObject","inLanguage":"ro-RO","@id":"https:\/\/polscy-kierowcy.pl\/z-czym-laczyc-biala-spodnice-poznaj-nasze-stylizacje\/#primaryimage","url":"https:\/\/polscy-kierowcy.pl\/wp-content\/uploads\/image5cfff5641ae64e5090a3ccef1edbbe01.png","contentUrl":"https:\/\/polscy-kierowcy.pl\/wp-content\/uploads\/image5cfff5641ae64e5090a3ccef1edbbe01.png","width":1024,"height":768},{"@type":"BreadcrumbList","@id":"https:\/\/polscy-kierowcy.pl\/z-czym-laczyc-biala-spodnice-poznaj-nasze-stylizacje\/#breadcrumb","itemListElement":[{"@type":"ListItem","position":1,"name":"Home","item":"https:\/\/polscy-kierowcy.pl\/"},{"@type":"ListItem","position":2,"name":"Z czym \u0142\u0105czy\u0107 bia\u0142\u0105 sp\u00f3dnic\u0119? Poznaj nasze stylizacje!"}]},{"@type":"WebSite","@id":"https:\/\/polscy-kierowcy.pl\/#website","url":"https:\/\/polscy-kierowcy.pl\/","name":"polscy-kierowcy.pl","description":"Tureckie sukienki: pi\u0119kno w tradycji.","potentialAction":[{"@type":"SearchAction","target":{"@type":"EntryPoint","urlTemplate":"https:\/\/polscy-kierowcy.pl\/?s={search_term_string}"},"query-input":"required name=search_term_string"}],"inLanguage":"ro-RO"},{"@type":"Person","@id":"https:\/\/polscy-kierowcy.pl\/#\/schema\/person\/66f7250202134445459bce344c706e46","name":"Paulina Kruk","image":{"@type":"ImageObject","inLanguage":"ro-RO","@id":"https:\/\/polscy-kierowcy.pl\/#\/schema\/person\/image\/","url":"https:\/\/polscy-kierowcy.pl\/wp-content\/uploads\/ivyzxaomvy6_ad_avatar-96x96.jpg","contentUrl":"https:\/\/polscy-kierowcy.pl\/wp-content\/uploads\/ivyzxaomvy6_ad_avatar-96x96.jpg","caption":"Paulina Kruk"},"description":"Paulina Kruk to do\u015bwiadczona specjalistka w dziedzinie mody, prowadz\u0105ca w\u0142asny sklep odzie\u017cowy w Pilaszkowie. Jej pasja do mody i zaanga\u017cowanie w bran\u017cy odzie\u017cowej pozwalaj\u0105 jej na tworzenie unikatowych stylizacji, kt\u00f3re \u0142\u0105cz\u0105 elegancj\u0119 z codziennym komfortem.","url":"https:\/\/polscy-kierowcy.pl\/ro\/author\/paulina-kruk\/"}]}},"yoast_meta":{"yoast_wpseo_title":"","yoast_wpseo_metadesc":"","yoast_wpseo_canonical":"https:\/\/polscy-kierowcy.pl\/ro\/wp-json\/wp\/v2\/posts\/228"},"_links":{"self":[{"href":"https:\/\/polscy-kierowcy.pl\/ro\/wp-json\/wp\/v2\/posts\/228"}],"collection":[{"href":"https:\/\/polscy-kierowcy.pl\/ro\/wp-json\/wp\/v2\/posts"}],"about":[{"href":"https:\/\/polscy-kierowcy.pl\/ro\/wp-json\/wp\/v2\/types\/post"}],"author":[{"embeddable":true,"href":"https:\/\/polscy-kierowcy.pl\/ro\/wp-json\/wp\/v2\/users\/1"}],"replies":[{"embeddable":true,"href":"https:\/\/polscy-kierowcy.pl\/ro\/wp-json\/wp\/v2\/comments?post=228"}],"version-history":[{"count":1,"href":"https:\/\/polscy-kierowcy.pl\/ro\/wp-json\/wp\/v2\/posts\/228\/revisions"}],"predecessor-version":[{"id":238,"href":"https:\/\/polscy-kierowcy.pl\/ro\/wp-json\/wp\/v2\/posts\/228\/revisions\/238"}],"wp:featuredmedia":[{"embeddable":true,"href":"https:\/\/polscy-kierowcy.pl\/ro\/wp-json\/wp\/v2\/media\/197"}],"wp:attachment":[{"href":"https:\/\/polscy-kierowcy.pl\/ro\/wp-json\/wp\/v2\/media?parent=228"}],"wp:term":[{"taxonomy":"category","embeddable":true,"href":"https:\/\/polscy-kierowcy.pl\/ro\/wp-json\/wp\/v2\/categories?post=228"},{"taxonomy":"post_tag","embeddable":true,"href":"https:\/\/polscy-kierowcy.pl\/ro\/wp-json\/wp\/v2\/tags?post=228"}],"curies":[{"name":"wp","href":"https:\/\/api.w.org\/{rel}","templated":true}]}}