{"id":226,"date":"2024-11-25T00:00:00","date_gmt":"2024-11-25T00:00:00","guid":{"rendered":"https:\/\/polscy-kierowcy.pl\/?p=226"},"modified":"2024-11-25T00:00:00","modified_gmt":"2024-11-25T00:00:00","slug":"krawat-i-sukienka-para-doskonala-na-co-zwrocic-uwage-szykujac-sie-do-wyjscia","status":"publish","type":"post","link":"https:\/\/polscy-kierowcy.pl\/ro\/krawat-i-sukienka-para-doskonala-na-co-zwrocic-uwage-szykujac-sie-do-wyjscia\/","title":{"rendered":"Cravat\u0103 \u0219i rochie \u2013 perechea perfect\u0103! La ce s\u0103 fii atent c\u00e2nd te preg\u0103te\u0219ti s\u0103 ie\u0219i \u00een ora\u0219?"},"content":{"rendered":"<div class=\"kk-star-ratings kksr-auto kksr-align-left kksr-valign-top\"\n    data-payload='{&quot;align&quot;:&quot;left&quot;,&quot;id&quot;:&quot;226&quot;,&quot;slug&quot;:&quot;default&quot;,&quot;valign&quot;:&quot;top&quot;,&quot;ignore&quot;:&quot;&quot;,&quot;reference&quot;:&quot;auto&quot;,&quot;class&quot;:&quot;&quot;,&quot;count&quot;:&quot;0&quot;,&quot;legendonly&quot;:&quot;&quot;,&quot;readonly&quot;:&quot;&quot;,&quot;score&quot;:&quot;0&quot;,&quot;starsonly&quot;:&quot;&quot;,&quot;best&quot;:&quot;5&quot;,&quot;gap&quot;:&quot;5&quot;,&quot;greet&quot;:&quot;&quot;,&quot;legend&quot;:&quot;0\\\/5 - (0 votes)&quot;,&quot;size&quot;:&quot;24&quot;,&quot;title&quot;:&quot;Krawat i sukienka \u2013 para doskona\u0142a! Na co zwr\u00f3ci\u0107 uwag\u0119 szykuj\u0105c si\u0119 do wyj\u015bcia?&quot;,&quot;width&quot;:&quot;0&quot;,&quot;_legend&quot;:&quot;{score}\\\/{best} - ({count} {votes})&quot;,&quot;font_factor&quot;:&quot;1.25&quot;}'>\n            \n<div class=\"kksr-stars\">\n    \n<div class=\"kksr-stars-inactive\">\n            <div class=\"kksr-star\" data-star=\"1\" style=\"padding-right: 5px\">\n            \n\n<div class=\"kksr-icon\" style=\"width: 24px; height: 24px;\"><\/div>\n        <\/div>\n            <div class=\"kksr-star\" data-star=\"2\" style=\"padding-right: 5px\">\n            \n\n<div class=\"kksr-icon\" style=\"width: 24px; height: 24px;\"><\/div>\n        <\/div>\n            <div class=\"kksr-star\" data-star=\"3\" style=\"padding-right: 5px\">\n            \n\n<div class=\"kksr-icon\" style=\"width: 24px; height: 24px;\"><\/div>\n        <\/div>\n            <div class=\"kksr-star\" data-star=\"4\" style=\"padding-right: 5px\">\n            \n\n<div class=\"kksr-icon\" style=\"width: 24px; height: 24px;\"><\/div>\n        <\/div>\n            <div class=\"kksr-star\" data-star=\"5\" style=\"padding-right: 5px\">\n            \n\n<div class=\"kksr-icon\" style=\"width: 24px; height: 24px;\"><\/div>\n        <\/div>\n    <\/div>\n    \n<div class=\"kksr-stars-active\" style=\"width: 0px;\">\n            <div class=\"kksr-star\" style=\"padding-right: 5px\">\n            \n\n<div class=\"kksr-icon\" style=\"width: 24px; height: 24px;\"><\/div>\n        <\/div>\n            <div class=\"kksr-star\" style=\"padding-right: 5px\">\n            \n\n<div class=\"kksr-icon\" style=\"width: 24px; height: 24px;\"><\/div>\n        <\/div>\n            <div class=\"kksr-star\" style=\"padding-right: 5px\">\n            \n\n<div class=\"kksr-icon\" style=\"width: 24px; height: 24px;\"><\/div>\n        <\/div>\n            <div class=\"kksr-star\" style=\"padding-right: 5px\">\n            \n\n<div class=\"kksr-icon\" style=\"width: 24px; height: 24px;\"><\/div>\n        <\/div>\n            <div class=\"kksr-star\" style=\"padding-right: 5px\">\n            \n\n<div class=\"kksr-icon\" style=\"width: 24px; height: 24px;\"><\/div>\n        <\/div>\n    <\/div>\n<\/div>\n                \n\n<div class=\"kksr-legend\" style=\"font-size: 19.2px;\">\n            <span class=\"kksr-muted\"><\/span>\n    <\/div>\n    <\/div>\n<p>\u00cen lumea modei, potrivirea perfect\u0103 a hainelor poate schimba modul \u00een care ne percepem pe noi \u00een\u0219ine \u0219i cum suntem percepu\u021bi de ceilal\u021bi. Combina\u021bia dintre o cravat\u0103 \u0219i o rochie poate p\u0103rea neobi\u0219nuit\u0103, dar atunci c\u00e2nd sunt combinate corect, ele vor crea o compozi\u021bie care va atrage aten\u021bia \u0219i va accentua personalitatea. O cravat\u0103 elegant\u0103 \u0219i o rochie stilat\u0103 sunt un duet perfect pentru diverse ocazii - de la evenimente formale la \u00eent\u00e2lniri informale. Cheia succesului nu const\u0103 doar \u00een alegerea elementelor potrivite, ci \u0219i \u00een combinarea lor atent\u0103 \u0219i \u00een selec\u021bia accesoriilor care vor completa \u00eentregul. A\u0219adar, merit\u0103 s\u0103 arunc\u0103m o privire mai atent\u0103 asupra acestor detalii \u0219i s\u0103 \u00een\u021belegem la ce s\u0103 fim aten\u021bi atunci c\u00e2nd ne preg\u0103tim s\u0103 ie\u0219im \u00een ora\u0219. Iat\u0103 c\u00e2teva dintre cele mai bune sfaturi ale noastre!<\/p>\n<h2>Alegerea rochiei potrivite<\/h2>\n<p><img decoding=\"async\" alt=\"Kobieta w r\u00f3\u017cowej bluzce wi\u0105\u017ce z\u0142oty krawat, w tle rozmyte kwiaty.\" src=\"https:\/\/polscy-kierowcy.pl\/wp-content\/uploads\/image23452b1318044c968a68b79250e5f372.png\"\/><\/p>\n<p>Alegerea rochiei trebuie analizat\u0103 cu aten\u021bie, deoarece este un element cheie al \u00eentregului stilism. Rochiile elegante difer\u0103 nu doar prin croial\u0103, ci \u0219i prin material \u0219i culoare, ceea ce are un impact uria\u0219 asupra modului \u00een care se vor potrivi cu o cravat\u0103. Merit\u0103 s\u0103 iei \u00een considerare ce ocazii vor avea loc \u0219i \u00een ce stil vrei s\u0103 te prezin\u021bi. Pentru evenimentele formale, rochiile cu croi clasic vor fi cele mai potrivite, \u00een timp ce pentru evenimentele mai pu\u021bin formale po\u021bi opta pentru stiluri mai casual. De asemenea, nu uita de lungimea rochiei - modelele lungi arat\u0103 grozav \u00eentr-un stil elegant, dar versiunile mai scurte sunt ideale pentru a ad\u0103uga un strop de prospe\u021bime \u0219i a te distra cu accesorii.<\/p>\n<p>Atunci c\u00e2nd alegi o cravat\u0103 pentru o rochie, merit\u0103 s\u0103 iei \u00een considerare ce stil se potrive\u0219te cel mai bine. De exemplu, o rochie elegant\u0103 necesit\u0103 o cravat\u0103 mai discret\u0103, de preferin\u021b\u0103 \u00eentr-o culoare clasic\u0103. Pentru rochiile casual, po\u021bi opta pentru modele \u0219i culori mai \u00eendr\u0103zne\u021be. Cheia este ca stilul pe care \u00eel alegi s\u0103-\u021bi scoat\u0103 \u00een eviden\u021b\u0103 individualitatea, fiind \u00een acela\u0219i timp potrivit pentru ocazie. A\u0219adar, consult\u0103 tabelul de mai jos pentru a \u00een\u021belege mai bine cum s\u0103 asortezi cravatele cu diferite stiluri de rochii:<\/p>\n<table border=\"1\">\n<tr>\n<th>Stilul vestimentar<\/th>\n<th>Cravat\u0103 sugerat\u0103<\/th>\n<\/tr>\n<tr>\n<td>Elegant<\/td>\n<td>Cravat\u0103 vi\u0219inie<\/td>\n<\/tr>\n<tr>\n<td>Casual<\/td>\n<td>Cravat\u0103 \u00een zig-zag sau floral\u0103<\/td>\n<\/tr>\n<tr>\n<td>Cu ocazia<\/td>\n<td>Cravat\u0103 \u00een culoarea aurie clasic\u0103<\/td>\n<\/tr>\n<\/table>\n<h2>Semnifica\u021bia culorilor \u0219i modelelor<\/h2>\n<p><img decoding=\"async\" alt=\"Para w eleganckich strojach: ona w \u017c\u00f3\u0142tej sukience w kwiaty, on w szarym garniturze, stoj\u0105 w parku.\" src=\"https:\/\/polscy-kierowcy.pl\/wp-content\/uploads\/imagea8bd5576e4dc4edd956f266ebbab842a.png\"\/><\/p>\n<p>Culorile \u0219i modelele joac\u0103 un rol cheie \u00een crearea unui stil armonios. O palet\u0103 de culori selectat\u0103 corespunz\u0103tor poate accentua at\u00e2t frumuse\u021bea ta, c\u00e2t \u0219i caracterul stilului \u00een sine. Atunci c\u00e2nd alegi culori, merit\u0103 s\u0103 urmezi principiul complementarit\u0103\u021bii, adic\u0103 s\u0103 alegi culori care se eviden\u021biaz\u0103 reciproc. Exemple de astfel de combina\u021bii includ ro\u0219u \u0219i negru sau albastru \u0219i alb. \u00cen plus, culorile contrastante pot ad\u0103uga energie \u0219i vioiciune. Mai jos vei g\u0103si exemple de culori \u0219i posibilele lor combina\u021bii:<\/p>\n<ul>\n<li>Cravat\u0103 bleumarin cu rochie galben\u0103<\/li>\n<li>Cravat\u0103 vi\u0219inie cu rochie alb\u0103<\/li>\n<li>Cravat\u0103 verde cu rochie neagr\u0103<\/li>\n<\/ul>\n<h2>Selec\u021bia de accesorii<\/h2>\n<p>Accesoriile sunt, f\u0103r\u0103 \u00eendoial\u0103, un element cheie al oric\u0103rui stil, deoarece au puterea de a transforma o simpl\u0103 combina\u021bie \u00een ceva unic. Accesoriile atent selectate pot ad\u0103uga caracter \u00eentregii \u021binute, dar ave\u021bi grij\u0103 s\u0103 nu exagera\u021bi. Combina\u021biile inedite de bijuterii, gen\u021bi \u0219i pantofi sunt o obliga\u021bie strict\u0103 \u00een lupta pentru look-ul perfect. Accesoriile recomandate ar trebui s\u0103 se armonizeze cu cravata \u0219i rochia sau, dimpotriv\u0103, s\u0103 constituie un contrast puternic. Consulta\u021bi lista de mai jos pentru a v\u0103 inspira \u00een alegerea accesoriilor perfecte:<\/p>\n<ul>\n<li>Cercei subtili \u00een culoarea rochiei<\/li>\n<li>O geant\u0103 elegant\u0103 \u00een nuan\u021ba unei cravate<\/li>\n<li>Pantofi \u00een culori neutre pentru a nu distrage aten\u021bia<\/li>\n<\/ul>\n<h2>Completarea aspectului: coafur\u0103 \u0219i machiaj<\/h2>\n<p>Stilizarea nu se refer\u0103 doar la haine \u0219i accesorii, ci \u0219i la detalii precum coafura \u0219i machiajul, care au un impact uria\u0219 asupra imaginii de ansamblu. Alegerea coafurii ar trebui adaptat\u0103 formalit\u0103\u021bii stiliz\u0103rii. O rochie elegant\u0103 \u0219i o cravat\u0103 necesit\u0103 de obicei coafuri mai subtile \u0219i armonioase. Po\u021bi lua \u00een considerare un coc clasic sau onduleuri delicate care vor ad\u0103uga elegan\u021b\u0103. Mai mult, machiajul ar trebui s\u0103 fie \u0219i el discret pentru a nu umbri ceea ce reprezin\u021bi prin hainele alese. Cheia este s\u0103 \u00eel echilibrezi, ceea ce te va face s\u0103 te sim\u021bi confortabil \u0219i unic\u0103.<\/p>\n<h2>Rezumat<\/h2>\n<p>Crearea look-ului perfect de rochie \u0219i cravat\u0103 este o art\u0103 care necesit\u0103 aten\u021bie la detalii. Nu uita s\u0103 te g\u00e2nde\u0219ti cu aten\u021bie la fiecare decizie pe care o iei \u2013 de la alegerea unei rochii, trec\u00e2nd prin cravat\u0103, p\u00e2n\u0103 la accesorii. O combina\u021bie armonioas\u0103 a acestor elemente nu numai c\u0103 \u00ee\u021bi va scoate \u00een eviden\u021b\u0103 frumuse\u021bea, ci \u0219i personalitatea. Aspectul cheie este s\u0103 faci alegeri care s\u0103 reflecte stilul \u0219i caracterul t\u0103u. \u00cen cele din urm\u0103, cel mai important lucru este s\u0103 te sim\u021bi \u00eencrez\u0103toare \u0219i confortabil\u0103 \u00een ceea ce por\u021bi. Vei crea un look care \u00eei va impresiona pe ceilal\u021bi? Desigur!<\/p>\n<h2>\u00centreb\u0103ri frecvente<\/h2>\n<ul>\n<li><strong>Ce culori de cravate se potrivesc cel mai bine cu o rochie neagr\u0103?<\/strong> Practic toate culorile se potrivesc cu o rochie neagr\u0103, dar cravatele vi\u0219inie, bleumarin sau aurii sunt deosebit de clasice.<\/li>\n<li><strong>Se poate purta o cravat\u0103 cu o rochie scurt\u0103?<\/strong> Da, o cravat\u0103 este grozav\u0103 pentru rochiile scurte, mai ales \u00een stilurile casual.<\/li>\n<li><strong>Ce accesorii se potrivesc cel mai bine cu o cravat\u0103 \u0219i o rochie?<\/strong> Cerceii subtili \u0219i o geant\u0103 elegant\u0103 \u00een culoarea cravatei sau a rochiei vor merge bine.<\/li>\n<li><strong>Cum s\u0103-\u021bi asortezi coafura cu cravata?<\/strong> Coafura ar trebui s\u0103 fie \u00een armonie cu formalitatea \u00eentregului stil - cocurile elegante sau onduleurile naturale vor fi o alegere excelent\u0103.<\/li>\n<\/ul>","protected":false},"excerpt":{"rendered":"<p>W \u015bwiecie mody, idealne dopasowanie ubra\u0144 mo\u017ce zmienia\u0107 spos\u00f3b, w jaki postrzegamy siebie i jak jeste\u015bmy postrzegani przez innych. Po\u0142\u0105czenie krawata z sukienk\u0105 mo\u017ce wydawa\u0107 si\u0119 nietypowe, ale odpowiednio zestawione, stworz\u0105 kompozycj\u0119, kt\u00f3ra przyci\u0105gnie wzrok i podkre\u015bli osobowo\u015b\u0107. Elegancki krawat i stylowa sukienka s\u0105 duetem, kt\u00f3ry doskonale nadaje si\u0119 na r\u00f3\u017cne okazje &#8211; od formalnych [&hellip;]<\/p>","protected":false},"author":1,"featured_media":182,"comment_status":"closed","ping_status":"closed","sticky":false,"template":"","format":"standard","meta":{"_acf_changed":false,"footnotes":""},"categories":[1],"tags":[],"class_list":["post-226","post","type-post","status-publish","format-standard","has-post-thumbnail","hentry","category-blog"],"acf":[],"yoast_head":"<!-- This site is optimized with the Yoast SEO plugin v23.2 - https:\/\/yoast.com\/wordpress\/plugins\/seo\/ -->\n<title>Krawat i sukienka \u2013 idealne po\u0142\u0105czenie! Sprawd\u017a, jak stworzy\u0107 perfekcyjny look na ka\u017cd\u0105 okazj\u0119.<\/title>\n<meta name=\"description\" content=\"Odkryj sekrety idealnego po\u0142\u0105czenia krawata i sukienki! Dowiedz si\u0119, jak dobra\u0107 kolory, dodatki i fryzur\u0119, aby zachwyci\u0107.\" \/>\n<meta name=\"robots\" content=\"index, follow, max-snippet:-1, max-image-preview:large, max-video-preview:-1\" \/>\n<link rel=\"canonical\" href=\"https:\/\/polscy-kierowcy.pl\/ro\/krawat-i-sukienka-para-doskonala-na-co-zwrocic-uwage-szykujac-sie-do-wyjscia\/\" \/>\n<meta property=\"og:locale\" content=\"ro_RO\" \/>\n<meta property=\"og:type\" content=\"article\" \/>\n<meta property=\"og:title\" content=\"Krawat i sukienka \u2013 idealne po\u0142\u0105czenie! Sprawd\u017a, jak stworzy\u0107 perfekcyjny look na ka\u017cd\u0105 okazj\u0119.\" \/>\n<meta property=\"og:description\" content=\"Odkryj sekrety idealnego po\u0142\u0105czenia krawata i sukienki! Dowiedz si\u0119, jak dobra\u0107 kolory, dodatki i fryzur\u0119, aby zachwyci\u0107.\" \/>\n<meta property=\"og:url\" content=\"https:\/\/polscy-kierowcy.pl\/ro\/krawat-i-sukienka-para-doskonala-na-co-zwrocic-uwage-szykujac-sie-do-wyjscia\/\" \/>\n<meta property=\"og:site_name\" content=\"polscy-kierowcy.pl\" \/>\n<meta property=\"article:published_time\" content=\"2024-11-25T00:00:00+00:00\" \/>\n<meta property=\"og:image\" content=\"https:\/\/polscy-kierowcy.pl\/wp-content\/uploads\/image1305daae5bf84ac5a2b440b6956e099f.png\" \/>\n\t<meta property=\"og:image:width\" content=\"1024\" \/>\n\t<meta property=\"og:image:height\" content=\"768\" \/>\n\t<meta property=\"og:image:type\" content=\"image\/png\" \/>\n<meta name=\"author\" content=\"Paulina Kruk\" \/>\n<meta name=\"twitter:card\" content=\"summary_large_image\" \/>\n<meta name=\"twitter:label1\" content=\"Scris de\" \/>\n\t<meta name=\"twitter:data1\" content=\"Paulina Kruk\" \/>\n\t<meta name=\"twitter:label2\" content=\"Timp estimat pentru citire\" \/>\n\t<meta name=\"twitter:data2\" content=\"4 minute\" \/>\n<script type=\"application\/ld+json\" class=\"yoast-schema-graph\">{\"@context\":\"https:\/\/schema.org\",\"@graph\":[{\"@type\":\"WebPage\",\"@id\":\"https:\/\/polscy-kierowcy.pl\/krawat-i-sukienka-para-doskonala-na-co-zwrocic-uwage-szykujac-sie-do-wyjscia\/\",\"url\":\"https:\/\/polscy-kierowcy.pl\/krawat-i-sukienka-para-doskonala-na-co-zwrocic-uwage-szykujac-sie-do-wyjscia\/\",\"name\":\"Krawat i sukienka \u2013 idealne po\u0142\u0105czenie! Sprawd\u017a, jak stworzy\u0107 perfekcyjny look na ka\u017cd\u0105 okazj\u0119.\",\"isPartOf\":{\"@id\":\"https:\/\/polscy-kierowcy.pl\/#website\"},\"primaryImageOfPage\":{\"@id\":\"https:\/\/polscy-kierowcy.pl\/krawat-i-sukienka-para-doskonala-na-co-zwrocic-uwage-szykujac-sie-do-wyjscia\/#primaryimage\"},\"image\":{\"@id\":\"https:\/\/polscy-kierowcy.pl\/krawat-i-sukienka-para-doskonala-na-co-zwrocic-uwage-szykujac-sie-do-wyjscia\/#primaryimage\"},\"thumbnailUrl\":\"https:\/\/polscy-kierowcy.pl\/wp-content\/uploads\/image1305daae5bf84ac5a2b440b6956e099f.png\",\"datePublished\":\"2024-11-25T00:00:00+00:00\",\"dateModified\":\"2024-11-25T00:00:00+00:00\",\"author\":{\"@id\":\"https:\/\/polscy-kierowcy.pl\/#\/schema\/person\/66f7250202134445459bce344c706e46\"},\"description\":\"Odkryj sekrety idealnego po\u0142\u0105czenia krawata i sukienki! Dowiedz si\u0119, jak dobra\u0107 kolory, dodatki i fryzur\u0119, aby zachwyci\u0107.\",\"breadcrumb\":{\"@id\":\"https:\/\/polscy-kierowcy.pl\/krawat-i-sukienka-para-doskonala-na-co-zwrocic-uwage-szykujac-sie-do-wyjscia\/#breadcrumb\"},\"inLanguage\":\"ro-RO\",\"potentialAction\":[{\"@type\":\"ReadAction\",\"target\":[\"https:\/\/polscy-kierowcy.pl\/krawat-i-sukienka-para-doskonala-na-co-zwrocic-uwage-szykujac-sie-do-wyjscia\/\"]}]},{\"@type\":\"ImageObject\",\"inLanguage\":\"ro-RO\",\"@id\":\"https:\/\/polscy-kierowcy.pl\/krawat-i-sukienka-para-doskonala-na-co-zwrocic-uwage-szykujac-sie-do-wyjscia\/#primaryimage\",\"url\":\"https:\/\/polscy-kierowcy.pl\/wp-content\/uploads\/image1305daae5bf84ac5a2b440b6956e099f.png\",\"contentUrl\":\"https:\/\/polscy-kierowcy.pl\/wp-content\/uploads\/image1305daae5bf84ac5a2b440b6956e099f.png\",\"width\":1024,\"height\":768},{\"@type\":\"BreadcrumbList\",\"@id\":\"https:\/\/polscy-kierowcy.pl\/krawat-i-sukienka-para-doskonala-na-co-zwrocic-uwage-szykujac-sie-do-wyjscia\/#breadcrumb\",\"itemListElement\":[{\"@type\":\"ListItem\",\"position\":1,\"name\":\"Home\",\"item\":\"https:\/\/polscy-kierowcy.pl\/\"},{\"@type\":\"ListItem\",\"position\":2,\"name\":\"Krawat i sukienka \u2013 para doskona\u0142a! Na co zwr\u00f3ci\u0107 uwag\u0119 szykuj\u0105c si\u0119 do wyj\u015bcia?\"}]},{\"@type\":\"WebSite\",\"@id\":\"https:\/\/polscy-kierowcy.pl\/#website\",\"url\":\"https:\/\/polscy-kierowcy.pl\/\",\"name\":\"polscy-kierowcy.pl\",\"description\":\"Tureckie sukienki: pi\u0119kno w tradycji.\",\"potentialAction\":[{\"@type\":\"SearchAction\",\"target\":{\"@type\":\"EntryPoint\",\"urlTemplate\":\"https:\/\/polscy-kierowcy.pl\/?s={search_term_string}\"},\"query-input\":\"required name=search_term_string\"}],\"inLanguage\":\"ro-RO\"},{\"@type\":\"Person\",\"@id\":\"https:\/\/polscy-kierowcy.pl\/#\/schema\/person\/66f7250202134445459bce344c706e46\",\"name\":\"Paulina Kruk\",\"image\":{\"@type\":\"ImageObject\",\"inLanguage\":\"ro-RO\",\"@id\":\"https:\/\/polscy-kierowcy.pl\/#\/schema\/person\/image\/\",\"url\":\"https:\/\/polscy-kierowcy.pl\/wp-content\/uploads\/ivyzxaomvy6_ad_avatar-96x96.jpg\",\"contentUrl\":\"https:\/\/polscy-kierowcy.pl\/wp-content\/uploads\/ivyzxaomvy6_ad_avatar-96x96.jpg\",\"caption\":\"Paulina Kruk\"},\"description\":\"Paulina Kruk to do\u015bwiadczona specjalistka w dziedzinie mody, prowadz\u0105ca w\u0142asny sklep odzie\u017cowy w Pilaszkowie. Jej pasja do mody i zaanga\u017cowanie w bran\u017cy odzie\u017cowej pozwalaj\u0105 jej na tworzenie unikatowych stylizacji, kt\u00f3re \u0142\u0105cz\u0105 elegancj\u0119 z codziennym komfortem.\",\"url\":\"https:\/\/polscy-kierowcy.pl\/ro\/author\/paulina-kruk\/\"}]}<\/script>\n<!-- \/ Yoast SEO plugin. -->","yoast_head_json":{"title":"Krawat i sukienka \u2013 idealne po\u0142\u0105czenie! Sprawd\u017a, jak stworzy\u0107 perfekcyjny look na ka\u017cd\u0105 okazj\u0119.","description":"Odkryj sekrety idealnego po\u0142\u0105czenia krawata i sukienki! Dowiedz si\u0119, jak dobra\u0107 kolory, dodatki i fryzur\u0119, aby zachwyci\u0107.","robots":{"index":"index","follow":"follow","max-snippet":"max-snippet:-1","max-image-preview":"max-image-preview:large","max-video-preview":"max-video-preview:-1"},"canonical":"https:\/\/polscy-kierowcy.pl\/ro\/krawat-i-sukienka-para-doskonala-na-co-zwrocic-uwage-szykujac-sie-do-wyjscia\/","og_locale":"ro_RO","og_type":"article","og_title":"Krawat i sukienka \u2013 idealne po\u0142\u0105czenie! Sprawd\u017a, jak stworzy\u0107 perfekcyjny look na ka\u017cd\u0105 okazj\u0119.","og_description":"Odkryj sekrety idealnego po\u0142\u0105czenia krawata i sukienki! Dowiedz si\u0119, jak dobra\u0107 kolory, dodatki i fryzur\u0119, aby zachwyci\u0107.","og_url":"https:\/\/polscy-kierowcy.pl\/ro\/krawat-i-sukienka-para-doskonala-na-co-zwrocic-uwage-szykujac-sie-do-wyjscia\/","og_site_name":"polscy-kierowcy.pl","article_published_time":"2024-11-25T00:00:00+00:00","og_image":[{"width":1024,"height":768,"url":"https:\/\/polscy-kierowcy.pl\/wp-content\/uploads\/image1305daae5bf84ac5a2b440b6956e099f.png","type":"image\/png"}],"author":"Paulina Kruk","twitter_card":"summary_large_image","twitter_misc":{"Scris de":"Paulina Kruk","Timp estimat pentru citire":"4 minute"},"schema":{"@context":"https:\/\/schema.org","@graph":[{"@type":"WebPage","@id":"https:\/\/polscy-kierowcy.pl\/krawat-i-sukienka-para-doskonala-na-co-zwrocic-uwage-szykujac-sie-do-wyjscia\/","url":"https:\/\/polscy-kierowcy.pl\/krawat-i-sukienka-para-doskonala-na-co-zwrocic-uwage-szykujac-sie-do-wyjscia\/","name":"Krawat i sukienka \u2013 idealne po\u0142\u0105czenie! Sprawd\u017a, jak stworzy\u0107 perfekcyjny look na ka\u017cd\u0105 okazj\u0119.","isPartOf":{"@id":"https:\/\/polscy-kierowcy.pl\/#website"},"primaryImageOfPage":{"@id":"https:\/\/polscy-kierowcy.pl\/krawat-i-sukienka-para-doskonala-na-co-zwrocic-uwage-szykujac-sie-do-wyjscia\/#primaryimage"},"image":{"@id":"https:\/\/polscy-kierowcy.pl\/krawat-i-sukienka-para-doskonala-na-co-zwrocic-uwage-szykujac-sie-do-wyjscia\/#primaryimage"},"thumbnailUrl":"https:\/\/polscy-kierowcy.pl\/wp-content\/uploads\/image1305daae5bf84ac5a2b440b6956e099f.png","datePublished":"2024-11-25T00:00:00+00:00","dateModified":"2024-11-25T00:00:00+00:00","author":{"@id":"https:\/\/polscy-kierowcy.pl\/#\/schema\/person\/66f7250202134445459bce344c706e46"},"description":"Odkryj sekrety idealnego po\u0142\u0105czenia krawata i sukienki! Dowiedz si\u0119, jak dobra\u0107 kolory, dodatki i fryzur\u0119, aby zachwyci\u0107.","breadcrumb":{"@id":"https:\/\/polscy-kierowcy.pl\/krawat-i-sukienka-para-doskonala-na-co-zwrocic-uwage-szykujac-sie-do-wyjscia\/#breadcrumb"},"inLanguage":"ro-RO","potentialAction":[{"@type":"ReadAction","target":["https:\/\/polscy-kierowcy.pl\/krawat-i-sukienka-para-doskonala-na-co-zwrocic-uwage-szykujac-sie-do-wyjscia\/"]}]},{"@type":"ImageObject","inLanguage":"ro-RO","@id":"https:\/\/polscy-kierowcy.pl\/krawat-i-sukienka-para-doskonala-na-co-zwrocic-uwage-szykujac-sie-do-wyjscia\/#primaryimage","url":"https:\/\/polscy-kierowcy.pl\/wp-content\/uploads\/image1305daae5bf84ac5a2b440b6956e099f.png","contentUrl":"https:\/\/polscy-kierowcy.pl\/wp-content\/uploads\/image1305daae5bf84ac5a2b440b6956e099f.png","width":1024,"height":768},{"@type":"BreadcrumbList","@id":"https:\/\/polscy-kierowcy.pl\/krawat-i-sukienka-para-doskonala-na-co-zwrocic-uwage-szykujac-sie-do-wyjscia\/#breadcrumb","itemListElement":[{"@type":"ListItem","position":1,"name":"Home","item":"https:\/\/polscy-kierowcy.pl\/"},{"@type":"ListItem","position":2,"name":"Krawat i sukienka \u2013 para doskona\u0142a! Na co zwr\u00f3ci\u0107 uwag\u0119 szykuj\u0105c si\u0119 do wyj\u015bcia?"}]},{"@type":"WebSite","@id":"https:\/\/polscy-kierowcy.pl\/#website","url":"https:\/\/polscy-kierowcy.pl\/","name":"polscy-kierowcy.pl","description":"Tureckie sukienki: pi\u0119kno w tradycji.","potentialAction":[{"@type":"SearchAction","target":{"@type":"EntryPoint","urlTemplate":"https:\/\/polscy-kierowcy.pl\/?s={search_term_string}"},"query-input":"required name=search_term_string"}],"inLanguage":"ro-RO"},{"@type":"Person","@id":"https:\/\/polscy-kierowcy.pl\/#\/schema\/person\/66f7250202134445459bce344c706e46","name":"Paulina Kruk","image":{"@type":"ImageObject","inLanguage":"ro-RO","@id":"https:\/\/polscy-kierowcy.pl\/#\/schema\/person\/image\/","url":"https:\/\/polscy-kierowcy.pl\/wp-content\/uploads\/ivyzxaomvy6_ad_avatar-96x96.jpg","contentUrl":"https:\/\/polscy-kierowcy.pl\/wp-content\/uploads\/ivyzxaomvy6_ad_avatar-96x96.jpg","caption":"Paulina Kruk"},"description":"Paulina Kruk to do\u015bwiadczona specjalistka w dziedzinie mody, prowadz\u0105ca w\u0142asny sklep odzie\u017cowy w Pilaszkowie. Jej pasja do mody i zaanga\u017cowanie w bran\u017cy odzie\u017cowej pozwalaj\u0105 jej na tworzenie unikatowych stylizacji, kt\u00f3re \u0142\u0105cz\u0105 elegancj\u0119 z codziennym komfortem.","url":"https:\/\/polscy-kierowcy.pl\/ro\/author\/paulina-kruk\/"}]}},"yoast_meta":{"yoast_wpseo_title":"","yoast_wpseo_metadesc":"","yoast_wpseo_canonical":"https:\/\/polscy-kierowcy.pl\/ro\/wp-json\/wp\/v2\/posts\/226"},"_links":{"self":[{"href":"https:\/\/polscy-kierowcy.pl\/ro\/wp-json\/wp\/v2\/posts\/226"}],"collection":[{"href":"https:\/\/polscy-kierowcy.pl\/ro\/wp-json\/wp\/v2\/posts"}],"about":[{"href":"https:\/\/polscy-kierowcy.pl\/ro\/wp-json\/wp\/v2\/types\/post"}],"author":[{"embeddable":true,"href":"https:\/\/polscy-kierowcy.pl\/ro\/wp-json\/wp\/v2\/users\/1"}],"replies":[{"embeddable":true,"href":"https:\/\/polscy-kierowcy.pl\/ro\/wp-json\/wp\/v2\/comments?post=226"}],"version-history":[{"count":1,"href":"https:\/\/polscy-kierowcy.pl\/ro\/wp-json\/wp\/v2\/posts\/226\/revisions"}],"predecessor-version":[{"id":250,"href":"https:\/\/polscy-kierowcy.pl\/ro\/wp-json\/wp\/v2\/posts\/226\/revisions\/250"}],"wp:featuredmedia":[{"embeddable":true,"href":"https:\/\/polscy-kierowcy.pl\/ro\/wp-json\/wp\/v2\/media\/182"}],"wp:attachment":[{"href":"https:\/\/polscy-kierowcy.pl\/ro\/wp-json\/wp\/v2\/media?parent=226"}],"wp:term":[{"taxonomy":"category","embeddable":true,"href":"https:\/\/polscy-kierowcy.pl\/ro\/wp-json\/wp\/v2\/categories?post=226"},{"taxonomy":"post_tag","embeddable":true,"href":"https:\/\/polscy-kierowcy.pl\/ro\/wp-json\/wp\/v2\/tags?post=226"}],"curies":[{"name":"wp","href":"https:\/\/api.w.org\/{rel}","templated":true}]}}