{"id":221,"date":"2024-11-25T00:00:00","date_gmt":"2024-11-25T00:00:00","guid":{"rendered":"https:\/\/polscy-kierowcy.pl\/?p=221"},"modified":"2024-11-25T00:00:00","modified_gmt":"2024-11-25T00:00:00","slug":"buty-i-rajstopy-do-czarnej-sukienki-jakie-dodatki-wybrac","status":"publish","type":"post","link":"https:\/\/polscy-kierowcy.pl\/ro\/buty-i-rajstopy-do-czarnej-sukienki-jakie-dodatki-wybrac\/","title":{"rendered":"Pantofi \u0219i colan\u021bi pentru o rochie neagr\u0103. Ce accesorii s\u0103 alegi?"},"content":{"rendered":"<div class=\"kk-star-ratings kksr-auto kksr-align-left kksr-valign-top\"\n    data-payload='{&quot;align&quot;:&quot;left&quot;,&quot;id&quot;:&quot;221&quot;,&quot;slug&quot;:&quot;default&quot;,&quot;valign&quot;:&quot;top&quot;,&quot;ignore&quot;:&quot;&quot;,&quot;reference&quot;:&quot;auto&quot;,&quot;class&quot;:&quot;&quot;,&quot;count&quot;:&quot;0&quot;,&quot;legendonly&quot;:&quot;&quot;,&quot;readonly&quot;:&quot;&quot;,&quot;score&quot;:&quot;0&quot;,&quot;starsonly&quot;:&quot;&quot;,&quot;best&quot;:&quot;5&quot;,&quot;gap&quot;:&quot;5&quot;,&quot;greet&quot;:&quot;&quot;,&quot;legend&quot;:&quot;0\\\/5 - (0 votes)&quot;,&quot;size&quot;:&quot;24&quot;,&quot;title&quot;:&quot;Buty i rajstopy do czarnej sukienki. Jakie dodatki wybra\u0107?&quot;,&quot;width&quot;:&quot;0&quot;,&quot;_legend&quot;:&quot;{score}\\\/{best} - ({count} {votes})&quot;,&quot;font_factor&quot;:&quot;1.25&quot;}'>\n            \n<div class=\"kksr-stars\">\n    \n<div class=\"kksr-stars-inactive\">\n            <div class=\"kksr-star\" data-star=\"1\" style=\"padding-right: 5px\">\n            \n\n<div class=\"kksr-icon\" style=\"width: 24px; height: 24px;\"><\/div>\n        <\/div>\n            <div class=\"kksr-star\" data-star=\"2\" style=\"padding-right: 5px\">\n            \n\n<div class=\"kksr-icon\" style=\"width: 24px; height: 24px;\"><\/div>\n        <\/div>\n            <div class=\"kksr-star\" data-star=\"3\" style=\"padding-right: 5px\">\n            \n\n<div class=\"kksr-icon\" style=\"width: 24px; height: 24px;\"><\/div>\n        <\/div>\n            <div class=\"kksr-star\" data-star=\"4\" style=\"padding-right: 5px\">\n            \n\n<div class=\"kksr-icon\" style=\"width: 24px; height: 24px;\"><\/div>\n        <\/div>\n            <div class=\"kksr-star\" data-star=\"5\" style=\"padding-right: 5px\">\n            \n\n<div class=\"kksr-icon\" style=\"width: 24px; height: 24px;\"><\/div>\n        <\/div>\n    <\/div>\n    \n<div class=\"kksr-stars-active\" style=\"width: 0px;\">\n            <div class=\"kksr-star\" style=\"padding-right: 5px\">\n            \n\n<div class=\"kksr-icon\" style=\"width: 24px; height: 24px;\"><\/div>\n        <\/div>\n            <div class=\"kksr-star\" style=\"padding-right: 5px\">\n            \n\n<div class=\"kksr-icon\" style=\"width: 24px; height: 24px;\"><\/div>\n        <\/div>\n            <div class=\"kksr-star\" style=\"padding-right: 5px\">\n            \n\n<div class=\"kksr-icon\" style=\"width: 24px; height: 24px;\"><\/div>\n        <\/div>\n            <div class=\"kksr-star\" style=\"padding-right: 5px\">\n            \n\n<div class=\"kksr-icon\" style=\"width: 24px; height: 24px;\"><\/div>\n        <\/div>\n            <div class=\"kksr-star\" style=\"padding-right: 5px\">\n            \n\n<div class=\"kksr-icon\" style=\"width: 24px; height: 24px;\"><\/div>\n        <\/div>\n    <\/div>\n<\/div>\n                \n\n<div class=\"kksr-legend\" style=\"font-size: 19.2px;\">\n            <span class=\"kksr-muted\"><\/span>\n    <\/div>\n    <\/div>\n<p>O rochie neagr\u0103 este un element de baz\u0103 \u00een garderoba femeilor din \u00eentreaga lume. Versatilitatea sa \u00eenseamn\u0103 c\u0103 poate fi purtat\u0103 pentru aproape orice ocazie. Accesoriile potrivite, precum \u0219i pantofii \u0219i colan\u021bii potrivi\u021bi, pot influen\u021ba semnificativ stilul acesteia. Alegerea pe care o ai la dispozi\u021bie este incredibil de larg\u0103 \u0219i depinde de tine cum \u00ee\u021bi pui \u00een valoare stilul individual. \u00cen acest articol, vom analiza ce pantofi \u0219i colan\u021bi se potrivesc cu o rochie neagr\u0103, astfel \u00eenc\u00e2t s\u0103 po\u021bi crea un look elegant \u0219i original. Preg\u0103te\u0219te-te pentru inspira\u021bie care va ad\u0103uga un caracter unic stilului t\u0103u!<\/p>\n<h2>Pantofi pentru o rochie neagr\u0103<\/h2>\n<p><img decoding=\"async\" alt=\"Kobieta w czarnej sukni i rajstopach siedzi na \u0142\u00f3\u017cku z czarn\u0105 torebk\u0105 obok.\" src=\"https:\/\/polscy-kierowcy.pl\/wp-content\/uploads\/imagee01efd81e693490c96cb30e68a1f1cf6.png\"\/><\/p>\n<p>O rochie neagr\u0103 ofer\u0103 o gam\u0103 larg\u0103 de op\u021biuni de \u00eenc\u0103l\u021b\u0103minte. Culoarea sa neutr\u0103 v\u0103 permite s\u0103 experimenta\u021bi cu diferite stiluri. Cheia este s\u0103 v\u0103 asigura\u021bi c\u0103 pantofii subliniaz\u0103 elegan\u021ba \u00eentregului ansamblu. Merit\u0103 s\u0103 acorda\u021bi aten\u021bie c\u00e2torva modele care se potrivesc de minune cu acest stil de rochie. Acum vom lua \u00een considerare cele mai bune op\u021biuni, astfel \u00eenc\u00e2t s\u0103 pute\u021bi g\u0103si pantofii perfec\u021bi pentru dumneavoastr\u0103.<\/p>\n<ul>\n<li><strong>Tocuri<\/strong>\u00cenc\u0103l\u021b\u0103mintea clasic\u0103 \u0219i elegant\u0103 va fi \u00eentotdeauna un succes.<\/li>\n<li><strong>Balerine<\/strong>Perfecte pentru utilizarea zilnic\u0103, ofer\u0103 confort f\u0103r\u0103 a sacrifica elegan\u021ba.<\/li>\n<li><strong>Ghete la glezn\u0103<\/strong>Perfect\u0103 pentru sezonul de tranzi\u021bie, ad\u0103ug\u00e2nd caracter stilului t\u0103u.<\/li>\n<\/ul>\n<h2>Colan\u021bi pentru o rochie neagr\u0103<\/h2>\n<p><img decoding=\"async\" alt=\"Elegancka kobieta w czarnej sukni na tle stylowej restauracji.\" src=\"https:\/\/polscy-kierowcy.pl\/wp-content\/uploads\/imaged1acd7dbae0f41539a6e438896822ad7.png\"\/><\/p>\n<p>Colan\u021bii sunt un element care poate influen\u021ba semnificativ aspectul general al stilului vestimentar. Colan\u021bii ale\u0219i cu grij\u0103 nu vor fi doar un complement estetic, ci \u0219i un accesoriu func\u021bional. Merit\u0103 s\u0103 acorda\u021bi aten\u021bie culorii \u0219i modelului colan\u021bilor, deoarece ace\u0219tia au puterea de a modela silueta \u0219i de a ad\u0103uga lejeritate \u00eentregii combina\u021bii. Vom prezenta acum c\u00e2teva tipuri de colan\u021bi care se potrivesc de minune cu o rochie neagr\u0103.<\/p>\n<ul>\n<li><strong>colan\u021bi negri<\/strong>Un clasic care se potrive\u0219te perfect cu o rochie neagr\u0103.<\/li>\n<li><strong>Colan\u021bi nud<\/strong>\u00ce\u021bi vor lungi perfect picioarele \u0219i vor ad\u0103uga lejeritate.<\/li>\n<li><strong>Colan\u021bi cu model<\/strong>Pentru femeile curajoase \u2013 modelele interesante pot ad\u0103uga un caracter unic.<\/li>\n<\/ul>\n<h2>Accesorii pentru o rochie neagr\u0103<\/h2>\n<p>Nu po\u021bi uita de accesoriile care vor \u00eembog\u0103\u021bi \u00eentregul stil. Accesoriile bine alese pot schimba complet \u021binuta, oferindu-i un caracter individual. \u00cembog\u0103\u021birea stilului cu bijuterii, o geant\u0103 sau o e\u0219arf\u0103 \u00eei poate da o nou\u0103 dimensiune. Iat\u0103 c\u00e2teva accesorii care vor completa perfect o rochie neagr\u0103 \u0219i te vor face s\u0103 ie\u0219i \u00een eviden\u021b\u0103 la orice petrecere. Cu siguran\u021b\u0103 vei atrage aten\u021bia!<\/p>\n<ul>\n<li><strong>Bijuterii<\/strong>Cerceii subtili sau un colier statement vor atrage aten\u021bia.<\/li>\n<li><strong>Sac<\/strong>O geant\u0103 mic\u0103 de um\u0103r sau o geant\u0103 elegant\u0103 de tip clutch, \u00een func\u021bie de ocazie.<\/li>\n<li><strong>\u0218al sau e\u0219arf\u0103<\/strong>Perfect\u0103 pentru a-\u021bi acoperi umerii \u00een zilele mai reci.<\/li>\n<\/ul>\n<table border=\"1\">\n<tr>\n<th>Tipul de \u00eenc\u0103l\u021b\u0103minte<\/th>\n<th>Oportunitate<\/th>\n<th>Stil<\/th>\n<\/tr>\n<tr>\n<td>Tocuri<\/td>\n<td>Ie\u0219ire \u00een ora\u0219<\/td>\n<td>Elegant<\/td>\n<\/tr>\n<tr>\n<td>Balerine<\/td>\n<td>\u00cen fiecare zi<\/td>\n<td>Casual<\/td>\n<\/tr>\n<tr>\n<td>Ghete la glezn\u0103<\/td>\n<td>Sezon de tranzi\u021bie<\/td>\n<td>Elegant<\/td>\n<\/tr>\n<\/table>\n<h2>Rezumat<\/h2>\n<p>Pe scurt, alegerea pantofilor \u0219i a colan\u021bilor pentru o rochie neagr\u0103 poate fi pu\u021bin complicat\u0103. Cu toate acestea, accesoriile potrivite \u00ee\u021bi vor permite s\u0103 creezi un stil fenomenal. Cheia este s\u0103 combini elementele clasice cu stilul t\u0103u individual, ceea ce ofer\u0103 un efect unic. Urm\u00e2nd sfaturile de mai sus, cu siguran\u021b\u0103 vei putea crea o combina\u021bie perfect\u0103 care \u00eei va \u00eenc\u00e2nta pe to\u021bi cei din jurul t\u0103u. E timpul s\u0103 mergi la cump\u0103r\u0103turi \u0219i s\u0103 descoperi stilul visurilor tale!<\/p>\n<h2>\u00centreb\u0103ri frecvente<\/h2>\n<ul>\n<li><strong>Ce pantofi sunt cei mai potrivi\u021bi pentru o rochie neagr\u0103?<\/strong> Stiletto-urile, balerinii \u0219i botinele sunt cele mai populare \u0219i elegante alegeri.<\/li>\n<li><strong>Colan\u021bii trebuie s\u0103 fie neap\u0103rat negri?<\/strong> Nu, colan\u021bii nud sau cu imprimeu se potrivesc \u0219i cu o rochie neagr\u0103.<\/li>\n<li><strong>Pot purta pantofi sport cu o rochie neagr\u0103?<\/strong> Da, pantofii sport pot ad\u0103uga casualitate \u0219i modernitate, mai ales \u00een stilurile casual.<\/li>\n<li><strong>Ce accesorii ar trebui s\u0103 port cu rochia mea neagr\u0103?<\/strong> Bijuterii, o geant\u0103 de m\u00e2n\u0103 \u0219i, eventual, o e\u0219arf\u0103 \u2013 acestea sunt accesoriile de baz\u0103 care \u00ee\u021bi vor \u00eembun\u0103t\u0103\u021bi aspectul.<\/li>\n<\/ul>","protected":false},"excerpt":{"rendered":"<p>Czarna sukienka to element garderoby, kt\u00f3ry nieprzerwanie kr\u00f3luje w szafach kobiet na ca\u0142ym \u015bwiecie. Jej uniwersalno\u015b\u0107 sprawia, \u017ce mo\u017cna j\u0105 nosi\u0107 niemal na ka\u017cd\u0105 okazj\u0119. W\u0142a\u015bciwe dodatki, a tak\u017ce odpowiednie buty i rajstopy, mog\u0105 znacznie wp\u0142yn\u0105\u0107 na jej stylizacj\u0119. Wyb\u00f3r, kt\u00f3ry masz do dyspozycji, jest niezwykle szeroki i tylko od Ciebie zale\u017cy, w jaki spos\u00f3b [&hellip;]<\/p>","protected":false},"author":1,"featured_media":173,"comment_status":"closed","ping_status":"closed","sticky":false,"template":"","format":"standard","meta":{"_acf_changed":false,"footnotes":""},"categories":[1],"tags":[],"class_list":["post-221","post","type-post","status-publish","format-standard","has-post-thumbnail","hentry","category-blog"],"acf":[],"yoast_head":"<!-- This site is optimized with the Yoast SEO plugin v23.2 - https:\/\/yoast.com\/wordpress\/plugins\/seo\/ -->\n<title>Idealne buty i rajstopy do czarnej sukienki: Jakie dodatki wybra\u0107?<\/title>\n<meta name=\"description\" content=\"Odkryj, jak wybra\u0107 buty i rajstopy do czarnej sukienki oraz jakie dodatki podkre\u015bl\u0105 Tw\u00f3j styl i efektowny look!\" \/>\n<meta name=\"robots\" content=\"index, follow, max-snippet:-1, max-image-preview:large, max-video-preview:-1\" \/>\n<link rel=\"canonical\" href=\"https:\/\/polscy-kierowcy.pl\/ro\/buty-i-rajstopy-do-czarnej-sukienki-jakie-dodatki-wybrac\/\" \/>\n<meta property=\"og:locale\" content=\"ro_RO\" \/>\n<meta property=\"og:type\" content=\"article\" \/>\n<meta property=\"og:title\" content=\"Idealne buty i rajstopy do czarnej sukienki: Jakie dodatki wybra\u0107?\" \/>\n<meta property=\"og:description\" content=\"Odkryj, jak wybra\u0107 buty i rajstopy do czarnej sukienki oraz jakie dodatki podkre\u015bl\u0105 Tw\u00f3j styl i efektowny look!\" \/>\n<meta property=\"og:url\" content=\"https:\/\/polscy-kierowcy.pl\/ro\/buty-i-rajstopy-do-czarnej-sukienki-jakie-dodatki-wybrac\/\" \/>\n<meta property=\"og:site_name\" content=\"polscy-kierowcy.pl\" \/>\n<meta property=\"article:published_time\" content=\"2024-11-25T00:00:00+00:00\" \/>\n<meta property=\"og:image\" content=\"https:\/\/polscy-kierowcy.pl\/wp-content\/uploads\/imageb8b1e9f13560473c8edf16472d1570c1.png\" \/>\n\t<meta property=\"og:image:width\" content=\"1024\" \/>\n\t<meta property=\"og:image:height\" content=\"768\" \/>\n\t<meta property=\"og:image:type\" content=\"image\/png\" \/>\n<meta name=\"author\" content=\"Paulina Kruk\" \/>\n<meta name=\"twitter:card\" content=\"summary_large_image\" \/>\n<meta name=\"twitter:label1\" content=\"Scris de\" \/>\n\t<meta name=\"twitter:data1\" content=\"Paulina Kruk\" \/>\n\t<meta name=\"twitter:label2\" content=\"Timp estimat pentru citire\" \/>\n\t<meta name=\"twitter:data2\" content=\"3 minute\" \/>\n<script type=\"application\/ld+json\" class=\"yoast-schema-graph\">{\"@context\":\"https:\/\/schema.org\",\"@graph\":[{\"@type\":\"WebPage\",\"@id\":\"https:\/\/polscy-kierowcy.pl\/buty-i-rajstopy-do-czarnej-sukienki-jakie-dodatki-wybrac\/\",\"url\":\"https:\/\/polscy-kierowcy.pl\/buty-i-rajstopy-do-czarnej-sukienki-jakie-dodatki-wybrac\/\",\"name\":\"Idealne buty i rajstopy do czarnej sukienki: Jakie dodatki wybra\u0107?\",\"isPartOf\":{\"@id\":\"https:\/\/polscy-kierowcy.pl\/#website\"},\"primaryImageOfPage\":{\"@id\":\"https:\/\/polscy-kierowcy.pl\/buty-i-rajstopy-do-czarnej-sukienki-jakie-dodatki-wybrac\/#primaryimage\"},\"image\":{\"@id\":\"https:\/\/polscy-kierowcy.pl\/buty-i-rajstopy-do-czarnej-sukienki-jakie-dodatki-wybrac\/#primaryimage\"},\"thumbnailUrl\":\"https:\/\/polscy-kierowcy.pl\/wp-content\/uploads\/imageb8b1e9f13560473c8edf16472d1570c1.png\",\"datePublished\":\"2024-11-25T00:00:00+00:00\",\"dateModified\":\"2024-11-25T00:00:00+00:00\",\"author\":{\"@id\":\"https:\/\/polscy-kierowcy.pl\/#\/schema\/person\/66f7250202134445459bce344c706e46\"},\"description\":\"Odkryj, jak wybra\u0107 buty i rajstopy do czarnej sukienki oraz jakie dodatki podkre\u015bl\u0105 Tw\u00f3j styl i efektowny look!\",\"breadcrumb\":{\"@id\":\"https:\/\/polscy-kierowcy.pl\/buty-i-rajstopy-do-czarnej-sukienki-jakie-dodatki-wybrac\/#breadcrumb\"},\"inLanguage\":\"ro-RO\",\"potentialAction\":[{\"@type\":\"ReadAction\",\"target\":[\"https:\/\/polscy-kierowcy.pl\/buty-i-rajstopy-do-czarnej-sukienki-jakie-dodatki-wybrac\/\"]}]},{\"@type\":\"ImageObject\",\"inLanguage\":\"ro-RO\",\"@id\":\"https:\/\/polscy-kierowcy.pl\/buty-i-rajstopy-do-czarnej-sukienki-jakie-dodatki-wybrac\/#primaryimage\",\"url\":\"https:\/\/polscy-kierowcy.pl\/wp-content\/uploads\/imageb8b1e9f13560473c8edf16472d1570c1.png\",\"contentUrl\":\"https:\/\/polscy-kierowcy.pl\/wp-content\/uploads\/imageb8b1e9f13560473c8edf16472d1570c1.png\",\"width\":1024,\"height\":768},{\"@type\":\"BreadcrumbList\",\"@id\":\"https:\/\/polscy-kierowcy.pl\/buty-i-rajstopy-do-czarnej-sukienki-jakie-dodatki-wybrac\/#breadcrumb\",\"itemListElement\":[{\"@type\":\"ListItem\",\"position\":1,\"name\":\"Home\",\"item\":\"https:\/\/polscy-kierowcy.pl\/\"},{\"@type\":\"ListItem\",\"position\":2,\"name\":\"Buty i rajstopy do czarnej sukienki. Jakie dodatki wybra\u0107?\"}]},{\"@type\":\"WebSite\",\"@id\":\"https:\/\/polscy-kierowcy.pl\/#website\",\"url\":\"https:\/\/polscy-kierowcy.pl\/\",\"name\":\"polscy-kierowcy.pl\",\"description\":\"Tureckie sukienki: pi\u0119kno w tradycji.\",\"potentialAction\":[{\"@type\":\"SearchAction\",\"target\":{\"@type\":\"EntryPoint\",\"urlTemplate\":\"https:\/\/polscy-kierowcy.pl\/?s={search_term_string}\"},\"query-input\":\"required name=search_term_string\"}],\"inLanguage\":\"ro-RO\"},{\"@type\":\"Person\",\"@id\":\"https:\/\/polscy-kierowcy.pl\/#\/schema\/person\/66f7250202134445459bce344c706e46\",\"name\":\"Paulina Kruk\",\"image\":{\"@type\":\"ImageObject\",\"inLanguage\":\"ro-RO\",\"@id\":\"https:\/\/polscy-kierowcy.pl\/#\/schema\/person\/image\/\",\"url\":\"https:\/\/polscy-kierowcy.pl\/wp-content\/uploads\/ivyzxaomvy6_ad_avatar-96x96.jpg\",\"contentUrl\":\"https:\/\/polscy-kierowcy.pl\/wp-content\/uploads\/ivyzxaomvy6_ad_avatar-96x96.jpg\",\"caption\":\"Paulina Kruk\"},\"description\":\"Paulina Kruk to do\u015bwiadczona specjalistka w dziedzinie mody, prowadz\u0105ca w\u0142asny sklep odzie\u017cowy w Pilaszkowie. Jej pasja do mody i zaanga\u017cowanie w bran\u017cy odzie\u017cowej pozwalaj\u0105 jej na tworzenie unikatowych stylizacji, kt\u00f3re \u0142\u0105cz\u0105 elegancj\u0119 z codziennym komfortem.\",\"url\":\"https:\/\/polscy-kierowcy.pl\/ro\/author\/paulina-kruk\/\"}]}<\/script>\n<!-- \/ Yoast SEO plugin. -->","yoast_head_json":{"title":"Idealne buty i rajstopy do czarnej sukienki: Jakie dodatki wybra\u0107?","description":"Odkryj, jak wybra\u0107 buty i rajstopy do czarnej sukienki oraz jakie dodatki podkre\u015bl\u0105 Tw\u00f3j styl i efektowny look!","robots":{"index":"index","follow":"follow","max-snippet":"max-snippet:-1","max-image-preview":"max-image-preview:large","max-video-preview":"max-video-preview:-1"},"canonical":"https:\/\/polscy-kierowcy.pl\/ro\/buty-i-rajstopy-do-czarnej-sukienki-jakie-dodatki-wybrac\/","og_locale":"ro_RO","og_type":"article","og_title":"Idealne buty i rajstopy do czarnej sukienki: Jakie dodatki wybra\u0107?","og_description":"Odkryj, jak wybra\u0107 buty i rajstopy do czarnej sukienki oraz jakie dodatki podkre\u015bl\u0105 Tw\u00f3j styl i efektowny look!","og_url":"https:\/\/polscy-kierowcy.pl\/ro\/buty-i-rajstopy-do-czarnej-sukienki-jakie-dodatki-wybrac\/","og_site_name":"polscy-kierowcy.pl","article_published_time":"2024-11-25T00:00:00+00:00","og_image":[{"width":1024,"height":768,"url":"https:\/\/polscy-kierowcy.pl\/wp-content\/uploads\/imageb8b1e9f13560473c8edf16472d1570c1.png","type":"image\/png"}],"author":"Paulina Kruk","twitter_card":"summary_large_image","twitter_misc":{"Scris de":"Paulina Kruk","Timp estimat pentru citire":"3 minute"},"schema":{"@context":"https:\/\/schema.org","@graph":[{"@type":"WebPage","@id":"https:\/\/polscy-kierowcy.pl\/buty-i-rajstopy-do-czarnej-sukienki-jakie-dodatki-wybrac\/","url":"https:\/\/polscy-kierowcy.pl\/buty-i-rajstopy-do-czarnej-sukienki-jakie-dodatki-wybrac\/","name":"Idealne buty i rajstopy do czarnej sukienki: Jakie dodatki wybra\u0107?","isPartOf":{"@id":"https:\/\/polscy-kierowcy.pl\/#website"},"primaryImageOfPage":{"@id":"https:\/\/polscy-kierowcy.pl\/buty-i-rajstopy-do-czarnej-sukienki-jakie-dodatki-wybrac\/#primaryimage"},"image":{"@id":"https:\/\/polscy-kierowcy.pl\/buty-i-rajstopy-do-czarnej-sukienki-jakie-dodatki-wybrac\/#primaryimage"},"thumbnailUrl":"https:\/\/polscy-kierowcy.pl\/wp-content\/uploads\/imageb8b1e9f13560473c8edf16472d1570c1.png","datePublished":"2024-11-25T00:00:00+00:00","dateModified":"2024-11-25T00:00:00+00:00","author":{"@id":"https:\/\/polscy-kierowcy.pl\/#\/schema\/person\/66f7250202134445459bce344c706e46"},"description":"Odkryj, jak wybra\u0107 buty i rajstopy do czarnej sukienki oraz jakie dodatki podkre\u015bl\u0105 Tw\u00f3j styl i efektowny look!","breadcrumb":{"@id":"https:\/\/polscy-kierowcy.pl\/buty-i-rajstopy-do-czarnej-sukienki-jakie-dodatki-wybrac\/#breadcrumb"},"inLanguage":"ro-RO","potentialAction":[{"@type":"ReadAction","target":["https:\/\/polscy-kierowcy.pl\/buty-i-rajstopy-do-czarnej-sukienki-jakie-dodatki-wybrac\/"]}]},{"@type":"ImageObject","inLanguage":"ro-RO","@id":"https:\/\/polscy-kierowcy.pl\/buty-i-rajstopy-do-czarnej-sukienki-jakie-dodatki-wybrac\/#primaryimage","url":"https:\/\/polscy-kierowcy.pl\/wp-content\/uploads\/imageb8b1e9f13560473c8edf16472d1570c1.png","contentUrl":"https:\/\/polscy-kierowcy.pl\/wp-content\/uploads\/imageb8b1e9f13560473c8edf16472d1570c1.png","width":1024,"height":768},{"@type":"BreadcrumbList","@id":"https:\/\/polscy-kierowcy.pl\/buty-i-rajstopy-do-czarnej-sukienki-jakie-dodatki-wybrac\/#breadcrumb","itemListElement":[{"@type":"ListItem","position":1,"name":"Home","item":"https:\/\/polscy-kierowcy.pl\/"},{"@type":"ListItem","position":2,"name":"Buty i rajstopy do czarnej sukienki. Jakie dodatki wybra\u0107?"}]},{"@type":"WebSite","@id":"https:\/\/polscy-kierowcy.pl\/#website","url":"https:\/\/polscy-kierowcy.pl\/","name":"polscy-kierowcy.pl","description":"Tureckie sukienki: pi\u0119kno w tradycji.","potentialAction":[{"@type":"SearchAction","target":{"@type":"EntryPoint","urlTemplate":"https:\/\/polscy-kierowcy.pl\/?s={search_term_string}"},"query-input":"required name=search_term_string"}],"inLanguage":"ro-RO"},{"@type":"Person","@id":"https:\/\/polscy-kierowcy.pl\/#\/schema\/person\/66f7250202134445459bce344c706e46","name":"Paulina Kruk","image":{"@type":"ImageObject","inLanguage":"ro-RO","@id":"https:\/\/polscy-kierowcy.pl\/#\/schema\/person\/image\/","url":"https:\/\/polscy-kierowcy.pl\/wp-content\/uploads\/ivyzxaomvy6_ad_avatar-96x96.jpg","contentUrl":"https:\/\/polscy-kierowcy.pl\/wp-content\/uploads\/ivyzxaomvy6_ad_avatar-96x96.jpg","caption":"Paulina Kruk"},"description":"Paulina Kruk to do\u015bwiadczona specjalistka w dziedzinie mody, prowadz\u0105ca w\u0142asny sklep odzie\u017cowy w Pilaszkowie. Jej pasja do mody i zaanga\u017cowanie w bran\u017cy odzie\u017cowej pozwalaj\u0105 jej na tworzenie unikatowych stylizacji, kt\u00f3re \u0142\u0105cz\u0105 elegancj\u0119 z codziennym komfortem.","url":"https:\/\/polscy-kierowcy.pl\/ro\/author\/paulina-kruk\/"}]}},"yoast_meta":{"yoast_wpseo_title":"","yoast_wpseo_metadesc":"","yoast_wpseo_canonical":"https:\/\/polscy-kierowcy.pl\/ro\/wp-json\/wp\/v2\/posts\/221"},"_links":{"self":[{"href":"https:\/\/polscy-kierowcy.pl\/ro\/wp-json\/wp\/v2\/posts\/221"}],"collection":[{"href":"https:\/\/polscy-kierowcy.pl\/ro\/wp-json\/wp\/v2\/posts"}],"about":[{"href":"https:\/\/polscy-kierowcy.pl\/ro\/wp-json\/wp\/v2\/types\/post"}],"author":[{"embeddable":true,"href":"https:\/\/polscy-kierowcy.pl\/ro\/wp-json\/wp\/v2\/users\/1"}],"replies":[{"embeddable":true,"href":"https:\/\/polscy-kierowcy.pl\/ro\/wp-json\/wp\/v2\/comments?post=221"}],"version-history":[{"count":1,"href":"https:\/\/polscy-kierowcy.pl\/ro\/wp-json\/wp\/v2\/posts\/221\/revisions"}],"predecessor-version":[{"id":244,"href":"https:\/\/polscy-kierowcy.pl\/ro\/wp-json\/wp\/v2\/posts\/221\/revisions\/244"}],"wp:featuredmedia":[{"embeddable":true,"href":"https:\/\/polscy-kierowcy.pl\/ro\/wp-json\/wp\/v2\/media\/173"}],"wp:attachment":[{"href":"https:\/\/polscy-kierowcy.pl\/ro\/wp-json\/wp\/v2\/media?parent=221"}],"wp:term":[{"taxonomy":"category","embeddable":true,"href":"https:\/\/polscy-kierowcy.pl\/ro\/wp-json\/wp\/v2\/categories?post=221"},{"taxonomy":"post_tag","embeddable":true,"href":"https:\/\/polscy-kierowcy.pl\/ro\/wp-json\/wp\/v2\/tags?post=221"}],"curies":[{"name":"wp","href":"https:\/\/api.w.org\/{rel}","templated":true}]}}