{"id":137,"date":"2024-10-19T00:00:00","date_gmt":"2024-10-18T23:00:00","guid":{"rendered":"https:\/\/polscy-kierowcy.pl\/?p=137"},"modified":"2024-10-19T00:00:00","modified_gmt":"2024-10-18T23:00:00","slug":"jesienne-stylizacje-do-pracy-jak-wygladac-profesjonalnie-nie-rezygnujac-z-wlasnego-stylu","status":"publish","type":"post","link":"https:\/\/polscy-kierowcy.pl\/ro\/jesienne-stylizacje-do-pracy-jak-wygladac-profesjonalnie-nie-rezygnujac-z-wlasnego-stylu\/","title":{"rendered":"\u021ainute de lucru de toamn\u0103: Cum s\u0103 ar\u0103\u021bi profesional f\u0103r\u0103 a-\u021bi sacrifica stilul personal?"},"content":{"rendered":"<div class=\"kk-star-ratings kksr-auto kksr-align-left kksr-valign-top\"\n    data-payload='{&quot;align&quot;:&quot;left&quot;,&quot;id&quot;:&quot;137&quot;,&quot;slug&quot;:&quot;default&quot;,&quot;valign&quot;:&quot;top&quot;,&quot;ignore&quot;:&quot;&quot;,&quot;reference&quot;:&quot;auto&quot;,&quot;class&quot;:&quot;&quot;,&quot;count&quot;:&quot;0&quot;,&quot;legendonly&quot;:&quot;&quot;,&quot;readonly&quot;:&quot;&quot;,&quot;score&quot;:&quot;0&quot;,&quot;starsonly&quot;:&quot;&quot;,&quot;best&quot;:&quot;5&quot;,&quot;gap&quot;:&quot;5&quot;,&quot;greet&quot;:&quot;&quot;,&quot;legend&quot;:&quot;0\\\/5 - (0 votes)&quot;,&quot;size&quot;:&quot;24&quot;,&quot;title&quot;:&quot;Jesienne stylizacje do pracy: Jak wygl\u0105da\u0107 profesjonalnie, nie rezygnuj\u0105c z w\u0142asnego stylu?&quot;,&quot;width&quot;:&quot;0&quot;,&quot;_legend&quot;:&quot;{score}\\\/{best} - ({count} {votes})&quot;,&quot;font_factor&quot;:&quot;1.25&quot;}'>\n            \n<div class=\"kksr-stars\">\n    \n<div class=\"kksr-stars-inactive\">\n            <div class=\"kksr-star\" data-star=\"1\" style=\"padding-right: 5px\">\n            \n\n<div class=\"kksr-icon\" style=\"width: 24px; height: 24px;\"><\/div>\n        <\/div>\n            <div class=\"kksr-star\" data-star=\"2\" style=\"padding-right: 5px\">\n            \n\n<div class=\"kksr-icon\" style=\"width: 24px; height: 24px;\"><\/div>\n        <\/div>\n            <div class=\"kksr-star\" data-star=\"3\" style=\"padding-right: 5px\">\n            \n\n<div class=\"kksr-icon\" style=\"width: 24px; height: 24px;\"><\/div>\n        <\/div>\n            <div class=\"kksr-star\" data-star=\"4\" style=\"padding-right: 5px\">\n            \n\n<div class=\"kksr-icon\" style=\"width: 24px; height: 24px;\"><\/div>\n        <\/div>\n            <div class=\"kksr-star\" data-star=\"5\" style=\"padding-right: 5px\">\n            \n\n<div class=\"kksr-icon\" style=\"width: 24px; height: 24px;\"><\/div>\n        <\/div>\n    <\/div>\n    \n<div class=\"kksr-stars-active\" style=\"width: 0px;\">\n            <div class=\"kksr-star\" style=\"padding-right: 5px\">\n            \n\n<div class=\"kksr-icon\" style=\"width: 24px; height: 24px;\"><\/div>\n        <\/div>\n            <div class=\"kksr-star\" style=\"padding-right: 5px\">\n            \n\n<div class=\"kksr-icon\" style=\"width: 24px; height: 24px;\"><\/div>\n        <\/div>\n            <div class=\"kksr-star\" style=\"padding-right: 5px\">\n            \n\n<div class=\"kksr-icon\" style=\"width: 24px; height: 24px;\"><\/div>\n        <\/div>\n            <div class=\"kksr-star\" style=\"padding-right: 5px\">\n            \n\n<div class=\"kksr-icon\" style=\"width: 24px; height: 24px;\"><\/div>\n        <\/div>\n            <div class=\"kksr-star\" style=\"padding-right: 5px\">\n            \n\n<div class=\"kksr-icon\" style=\"width: 24px; height: 24px;\"><\/div>\n        <\/div>\n    <\/div>\n<\/div>\n                \n\n<div class=\"kksr-legend\" style=\"font-size: 19.2px;\">\n            <span class=\"kksr-muted\"><\/span>\n    <\/div>\n    <\/div>\n<p>Toamna este o perioad\u0103 \u00een care garderoba noastr\u0103 necesit\u0103 o mic\u0103 revolu\u021bie pentru a se adapta la condi\u021biile meteorologice \u00een schimbare \u0219i la cerin\u021bele stilului vestimentar de zi cu zi pentru serviciu. Cu toate acestea, merit\u0103 s\u0103 ne amintim c\u0103 po\u021bi ar\u0103ta elegant \u0219i profesional f\u0103r\u0103 a renun\u021ba la propriul stil. Cheia este s\u0103 combini corect diferite elemente ale garderobei tale, s\u0103 alegi culori \u0219i materiale care se potrivesc \u00eentre ele. \u00cen acest articol, vom prezenta sfaturi despre cum s\u0103 construie\u0219ti stilul perfect de toamn\u0103 pentru birou, care te va face s\u0103 ie\u0219i \u00een eviden\u021b\u0103. De asemenea, vei \u00eenv\u0103\u021ba cum s\u0103 \u00eencorporezi rochii turce\u0219ti excep\u021bional de elegante \u00een stilurile vestimentare de zi cu zi pentru serviciu. E\u0219ti gata s\u0103 descoperi inspira\u021bia ta vestimentar\u0103 pentru acest sezon?<\/p>\n<h2>Elemente cheie ale stilului de toamn\u0103<\/h2>\n<p><img decoding=\"async\" alt=\"Trzy u\u015bmiechni\u0119te kobiety w eleganckich sukienkach stoj\u0105 w restauracji.\" src=\"https:\/\/polscy-kierowcy.pl\/wp-content\/uploads\/image27264de5b57a4f7882277048aa375811.png\"\/><\/p>\n<h3>Stratificarea hainelor<\/h3>\n<p>Unul dintre cele mai importante elemente ale stilului de toamn\u0103 este suprapunerea hainelor. Datorit\u0103 acestei tehnici, ne putem adapta cu u\u0219urin\u021b\u0103 \u021binuta la condi\u021biile meteorologice schimb\u0103toare, men\u021bin\u00e2nd \u00een acela\u0219i timp un aspect elegant. O idee bun\u0103 este s\u0103 combin\u0103m haine de diferite lungimi, de exemplu o bluz\u0103 elegant\u0103 cu un pulover sub\u021bire \u0219i o jachet\u0103 mai lung\u0103. Un astfel de set nu numai c\u0103 ofer\u0103 confort termic, dar adaug\u0103 \u0219i un caracter unic \u00eentregului stil. Accesoriile bine alese, cum ar fi e\u0219arfele sau \u0219alurile, pot \u00eembog\u0103\u021bi suplimentar \u021binuta noastr\u0103, introduc\u00e2nd accente interesante. Merit\u0103 s\u0103 investe\u0219ti \u00een c\u00e2teva elemente universale care vor crea o baz\u0103 pentru multe combina\u021bii de toamn\u0103.<\/p>\n<h3>Culorile sezonului<\/h3>\n<p>Toamna este o perioad\u0103 bogat\u0103 \u00een culori intense \u0219i calde, care se \u00eencadreaz\u0103 perfect \u00een codul vestimentar de la birou. Nuan\u021bele de maro, vi\u0219iniu sau verde estompat sunt doar c\u00e2teva dintre propunerile care merit\u0103 luate \u00een considerare \u00een stiliz\u0103rile dumneavoastr\u0103. Merit\u0103 s\u0103 v\u0103 concentra\u021bi pe clas\u0103 \u0219i sofisticare, combin\u00e2nd culorile armonios \u0219i cu sim\u021bul estetic. Nu uita\u021bi s\u0103 nu exagera\u021bi - l\u0103sa\u021bi o culoare s\u0103 fie dominant\u0103, iar restul s\u0103 r\u0103m\u00e2n\u0103 discrete. Culorile bine alese nu numai c\u0103 pot accentua stilul individual, dar pot influen\u021ba \u0219i recep\u021bia la locul de munc\u0103. Combina\u021bia de tonuri elegante cu accente intense poate da un efect unic \u0219i v\u0103 poate face s\u0103 ie\u0219i\u021bi \u00een eviden\u021b\u0103.<\/p>\n<h3>Selec\u021bia materialelor<\/h3>\n<p>Alegerea materialelor potrivite pentru toamn\u0103 este crucial\u0103 pentru confort \u0219i aspect. Cele mai bune \u021bes\u0103turi sunt l\u00e2na, bumbacul sau tricotajele, care ofer\u0103 c\u0103ldur\u0103, fiind \u00een acela\u0219i timp elegante. Merit\u0103 evitate materialele sub\u021biri, care nu vor func\u021biona \u00een zilele mai reci. \u00cenghe\u021bul picioarelor este o problem\u0103 cu care mul\u021bi dintre noi ne confrunt\u0103m zilnic, a\u0219a c\u0103 \u0219i colan\u021bii mai c\u0103lduro\u0219i sunt o alegere bun\u0103. Men\u021binerea nivelului potrivit de confort este important\u0103 pentru a te concentra asupra muncii \u0219i a nu-\u021bi face griji pentru frig. Materialele bine alese vor ad\u0103uga clas\u0103 oric\u0103rui stil, sporindu-i \u00een acela\u0219i timp func\u021bionalitatea.<\/p>\n<h2>Accesorii elegante<\/h2>\n<p><img decoding=\"async\" alt=\"Osoba w czarnych botkach z \u0142a\u0144cuszkiem, stoj\u0105ca w jasnym wn\u0119trzu.\" src=\"https:\/\/polscy-kierowcy.pl\/wp-content\/uploads\/image128144a500074f77bd4f6eaaae33cacc.png\"\/><\/p>\n<h3>\u00cenc\u0103l\u021b\u0103minte de lucru<\/h3>\n<p>\u00cenc\u0103l\u021b\u0103mintea joac\u0103 un rol cheie \u00een orice stil vestimentar, iar stilurile de lucru de toamn\u0103 nu fac excep\u021bie. Este important ca pantofii pe care \u00eei alegi s\u0103 fie nu doar elegan\u021bi, ci \u0219i confortabili, mai ales dac\u0103 petreci mult timp \u00een picioare. Botinele clasice, mocasinii sau balerinii pot fi o alegere excelent\u0103 pentru toamn\u0103. Opteaz\u0103 pentru culori elegante, precum negru, maro sau bleumarin, care se vor potrivi u\u0219or cu restul \u021binutei tale. Varietatea de modele de pe pia\u021b\u0103 permite numeroase experimente, a\u0219a c\u0103 merit\u0103 s\u0103 ai c\u00e2teva perechi diferite \u00een garderob\u0103 pentru a te putea juca cu stilul.<br \/>Iat\u0103 o list\u0103 cu exemple de \u00eenc\u0103l\u021b\u0103minte pe care merit\u0103 s\u0103 o ai \u00een colec\u021bia ta de toamn\u0103:<\/p>\n<ol>\n<li>Ghete clasice negre cu toc \u00eenalt<\/li>\n<li>Mocasini elegan\u021bi maro<\/li>\n<li>Balerine \u00een nuan\u021be estompate<\/li>\n<li>Teni\u0219i casual perfec\u021bi pentru zile mai relaxate<\/li>\n<\/ol>\n<h3>Bijuterii \u0219i accesorii<\/h3>\n<p>Accesoriile, precum bijuteriile sau gen\u021bile, sunt un alt element important care confer\u0103 caracter oric\u0103rui stil. Merit\u0103 s\u0103 optezi pentru un stil minimalist care pune accentul pe elegan\u021b\u0103 \u00een loc s\u0103 cople\u0219easc\u0103 aspectul. Cerceii delica\u021bi, un ceas elegant sau o geant\u0103 clasic\u0103 vor fi o completare excelent\u0103 a unei \u021binute de lucru. Cu toate acestea, merit\u0103 s\u0103 ne amintim s\u0103 nu exager\u0103m cu num\u0103rul de accesorii - mai pu\u021bin \u00eenseamn\u0103 adesea mai mult. Simplitatea st\u0103 \u00een putere, iar accesoriile bine alese pot ad\u0103uga lejeritate vizual\u0103. Uneori, un mic detaliu poate schimba complet aspectul unui stil.<\/p>\n<h2>Exemple de design de birou<\/h2>\n<h3>Clasic \u00eentr-o edi\u021bie modern\u0103<\/h3>\n<p>Un exemplu de \u021binut\u0103 de lucru care combin\u0103 clasicul cu modernul este asocierea unei rochii elegante cu o vest\u0103 lung\u0103. Acest look este perfect pentru \u00eent\u00e2lniri mai formale \u0219i, \u00een acela\u0219i timp, face ca \u00eentregul aspect s\u0103 par\u0103 proasp\u0103t \u0219i interesant. Se pot ad\u0103uga tocuri clasice \u0219i bijuterii minimaliste. Acest tip de \u021binut\u0103 va func\u021biona at\u00e2t pentru \u00eent\u00e2lnirile cu clien\u021bii, c\u00e2t \u0219i la birou. Cheia este s\u0103 men\u021bine\u021bi un echilibru \u00eentre formalitate \u0219i stilul propriu. Tabelul de mai jos prezint\u0103 diferitele elemente care merit\u0103 incluse \u00een acest stil:<\/p>\n<table border=\"1\">\n<tr>\n<th>Element de stilizare<\/th>\n<th>Exemplu<\/th>\n<\/tr>\n<tr>\n<td>Rochie elegant\u0103<\/td>\n<td>Culoare simpl\u0103, uniform\u0103<\/td>\n<\/tr>\n<tr>\n<td>Vest\u0103 lung\u0103<\/td>\n<td>O nuan\u021b\u0103 contrastant\u0103 cu rochia<\/td>\n<\/tr>\n<tr>\n<td>\u00cenc\u0103l\u0163\u0103minte<\/td>\n<td>Stiletto-uri negre clasice<\/td>\n<\/tr>\n<tr>\n<td>Bijuterii<\/td>\n<td>Colier delicat din aur<\/td>\n<\/tr>\n<\/table>\n<h3>\u0218ic casual<\/h3>\n<p>Stilul casual chic este un stil care permite o mai mare libertate \u00een alegerea hainelor, men\u021bin\u00e2nd \u00een acela\u0219i timp un aspect elegant. O combina\u021bie de pantaloni elegan\u021bi, plisa\u021bi, cu un pulover mai lejer poate fi o alegere ideal\u0103 pentru ie\u0219irile la birou de vineri. \u00centr-o astfel de combina\u021bie, merit\u0103 s\u0103 alege\u021bi culori discrete \u0219i accesorii potrivite care s\u0103 pun\u0103 \u00een valoare ansamblul. Botinele clasice p\u00e2n\u0103 la glezn\u0103 \u0219i o geant\u0103 \u00eentr-o nuan\u021b\u0103 neutr\u0103 o vor completa. Acest look va func\u021biona bine \u0219i \u00een timpul \u0219edin\u021belor de dup\u0103 munc\u0103, unde putem da dovad\u0103 de pu\u021bin\u0103 u\u0219urin\u021b\u0103 \u0219i creativitate \u00een alegerea hainelor.<\/p>\n<h3>\u021ainute pentru \u00eent\u00e2lniri de afaceri<\/h3>\n<p>Pentru \u00eent\u00e2lniri mai formale, merit\u0103 s\u0103 opta\u021bi pentru un costum clasic, elegant sau pentru un alt set formal. O jachet\u0103 \u0219i pantaloni sau o fust\u0103 croit\u0103 corespunz\u0103tor, combinate cu o c\u0103ma\u0219\u0103 elegant\u0103, creeaz\u0103 baza perfect\u0103 pentru un look profesional. Accesorii precum o e\u0219arf\u0103 sau o geant\u0103 pentru documente ne vor spori elegan\u021ba, iar machiajul atent selectat va ad\u0103uga \u00eencredere \u00een sine. Nu uita\u021bi s\u0103 evita\u021bi stilurile \u0219i culorile prea extravagante care pot distrage aten\u021bia de la cel mai important lucru - cuno\u0219tin\u021bele \u0219i competen\u021ba dumneavoastr\u0103. Un stil bine preg\u0103tit pentru o \u00eent\u00e2lnire de afaceri este crucial pentru impresia pe care o facem asupra celorlal\u021bi. Merit\u0103 s\u0103 ne amintim c\u0103 aspectul potrivit ne cre\u0219te \u00eencrederea \u00een sine \u0219i afecteaz\u0103 modul \u00een care suntem percepu\u021bi \u00een mediul de lucru.<\/p>\n<h2>Cum s\u0103-\u021bi g\u0103se\u0219ti propriul stil<\/h2>\n<h3>Inspira\u021bii de mod\u0103<\/h3>\n<p>Pentru a-\u021bi g\u0103si stilul unic, merit\u0103 s\u0103 apelezi la inspira\u021bie din diverse surse, inclusiv re\u021bele sociale \u0219i bloguri de mod\u0103. Urm\u0103rirea influencerilor din mod\u0103 poate fi considerat\u0103 inspira\u021bie pentru propriile stiluri. Este important s\u0103 te inspiri din diferite idei \u0219i s\u0103 le adaptezi preferin\u021belor \u0219i tipului t\u0103u de munc\u0103. Caut\u0103 idei care rezoneaz\u0103 cu personalitatea \u0219i mediul t\u0103u profesional. Nu te teme s\u0103 faci schimb\u0103ri \u0219i s\u0103 \u00eencerci noi combina\u021bii pentru a g\u0103si stilul perfect pentru tine. Alege elementele care \u00ee\u021bi plac cu adev\u0103rat \u0219i care sim\u021bi c\u0103 \u021bi se potrivesc.<\/p>\n<h3>\u00cencercare \u0219i eroare<\/h3>\n<p>Nu te teme s\u0103 experimentezi cu stilul t\u0103u. Adesea, diferite stiluri, culori sau materiale \u00ee\u021bi pot schimba complet ideea despre \u021binuta elegant\u0103 de lucru. \u00cencercarea \u0219i analizarea stilurilor este cheia pentru a te descoperi la mod\u0103. Este important s\u0103 r\u0103m\u00e2i deschis la idei noi \u0219i s\u0103 nu te la\u0219i descurajat de gre\u0219eli - cu to\u021bii le facem. Uneori, se poate dovedi c\u0103 ceea ce la prima vedere pare o alegere proast\u0103 se dovede\u0219te a fi un succes. Folose\u0219te aceste experien\u021be pentru a c\u00e2\u0219tiga \u00eencredere \u00een ceea ce por\u021bi.<\/p>\n<h2>Rezumat<\/h2>\n<p>\u021ainutele de lucru de toamn\u0103 nu se refer\u0103 doar la aspectul t\u0103u, ci \u0219i la modul \u00een care te exprimi \u00eentr-un mediu profesional. Cheia succesului este s\u0103 combini elegan\u021ba cu stilul t\u0103u personal, precum \u0219i s\u0103 \u0219tii s\u0103 alegi culorile, materialele \u0219i accesoriile potrivite. Merit\u0103 s\u0103 investe\u0219ti \u00een articole de garderob\u0103 de baz\u0103, care pot fi u\u0219or combinate. Nu uita de posibilitatea de a experimenta cu stiluri noi pentru a-l g\u0103si pe cel perfect pentru tine. La urma urmei, cel mai important lucru este s\u0103 te sim\u021bi confortabil \u0219i \u00eencrez\u0103tor \u00een ceea ce por\u021bi \u0219i s\u0103-\u021bi exprimi stilul \u00eentr-un mod care se potrive\u0219te personalit\u0103\u021bii tale.<\/p>\n<h2>\u00centreb\u0103ri frecvente<\/h2>\n<p><strong>1. Care sunt culorile cheie \u00een moda de toamn\u0103?<\/strong><br \/>Culorile la mod\u0103 pentru toamn\u0103 sunt \u00een principal nuan\u021be de maro, bordo, verde \u0219i bej cald, care se \u00eencadreaz\u0103 perfect \u00een atmosfera sezonului.<\/p>\n<p><strong>2. Ce accesorii sunt potrivite pentru munc\u0103?<\/strong><br \/>Pentru serviciu, cel mai bine este s\u0103 alegi accesorii mai pu\u021bin deranjante, cum ar fi bijuterii subtile, ceasuri elegante \u0219i gen\u021bi de m\u00e2n\u0103 simple.<\/p>\n<p><strong>3. Pot purta blugi la serviciu toamna?<\/strong><br \/>Da, dac\u0103 sunt \u00een stare bun\u0103, f\u0103r\u0103 rupturi, po\u021bi purta blugi elegan\u021bi, mai ales atunci c\u00e2nd sunt asorta\u021bi cu accesorii formale.<\/p>\n<p><strong>4. Ce pantofi sunt cei mai potrivi\u021bi pentru serviciu toamna?<\/strong><br \/>Ghetele clasice, mocasinii \u0219i balerinii vor fi ideali, oferind confort \u0219i elegan\u021b\u0103.<\/p>\n<p><strong>5. Ce materiale sunt cele mai bune pentru toamn\u0103?<\/strong><br \/>Cele mai bune materiale pentru toamn\u0103 sunt l\u00e2na, tricotajele \u0219i \u021bes\u0103turile mai dense care protejeaz\u0103 \u00eempotriva frigului.<\/p>","protected":false},"excerpt":{"rendered":"<p>Jesie\u0144 to czas, kiedy nasza garderoba wymaga ma\u0142ej rewolucji, aby dostosowa\u0107 si\u0119 do zmieniaj\u0105cych si\u0119 warunk\u00f3w atmosferycznych oraz wymog\u00f3w codziennych stylizacji do pracy. Warto jednak pami\u0119ta\u0107, \u017ce mo\u017cna wygl\u0105da\u0107 elegancko i profesjonalnie, nie rezygnuj\u0105c z w\u0142asnego stylu. Kluczem jest odpowiednie \u0142\u0105czenie r\u00f3\u017cnych element\u00f3w garderoby, dob\u00f3r kolor\u00f3w oraz materia\u0142\u00f3w, kt\u00f3re b\u0119d\u0105 do siebie pasowa\u0107. W tym [&hellip;]<\/p>","protected":false},"author":1,"featured_media":121,"comment_status":"closed","ping_status":"closed","sticky":false,"template":"","format":"standard","meta":{"_acf_changed":false,"footnotes":""},"categories":[1],"tags":[],"class_list":["post-137","post","type-post","status-publish","format-standard","has-post-thumbnail","hentry","category-blog"],"acf":[],"yoast_head":"<!-- This site is optimized with the Yoast SEO plugin v23.2 - https:\/\/yoast.com\/wordpress\/plugins\/seo\/ -->\n<title>Jesienne stylizacje do pracy: Elegancja i osobisty styl w ka\u017cdym detalu<\/title>\n<meta name=\"description\" content=\"Odkryj, jak \u0142\u0105czy\u0107 eleganckie stylizacje do pracy na jesie\u0144 z osobistym stylem. Sprawd\u017a nasze porady i inspiracje!\" \/>\n<meta name=\"robots\" content=\"index, follow, max-snippet:-1, max-image-preview:large, max-video-preview:-1\" \/>\n<link rel=\"canonical\" href=\"https:\/\/polscy-kierowcy.pl\/ro\/jesienne-stylizacje-do-pracy-jak-wygladac-profesjonalnie-nie-rezygnujac-z-wlasnego-stylu\/\" \/>\n<meta property=\"og:locale\" content=\"ro_RO\" \/>\n<meta property=\"og:type\" content=\"article\" \/>\n<meta property=\"og:title\" content=\"Jesienne stylizacje do pracy: Elegancja i osobisty styl w ka\u017cdym detalu\" \/>\n<meta property=\"og:description\" content=\"Odkryj, jak \u0142\u0105czy\u0107 eleganckie stylizacje do pracy na jesie\u0144 z osobistym stylem. Sprawd\u017a nasze porady i inspiracje!\" \/>\n<meta property=\"og:url\" content=\"https:\/\/polscy-kierowcy.pl\/ro\/jesienne-stylizacje-do-pracy-jak-wygladac-profesjonalnie-nie-rezygnujac-z-wlasnego-stylu\/\" \/>\n<meta property=\"og:site_name\" content=\"polscy-kierowcy.pl\" \/>\n<meta property=\"article:published_time\" content=\"2024-10-18T23:00:00+00:00\" \/>\n<meta property=\"og:image\" content=\"https:\/\/polscy-kierowcy.pl\/wp-content\/uploads\/image4dc3a2f7ab524cd88b160f274ef47707.png\" \/>\n\t<meta property=\"og:image:width\" content=\"1024\" \/>\n\t<meta property=\"og:image:height\" content=\"768\" \/>\n\t<meta property=\"og:image:type\" content=\"image\/png\" \/>\n<meta name=\"author\" content=\"Paulina Kruk\" \/>\n<meta name=\"twitter:card\" content=\"summary_large_image\" \/>\n<meta name=\"twitter:label1\" content=\"Scris de\" \/>\n\t<meta name=\"twitter:data1\" content=\"Paulina Kruk\" \/>\n\t<meta name=\"twitter:label2\" content=\"Timp estimat pentru citire\" \/>\n\t<meta name=\"twitter:data2\" content=\"7 minute\" \/>\n<script type=\"application\/ld+json\" class=\"yoast-schema-graph\">{\"@context\":\"https:\/\/schema.org\",\"@graph\":[{\"@type\":\"WebPage\",\"@id\":\"https:\/\/polscy-kierowcy.pl\/jesienne-stylizacje-do-pracy-jak-wygladac-profesjonalnie-nie-rezygnujac-z-wlasnego-stylu\/\",\"url\":\"https:\/\/polscy-kierowcy.pl\/jesienne-stylizacje-do-pracy-jak-wygladac-profesjonalnie-nie-rezygnujac-z-wlasnego-stylu\/\",\"name\":\"Jesienne stylizacje do pracy: Elegancja i osobisty styl w ka\u017cdym detalu\",\"isPartOf\":{\"@id\":\"https:\/\/polscy-kierowcy.pl\/#website\"},\"primaryImageOfPage\":{\"@id\":\"https:\/\/polscy-kierowcy.pl\/jesienne-stylizacje-do-pracy-jak-wygladac-profesjonalnie-nie-rezygnujac-z-wlasnego-stylu\/#primaryimage\"},\"image\":{\"@id\":\"https:\/\/polscy-kierowcy.pl\/jesienne-stylizacje-do-pracy-jak-wygladac-profesjonalnie-nie-rezygnujac-z-wlasnego-stylu\/#primaryimage\"},\"thumbnailUrl\":\"https:\/\/polscy-kierowcy.pl\/wp-content\/uploads\/image4dc3a2f7ab524cd88b160f274ef47707.png\",\"datePublished\":\"2024-10-18T23:00:00+00:00\",\"dateModified\":\"2024-10-18T23:00:00+00:00\",\"author\":{\"@id\":\"https:\/\/polscy-kierowcy.pl\/#\/schema\/person\/66f7250202134445459bce344c706e46\"},\"description\":\"Odkryj, jak \u0142\u0105czy\u0107 eleganckie stylizacje do pracy na jesie\u0144 z osobistym stylem. Sprawd\u017a nasze porady i inspiracje!\",\"breadcrumb\":{\"@id\":\"https:\/\/polscy-kierowcy.pl\/jesienne-stylizacje-do-pracy-jak-wygladac-profesjonalnie-nie-rezygnujac-z-wlasnego-stylu\/#breadcrumb\"},\"inLanguage\":\"ro-RO\",\"potentialAction\":[{\"@type\":\"ReadAction\",\"target\":[\"https:\/\/polscy-kierowcy.pl\/jesienne-stylizacje-do-pracy-jak-wygladac-profesjonalnie-nie-rezygnujac-z-wlasnego-stylu\/\"]}]},{\"@type\":\"ImageObject\",\"inLanguage\":\"ro-RO\",\"@id\":\"https:\/\/polscy-kierowcy.pl\/jesienne-stylizacje-do-pracy-jak-wygladac-profesjonalnie-nie-rezygnujac-z-wlasnego-stylu\/#primaryimage\",\"url\":\"https:\/\/polscy-kierowcy.pl\/wp-content\/uploads\/image4dc3a2f7ab524cd88b160f274ef47707.png\",\"contentUrl\":\"https:\/\/polscy-kierowcy.pl\/wp-content\/uploads\/image4dc3a2f7ab524cd88b160f274ef47707.png\",\"width\":1024,\"height\":768},{\"@type\":\"BreadcrumbList\",\"@id\":\"https:\/\/polscy-kierowcy.pl\/jesienne-stylizacje-do-pracy-jak-wygladac-profesjonalnie-nie-rezygnujac-z-wlasnego-stylu\/#breadcrumb\",\"itemListElement\":[{\"@type\":\"ListItem\",\"position\":1,\"name\":\"Home\",\"item\":\"https:\/\/polscy-kierowcy.pl\/\"},{\"@type\":\"ListItem\",\"position\":2,\"name\":\"Jesienne stylizacje do pracy: Jak wygl\u0105da\u0107 profesjonalnie, nie rezygnuj\u0105c z w\u0142asnego stylu?\"}]},{\"@type\":\"WebSite\",\"@id\":\"https:\/\/polscy-kierowcy.pl\/#website\",\"url\":\"https:\/\/polscy-kierowcy.pl\/\",\"name\":\"polscy-kierowcy.pl\",\"description\":\"Tureckie sukienki: pi\u0119kno w tradycji.\",\"potentialAction\":[{\"@type\":\"SearchAction\",\"target\":{\"@type\":\"EntryPoint\",\"urlTemplate\":\"https:\/\/polscy-kierowcy.pl\/?s={search_term_string}\"},\"query-input\":\"required name=search_term_string\"}],\"inLanguage\":\"ro-RO\"},{\"@type\":\"Person\",\"@id\":\"https:\/\/polscy-kierowcy.pl\/#\/schema\/person\/66f7250202134445459bce344c706e46\",\"name\":\"Paulina Kruk\",\"image\":{\"@type\":\"ImageObject\",\"inLanguage\":\"ro-RO\",\"@id\":\"https:\/\/polscy-kierowcy.pl\/#\/schema\/person\/image\/\",\"url\":\"https:\/\/polscy-kierowcy.pl\/wp-content\/uploads\/ivyzxaomvy6_ad_avatar-96x96.jpg\",\"contentUrl\":\"https:\/\/polscy-kierowcy.pl\/wp-content\/uploads\/ivyzxaomvy6_ad_avatar-96x96.jpg\",\"caption\":\"Paulina Kruk\"},\"description\":\"Paulina Kruk to do\u015bwiadczona specjalistka w dziedzinie mody, prowadz\u0105ca w\u0142asny sklep odzie\u017cowy w Pilaszkowie. Jej pasja do mody i zaanga\u017cowanie w bran\u017cy odzie\u017cowej pozwalaj\u0105 jej na tworzenie unikatowych stylizacji, kt\u00f3re \u0142\u0105cz\u0105 elegancj\u0119 z codziennym komfortem.\",\"url\":\"https:\/\/polscy-kierowcy.pl\/ro\/author\/paulina-kruk\/\"}]}<\/script>\n<!-- \/ Yoast SEO plugin. -->","yoast_head_json":{"title":"Jesienne stylizacje do pracy: Elegancja i osobisty styl w ka\u017cdym detalu","description":"Odkryj, jak \u0142\u0105czy\u0107 eleganckie stylizacje do pracy na jesie\u0144 z osobistym stylem. Sprawd\u017a nasze porady i inspiracje!","robots":{"index":"index","follow":"follow","max-snippet":"max-snippet:-1","max-image-preview":"max-image-preview:large","max-video-preview":"max-video-preview:-1"},"canonical":"https:\/\/polscy-kierowcy.pl\/ro\/jesienne-stylizacje-do-pracy-jak-wygladac-profesjonalnie-nie-rezygnujac-z-wlasnego-stylu\/","og_locale":"ro_RO","og_type":"article","og_title":"Jesienne stylizacje do pracy: Elegancja i osobisty styl w ka\u017cdym detalu","og_description":"Odkryj, jak \u0142\u0105czy\u0107 eleganckie stylizacje do pracy na jesie\u0144 z osobistym stylem. Sprawd\u017a nasze porady i inspiracje!","og_url":"https:\/\/polscy-kierowcy.pl\/ro\/jesienne-stylizacje-do-pracy-jak-wygladac-profesjonalnie-nie-rezygnujac-z-wlasnego-stylu\/","og_site_name":"polscy-kierowcy.pl","article_published_time":"2024-10-18T23:00:00+00:00","og_image":[{"width":1024,"height":768,"url":"https:\/\/polscy-kierowcy.pl\/wp-content\/uploads\/image4dc3a2f7ab524cd88b160f274ef47707.png","type":"image\/png"}],"author":"Paulina Kruk","twitter_card":"summary_large_image","twitter_misc":{"Scris de":"Paulina Kruk","Timp estimat pentru citire":"7 minute"},"schema":{"@context":"https:\/\/schema.org","@graph":[{"@type":"WebPage","@id":"https:\/\/polscy-kierowcy.pl\/jesienne-stylizacje-do-pracy-jak-wygladac-profesjonalnie-nie-rezygnujac-z-wlasnego-stylu\/","url":"https:\/\/polscy-kierowcy.pl\/jesienne-stylizacje-do-pracy-jak-wygladac-profesjonalnie-nie-rezygnujac-z-wlasnego-stylu\/","name":"Jesienne stylizacje do pracy: Elegancja i osobisty styl w ka\u017cdym detalu","isPartOf":{"@id":"https:\/\/polscy-kierowcy.pl\/#website"},"primaryImageOfPage":{"@id":"https:\/\/polscy-kierowcy.pl\/jesienne-stylizacje-do-pracy-jak-wygladac-profesjonalnie-nie-rezygnujac-z-wlasnego-stylu\/#primaryimage"},"image":{"@id":"https:\/\/polscy-kierowcy.pl\/jesienne-stylizacje-do-pracy-jak-wygladac-profesjonalnie-nie-rezygnujac-z-wlasnego-stylu\/#primaryimage"},"thumbnailUrl":"https:\/\/polscy-kierowcy.pl\/wp-content\/uploads\/image4dc3a2f7ab524cd88b160f274ef47707.png","datePublished":"2024-10-18T23:00:00+00:00","dateModified":"2024-10-18T23:00:00+00:00","author":{"@id":"https:\/\/polscy-kierowcy.pl\/#\/schema\/person\/66f7250202134445459bce344c706e46"},"description":"Odkryj, jak \u0142\u0105czy\u0107 eleganckie stylizacje do pracy na jesie\u0144 z osobistym stylem. Sprawd\u017a nasze porady i inspiracje!","breadcrumb":{"@id":"https:\/\/polscy-kierowcy.pl\/jesienne-stylizacje-do-pracy-jak-wygladac-profesjonalnie-nie-rezygnujac-z-wlasnego-stylu\/#breadcrumb"},"inLanguage":"ro-RO","potentialAction":[{"@type":"ReadAction","target":["https:\/\/polscy-kierowcy.pl\/jesienne-stylizacje-do-pracy-jak-wygladac-profesjonalnie-nie-rezygnujac-z-wlasnego-stylu\/"]}]},{"@type":"ImageObject","inLanguage":"ro-RO","@id":"https:\/\/polscy-kierowcy.pl\/jesienne-stylizacje-do-pracy-jak-wygladac-profesjonalnie-nie-rezygnujac-z-wlasnego-stylu\/#primaryimage","url":"https:\/\/polscy-kierowcy.pl\/wp-content\/uploads\/image4dc3a2f7ab524cd88b160f274ef47707.png","contentUrl":"https:\/\/polscy-kierowcy.pl\/wp-content\/uploads\/image4dc3a2f7ab524cd88b160f274ef47707.png","width":1024,"height":768},{"@type":"BreadcrumbList","@id":"https:\/\/polscy-kierowcy.pl\/jesienne-stylizacje-do-pracy-jak-wygladac-profesjonalnie-nie-rezygnujac-z-wlasnego-stylu\/#breadcrumb","itemListElement":[{"@type":"ListItem","position":1,"name":"Home","item":"https:\/\/polscy-kierowcy.pl\/"},{"@type":"ListItem","position":2,"name":"Jesienne stylizacje do pracy: Jak wygl\u0105da\u0107 profesjonalnie, nie rezygnuj\u0105c z w\u0142asnego stylu?"}]},{"@type":"WebSite","@id":"https:\/\/polscy-kierowcy.pl\/#website","url":"https:\/\/polscy-kierowcy.pl\/","name":"polscy-kierowcy.pl","description":"Tureckie sukienki: pi\u0119kno w tradycji.","potentialAction":[{"@type":"SearchAction","target":{"@type":"EntryPoint","urlTemplate":"https:\/\/polscy-kierowcy.pl\/?s={search_term_string}"},"query-input":"required name=search_term_string"}],"inLanguage":"ro-RO"},{"@type":"Person","@id":"https:\/\/polscy-kierowcy.pl\/#\/schema\/person\/66f7250202134445459bce344c706e46","name":"Paulina Kruk","image":{"@type":"ImageObject","inLanguage":"ro-RO","@id":"https:\/\/polscy-kierowcy.pl\/#\/schema\/person\/image\/","url":"https:\/\/polscy-kierowcy.pl\/wp-content\/uploads\/ivyzxaomvy6_ad_avatar-96x96.jpg","contentUrl":"https:\/\/polscy-kierowcy.pl\/wp-content\/uploads\/ivyzxaomvy6_ad_avatar-96x96.jpg","caption":"Paulina Kruk"},"description":"Paulina Kruk to do\u015bwiadczona specjalistka w dziedzinie mody, prowadz\u0105ca w\u0142asny sklep odzie\u017cowy w Pilaszkowie. Jej pasja do mody i zaanga\u017cowanie w bran\u017cy odzie\u017cowej pozwalaj\u0105 jej na tworzenie unikatowych stylizacji, kt\u00f3re \u0142\u0105cz\u0105 elegancj\u0119 z codziennym komfortem.","url":"https:\/\/polscy-kierowcy.pl\/ro\/author\/paulina-kruk\/"}]}},"yoast_meta":{"yoast_wpseo_title":"","yoast_wpseo_metadesc":"","yoast_wpseo_canonical":"https:\/\/polscy-kierowcy.pl\/ro\/wp-json\/wp\/v2\/posts\/137"},"_links":{"self":[{"href":"https:\/\/polscy-kierowcy.pl\/ro\/wp-json\/wp\/v2\/posts\/137"}],"collection":[{"href":"https:\/\/polscy-kierowcy.pl\/ro\/wp-json\/wp\/v2\/posts"}],"about":[{"href":"https:\/\/polscy-kierowcy.pl\/ro\/wp-json\/wp\/v2\/types\/post"}],"author":[{"embeddable":true,"href":"https:\/\/polscy-kierowcy.pl\/ro\/wp-json\/wp\/v2\/users\/1"}],"replies":[{"embeddable":true,"href":"https:\/\/polscy-kierowcy.pl\/ro\/wp-json\/wp\/v2\/comments?post=137"}],"version-history":[{"count":1,"href":"https:\/\/polscy-kierowcy.pl\/ro\/wp-json\/wp\/v2\/posts\/137\/revisions"}],"predecessor-version":[{"id":149,"href":"https:\/\/polscy-kierowcy.pl\/ro\/wp-json\/wp\/v2\/posts\/137\/revisions\/149"}],"wp:featuredmedia":[{"embeddable":true,"href":"https:\/\/polscy-kierowcy.pl\/ro\/wp-json\/wp\/v2\/media\/121"}],"wp:attachment":[{"href":"https:\/\/polscy-kierowcy.pl\/ro\/wp-json\/wp\/v2\/media?parent=137"}],"wp:term":[{"taxonomy":"category","embeddable":true,"href":"https:\/\/polscy-kierowcy.pl\/ro\/wp-json\/wp\/v2\/categories?post=137"},{"taxonomy":"post_tag","embeddable":true,"href":"https:\/\/polscy-kierowcy.pl\/ro\/wp-json\/wp\/v2\/tags?post=137"}],"curies":[{"name":"wp","href":"https:\/\/api.w.org\/{rel}","templated":true}]}}