{"id":135,"date":"2024-10-20T00:00:00","date_gmt":"2024-10-19T23:00:00","guid":{"rendered":"https:\/\/polscy-kierowcy.pl\/?p=135"},"modified":"2024-10-20T00:00:00","modified_gmt":"2024-10-19T23:00:00","slug":"wieczorowa-sukienka-mini-w-tych-fasonach-zaprezentujesz-sie-olsniewajaco","status":"publish","type":"post","link":"https:\/\/polscy-kierowcy.pl\/ro\/wieczorowa-sukienka-mini-w-tych-fasonach-zaprezentujesz-sie-olsniewajaco\/","title":{"rendered":"Rochie mini de sear\u0103 \u2013 vei ar\u0103ta uimitor \u00een aceste stiluri!"},"content":{"rendered":"<div class=\"kk-star-ratings kksr-auto kksr-align-left kksr-valign-top\"\n    data-payload='{&quot;align&quot;:&quot;left&quot;,&quot;id&quot;:&quot;135&quot;,&quot;slug&quot;:&quot;default&quot;,&quot;valign&quot;:&quot;top&quot;,&quot;ignore&quot;:&quot;&quot;,&quot;reference&quot;:&quot;auto&quot;,&quot;class&quot;:&quot;&quot;,&quot;count&quot;:&quot;0&quot;,&quot;legendonly&quot;:&quot;&quot;,&quot;readonly&quot;:&quot;&quot;,&quot;score&quot;:&quot;0&quot;,&quot;starsonly&quot;:&quot;&quot;,&quot;best&quot;:&quot;5&quot;,&quot;gap&quot;:&quot;5&quot;,&quot;greet&quot;:&quot;&quot;,&quot;legend&quot;:&quot;0\\\/5 - (0 votes)&quot;,&quot;size&quot;:&quot;24&quot;,&quot;title&quot;:&quot;Wieczorowa sukienka mini \u2013 w tych fasonach zaprezentujesz si\u0119 ol\u015bniewaj\u0105co!&quot;,&quot;width&quot;:&quot;0&quot;,&quot;_legend&quot;:&quot;{score}\\\/{best} - ({count} {votes})&quot;,&quot;font_factor&quot;:&quot;1.25&quot;}'>\n            \n<div class=\"kksr-stars\">\n    \n<div class=\"kksr-stars-inactive\">\n            <div class=\"kksr-star\" data-star=\"1\" style=\"padding-right: 5px\">\n            \n\n<div class=\"kksr-icon\" style=\"width: 24px; height: 24px;\"><\/div>\n        <\/div>\n            <div class=\"kksr-star\" data-star=\"2\" style=\"padding-right: 5px\">\n            \n\n<div class=\"kksr-icon\" style=\"width: 24px; height: 24px;\"><\/div>\n        <\/div>\n            <div class=\"kksr-star\" data-star=\"3\" style=\"padding-right: 5px\">\n            \n\n<div class=\"kksr-icon\" style=\"width: 24px; height: 24px;\"><\/div>\n        <\/div>\n            <div class=\"kksr-star\" data-star=\"4\" style=\"padding-right: 5px\">\n            \n\n<div class=\"kksr-icon\" style=\"width: 24px; height: 24px;\"><\/div>\n        <\/div>\n            <div class=\"kksr-star\" data-star=\"5\" style=\"padding-right: 5px\">\n            \n\n<div class=\"kksr-icon\" style=\"width: 24px; height: 24px;\"><\/div>\n        <\/div>\n    <\/div>\n    \n<div class=\"kksr-stars-active\" style=\"width: 0px;\">\n            <div class=\"kksr-star\" style=\"padding-right: 5px\">\n            \n\n<div class=\"kksr-icon\" style=\"width: 24px; height: 24px;\"><\/div>\n        <\/div>\n            <div class=\"kksr-star\" style=\"padding-right: 5px\">\n            \n\n<div class=\"kksr-icon\" style=\"width: 24px; height: 24px;\"><\/div>\n        <\/div>\n            <div class=\"kksr-star\" style=\"padding-right: 5px\">\n            \n\n<div class=\"kksr-icon\" style=\"width: 24px; height: 24px;\"><\/div>\n        <\/div>\n            <div class=\"kksr-star\" style=\"padding-right: 5px\">\n            \n\n<div class=\"kksr-icon\" style=\"width: 24px; height: 24px;\"><\/div>\n        <\/div>\n            <div class=\"kksr-star\" style=\"padding-right: 5px\">\n            \n\n<div class=\"kksr-icon\" style=\"width: 24px; height: 24px;\"><\/div>\n        <\/div>\n    <\/div>\n<\/div>\n                \n\n<div class=\"kksr-legend\" style=\"font-size: 19.2px;\">\n            <span class=\"kksr-muted\"><\/span>\n    <\/div>\n    <\/div>\n<p>O rochie mini de sear\u0103 este o alegere excelent\u0103 pentru orice femeie care dore\u0219te s\u0103 ias\u0103 \u00een eviden\u021b\u0103 la evenimente speciale. O rochie aleas\u0103 cu grij\u0103 nu numai c\u0103 eviden\u021biaz\u0103 atuurile siluetei, dar ofer\u0103 \u0219i un sentiment de libertate \u0219i confort. Indiferent de ocazie, o rochie mini poate deveni un element cheie al garderobei tale. Merit\u0103 s\u0103 investe\u0219ti \u00eentr-o varietate de modele pentru a te putea adapta la diferite tipuri de evenimente. \u00cen acest articol, \u00ee\u021bi vom prezenta cele mai la mod\u0103 stiluri, sfaturi despre accesorii \u0219i locuri unde po\u021bi purta rochii turce\u0219ti elegante. Vei vedea c\u0103 o rochie mini poate fi at\u00e2t elegant\u0103, c\u00e2t \u0219i practic\u0103, precum \u0219i perfect\u0103 pentru a-\u021bi sublinia personalitatea.<\/p>\n<h2>De ce sunt rochiile mini de sear\u0103 alegerea perfect\u0103?<\/h2>\n<p><img decoding=\"async\" alt=\"Cztery u\u015bmiechni\u0119te kobiety w wieczorowych sukienkach na tarasie o zmierzchu, \u015bwiat\u0142a girlandy w tle.\" src=\"https:\/\/polscy-kierowcy.pl\/wp-content\/uploads\/image25a6d2616ab547d0bf572e20419f2b34.png\"\/><\/p>\n<h3>Aspect elegant \u0219i la mod\u0103<\/h3>\n<p>Rochiile mini de sear\u0103 sunt foarte populare deoarece subliniaz\u0103 perfect atuurile siluetei unei femei. Datorit\u0103 croielilor scurte, pute\u021bi expune picioare frumoase, care cu siguran\u021b\u0103 vor atrage aten\u021bia. Mai mult, o rochie mini adaug\u0103 prospe\u021bime \u0219i un aspect tineresc, ceea ce este important \u00een timpul ie\u0219irilor de sear\u0103. O rochie mini elegant\u0103, combinat\u0103 cu accesoriile potrivite, confer\u0103 un caracter unic fiec\u0103rei \u021binute. Prin urmare, merit\u0103 s\u0103 acorda\u021bi aten\u021bie detaliilor \u0219i finisajelor interesante care pot ad\u0103uga un strop de originalitate. Pe scurt, rochiile mini nu sunt doar la mod\u0103, ci \u0219i extrem de feminine \u0219i elegante.<\/p>\n<h3>Confort \u0219i libertate de mi\u0219care<\/h3>\n<p>Unul dintre cele mai mari avantaje ale rochiilor mini de sear\u0103 este confortul lor. Spre deosebire de rochiile lungi, modelele mini nu restric\u021bioneaz\u0103 mi\u0219carea, ceea ce \u00eenseamn\u0103 c\u0103 po\u021bi dansa sau te po\u021bi mi\u0219ca liber \u00een timpul evenimentului. Aceast\u0103 libertate este deosebit de important\u0103 atunci c\u00e2nd e\u0219ti cu prietenii \u0219i vrei s\u0103 te bucuri de momente f\u0103r\u0103 s\u0103-\u021bi faci griji pentru aspectul t\u0103u. Rochiile mini sunt adesea confec\u021bionate din materiale u\u0219oare \u0219i vaporoase, ceea ce afecteaz\u0103 suplimentar confortul purt\u0103rii. \u00centr-adev\u0103r, po\u021bi petrece ore \u00eentregi \u00eentr-o rochie mini elegant\u0103 f\u0103r\u0103 s\u0103-\u021bi faci griji pentru senza\u021biile inconfortabile. Prin urmare, o rochie mini poate fi o alegere excelent\u0103 pentru orice petrecere.<\/p>\n<h2>Cele mai la mod\u0103 stiluri de rochii mini de sear\u0103<\/h2>\n<p><img decoding=\"async\" alt=\"Sukienki balowe na wieszakach w boutique, odcienie r\u00f3\u017cu i mi\u0119ty, elegancka atmosfera.\" src=\"https:\/\/polscy-kierowcy.pl\/wp-content\/uploads\/image5c79e7f2a5874b32847fa42688614097.png\"\/><\/p>\n<h3>Rochie cu detalii de dantel\u0103<\/h3>\n<p>C\u00e2nd ne g\u00e2ndim la rochii elegante, nu putem uita de detaliile din dantel\u0103. Astfel de rochii adaug\u0103 feminitate \u0219i romantism, f\u0103c\u00e2nd fiecare stil mai unic. Inser\u021biile din dantel\u0103 pot fi plasate \u00een diferite locuri - pe decolteu, pe m\u00e2neci sau de-a lungul liniei de \u00eenchidere. Datorit\u0103 acestui fapt, o rochie mini cu dantel\u0103 poate deveni un clasic care va fi mereu la mod\u0103. Pentru a ilustra mai bine diferitele stiluri, mai jos este o list\u0103 cu cele mai populare detalii care pot fi folosite \u00een rochiile mini de sear\u0103:<\/p>\n<ol>\n<li>M\u00e2neci din dantel\u0103<\/li>\n<li>Decolteuri din dantel\u0103<\/li>\n<li>Inser\u021bii la talie<\/li>\n<li>Fuste din dantel\u0103<\/li>\n<\/ol>\n<h3>Rochie f\u0103r\u0103 bretele<\/h3>\n<p>Aceasta este o alt\u0103 alegere la mod\u0103 apreciat\u0103 de iubitorii de mod\u0103. Rochiile cu bretele adaug\u0103 lejeritate \u0219i fac \u00eentregul stil s\u0103 par\u0103 mai str\u0103lucitor. \u00cen plus, bretelele permit diverse combina\u021bii cu bijuterii, ceea ce permite crearea unor combina\u021bii unice. De asemenea, merit\u0103 men\u021bionat faptul c\u0103 acest stil introduce un anumit element de libertate \u0219i energie tinereasc\u0103 \u0219i, \u00een acela\u0219i timp, arat\u0103 elegant. Dac\u0103 te alegi pentru o rochie cu bretele, aceasta va ar\u0103ta grozav at\u00e2t la o nunt\u0103, c\u00e2t \u0219i la o petrecere de ziua de na\u0219tere.<\/p>\n<h2>Cum s\u0103 alegi accesoriile pentru o rochie mini de sear\u0103?<\/h2>\n<p>Accesoriile sunt esen\u021biale pentru crearea unui stil, a\u0219a c\u0103 merit\u0103 s\u0103 \u0219tii ce elemente s\u0103 alegi pentru ca \u00eentregul aspect s\u0103 fie armonios. Iat\u0103 c\u00e2teva sfaturi pentru alegerea accesoriilor potrivite:<\/p>\n<ol>\n<li>Alege bijuterii care se potrivesc cu decolteul rochiei tale<\/li>\n<li>Alege gen\u021bi de m\u00e2n\u0103 care se vor potrivi cu culoarea rochiei tale<\/li>\n<li>\u00cenc\u0103l\u021b\u0103minte elegant\u0103 \u2013 de la tocuri \u00eenalte la sandale elegante<\/li>\n<\/ol>\n<table border=\"1\">\n<tr>\n<th>Tip de supliment<\/th>\n<th>Sugestii<\/th>\n<\/tr>\n<tr>\n<td>Bijuterii<\/td>\n<td>Cercei, coliere, br\u0103\u021b\u0103ri<\/td>\n<\/tr>\n<tr>\n<td>Gen\u021bi<\/td>\n<td>Gen\u021bi tip po\u0219et\u0103, gen\u021bi mici cu lan\u021b<\/td>\n<\/tr>\n<tr>\n<td>\u00cenc\u0103l\u0163\u0103minte<\/td>\n<td>Tocuri \u00eenalte elegante, sandale cu toc \u00eenalt<\/td>\n<\/tr>\n<\/table>\n<h2>Unde s\u0103 por\u021bi rochii mini de sear\u0103?<\/h2>\n<h3>Nun\u021bi \u0219i s\u0103rb\u0103tori de familie<\/h3>\n<p>Nun\u021bile sunt o oportunitate excelent\u0103 de a purta o rochie mini elegant\u0103. Cel mai bine este s\u0103 alegi un model care s\u0103 se potriveasc\u0103 cu culorile evenimentului \u0219i cu stilul celorlal\u021bi invita\u021bi. Nu uita s\u0103 nu exagerezi cu extravagan\u021ba dac\u0103 nunta este formal\u0103. Pe de alt\u0103 parte, dac\u0103 evenimentul este mai casual, po\u021bi \u00eencerca un stil mai \u00eendr\u0103zne\u021b, cu detalii interesante. De asemenea, merit\u0103 s\u0103 nu ui\u021bi s\u0103 alegi accesoriile potrivite care s\u0103 completeze \u00eentregul stil.<\/p>\n<h3>Evenimente ocazionale<\/h3>\n<p>Rochiile mini sunt grozave pentru diverse evenimente speciale, cum ar fi banchete sau gale. \u00centr-un astfel de caz, merit\u0103 s\u0103 te concentrezi pe elegan\u021b\u0103 \u0219i simplitate pentru a se \u00eencadra \u00eentr-o atmosfer\u0103 mai formal\u0103. Po\u021bi alege o rochie care va avea o croial\u0103 clasic\u0103 \u0219i, \u00een acela\u0219i timp, \u00ee\u021bi va oferi \u00eencredere. Nu uita s\u0103 te g\u00e2nde\u0219ti cu aten\u021bie la alegerea accesoriilor pentru a nu-\u021bi cople\u0219i aspectul.<\/p>\n<h3>\u00cent\u00e2lniri \u0219i socializare<\/h3>\n<p>Dac\u0103 pl\u0103nuie\u0219ti un eveniment mai pu\u021bin formal, cum ar fi o \u00eent\u00e2lnire sau o \u00eent\u00e2lnire cu prietenii, o rochie mini va fi alegerea perfect\u0103. \u00cen acest caz, po\u021bi opta pentru stiluri mai casual \u0219i modele colorate, care vor oferi stilului o lejeritate. Asorteaz\u0103 rochia cu pantofii sport sau balerinii t\u0103i prefera\u021bi \u0219i vei crea un look casual, dar elegant. De asemenea, merit\u0103 s\u0103 explorezi diferite materiale, precum bumbacul sau viscoza, care \u00ee\u021bi vor oferi confort.<\/p>\n<h2>\u00cengrijirea \u0219i depozitarea rochiilor<\/h2>\n<h3>Cum s\u0103 \u00eengrije\u0219ti o rochie mini pentru a-i p\u0103stra aspectul de ca nou\u0103 mult timp?<\/h3>\n<p>G\u0103sirea rochiei perfecte este un lucru, dar \u00eengrijirea ei este la fel de important\u0103. \u00cen primul r\u00e2nd, ar trebui s\u0103 urma\u021bi instruc\u021biunile de sp\u0103lare \u0219i c\u0103lcare pentru a evita deteriorarea. De obicei, este mai bine s\u0103 sp\u0103la\u021bi rochiile manual sau \u00een ma\u0219ina de sp\u0103lat la un program delicat, folosind detergen\u021bi speciali. Dup\u0103 sp\u0103lare, merit\u0103 s\u0103 ag\u0103\u021ba\u021bi rochia imediat pentru a evita \u0219ifonarea, iar c\u00e2nd este uscat\u0103, o pute\u021bi c\u0103lca u\u0219or. Depozitarea rochiilor \u00een locuri uscate \u0219i aerisite va asigura longevitatea lor, astfel \u00eenc\u00e2t s\u0103 pute\u021bi savura ele mai multe sezoane.<\/p>\n<h3>C\u00e2nd este cel mai bun moment pentru a cump\u0103ra rochii mini de sear\u0103?<\/h3>\n<p>At\u00e2t cump\u0103r\u0103turile de sezon, c\u00e2t \u0219i reducerile pot fi o perioad\u0103 excelent\u0103 pentru a cump\u0103ra rochii noi. Merit\u0103 s\u0103 v\u0103 planifica\u021bi cump\u0103r\u0103turile \u00een func\u021bie de s\u0103rb\u0103torile viitoare sau de anotimpurile \u00een care este cel mai probabil s\u0103 ie\u0219im la diverse evenimente. Prim\u0103vara \u0219i vara sunt momente excelente pentru a v\u0103 aproviziona cu modele deschise la culoare \u0219i colorate. La r\u00e2ndul lor, toamna \u0219i iarna sunt momentul culorilor elegante, \u00eenchise. De asemenea, nu uita\u021bi s\u0103 urm\u0103ri\u021bi promo\u021biile din magazinele online, unde pute\u021bi g\u0103si adesea rochii turce\u0219ti elegante la mod\u0103 la pre\u021buri mai bune.<\/p>\n<h2>Rezumat<\/h2>\n<p>O rochie mini de sear\u0103 este un element atemporal al garderobei unei femei, care cu siguran\u021b\u0103 te va face s\u0103 atragi aten\u021bia la orice petrecere. Datorit\u0103 variet\u0103\u021bii de stiluri, culori \u0219i materiale, o po\u021bi adapta propriilor nevoi \u0219i naturii evenimentului. Nu uita s\u0103 alegi accesoriile potrivite care vor completa ansamblul \u0219i te vor face s\u0103 ar\u0103\u021bi uimitor. \u00cengrijirea regulat\u0103 a rochiilor este cheia longevit\u0103\u021bii lor, iar cump\u0103r\u0103turile atent f\u0103cute \u00ee\u021bi vor permite s\u0103-\u021bi \u00eembog\u0103\u021be\u0219ti garderoba cu elemente noi, elegante. Transform\u0103 \u021binutele de sear\u0103 \u00een experien\u021be de neuitat.<\/p>\n<h2>\u00centreb\u0103ri frecvente<\/h2>\n<p><strong>1. Ce culori sunt cele mai la mod\u0103 \u00een rochiile mini de sear\u0103?<\/strong><\/p>\n<p>Cele mai la mod\u0103 culori sunt negrul clasic, pastelurile, precum \u0219i nuan\u021bele intense, cum ar fi vi\u0219iniul sau bleumarinul, care se potrivesc perfect unui stil elegant de sear\u0103.<\/p>\n<p><strong>2. Este o rochie mini potrivit\u0103 pentru orice siluet\u0103?<\/strong><\/p>\n<p>Da, rochiile mini pot fi purtate de persoane cu diferite tipuri de corp, trebuie doar s\u0103 alegi un stil care s\u0103-\u021bi pun\u0103 \u00een valoare atuurile siluetei.<\/p>\n<p><strong>3. Ce accesorii se potrivesc cel mai bine cu o rochie mini?<\/strong><\/p>\n<p>Merit\u0103 s\u0103 alegi bijuterii elegante, precum \u0219i gen\u021bi discrete \u0219i \u00eenc\u0103l\u021b\u0103minte potrivit\u0103 care s\u0103 completeze \u00eentregul stil.<\/p>\n<p><strong>4. C\u00e2nd este cel mai bun moment s\u0103 por\u021bi rochii mini de sear\u0103?<\/strong><\/p>\n<p>Rochiile mini de sear\u0103 sunt perfecte pentru nun\u021bi, evenimente speciale sau \u00eent\u00e2lniri romantice.<\/p>\n<p><strong>5. Cum s\u0103 \u00eengrije\u0219ti o rochie mini pentru ca aceasta s\u0103 reziste mai mult?<\/strong><\/p>\n<p>Merit\u0103 s\u0103 speli rochia cu bl\u00e2nde\u021be, evit\u00e2nd uscarea ei la soare \u0219i depozit\u00e2nd-o \u00eentr-un loc uscat pentru a-i p\u0103stra forma \u0219i culoarea.<\/p>","protected":false},"excerpt":{"rendered":"<p>Wieczorowa sukienka mini to doskona\u0142y wyb\u00f3r dla ka\u017cdej kobiety, kt\u00f3ra chce wyr\u00f3\u017cni\u0107 si\u0119 na specjalnych wydarzeniach. Odpowiednio dobrana sukienka nie tylko podkre\u015bla atuty sylwetki, ale r\u00f3wnie\u017c daje poczucie swobody i komfortu. Niezale\u017cnie od okazji, mini sukienka mo\u017ce sta\u0107 si\u0119 kluczowym elementem Twojej garderoby. Warto zainwestowa\u0107 w r\u00f3\u017cnorodne modele, aby m\u00f3c dostosowa\u0107 si\u0119 do r\u00f3\u017cnych typ\u00f3w [&hellip;]<\/p>","protected":false},"author":1,"featured_media":98,"comment_status":"closed","ping_status":"closed","sticky":false,"template":"","format":"standard","meta":{"_acf_changed":false,"footnotes":""},"categories":[1],"tags":[],"class_list":["post-135","post","type-post","status-publish","format-standard","has-post-thumbnail","hentry","category-blog"],"acf":[],"yoast_head":"<!-- This site is optimized with the Yoast SEO plugin v23.2 - https:\/\/yoast.com\/wordpress\/plugins\/seo\/ -->\n<title>Ol\u015bniewaj\u0105ca Wieczorowa Sukienka Mini \u2013 B\u0105d\u017a Modna i Elegancka na Ka\u017cde Wydarzenie!<\/title>\n<meta name=\"description\" content=\"Odkryj najmodniejsze fasony mini sukienek wieczorowych i jak je stylowo nosi\u0107 na wyj\u0105tkowe okazje. Sprawd\u017a porady!\" \/>\n<meta name=\"robots\" content=\"index, follow, max-snippet:-1, max-image-preview:large, max-video-preview:-1\" \/>\n<link rel=\"canonical\" href=\"https:\/\/polscy-kierowcy.pl\/ro\/wieczorowa-sukienka-mini-w-tych-fasonach-zaprezentujesz-sie-olsniewajaco\/\" \/>\n<meta property=\"og:locale\" content=\"ro_RO\" \/>\n<meta property=\"og:type\" content=\"article\" \/>\n<meta property=\"og:title\" content=\"Ol\u015bniewaj\u0105ca Wieczorowa Sukienka Mini \u2013 B\u0105d\u017a Modna i Elegancka na Ka\u017cde Wydarzenie!\" \/>\n<meta property=\"og:description\" content=\"Odkryj najmodniejsze fasony mini sukienek wieczorowych i jak je stylowo nosi\u0107 na wyj\u0105tkowe okazje. Sprawd\u017a porady!\" \/>\n<meta property=\"og:url\" content=\"https:\/\/polscy-kierowcy.pl\/ro\/wieczorowa-sukienka-mini-w-tych-fasonach-zaprezentujesz-sie-olsniewajaco\/\" \/>\n<meta property=\"og:site_name\" content=\"polscy-kierowcy.pl\" \/>\n<meta property=\"article:published_time\" content=\"2024-10-19T23:00:00+00:00\" \/>\n<meta property=\"og:image\" content=\"https:\/\/polscy-kierowcy.pl\/wp-content\/uploads\/image4597f26c32124c3991119b04918f63af.png\" \/>\n\t<meta property=\"og:image:width\" content=\"1024\" \/>\n\t<meta property=\"og:image:height\" content=\"768\" \/>\n\t<meta property=\"og:image:type\" content=\"image\/png\" \/>\n<meta name=\"author\" content=\"Paulina Kruk\" \/>\n<meta name=\"twitter:card\" content=\"summary_large_image\" \/>\n<meta name=\"twitter:label1\" content=\"Scris de\" \/>\n\t<meta name=\"twitter:data1\" content=\"Paulina Kruk\" \/>\n\t<meta name=\"twitter:label2\" content=\"Timp estimat pentru citire\" \/>\n\t<meta name=\"twitter:data2\" content=\"7 minute\" \/>\n<script type=\"application\/ld+json\" class=\"yoast-schema-graph\">{\"@context\":\"https:\/\/schema.org\",\"@graph\":[{\"@type\":\"WebPage\",\"@id\":\"https:\/\/polscy-kierowcy.pl\/wieczorowa-sukienka-mini-w-tych-fasonach-zaprezentujesz-sie-olsniewajaco\/\",\"url\":\"https:\/\/polscy-kierowcy.pl\/wieczorowa-sukienka-mini-w-tych-fasonach-zaprezentujesz-sie-olsniewajaco\/\",\"name\":\"Ol\u015bniewaj\u0105ca Wieczorowa Sukienka Mini \u2013 B\u0105d\u017a Modna i Elegancka na Ka\u017cde Wydarzenie!\",\"isPartOf\":{\"@id\":\"https:\/\/polscy-kierowcy.pl\/#website\"},\"primaryImageOfPage\":{\"@id\":\"https:\/\/polscy-kierowcy.pl\/wieczorowa-sukienka-mini-w-tych-fasonach-zaprezentujesz-sie-olsniewajaco\/#primaryimage\"},\"image\":{\"@id\":\"https:\/\/polscy-kierowcy.pl\/wieczorowa-sukienka-mini-w-tych-fasonach-zaprezentujesz-sie-olsniewajaco\/#primaryimage\"},\"thumbnailUrl\":\"https:\/\/polscy-kierowcy.pl\/wp-content\/uploads\/image4597f26c32124c3991119b04918f63af.png\",\"datePublished\":\"2024-10-19T23:00:00+00:00\",\"dateModified\":\"2024-10-19T23:00:00+00:00\",\"author\":{\"@id\":\"https:\/\/polscy-kierowcy.pl\/#\/schema\/person\/66f7250202134445459bce344c706e46\"},\"description\":\"Odkryj najmodniejsze fasony mini sukienek wieczorowych i jak je stylowo nosi\u0107 na wyj\u0105tkowe okazje. Sprawd\u017a porady!\",\"breadcrumb\":{\"@id\":\"https:\/\/polscy-kierowcy.pl\/wieczorowa-sukienka-mini-w-tych-fasonach-zaprezentujesz-sie-olsniewajaco\/#breadcrumb\"},\"inLanguage\":\"ro-RO\",\"potentialAction\":[{\"@type\":\"ReadAction\",\"target\":[\"https:\/\/polscy-kierowcy.pl\/wieczorowa-sukienka-mini-w-tych-fasonach-zaprezentujesz-sie-olsniewajaco\/\"]}]},{\"@type\":\"ImageObject\",\"inLanguage\":\"ro-RO\",\"@id\":\"https:\/\/polscy-kierowcy.pl\/wieczorowa-sukienka-mini-w-tych-fasonach-zaprezentujesz-sie-olsniewajaco\/#primaryimage\",\"url\":\"https:\/\/polscy-kierowcy.pl\/wp-content\/uploads\/image4597f26c32124c3991119b04918f63af.png\",\"contentUrl\":\"https:\/\/polscy-kierowcy.pl\/wp-content\/uploads\/image4597f26c32124c3991119b04918f63af.png\",\"width\":1024,\"height\":768},{\"@type\":\"BreadcrumbList\",\"@id\":\"https:\/\/polscy-kierowcy.pl\/wieczorowa-sukienka-mini-w-tych-fasonach-zaprezentujesz-sie-olsniewajaco\/#breadcrumb\",\"itemListElement\":[{\"@type\":\"ListItem\",\"position\":1,\"name\":\"Home\",\"item\":\"https:\/\/polscy-kierowcy.pl\/\"},{\"@type\":\"ListItem\",\"position\":2,\"name\":\"Wieczorowa sukienka mini \u2013 w tych fasonach zaprezentujesz si\u0119 ol\u015bniewaj\u0105co!\"}]},{\"@type\":\"WebSite\",\"@id\":\"https:\/\/polscy-kierowcy.pl\/#website\",\"url\":\"https:\/\/polscy-kierowcy.pl\/\",\"name\":\"polscy-kierowcy.pl\",\"description\":\"Tureckie sukienki: pi\u0119kno w tradycji.\",\"potentialAction\":[{\"@type\":\"SearchAction\",\"target\":{\"@type\":\"EntryPoint\",\"urlTemplate\":\"https:\/\/polscy-kierowcy.pl\/?s={search_term_string}\"},\"query-input\":\"required name=search_term_string\"}],\"inLanguage\":\"ro-RO\"},{\"@type\":\"Person\",\"@id\":\"https:\/\/polscy-kierowcy.pl\/#\/schema\/person\/66f7250202134445459bce344c706e46\",\"name\":\"Paulina Kruk\",\"image\":{\"@type\":\"ImageObject\",\"inLanguage\":\"ro-RO\",\"@id\":\"https:\/\/polscy-kierowcy.pl\/#\/schema\/person\/image\/\",\"url\":\"https:\/\/polscy-kierowcy.pl\/wp-content\/uploads\/ivyzxaomvy6_ad_avatar-96x96.jpg\",\"contentUrl\":\"https:\/\/polscy-kierowcy.pl\/wp-content\/uploads\/ivyzxaomvy6_ad_avatar-96x96.jpg\",\"caption\":\"Paulina Kruk\"},\"description\":\"Paulina Kruk to do\u015bwiadczona specjalistka w dziedzinie mody, prowadz\u0105ca w\u0142asny sklep odzie\u017cowy w Pilaszkowie. Jej pasja do mody i zaanga\u017cowanie w bran\u017cy odzie\u017cowej pozwalaj\u0105 jej na tworzenie unikatowych stylizacji, kt\u00f3re \u0142\u0105cz\u0105 elegancj\u0119 z codziennym komfortem.\",\"url\":\"https:\/\/polscy-kierowcy.pl\/ro\/author\/paulina-kruk\/\"}]}<\/script>\n<!-- \/ Yoast SEO plugin. -->","yoast_head_json":{"title":"Ol\u015bniewaj\u0105ca Wieczorowa Sukienka Mini \u2013 B\u0105d\u017a Modna i Elegancka na Ka\u017cde Wydarzenie!","description":"Odkryj najmodniejsze fasony mini sukienek wieczorowych i jak je stylowo nosi\u0107 na wyj\u0105tkowe okazje. Sprawd\u017a porady!","robots":{"index":"index","follow":"follow","max-snippet":"max-snippet:-1","max-image-preview":"max-image-preview:large","max-video-preview":"max-video-preview:-1"},"canonical":"https:\/\/polscy-kierowcy.pl\/ro\/wieczorowa-sukienka-mini-w-tych-fasonach-zaprezentujesz-sie-olsniewajaco\/","og_locale":"ro_RO","og_type":"article","og_title":"Ol\u015bniewaj\u0105ca Wieczorowa Sukienka Mini \u2013 B\u0105d\u017a Modna i Elegancka na Ka\u017cde Wydarzenie!","og_description":"Odkryj najmodniejsze fasony mini sukienek wieczorowych i jak je stylowo nosi\u0107 na wyj\u0105tkowe okazje. Sprawd\u017a porady!","og_url":"https:\/\/polscy-kierowcy.pl\/ro\/wieczorowa-sukienka-mini-w-tych-fasonach-zaprezentujesz-sie-olsniewajaco\/","og_site_name":"polscy-kierowcy.pl","article_published_time":"2024-10-19T23:00:00+00:00","og_image":[{"width":1024,"height":768,"url":"https:\/\/polscy-kierowcy.pl\/wp-content\/uploads\/image4597f26c32124c3991119b04918f63af.png","type":"image\/png"}],"author":"Paulina Kruk","twitter_card":"summary_large_image","twitter_misc":{"Scris de":"Paulina Kruk","Timp estimat pentru citire":"7 minute"},"schema":{"@context":"https:\/\/schema.org","@graph":[{"@type":"WebPage","@id":"https:\/\/polscy-kierowcy.pl\/wieczorowa-sukienka-mini-w-tych-fasonach-zaprezentujesz-sie-olsniewajaco\/","url":"https:\/\/polscy-kierowcy.pl\/wieczorowa-sukienka-mini-w-tych-fasonach-zaprezentujesz-sie-olsniewajaco\/","name":"Ol\u015bniewaj\u0105ca Wieczorowa Sukienka Mini \u2013 B\u0105d\u017a Modna i Elegancka na Ka\u017cde Wydarzenie!","isPartOf":{"@id":"https:\/\/polscy-kierowcy.pl\/#website"},"primaryImageOfPage":{"@id":"https:\/\/polscy-kierowcy.pl\/wieczorowa-sukienka-mini-w-tych-fasonach-zaprezentujesz-sie-olsniewajaco\/#primaryimage"},"image":{"@id":"https:\/\/polscy-kierowcy.pl\/wieczorowa-sukienka-mini-w-tych-fasonach-zaprezentujesz-sie-olsniewajaco\/#primaryimage"},"thumbnailUrl":"https:\/\/polscy-kierowcy.pl\/wp-content\/uploads\/image4597f26c32124c3991119b04918f63af.png","datePublished":"2024-10-19T23:00:00+00:00","dateModified":"2024-10-19T23:00:00+00:00","author":{"@id":"https:\/\/polscy-kierowcy.pl\/#\/schema\/person\/66f7250202134445459bce344c706e46"},"description":"Odkryj najmodniejsze fasony mini sukienek wieczorowych i jak je stylowo nosi\u0107 na wyj\u0105tkowe okazje. Sprawd\u017a porady!","breadcrumb":{"@id":"https:\/\/polscy-kierowcy.pl\/wieczorowa-sukienka-mini-w-tych-fasonach-zaprezentujesz-sie-olsniewajaco\/#breadcrumb"},"inLanguage":"ro-RO","potentialAction":[{"@type":"ReadAction","target":["https:\/\/polscy-kierowcy.pl\/wieczorowa-sukienka-mini-w-tych-fasonach-zaprezentujesz-sie-olsniewajaco\/"]}]},{"@type":"ImageObject","inLanguage":"ro-RO","@id":"https:\/\/polscy-kierowcy.pl\/wieczorowa-sukienka-mini-w-tych-fasonach-zaprezentujesz-sie-olsniewajaco\/#primaryimage","url":"https:\/\/polscy-kierowcy.pl\/wp-content\/uploads\/image4597f26c32124c3991119b04918f63af.png","contentUrl":"https:\/\/polscy-kierowcy.pl\/wp-content\/uploads\/image4597f26c32124c3991119b04918f63af.png","width":1024,"height":768},{"@type":"BreadcrumbList","@id":"https:\/\/polscy-kierowcy.pl\/wieczorowa-sukienka-mini-w-tych-fasonach-zaprezentujesz-sie-olsniewajaco\/#breadcrumb","itemListElement":[{"@type":"ListItem","position":1,"name":"Home","item":"https:\/\/polscy-kierowcy.pl\/"},{"@type":"ListItem","position":2,"name":"Wieczorowa sukienka mini \u2013 w tych fasonach zaprezentujesz si\u0119 ol\u015bniewaj\u0105co!"}]},{"@type":"WebSite","@id":"https:\/\/polscy-kierowcy.pl\/#website","url":"https:\/\/polscy-kierowcy.pl\/","name":"polscy-kierowcy.pl","description":"Tureckie sukienki: pi\u0119kno w tradycji.","potentialAction":[{"@type":"SearchAction","target":{"@type":"EntryPoint","urlTemplate":"https:\/\/polscy-kierowcy.pl\/?s={search_term_string}"},"query-input":"required name=search_term_string"}],"inLanguage":"ro-RO"},{"@type":"Person","@id":"https:\/\/polscy-kierowcy.pl\/#\/schema\/person\/66f7250202134445459bce344c706e46","name":"Paulina Kruk","image":{"@type":"ImageObject","inLanguage":"ro-RO","@id":"https:\/\/polscy-kierowcy.pl\/#\/schema\/person\/image\/","url":"https:\/\/polscy-kierowcy.pl\/wp-content\/uploads\/ivyzxaomvy6_ad_avatar-96x96.jpg","contentUrl":"https:\/\/polscy-kierowcy.pl\/wp-content\/uploads\/ivyzxaomvy6_ad_avatar-96x96.jpg","caption":"Paulina Kruk"},"description":"Paulina Kruk to do\u015bwiadczona specjalistka w dziedzinie mody, prowadz\u0105ca w\u0142asny sklep odzie\u017cowy w Pilaszkowie. Jej pasja do mody i zaanga\u017cowanie w bran\u017cy odzie\u017cowej pozwalaj\u0105 jej na tworzenie unikatowych stylizacji, kt\u00f3re \u0142\u0105cz\u0105 elegancj\u0119 z codziennym komfortem.","url":"https:\/\/polscy-kierowcy.pl\/ro\/author\/paulina-kruk\/"}]}},"yoast_meta":{"yoast_wpseo_title":"","yoast_wpseo_metadesc":"","yoast_wpseo_canonical":"https:\/\/polscy-kierowcy.pl\/ro\/wp-json\/wp\/v2\/posts\/135"},"_links":{"self":[{"href":"https:\/\/polscy-kierowcy.pl\/ro\/wp-json\/wp\/v2\/posts\/135"}],"collection":[{"href":"https:\/\/polscy-kierowcy.pl\/ro\/wp-json\/wp\/v2\/posts"}],"about":[{"href":"https:\/\/polscy-kierowcy.pl\/ro\/wp-json\/wp\/v2\/types\/post"}],"author":[{"embeddable":true,"href":"https:\/\/polscy-kierowcy.pl\/ro\/wp-json\/wp\/v2\/users\/1"}],"replies":[{"embeddable":true,"href":"https:\/\/polscy-kierowcy.pl\/ro\/wp-json\/wp\/v2\/comments?post=135"}],"version-history":[{"count":1,"href":"https:\/\/polscy-kierowcy.pl\/ro\/wp-json\/wp\/v2\/posts\/135\/revisions"}],"predecessor-version":[{"id":159,"href":"https:\/\/polscy-kierowcy.pl\/ro\/wp-json\/wp\/v2\/posts\/135\/revisions\/159"}],"wp:featuredmedia":[{"embeddable":true,"href":"https:\/\/polscy-kierowcy.pl\/ro\/wp-json\/wp\/v2\/media\/98"}],"wp:attachment":[{"href":"https:\/\/polscy-kierowcy.pl\/ro\/wp-json\/wp\/v2\/media?parent=135"}],"wp:term":[{"taxonomy":"category","embeddable":true,"href":"https:\/\/polscy-kierowcy.pl\/ro\/wp-json\/wp\/v2\/categories?post=135"},{"taxonomy":"post_tag","embeddable":true,"href":"https:\/\/polscy-kierowcy.pl\/ro\/wp-json\/wp\/v2\/tags?post=135"}],"curies":[{"name":"wp","href":"https:\/\/api.w.org\/{rel}","templated":true}]}}